{"id":75034,"date":"2012-07-13T12:28:22","date_gmt":"2012-07-13T10:28:22","guid":{"rendered":"http:\/\/www.mojabochnia.pl\/?p=75034"},"modified":"2012-07-13T12:28:35","modified_gmt":"2012-07-13T10:28:35","slug":"lapanow-kosciol-sw-bartlomieja-po-powodzi-wciaz-w-remoncie","status":"publish","type":"post","link":"https:\/\/www.mojabochnia.pl\/?p=75034","title":{"rendered":"\u0141apan\u00f3w: ko\u015bci\u00f3\u0142 \u015bw. Bart\u0142omieja po powodzi wci\u0105\u017c w remoncie"},"content":{"rendered":"<p>Gotycki ko\u015bci\u00f3\u0142 pw. \u015bw. Bart\u0142omieja w \u0141apanowie powsta\u0142 w roku 1529. Gdy w nocy z 16 na 17 maja z brzeg\u00f3w wyst\u0105pi\u0142a Stradomka, woda wraz z p\u0142yn\u0105cymi w niej nieczysto\u015bciami wdar\u0142a si\u0119 do drewnianej \u015bwi\u0105tyni. Proboszcz, ks. Tadeusz Jarz\u0119bak przyznaje, \u017ce gdyby nie prace wykonane przed powodzi\u0105, skutki katastrofy by\u0142yby niewyobra\u017calne. <em>Gdyby nie fundamenty, kt\u00f3re podlali\u015bmy 7 lat temu, ko\u015bci\u00f3\u0142 by pop\u0142yn\u0105\u0142<\/em>. <\/p>\n<p>Samo sprz\u0105tanie po powodzi poch\u0142on\u0119\u0142o ok. 300 tys. z\u0142. Najpierw rozebrano wszystkie sto\u0142y o\u0142tarzowe i posadzk\u0119. Pieni\u0105dze pochodzi\u0142y od ubezpieczyciela. Pocz\u0105tkowo firma przyzna\u0142a nieco ponad 70 tys. z\u0142. <em>To by\u0142o kwot\u0105 \u015bmieszn\u0105 na te straty, kt\u00f3re szacuj\u0119 na ponad 1 mln z\u0142. P\u00f3\u017aniej do\u0142o\u017cyli ponad 200 tys. z\u0142<\/em> \u2013 m\u00f3wi proboszcz.<\/p>\n<p>80 cm mu\u0142u z wn\u0119trza \u015bwi\u0105tyni by\u0142o wywo\u017cone r\u0119cznie na taczkach przy u\u017cyciu specjalnych masek, ze wzgl\u0119du na panuj\u0105cy w \u015brodku ko\u015bcio\u0142a od\u00f3r. Dzi\u015b po przykrej woni nie ma ju\u017c \u015bladu. <em>Mia\u0142em wypo\u017cyczone agregaty. Wyci\u0105gn\u0119\u0142y stad w 2 tygodnie ponad 20 tys. litr\u00f3w wody. Wszystko jest osuszone, przynajmniej teraz czu\u0107 zupe\u0142nie inny zapach <\/em>&#8211; m\u00f3wi ks. Tadeusz Jarz\u0119bak.<\/p>\n<p>Teraz w \u015bwi\u0105tyni trwaj\u0105 prace przy posadzce. <em>Odtworzyli\u015bmy posadzk\u0119 ceramiczn\u0105, w takiej skali, w jakiej ona ocala\u0142a, \u017ceby by\u0142 \u015blad \u017ce ta posadzka dawniej by\u0142a w prezbiterium. A w nawie uk\u0142adamy kamie\u0144, kt\u00f3ry tu by\u0142. Oczywi\u015bcie, \u017ce go braknie. Du\u017co kamienia zniszczy\u0142y kwasy obecne w wodzie. Pod ich wp\u0142ywem kamie\u0144 si\u0119 rozwarstwia\u0142. Po\u015bcinali\u015bmy to, co si\u0119 rozwarstwia\u0142o i uk\u0142adamy z powrotem. Ale jakie\u015b 120 metr\u00f3w kwadratowych kamienia braknie<\/em> &#8211; dodaje proboszcz.<\/p>\n<p>Dzi\u0119ki programowi \u201eKonserwator\u201d parafia w \u0141apanowie ma pracownika, kt\u00f3ry pomaga przy pracach remontowych, ale r\u00f3wnie\u017c oprowadza turyst\u00f3w. <\/p>\n<p>O ko\u015bci\u00f3\u0142 w \u0141apanowie martwi\u0105 si\u0119 wierni. Ostatnie nabo\u017ce\u0144stwo, jakie tu si\u0119 odby\u0142o, mia\u0142o miejsce 15 maja 2010 r., a wi\u0119c nieco ponad dob\u0119 przed powodzi\u0105. <em>Ludzie wpisuj\u0105 si\u0119 masowo do ksi\u0119gi pami\u0105tkowej. Niekt\u00f3re zdania s\u0105 naprawd\u0119 wzruszaj\u0105ce, ludzie wspominaj\u0105 ten ko\u015bci\u00f3\u0142 ze swojej m\u0142odo\u015bci. Pisz\u0105, \u017ce s\u0105 wzruszeni tym, co si\u0119 sta\u0142o i zbudowani tym, \u017ce si\u0119 proboszcz nie za\u0142ama\u0142 tylko zakasa\u0142 r\u0119kawy i wzi\u0105\u0142 si\u0119 do roboty z tym ko\u015bcio\u0142em. No jak nie robi\u0107?<\/em> \u2013 u\u015bmiecha si\u0119 ks. Jarz\u0119bak. <\/p>\n<p>Urszula Krawczyk z \u0141apanowa ma nadziej\u0119, \u017ce wkr\u00f3tce ko\u015bci\u00f3\u0142 zostanie otwarty. <em>Ludzie daj\u0105, ile mog\u0105. Jak zrobi\u0105, to b\u0119dzie pi\u0119knie<\/em> &#8211; m\u00f3wi. <\/p>\n<p>Podczas ostatniej sesji rada gminy wspar\u0142a remont ko\u015bcio\u0142a kwot\u0105 25 tys. z\u0142. <em>Nie jest to wielka suma, ale na tyle na razie by\u0142o nas sta\u0107 <\/em>\u2013 m\u00f3wi w\u00f3jt Jan Kulig.<\/p>\n<p>Aby doko\u0144czy\u0107 wykonanie posadzki oraz renowacj\u0119 o\u0142tarza g\u0142\u00f3wnego ko\u015bcio\u0142a w \u0141apanowie potrzeba jeszcze ok. 300 tys. z\u0142. <\/p>\n\t  \r\n\t\r\n\t    <div class=\"mb-gallery\">\r\n\t    <a href=\"https:\/\/www.mojabochnia.pl\/?attachment_id=75037\" class=\"\"><img loading=\"lazy\" decoding=\"async\" width=\"100\" height=\"56\" src=\"https:\/\/www.mojabochnia.pl\/wp-content\/uploads\/2012\/07\/IMAG0323-120x67.jpg\" class=\"attachment-100x100 size-100x100\" alt=\"\" srcset=\"https:\/\/www.mojabochnia.pl\/wp-content\/uploads\/2012\/07\/IMAG0323-120x67.jpg 120w, https:\/\/www.mojabochnia.pl\/wp-content\/uploads\/2012\/07\/IMAG0323-468x263.jpg 468w, https:\/\/www.mojabochnia.pl\/wp-content\/uploads\/2012\/07\/IMAG0323-660x371.jpg 660w, https:\/\/www.mojabochnia.pl\/wp-content\/uploads\/2012\/07\/IMAG0323.jpg 800w\" sizes=\"auto, (max-width: 100px) 100vw, 100px\" \/><\/a><a href=\"https:\/\/www.mojabochnia.pl\/?attachment_id=75038\" class=\"\"><img loading=\"lazy\" decoding=\"async\" width=\"100\" height=\"56\" src=\"https:\/\/www.mojabochnia.pl\/wp-content\/uploads\/2012\/07\/IMAG0324-120x67.jpg\" class=\"attachment-100x100 size-100x100\" alt=\"\" srcset=\"https:\/\/www.mojabochnia.pl\/wp-content\/uploads\/2012\/07\/IMAG0324-120x67.jpg 120w, https:\/\/www.mojabochnia.pl\/wp-content\/uploads\/2012\/07\/IMAG0324-468x263.jpg 468w, https:\/\/www.mojabochnia.pl\/wp-content\/uploads\/2012\/07\/IMAG0324-660x371.jpg 660w, https:\/\/www.mojabochnia.pl\/wp-content\/uploads\/2012\/07\/IMAG0324.jpg 800w\" sizes=\"auto, (max-width: 100px) 100vw, 100px\" \/><\/a><a href=\"https:\/\/www.mojabochnia.pl\/?attachment_id=75039\" class=\"\"><img loading=\"lazy\" decoding=\"async\" width=\"100\" height=\"56\" src=\"https:\/\/www.mojabochnia.pl\/wp-content\/uploads\/2012\/07\/IMAG0326-120x67.jpg\" class=\"attachment-100x100 size-100x100\" alt=\"\" srcset=\"https:\/\/www.mojabochnia.pl\/wp-content\/uploads\/2012\/07\/IMAG0326-120x67.jpg 120w, https:\/\/www.mojabochnia.pl\/wp-content\/uploads\/2012\/07\/IMAG0326-468x263.jpg 468w, https:\/\/www.mojabochnia.pl\/wp-content\/uploads\/2012\/07\/IMAG0326-660x371.jpg 660w, https:\/\/www.mojabochnia.pl\/wp-content\/uploads\/2012\/07\/IMAG0326.jpg 800w\" sizes=\"auto, (max-width: 100px) 100vw, 100px\" \/><\/a><a href=\"https:\/\/www.mojabochnia.pl\/?attachment_id=75040\" class=\"\"><img loading=\"lazy\" decoding=\"async\" width=\"100\" height=\"56\" src=\"https:\/\/www.mojabochnia.pl\/wp-content\/uploads\/2012\/07\/IMAG0327-120x67.jpg\" class=\"attachment-100x100 size-100x100\" alt=\"\" srcset=\"https:\/\/www.mojabochnia.pl\/wp-content\/uploads\/2012\/07\/IMAG0327-120x67.jpg 120w, https:\/\/www.mojabochnia.pl\/wp-content\/uploads\/2012\/07\/IMAG0327-468x263.jpg 468w, https:\/\/www.mojabochnia.pl\/wp-content\/uploads\/2012\/07\/IMAG0327-660x371.jpg 660w, https:\/\/www.mojabochnia.pl\/wp-content\/uploads\/2012\/07\/IMAG0327.jpg 800w\" sizes=\"auto, (max-width: 100px) 100vw, 100px\" \/><\/a><a href=\"https:\/\/www.mojabochnia.pl\/?attachment_id=75041\" class=\"\"><img loading=\"lazy\" decoding=\"async\" width=\"100\" height=\"56\" src=\"https:\/\/www.mojabochnia.pl\/wp-content\/uploads\/2012\/07\/IMAG0328-120x67.jpg\" class=\"attachment-100x100 size-100x100\" alt=\"\" srcset=\"https:\/\/www.mojabochnia.pl\/wp-content\/uploads\/2012\/07\/IMAG0328-120x67.jpg 120w, https:\/\/www.mojabochnia.pl\/wp-content\/uploads\/2012\/07\/IMAG0328-468x263.jpg 468w, https:\/\/www.mojabochnia.pl\/wp-content\/uploads\/2012\/07\/IMAG0328-660x371.jpg 660w, https:\/\/www.mojabochnia.pl\/wp-content\/uploads\/2012\/07\/IMAG0328.jpg 800w\" sizes=\"auto, (max-width: 100px) 100vw, 100px\" \/><\/a><a href=\"https:\/\/www.mojabochnia.pl\/?attachment_id=75042\" class=\"\"><img loading=\"lazy\" decoding=\"async\" width=\"100\" height=\"56\" src=\"https:\/\/www.mojabochnia.pl\/wp-content\/uploads\/2012\/07\/IMAG0330-120x67.jpg\" class=\"attachment-100x100 size-100x100\" alt=\"\" srcset=\"https:\/\/www.mojabochnia.pl\/wp-content\/uploads\/2012\/07\/IMAG0330-120x67.jpg 120w, https:\/\/www.mojabochnia.pl\/wp-content\/uploads\/2012\/07\/IMAG0330-468x263.jpg 468w, https:\/\/www.mojabochnia.pl\/wp-content\/uploads\/2012\/07\/IMAG0330-660x371.jpg 660w, https:\/\/www.mojabochnia.pl\/wp-content\/uploads\/2012\/07\/IMAG0330.jpg 800w\" sizes=\"auto, (max-width: 100px) 100vw, 100px\" \/><\/a><a href=\"https:\/\/www.mojabochnia.pl\/?attachment_id=75043\" class=\"\"><img loading=\"lazy\" decoding=\"async\" width=\"100\" height=\"56\" src=\"https:\/\/www.mojabochnia.pl\/wp-content\/uploads\/2012\/07\/IMAG0333-120x67.jpg\" class=\"attachment-100x100 size-100x100\" alt=\"\" srcset=\"https:\/\/www.mojabochnia.pl\/wp-content\/uploads\/2012\/07\/IMAG0333-120x67.jpg 120w, https:\/\/www.mojabochnia.pl\/wp-content\/uploads\/2012\/07\/IMAG0333-468x263.jpg 468w, https:\/\/www.mojabochnia.pl\/wp-content\/uploads\/2012\/07\/IMAG0333-660x371.jpg 660w, https:\/\/www.mojabochnia.pl\/wp-content\/uploads\/2012\/07\/IMAG0333.jpg 800w\" sizes=\"auto, (max-width: 100px) 100vw, 100px\" \/><\/a><a href=\"https:\/\/www.mojabochnia.pl\/?attachment_id=75044\" class=\"\"><img loading=\"lazy\" decoding=\"async\" width=\"100\" height=\"56\" src=\"https:\/\/www.mojabochnia.pl\/wp-content\/uploads\/2012\/07\/IMAG0335-120x67.jpg\" class=\"attachment-100x100 size-100x100\" alt=\"\" srcset=\"https:\/\/www.mojabochnia.pl\/wp-content\/uploads\/2012\/07\/IMAG0335-120x67.jpg 120w, https:\/\/www.mojabochnia.pl\/wp-content\/uploads\/2012\/07\/IMAG0335-468x263.jpg 468w, https:\/\/www.mojabochnia.pl\/wp-content\/uploads\/2012\/07\/IMAG0335-660x371.jpg 660w, https:\/\/www.mojabochnia.pl\/wp-content\/uploads\/2012\/07\/IMAG0335.jpg 800w\" sizes=\"auto, (max-width: 100px) 100vw, 100px\" \/><\/a><a href=\"https:\/\/www.mojabochnia.pl\/?attachment_id=75045\" class=\"\"><img loading=\"lazy\" decoding=\"async\" width=\"100\" height=\"56\" src=\"https:\/\/www.mojabochnia.pl\/wp-content\/uploads\/2012\/07\/IMAG0336-120x67.jpg\" class=\"attachment-100x100 size-100x100\" alt=\"\" srcset=\"https:\/\/www.mojabochnia.pl\/wp-content\/uploads\/2012\/07\/IMAG0336-120x67.jpg 120w, https:\/\/www.mojabochnia.pl\/wp-content\/uploads\/2012\/07\/IMAG0336-468x263.jpg 468w, https:\/\/www.mojabochnia.pl\/wp-content\/uploads\/2012\/07\/IMAG0336-660x371.jpg 660w, https:\/\/www.mojabochnia.pl\/wp-content\/uploads\/2012\/07\/IMAG0336.jpg 800w\" sizes=\"auto, (max-width: 100px) 100vw, 100px\" \/><\/a><a href=\"https:\/\/www.mojabochnia.pl\/?attachment_id=75046\" class=\"\"><img loading=\"lazy\" decoding=\"async\" width=\"100\" height=\"56\" src=\"https:\/\/www.mojabochnia.pl\/wp-content\/uploads\/2012\/07\/IMAG0337-120x67.jpg\" class=\"attachment-100x100 size-100x100\" alt=\"\" srcset=\"https:\/\/www.mojabochnia.pl\/wp-content\/uploads\/2012\/07\/IMAG0337-120x67.jpg 120w, https:\/\/www.mojabochnia.pl\/wp-content\/uploads\/2012\/07\/IMAG0337-468x263.jpg 468w, https:\/\/www.mojabochnia.pl\/wp-content\/uploads\/2012\/07\/IMAG0337-660x371.jpg 660w, https:\/\/www.mojabochnia.pl\/wp-content\/uploads\/2012\/07\/IMAG0337.jpg 800w\" sizes=\"auto, (max-width: 100px) 100vw, 100px\" \/><\/a><a href=\"https:\/\/www.mojabochnia.pl\/?attachment_id=75047\" class=\"\"><img loading=\"lazy\" decoding=\"async\" width=\"100\" height=\"56\" src=\"https:\/\/www.mojabochnia.pl\/wp-content\/uploads\/2012\/07\/IMAG0339-120x67.jpg\" class=\"attachment-100x100 size-100x100\" alt=\"\" srcset=\"https:\/\/www.mojabochnia.pl\/wp-content\/uploads\/2012\/07\/IMAG0339-120x67.jpg 120w, https:\/\/www.mojabochnia.pl\/wp-content\/uploads\/2012\/07\/IMAG0339-468x263.jpg 468w, https:\/\/www.mojabochnia.pl\/wp-content\/uploads\/2012\/07\/IMAG0339-660x371.jpg 660w, https:\/\/www.mojabochnia.pl\/wp-content\/uploads\/2012\/07\/IMAG0339.jpg 800w\" sizes=\"auto, (max-width: 100px) 100vw, 100px\" \/><\/a><a href=\"https:\/\/www.mojabochnia.pl\/?attachment_id=75048\" class=\"\"><img loading=\"lazy\" decoding=\"async\" width=\"100\" height=\"56\" src=\"https:\/\/www.mojabochnia.pl\/wp-content\/uploads\/2012\/07\/IMAG0341-120x67.jpg\" class=\"attachment-100x100 size-100x100\" alt=\"\" srcset=\"https:\/\/www.mojabochnia.pl\/wp-content\/uploads\/2012\/07\/IMAG0341-120x67.jpg 120w, https:\/\/www.mojabochnia.pl\/wp-content\/uploads\/2012\/07\/IMAG0341-468x263.jpg 468w, https:\/\/www.mojabochnia.pl\/wp-content\/uploads\/2012\/07\/IMAG0341-660x371.jpg 660w, https:\/\/www.mojabochnia.pl\/wp-content\/uploads\/2012\/07\/IMAG0341.jpg 800w\" sizes=\"auto, (max-width: 100px) 100vw, 100px\" \/><\/a><a href=\"https:\/\/www.mojabochnia.pl\/?attachment_id=75049\" class=\"\"><img loading=\"lazy\" decoding=\"async\" width=\"100\" height=\"56\" src=\"https:\/\/www.mojabochnia.pl\/wp-content\/uploads\/2012\/07\/IMAG0343-120x67.jpg\" class=\"attachment-100x100 size-100x100\" alt=\"\" srcset=\"https:\/\/www.mojabochnia.pl\/wp-content\/uploads\/2012\/07\/IMAG0343-120x67.jpg 120w, https:\/\/www.mojabochnia.pl\/wp-content\/uploads\/2012\/07\/IMAG0343-468x263.jpg 468w, https:\/\/www.mojabochnia.pl\/wp-content\/uploads\/2012\/07\/IMAG0343-660x371.jpg 660w, https:\/\/www.mojabochnia.pl\/wp-content\/uploads\/2012\/07\/IMAG0343.jpg 800w\" sizes=\"auto, (max-width: 100px) 100vw, 100px\" \/><\/a>\t    <\/div>\r\n\t    ","protected":false},"excerpt":{"rendered":"<p>Pow\u00f3d\u017a z 2010 r. zniweczy\u0142a wieloletnie prace remontowe w ko\u015bciele \u015bw. Bart\u0142omieja w \u0141apanowie. Woda nanios\u0142a do wn\u0119trza blisko 1 metr cuchn\u0105cego mu\u0142u. Teraz \u015bwi\u0105tynia wraca do stanu sprzed katastrofy.<\/p>\n","protected":false},"author":4,"featured_media":0,"comment_status":"open","ping_status":"closed","sticky":true,"template":"","format":"standard","meta":{"_acf_changed":false,"footnotes":""},"categories":[5,6247,6246,6251,6250],"tags":[17253,17286,652,655,17233,17774,17300],"class_list":["post-75034","post","type-post","status-publish","format-standard","hentry","category-biezace-wydarzenia","category-fotogaleria","category-medium","category-polityka-i-wydarzenia","category-tematyka","tag-dotacja","tag-jan-kulig","tag-kosciol-sw-bartlomieja","tag-ks-tadeusz-jarzebak","tag-lapanow","tag-powodz","tag-remont","main_tag-lapanow"],"acf":[],"yoast_head":"<!-- This site is optimized with the Yoast SEO plugin v26.9 - https:\/\/yoast.com\/product\/yoast-seo-wordpress\/ -->\n<title>\u0141apan\u00f3w: ko\u015bci\u00f3\u0142 \u015bw. Bart\u0142omieja po powodzi wci\u0105\u017c w remoncie - mojabochnia.pl - portal informacyjny<\/title>\n<meta name=\"robots\" content=\"index, follow, max-snippet:-1, max-image-preview:large, max-video-preview:-1\" \/>\n<link rel=\"canonical\" href=\"https:\/\/www.mojabochnia.pl\/?p=75034\" \/>\n<meta property=\"og:locale\" content=\"pl_PL\" \/>\n<meta property=\"og:type\" content=\"article\" \/>\n<meta property=\"og:title\" content=\"\u0141apan\u00f3w: ko\u015bci\u00f3\u0142 \u015bw. Bart\u0142omieja po powodzi wci\u0105\u017c w remoncie - mojabochnia.pl - portal informacyjny\" \/>\n<meta property=\"og:description\" content=\"Pow\u00f3d\u017a z 2010 r. zniweczy\u0142a wieloletnie prace remontowe w ko\u015bciele \u015bw. Bart\u0142omieja w \u0141apanowie. Woda nanios\u0142a do wn\u0119trza blisko 1 metr cuchn\u0105cego mu\u0142u. Teraz \u015bwi\u0105tynia wraca do stanu sprzed katastrofy.\" \/>\n<meta property=\"og:url\" content=\"https:\/\/www.mojabochnia.pl\/?p=75034\" \/>\n<meta property=\"og:site_name\" content=\"mojabochnia.pl - portal informacyjny\" \/>\n<meta property=\"article:publisher\" content=\"https:\/\/www.facebook.com\/mojabochnia\" \/>\n<meta property=\"article:published_time\" content=\"2012-07-13T10:28:22+00:00\" \/>\n<meta property=\"article:modified_time\" content=\"2012-07-13T10:28:35+00:00\" \/>\n<meta name=\"author\" content=\"Pawe\u0142 Michalczyk\" \/>\n<meta name=\"twitter:card\" content=\"summary_large_image\" \/>\n<meta name=\"twitter:label1\" content=\"Written by\" \/>\n\t<meta name=\"twitter:data1\" content=\"Pawe\u0142 Michalczyk\" \/>\n\t<meta name=\"twitter:label2\" content=\"Est. reading time\" \/>\n\t<meta name=\"twitter:data2\" content=\"2 minuty\" \/>\n<script type=\"application\/ld+json\" class=\"yoast-schema-graph\">{\"@context\":\"https:\/\/schema.org\",\"@graph\":[{\"@type\":\"Article\",\"@id\":\"https:\/\/www.mojabochnia.pl\/?p=75034#article\",\"isPartOf\":{\"@id\":\"https:\/\/www.mojabochnia.pl\/?p=75034\"},\"author\":{\"name\":\"Pawe\u0142 Michalczyk\",\"@id\":\"https:\/\/www.mojabochnia.pl\/#\/schema\/person\/ea042e4724a77627963f02166828ead4\"},\"headline\":\"\u0141apan\u00f3w: ko\u015bci\u00f3\u0142 \u015bw. Bart\u0142omieja po powodzi wci\u0105\u017c w remoncie\",\"datePublished\":\"2012-07-13T10:28:22+00:00\",\"dateModified\":\"2012-07-13T10:28:35+00:00\",\"mainEntityOfPage\":{\"@id\":\"https:\/\/www.mojabochnia.pl\/?p=75034\"},\"wordCount\":509,\"commentCount\":0,\"publisher\":{\"@id\":\"https:\/\/www.mojabochnia.pl\/#organization\"},\"keywords\":[\"dotacja\",\"jan kulig\",\"ko\u015bci\u00f3\u0142 \u015bw. bart\u0142omieja\",\"ks. tadeusz jarz\u0119bak\",\"\u0141apan\u00f3w\",\"pow\u00f3d\u017a\",\"remont\"],\"articleSection\":[\"2_ostatnie\",\"fotogaleria\",\"Medium\",\"polityka i wydarzenia\",\"tematyka\"],\"inLanguage\":\"pl-PL\",\"potentialAction\":[{\"@type\":\"CommentAction\",\"name\":\"Comment\",\"target\":[\"https:\/\/www.mojabochnia.pl\/?p=75034#respond\"]}]},{\"@type\":\"WebPage\",\"@id\":\"https:\/\/www.mojabochnia.pl\/?p=75034\",\"url\":\"https:\/\/www.mojabochnia.pl\/?p=75034\",\"name\":\"\u0141apan\u00f3w: ko\u015bci\u00f3\u0142 \u015bw. Bart\u0142omieja po powodzi wci\u0105\u017c w remoncie - mojabochnia.pl - portal informacyjny\",\"isPartOf\":{\"@id\":\"https:\/\/www.mojabochnia.pl\/#website\"},\"datePublished\":\"2012-07-13T10:28:22+00:00\",\"dateModified\":\"2012-07-13T10:28:35+00:00\",\"breadcrumb\":{\"@id\":\"https:\/\/www.mojabochnia.pl\/?p=75034#breadcrumb\"},\"inLanguage\":\"pl-PL\",\"potentialAction\":[{\"@type\":\"ReadAction\",\"target\":[\"https:\/\/www.mojabochnia.pl\/?p=75034\"]}]},{\"@type\":\"BreadcrumbList\",\"@id\":\"https:\/\/www.mojabochnia.pl\/?p=75034#breadcrumb\",\"itemListElement\":[{\"@type\":\"ListItem\",\"position\":1,\"name\":\"Home\",\"item\":\"https:\/\/www.mojabochnia.pl\/\"},{\"@type\":\"ListItem\",\"position\":2,\"name\":\"\u0141apan\u00f3w: ko\u015bci\u00f3\u0142 \u015bw. Bart\u0142omieja po powodzi wci\u0105\u017c w remoncie\"}]},{\"@type\":\"WebSite\",\"@id\":\"https:\/\/www.mojabochnia.pl\/#website\",\"url\":\"https:\/\/www.mojabochnia.pl\/\",\"name\":\"mojabochnia.pl - portal informacyjny\",\"description\":\"mojaBochnia to portal informacyjny o Bochni. Codziennie o Bochni piszemy i pokazujemy najwa\u017cniejsze wydarzenia\",\"publisher\":{\"@id\":\"https:\/\/www.mojabochnia.pl\/#organization\"},\"potentialAction\":[{\"@type\":\"SearchAction\",\"target\":{\"@type\":\"EntryPoint\",\"urlTemplate\":\"https:\/\/www.mojabochnia.pl\/?s={search_term_string}\"},\"query-input\":{\"@type\":\"PropertyValueSpecification\",\"valueRequired\":true,\"valueName\":\"search_term_string\"}}],\"inLanguage\":\"pl-PL\"},{\"@type\":\"Organization\",\"@id\":\"https:\/\/www.mojabochnia.pl\/#organization\",\"name\":\"mojabochnia.pl - portal informacyjny\",\"url\":\"https:\/\/www.mojabochnia.pl\/\",\"logo\":{\"@type\":\"ImageObject\",\"inLanguage\":\"pl-PL\",\"@id\":\"https:\/\/www.mojabochnia.pl\/#\/schema\/logo\/image\/\",\"url\":\"https:\/\/www.mojabochnia.pl\/wp-content\/uploads\/2017\/08\/logo-mb-opt.png\",\"contentUrl\":\"https:\/\/www.mojabochnia.pl\/wp-content\/uploads\/2017\/08\/logo-mb-opt.png\",\"width\":250,\"height\":48,\"caption\":\"mojabochnia.pl - portal informacyjny\"},\"image\":{\"@id\":\"https:\/\/www.mojabochnia.pl\/#\/schema\/logo\/image\/\"},\"sameAs\":[\"https:\/\/www.facebook.com\/mojabochnia\"]},{\"@type\":\"Person\",\"@id\":\"https:\/\/www.mojabochnia.pl\/#\/schema\/person\/ea042e4724a77627963f02166828ead4\",\"name\":\"Pawe\u0142 Michalczyk\",\"url\":\"https:\/\/www.mojabochnia.pl\/?author=4\"}]}<\/script>\n<!-- \/ Yoast SEO plugin. -->","yoast_head_json":{"title":"\u0141apan\u00f3w: ko\u015bci\u00f3\u0142 \u015bw. Bart\u0142omieja po powodzi wci\u0105\u017c w remoncie - mojabochnia.pl - portal informacyjny","robots":{"index":"index","follow":"follow","max-snippet":"max-snippet:-1","max-image-preview":"max-image-preview:large","max-video-preview":"max-video-preview:-1"},"canonical":"https:\/\/www.mojabochnia.pl\/?p=75034","og_locale":"pl_PL","og_type":"article","og_title":"\u0141apan\u00f3w: ko\u015bci\u00f3\u0142 \u015bw. Bart\u0142omieja po powodzi wci\u0105\u017c w remoncie - mojabochnia.pl - portal informacyjny","og_description":"Pow\u00f3d\u017a z 2010 r. zniweczy\u0142a wieloletnie prace remontowe w ko\u015bciele \u015bw. Bart\u0142omieja w \u0141apanowie. Woda nanios\u0142a do wn\u0119trza blisko 1 metr cuchn\u0105cego mu\u0142u. Teraz \u015bwi\u0105tynia wraca do stanu sprzed katastrofy.","og_url":"https:\/\/www.mojabochnia.pl\/?p=75034","og_site_name":"mojabochnia.pl - portal informacyjny","article_publisher":"https:\/\/www.facebook.com\/mojabochnia","article_published_time":"2012-07-13T10:28:22+00:00","article_modified_time":"2012-07-13T10:28:35+00:00","author":"Pawe\u0142 Michalczyk","twitter_card":"summary_large_image","twitter_misc":{"Written by":"Pawe\u0142 Michalczyk","Est. reading time":"2 minuty"},"schema":{"@context":"https:\/\/schema.org","@graph":[{"@type":"Article","@id":"https:\/\/www.mojabochnia.pl\/?p=75034#article","isPartOf":{"@id":"https:\/\/www.mojabochnia.pl\/?p=75034"},"author":{"name":"Pawe\u0142 Michalczyk","@id":"https:\/\/www.mojabochnia.pl\/#\/schema\/person\/ea042e4724a77627963f02166828ead4"},"headline":"\u0141apan\u00f3w: ko\u015bci\u00f3\u0142 \u015bw. Bart\u0142omieja po powodzi wci\u0105\u017c w remoncie","datePublished":"2012-07-13T10:28:22+00:00","dateModified":"2012-07-13T10:28:35+00:00","mainEntityOfPage":{"@id":"https:\/\/www.mojabochnia.pl\/?p=75034"},"wordCount":509,"commentCount":0,"publisher":{"@id":"https:\/\/www.mojabochnia.pl\/#organization"},"keywords":["dotacja","jan kulig","ko\u015bci\u00f3\u0142 \u015bw. bart\u0142omieja","ks. tadeusz jarz\u0119bak","\u0141apan\u00f3w","pow\u00f3d\u017a","remont"],"articleSection":["2_ostatnie","fotogaleria","Medium","polityka i wydarzenia","tematyka"],"inLanguage":"pl-PL","potentialAction":[{"@type":"CommentAction","name":"Comment","target":["https:\/\/www.mojabochnia.pl\/?p=75034#respond"]}]},{"@type":"WebPage","@id":"https:\/\/www.mojabochnia.pl\/?p=75034","url":"https:\/\/www.mojabochnia.pl\/?p=75034","name":"\u0141apan\u00f3w: ko\u015bci\u00f3\u0142 \u015bw. Bart\u0142omieja po powodzi wci\u0105\u017c w remoncie - mojabochnia.pl - portal informacyjny","isPartOf":{"@id":"https:\/\/www.mojabochnia.pl\/#website"},"datePublished":"2012-07-13T10:28:22+00:00","dateModified":"2012-07-13T10:28:35+00:00","breadcrumb":{"@id":"https:\/\/www.mojabochnia.pl\/?p=75034#breadcrumb"},"inLanguage":"pl-PL","potentialAction":[{"@type":"ReadAction","target":["https:\/\/www.mojabochnia.pl\/?p=75034"]}]},{"@type":"BreadcrumbList","@id":"https:\/\/www.mojabochnia.pl\/?p=75034#breadcrumb","itemListElement":[{"@type":"ListItem","position":1,"name":"Home","item":"https:\/\/www.mojabochnia.pl\/"},{"@type":"ListItem","position":2,"name":"\u0141apan\u00f3w: ko\u015bci\u00f3\u0142 \u015bw. Bart\u0142omieja po powodzi wci\u0105\u017c w remoncie"}]},{"@type":"WebSite","@id":"https:\/\/www.mojabochnia.pl\/#website","url":"https:\/\/www.mojabochnia.pl\/","name":"mojabochnia.pl - portal informacyjny","description":"mojaBochnia to portal informacyjny o Bochni. Codziennie o Bochni piszemy i pokazujemy najwa\u017cniejsze wydarzenia","publisher":{"@id":"https:\/\/www.mojabochnia.pl\/#organization"},"potentialAction":[{"@type":"SearchAction","target":{"@type":"EntryPoint","urlTemplate":"https:\/\/www.mojabochnia.pl\/?s={search_term_string}"},"query-input":{"@type":"PropertyValueSpecification","valueRequired":true,"valueName":"search_term_string"}}],"inLanguage":"pl-PL"},{"@type":"Organization","@id":"https:\/\/www.mojabochnia.pl\/#organization","name":"mojabochnia.pl - portal informacyjny","url":"https:\/\/www.mojabochnia.pl\/","logo":{"@type":"ImageObject","inLanguage":"pl-PL","@id":"https:\/\/www.mojabochnia.pl\/#\/schema\/logo\/image\/","url":"https:\/\/www.mojabochnia.pl\/wp-content\/uploads\/2017\/08\/logo-mb-opt.png","contentUrl":"https:\/\/www.mojabochnia.pl\/wp-content\/uploads\/2017\/08\/logo-mb-opt.png","width":250,"height":48,"caption":"mojabochnia.pl - portal informacyjny"},"image":{"@id":"https:\/\/www.mojabochnia.pl\/#\/schema\/logo\/image\/"},"sameAs":["https:\/\/www.facebook.com\/mojabochnia"]},{"@type":"Person","@id":"https:\/\/www.mojabochnia.pl\/#\/schema\/person\/ea042e4724a77627963f02166828ead4","name":"Pawe\u0142 Michalczyk","url":"https:\/\/www.mojabochnia.pl\/?author=4"}]}},"_links":{"self":[{"href":"https:\/\/www.mojabochnia.pl\/index.php?rest_route=\/wp\/v2\/posts\/75034","targetHints":{"allow":["GET"]}}],"collection":[{"href":"https:\/\/www.mojabochnia.pl\/index.php?rest_route=\/wp\/v2\/posts"}],"about":[{"href":"https:\/\/www.mojabochnia.pl\/index.php?rest_route=\/wp\/v2\/types\/post"}],"author":[{"embeddable":true,"href":"https:\/\/www.mojabochnia.pl\/index.php?rest_route=\/wp\/v2\/users\/4"}],"replies":[{"embeddable":true,"href":"https:\/\/www.mojabochnia.pl\/index.php?rest_route=%2Fwp%2Fv2%2Fcomments&post=75034"}],"version-history":[{"count":5,"href":"https:\/\/www.mojabochnia.pl\/index.php?rest_route=\/wp\/v2\/posts\/75034\/revisions"}],"predecessor-version":[{"id":75052,"href":"https:\/\/www.mojabochnia.pl\/index.php?rest_route=\/wp\/v2\/posts\/75034\/revisions\/75052"}],"wp:attachment":[{"href":"https:\/\/www.mojabochnia.pl\/index.php?rest_route=%2Fwp%2Fv2%2Fmedia&parent=75034"}],"wp:term":[{"taxonomy":"category","embeddable":true,"href":"https:\/\/www.mojabochnia.pl\/index.php?rest_route=%2Fwp%2Fv2%2Fcategories&post=75034"},{"taxonomy":"post_tag","embeddable":true,"href":"https:\/\/www.mojabochnia.pl\/index.php?rest_route=%2Fwp%2Fv2%2Ftags&post=75034"}],"curies":[{"name":"wp","href":"https:\/\/api.w.org\/{rel}","templated":true}]}}