{"id":75018,"date":"2012-07-13T07:21:37","date_gmt":"2012-07-13T05:21:37","guid":{"rendered":"http:\/\/www.mojabochnia.pl\/?p=75018"},"modified":"2012-07-12T21:22:25","modified_gmt":"2012-07-12T19:22:25","slug":"muzeum-spotkanie-i-koncert-w-wigilie-swietej-kingi","status":"publish","type":"post","link":"https:\/\/www.mojabochnia.pl\/?p=75018","title":{"rendered":"Muzeum: spotkanie i koncert &#8222;w Wigili\u0119 \u015awi\u0119tej Kingi&#8221;"},"content":{"rendered":"<p>Od kilkunastu lat Muzeum im. Stanis\u0142awa Fischera organizuje w przeddzie\u0144 \u015bwi\u0119ta patronki g\u00f3rnik\u00f3w solnych koncerty pod nazw\u0105 Musica in Vigiliae Sanctae Cunegundis podkre\u015blaj\u0105c w ten spos\u00f3b szczeg\u00f3lne znaczenie dzia\u0142a\u0144 \u015bw. Kingi w zakresie promocji muzyki, i w og\u00f3le kultury. <em>W jej kr\u0119gu powsta\u0142y prawdopodobnie jedne z najstarszych pie\u015bni polskich i zal\u0105\u017cki polskiego j\u0119zyka literackiego. Kult Kingi jako szczeg\u00f3lnej opiekunki Bochni przejawia\u0142 si\u0119 w naszym mie\u015bcie ju\u017c w pierwszej po\u0142owie XV stulecia, a wi\u0119c przesz\u0142o dwa wieki wcze\u015bniej zanim zosta\u0142a og\u0142oszona b\u0142ogos\u0142awion\u0105!<\/em> &#8211; czytamy w zaproszeniu na spotkanie <\/p>\n<p><em>W tym roku spotkanie (wyj\u0105tkowo poniedzia\u0142kowe ze wzgl\u0119d\u00f3w kalendarzowych) b\u0119dzie mie\u0107 szczeg\u00f3lny charakter, gdy\u017c opr\u00f3cz koncertu zostanie zaprezentowane dzie\u0142o niezwyk\u0142e: 256-stronicowy album, w kt\u00f3rym znalaz\u0142y si\u0119 tak\u017ce istotne materia\u0142y ikonograficzne i tekstowe tycz\u0105ce si\u0119 Bochni. A ma przecie\u017c nasze miasto wiele powod\u00f3w, aby \u015bwi\u0119t\u0105 King\u0119 wspomina\u0107 jako posta\u0107 szczeg\u00f3ln\u0105, nie tylko z uwagi na dobrze znan\u0105 legend\u0119 o odkryciu w Bochni soli kamiennej za jej przyczyn\u0105, lecz tak\u017ce fundacj\u0119 murowanej \u015bwi\u0105tyni parafialnej, trosk\u0119 o miasto i \u017cup\u0119, czemu daj\u0105 wyraz jej parokrotne wizyty w Bochni u boku m\u0119\u017ca &#8211; ksi\u0119cia Boles\u0142awa V Wstydliwego, kt\u00f3ry nada\u0142 Bochni prawa miejskie. Wspominamy te\u017c King\u0119 jako t\u0119, kt\u00f3ra po tylekro\u0107 zosta\u0142a uwieczniona w obrazach i rze\u017abach, i kt\u00f3rej imi\u0119 zosta\u0142o zapisane ponad wiek temu w nazwie placu, na kt\u00f3rym stoi ko\u015bci\u00f3\u0142 \u015bw. Miko\u0142aja oraz w nazwie s\u0105siaduj\u0105cej z nim szko\u0142y<\/em> &#8211; zach\u0119ca Jan Flasza, dyrektor Muzeum im. Stanis\u0142awa Fischera w Bochni.  <\/p>\n<p>Musica in Vigiliae Sanctae Cunegundis w Muzeum im. Stanis\u0142awa Fischera w Bochni odb\u0119dzie si\u0119 w poniedzia\u0142ek 23 lipca o godzinie 17.30 w przeddzie\u0144 \u015bwi\u0119ta patronki g\u00f3rnik\u00f3w solnych \u2013 \u015awi\u0119tej Kingi.<\/p>\n<p><strong>W programie:<\/strong><\/p>\n<p>&#8211; Koncert w wykonaniu Teatru Jednego Rapsoda w sk\u0142adzie Janusz Grzesz (gitara, \u015bpiew) i Joanna Giemzowska-Pilch (skrzypce).<br \/>\nB\u0119d\u0105 to pie\u015bni do s\u0142\u00f3w m. in. Jana Kochanowskiego, Juliusza S\u0142owackiego, Czes\u0142awa Mi\u0142osza, Zbigniewa Herberta, El\u017cbiety Zechenter-Sp\u0142awi\u0144skiej i Micha\u0142a Zab\u0142ockiego.<\/p>\n<p>&#8211; Promocja albumu Piotra Stefaniaka \u015awi\u0119ta Kinga Arpad\u00f3wna OSC (1234 &#8211; 1292). \u017bycie i Dzie\u0142o, Krak\u00f3w 2012, wydanego przez Instytut Teologiczny Ksi\u0119\u017cy Misjonarzy.<\/p>\n<p>Muzeum w Bochni, Rynek 20<\/p>\n","protected":false},"excerpt":{"rendered":"<p>Koncert w wykonaniu Teatru Jednego Rapsoda oraz promocja albumu Piotra Stefaniaka \u015awi\u0119ta Kinga Arpad\u00f3wna OSC to dwa punkty spotkania w ramach cyklu Musica in Vigiliae Sanctae Cunegundis w Muzeum. <\/p>\n","protected":false},"author":13,"featured_media":0,"comment_status":"open","ping_status":"closed","sticky":false,"template":"","format":"standard","meta":{"_acf_changed":false,"footnotes":""},"categories":[5,92,6250],"tags":[17126,17108,17290,17346,17132],"class_list":["post-75018","post","type-post","status-publish","format-standard","hentry","category-biezace-wydarzenia","category-kultura","category-tematyka","tag-jan-flasza","tag-koncert","tag-muzeum","tag-spotkanie","tag-sw-kinga","main_tag-muzeum"],"acf":[],"yoast_head":"<!-- This site is optimized with the Yoast SEO plugin v26.9 - https:\/\/yoast.com\/product\/yoast-seo-wordpress\/ -->\n<title>Muzeum: spotkanie i koncert &quot;w Wigili\u0119 \u015awi\u0119tej Kingi&quot; - mojabochnia.pl - portal informacyjny<\/title>\n<meta name=\"robots\" content=\"index, follow, max-snippet:-1, max-image-preview:large, max-video-preview:-1\" \/>\n<link rel=\"canonical\" href=\"https:\/\/www.mojabochnia.pl\/?p=75018\" \/>\n<meta property=\"og:locale\" content=\"pl_PL\" \/>\n<meta property=\"og:type\" content=\"article\" \/>\n<meta property=\"og:title\" content=\"Muzeum: spotkanie i koncert &quot;w Wigili\u0119 \u015awi\u0119tej Kingi&quot; - mojabochnia.pl - portal informacyjny\" \/>\n<meta property=\"og:description\" content=\"Koncert w wykonaniu Teatru Jednego Rapsoda oraz promocja albumu Piotra Stefaniaka \u015awi\u0119ta Kinga Arpad\u00f3wna OSC to dwa punkty spotkania w ramach cyklu Musica in Vigiliae Sanctae Cunegundis w Muzeum.\" \/>\n<meta property=\"og:url\" content=\"https:\/\/www.mojabochnia.pl\/?p=75018\" \/>\n<meta property=\"og:site_name\" content=\"mojabochnia.pl - portal informacyjny\" \/>\n<meta property=\"article:publisher\" content=\"https:\/\/www.facebook.com\/mojabochnia\" \/>\n<meta property=\"article:published_time\" content=\"2012-07-13T05:21:37+00:00\" \/>\n<meta name=\"author\" content=\"redakcja\" \/>\n<meta name=\"twitter:card\" content=\"summary_large_image\" \/>\n<meta name=\"twitter:label1\" content=\"Written by\" \/>\n\t<meta name=\"twitter:data1\" content=\"redakcja\" \/>\n\t<meta name=\"twitter:label2\" content=\"Est. reading time\" \/>\n\t<meta name=\"twitter:data2\" content=\"2 minuty\" \/>\n<script type=\"application\/ld+json\" class=\"yoast-schema-graph\">{\"@context\":\"https:\/\/schema.org\",\"@graph\":[{\"@type\":\"Article\",\"@id\":\"https:\/\/www.mojabochnia.pl\/?p=75018#article\",\"isPartOf\":{\"@id\":\"https:\/\/www.mojabochnia.pl\/?p=75018\"},\"author\":{\"name\":\"redakcja\",\"@id\":\"https:\/\/www.mojabochnia.pl\/#\/schema\/person\/7e2f20ead9902216a3384f13606c0ab7\"},\"headline\":\"Muzeum: spotkanie i koncert &#8222;w Wigili\u0119 \u015awi\u0119tej Kingi&#8221;\",\"datePublished\":\"2012-07-13T05:21:37+00:00\",\"mainEntityOfPage\":{\"@id\":\"https:\/\/www.mojabochnia.pl\/?p=75018\"},\"wordCount\":418,\"commentCount\":0,\"publisher\":{\"@id\":\"https:\/\/www.mojabochnia.pl\/#organization\"},\"keywords\":[\"jan flasza\",\"koncert\",\"muzeum\",\"spotkanie\",\"\u015bw. kinga\"],\"articleSection\":[\"2_ostatnie\",\"kultura\",\"tematyka\"],\"inLanguage\":\"pl-PL\",\"potentialAction\":[{\"@type\":\"CommentAction\",\"name\":\"Comment\",\"target\":[\"https:\/\/www.mojabochnia.pl\/?p=75018#respond\"]}]},{\"@type\":\"WebPage\",\"@id\":\"https:\/\/www.mojabochnia.pl\/?p=75018\",\"url\":\"https:\/\/www.mojabochnia.pl\/?p=75018\",\"name\":\"Muzeum: spotkanie i koncert \\\"w Wigili\u0119 \u015awi\u0119tej Kingi\\\" - mojabochnia.pl - portal informacyjny\",\"isPartOf\":{\"@id\":\"https:\/\/www.mojabochnia.pl\/#website\"},\"datePublished\":\"2012-07-13T05:21:37+00:00\",\"breadcrumb\":{\"@id\":\"https:\/\/www.mojabochnia.pl\/?p=75018#breadcrumb\"},\"inLanguage\":\"pl-PL\",\"potentialAction\":[{\"@type\":\"ReadAction\",\"target\":[\"https:\/\/www.mojabochnia.pl\/?p=75018\"]}]},{\"@type\":\"BreadcrumbList\",\"@id\":\"https:\/\/www.mojabochnia.pl\/?p=75018#breadcrumb\",\"itemListElement\":[{\"@type\":\"ListItem\",\"position\":1,\"name\":\"Home\",\"item\":\"https:\/\/www.mojabochnia.pl\/\"},{\"@type\":\"ListItem\",\"position\":2,\"name\":\"Muzeum: spotkanie i koncert &#8222;w Wigili\u0119 \u015awi\u0119tej Kingi&#8221;\"}]},{\"@type\":\"WebSite\",\"@id\":\"https:\/\/www.mojabochnia.pl\/#website\",\"url\":\"https:\/\/www.mojabochnia.pl\/\",\"name\":\"mojabochnia.pl - portal informacyjny\",\"description\":\"mojaBochnia to portal informacyjny o Bochni. Codziennie o Bochni piszemy i pokazujemy najwa\u017cniejsze wydarzenia\",\"publisher\":{\"@id\":\"https:\/\/www.mojabochnia.pl\/#organization\"},\"potentialAction\":[{\"@type\":\"SearchAction\",\"target\":{\"@type\":\"EntryPoint\",\"urlTemplate\":\"https:\/\/www.mojabochnia.pl\/?s={search_term_string}\"},\"query-input\":{\"@type\":\"PropertyValueSpecification\",\"valueRequired\":true,\"valueName\":\"search_term_string\"}}],\"inLanguage\":\"pl-PL\"},{\"@type\":\"Organization\",\"@id\":\"https:\/\/www.mojabochnia.pl\/#organization\",\"name\":\"mojabochnia.pl - portal informacyjny\",\"url\":\"https:\/\/www.mojabochnia.pl\/\",\"logo\":{\"@type\":\"ImageObject\",\"inLanguage\":\"pl-PL\",\"@id\":\"https:\/\/www.mojabochnia.pl\/#\/schema\/logo\/image\/\",\"url\":\"https:\/\/www.mojabochnia.pl\/wp-content\/uploads\/2017\/08\/logo-mb-opt.png\",\"contentUrl\":\"https:\/\/www.mojabochnia.pl\/wp-content\/uploads\/2017\/08\/logo-mb-opt.png\",\"width\":250,\"height\":48,\"caption\":\"mojabochnia.pl - portal informacyjny\"},\"image\":{\"@id\":\"https:\/\/www.mojabochnia.pl\/#\/schema\/logo\/image\/\"},\"sameAs\":[\"https:\/\/www.facebook.com\/mojabochnia\"]},{\"@type\":\"Person\",\"@id\":\"https:\/\/www.mojabochnia.pl\/#\/schema\/person\/7e2f20ead9902216a3384f13606c0ab7\",\"name\":\"redakcja\",\"sameAs\":[\"http:\/\/\"],\"url\":\"https:\/\/www.mojabochnia.pl\/?author=13\"}]}<\/script>\n<!-- \/ Yoast SEO plugin. -->","yoast_head_json":{"title":"Muzeum: spotkanie i koncert \"w Wigili\u0119 \u015awi\u0119tej Kingi\" - mojabochnia.pl - portal informacyjny","robots":{"index":"index","follow":"follow","max-snippet":"max-snippet:-1","max-image-preview":"max-image-preview:large","max-video-preview":"max-video-preview:-1"},"canonical":"https:\/\/www.mojabochnia.pl\/?p=75018","og_locale":"pl_PL","og_type":"article","og_title":"Muzeum: spotkanie i koncert \"w Wigili\u0119 \u015awi\u0119tej Kingi\" - mojabochnia.pl - portal informacyjny","og_description":"Koncert w wykonaniu Teatru Jednego Rapsoda oraz promocja albumu Piotra Stefaniaka \u015awi\u0119ta Kinga Arpad\u00f3wna OSC to dwa punkty spotkania w ramach cyklu Musica in Vigiliae Sanctae Cunegundis w Muzeum.","og_url":"https:\/\/www.mojabochnia.pl\/?p=75018","og_site_name":"mojabochnia.pl - portal informacyjny","article_publisher":"https:\/\/www.facebook.com\/mojabochnia","article_published_time":"2012-07-13T05:21:37+00:00","author":"redakcja","twitter_card":"summary_large_image","twitter_misc":{"Written by":"redakcja","Est. reading time":"2 minuty"},"schema":{"@context":"https:\/\/schema.org","@graph":[{"@type":"Article","@id":"https:\/\/www.mojabochnia.pl\/?p=75018#article","isPartOf":{"@id":"https:\/\/www.mojabochnia.pl\/?p=75018"},"author":{"name":"redakcja","@id":"https:\/\/www.mojabochnia.pl\/#\/schema\/person\/7e2f20ead9902216a3384f13606c0ab7"},"headline":"Muzeum: spotkanie i koncert &#8222;w Wigili\u0119 \u015awi\u0119tej Kingi&#8221;","datePublished":"2012-07-13T05:21:37+00:00","mainEntityOfPage":{"@id":"https:\/\/www.mojabochnia.pl\/?p=75018"},"wordCount":418,"commentCount":0,"publisher":{"@id":"https:\/\/www.mojabochnia.pl\/#organization"},"keywords":["jan flasza","koncert","muzeum","spotkanie","\u015bw. kinga"],"articleSection":["2_ostatnie","kultura","tematyka"],"inLanguage":"pl-PL","potentialAction":[{"@type":"CommentAction","name":"Comment","target":["https:\/\/www.mojabochnia.pl\/?p=75018#respond"]}]},{"@type":"WebPage","@id":"https:\/\/www.mojabochnia.pl\/?p=75018","url":"https:\/\/www.mojabochnia.pl\/?p=75018","name":"Muzeum: spotkanie i koncert \"w Wigili\u0119 \u015awi\u0119tej Kingi\" - mojabochnia.pl - portal informacyjny","isPartOf":{"@id":"https:\/\/www.mojabochnia.pl\/#website"},"datePublished":"2012-07-13T05:21:37+00:00","breadcrumb":{"@id":"https:\/\/www.mojabochnia.pl\/?p=75018#breadcrumb"},"inLanguage":"pl-PL","potentialAction":[{"@type":"ReadAction","target":["https:\/\/www.mojabochnia.pl\/?p=75018"]}]},{"@type":"BreadcrumbList","@id":"https:\/\/www.mojabochnia.pl\/?p=75018#breadcrumb","itemListElement":[{"@type":"ListItem","position":1,"name":"Home","item":"https:\/\/www.mojabochnia.pl\/"},{"@type":"ListItem","position":2,"name":"Muzeum: spotkanie i koncert &#8222;w Wigili\u0119 \u015awi\u0119tej Kingi&#8221;"}]},{"@type":"WebSite","@id":"https:\/\/www.mojabochnia.pl\/#website","url":"https:\/\/www.mojabochnia.pl\/","name":"mojabochnia.pl - portal informacyjny","description":"mojaBochnia to portal informacyjny o Bochni. Codziennie o Bochni piszemy i pokazujemy najwa\u017cniejsze wydarzenia","publisher":{"@id":"https:\/\/www.mojabochnia.pl\/#organization"},"potentialAction":[{"@type":"SearchAction","target":{"@type":"EntryPoint","urlTemplate":"https:\/\/www.mojabochnia.pl\/?s={search_term_string}"},"query-input":{"@type":"PropertyValueSpecification","valueRequired":true,"valueName":"search_term_string"}}],"inLanguage":"pl-PL"},{"@type":"Organization","@id":"https:\/\/www.mojabochnia.pl\/#organization","name":"mojabochnia.pl - portal informacyjny","url":"https:\/\/www.mojabochnia.pl\/","logo":{"@type":"ImageObject","inLanguage":"pl-PL","@id":"https:\/\/www.mojabochnia.pl\/#\/schema\/logo\/image\/","url":"https:\/\/www.mojabochnia.pl\/wp-content\/uploads\/2017\/08\/logo-mb-opt.png","contentUrl":"https:\/\/www.mojabochnia.pl\/wp-content\/uploads\/2017\/08\/logo-mb-opt.png","width":250,"height":48,"caption":"mojabochnia.pl - portal informacyjny"},"image":{"@id":"https:\/\/www.mojabochnia.pl\/#\/schema\/logo\/image\/"},"sameAs":["https:\/\/www.facebook.com\/mojabochnia"]},{"@type":"Person","@id":"https:\/\/www.mojabochnia.pl\/#\/schema\/person\/7e2f20ead9902216a3384f13606c0ab7","name":"redakcja","sameAs":["http:\/\/"],"url":"https:\/\/www.mojabochnia.pl\/?author=13"}]}},"_links":{"self":[{"href":"https:\/\/www.mojabochnia.pl\/index.php?rest_route=\/wp\/v2\/posts\/75018","targetHints":{"allow":["GET"]}}],"collection":[{"href":"https:\/\/www.mojabochnia.pl\/index.php?rest_route=\/wp\/v2\/posts"}],"about":[{"href":"https:\/\/www.mojabochnia.pl\/index.php?rest_route=\/wp\/v2\/types\/post"}],"author":[{"embeddable":true,"href":"https:\/\/www.mojabochnia.pl\/index.php?rest_route=\/wp\/v2\/users\/13"}],"replies":[{"embeddable":true,"href":"https:\/\/www.mojabochnia.pl\/index.php?rest_route=%2Fwp%2Fv2%2Fcomments&post=75018"}],"version-history":[{"count":4,"href":"https:\/\/www.mojabochnia.pl\/index.php?rest_route=\/wp\/v2\/posts\/75018\/revisions"}],"predecessor-version":[{"id":75023,"href":"https:\/\/www.mojabochnia.pl\/index.php?rest_route=\/wp\/v2\/posts\/75018\/revisions\/75023"}],"wp:attachment":[{"href":"https:\/\/www.mojabochnia.pl\/index.php?rest_route=%2Fwp%2Fv2%2Fmedia&parent=75018"}],"wp:term":[{"taxonomy":"category","embeddable":true,"href":"https:\/\/www.mojabochnia.pl\/index.php?rest_route=%2Fwp%2Fv2%2Fcategories&post=75018"},{"taxonomy":"post_tag","embeddable":true,"href":"https:\/\/www.mojabochnia.pl\/index.php?rest_route=%2Fwp%2Fv2%2Ftags&post=75018"}],"curies":[{"name":"wp","href":"https:\/\/api.w.org\/{rel}","templated":true}]}}