{"id":74819,"date":"2012-07-09T17:21:43","date_gmt":"2012-07-09T15:21:43","guid":{"rendered":"http:\/\/www.mojabochnia.pl\/?p=74819"},"modified":"2012-07-09T17:24:24","modified_gmt":"2012-07-09T15:24:24","slug":"107-maturzystow-oblalo-egzamin","status":"publish","type":"post","link":"https:\/\/www.mojabochnia.pl\/?p=74819","title":{"rendered":"107 maturzyst\u00f3w obla\u0142o egzamin"},"content":{"rendered":"<p>Egzamin dojrza\u0142o\u015bci w maju pisa\u0142o w maju ponad 340 tys. uczni\u00f3w z ca\u0142ej Polski. 330 tys. z nich to tegoroczni absolwenci szk\u00f3\u0142 ponadgimnazjalnych. Pozostali to absolwenci z lat ubieg\u0142ych, kt\u00f3rzy albo wcze\u015bniej nie zdali matury, albo chcieli poprawi\u0107 uzyskane wyniki.<\/p>\n<p>Zdawalno\u015b\u0107 w szko\u0142ach, dla kt\u00f3rych organem prowadz\u0105cym jest Powiat Boche\u0144ski, przedstawia si\u0119 nast\u0119puj\u0105co:<\/p>\n<p>Zesp\u00f3\u0142 Szk\u00f3\u0142 Og\u00f3lnokszta\u0142c\u0105cych &#8211; 100%<br \/>\nII Liceum Og\u00f3lnokszta\u0142c\u0105ce &#8211; 98,1%<br \/>\nLiceum og\u00f3lnokszta\u0142c\u0105ce przy Zespole Szk\u00f3\u0142 Nr 1 &#8211; 98,8%<br \/>\nLiceum profilowane przy Zespole Szk\u00f3\u0142 Nr 1 &#8211; 88,9%<br \/>\nTechnikum przy Zespole Szk\u00f3\u0142 Nr 1 &#8211; 93,3%<br \/>\nLiceum og\u00f3lnokszta\u0142c\u0105ce przy Zespole Szk\u00f3\u0142 Nr 2 &#8211; 68,8%<br \/>\nLiceum profilowane przy Zespole Szk\u00f3\u0142 Nr 2 &#8211; 84,6%<br \/>\nTechnikum przy zespole Szk\u00f3\u0142 Nr 2 &#8211; 87,8%<br \/>\nTechnikum przy Zespole Szk\u00f3\u0142 Nr 3 &#8211; 94,9%<br \/>\nLiceum og\u00f3lnokszta\u0142c\u0105ce przy ZS \u0141apan\u00f3w &#8211; 73,1%<br \/>\nTechnikum przy ZS \u0141apan\u00f3w &#8211; 51,4%<br \/>\nTechnikum przy ZS D\u0105browica &#8211; 31,4%<br \/>\nTechnikum uzupe\u0142niaj\u0105ce przy ZS D\u0105browica &#8211; 50%<\/p>\n<p>Og\u00f3lny wynik zdawalno\u015bci we wszystkich w\/w szko\u0142ach wyni\u00f3s\u0142 89,6%.<\/p>\n<p>Zgodnie z przepisami maturzy\u015bci, kt\u00f3rym nie uda\u0142o si\u0119 pozytywnie zda\u0107 za pierwszym razem, dostaj\u0105 mo\u017cliwo\u015b\u0107 powt\u00f3rnego podej\u015bcia do egzaminu.<\/p>\n","protected":false},"excerpt":{"rendered":"<p>W powiecie boche\u0144skim do egzaminu dojrza\u0142o\u015bci przyst\u0105pi\u0142o w tym roku 1031 uczni\u00f3w. 924 osoby zako\u0144czy\u0142y go wynikiem pozytywnym, obla\u0142o 107. Zobacz wyniki w poszczeg\u00f3lnych szko\u0142ach.<\/p>\n","protected":false},"author":13,"featured_media":0,"comment_status":"open","ping_status":"closed","sticky":true,"template":"","format":"standard","meta":{"_acf_changed":false,"footnotes":""},"categories":[5,6251,6250],"tags":[11161,2677,17586,17249],"class_list":["post-74819","post","type-post","status-publish","format-standard","hentry","category-biezace-wydarzenia","category-polityka-i-wydarzenia","category-tematyka","tag-abiturient","tag-egzamin-dojrzalosci","tag-matura","tag-szkola","main_tag-matura"],"acf":[],"yoast_head":"<!-- This site is optimized with the Yoast SEO plugin v26.9 - https:\/\/yoast.com\/product\/yoast-seo-wordpress\/ -->\n<title>107 maturzyst\u00f3w obla\u0142o egzamin - mojabochnia.pl - portal informacyjny<\/title>\n<meta name=\"robots\" content=\"index, follow, max-snippet:-1, max-image-preview:large, max-video-preview:-1\" \/>\n<link rel=\"canonical\" href=\"https:\/\/www.mojabochnia.pl\/?p=74819\" \/>\n<meta property=\"og:locale\" content=\"pl_PL\" \/>\n<meta property=\"og:type\" content=\"article\" \/>\n<meta property=\"og:title\" content=\"107 maturzyst\u00f3w obla\u0142o egzamin - mojabochnia.pl - portal informacyjny\" \/>\n<meta property=\"og:description\" content=\"W powiecie boche\u0144skim do egzaminu dojrza\u0142o\u015bci przyst\u0105pi\u0142o w tym roku 1031 uczni\u00f3w. 924 osoby zako\u0144czy\u0142y go wynikiem pozytywnym, obla\u0142o 107. Zobacz wyniki w poszczeg\u00f3lnych szko\u0142ach.\" \/>\n<meta property=\"og:url\" content=\"https:\/\/www.mojabochnia.pl\/?p=74819\" \/>\n<meta property=\"og:site_name\" content=\"mojabochnia.pl - portal informacyjny\" \/>\n<meta property=\"article:publisher\" content=\"https:\/\/www.facebook.com\/mojabochnia\" \/>\n<meta property=\"article:published_time\" content=\"2012-07-09T15:21:43+00:00\" \/>\n<meta property=\"article:modified_time\" content=\"2012-07-09T15:24:24+00:00\" \/>\n<meta name=\"author\" content=\"redakcja\" \/>\n<meta name=\"twitter:card\" content=\"summary_large_image\" \/>\n<meta name=\"twitter:label1\" content=\"Written by\" \/>\n\t<meta name=\"twitter:data1\" content=\"redakcja\" \/>\n\t<meta name=\"twitter:label2\" content=\"Est. reading time\" \/>\n\t<meta name=\"twitter:data2\" content=\"1 minuta\" \/>\n<script type=\"application\/ld+json\" class=\"yoast-schema-graph\">{\"@context\":\"https:\/\/schema.org\",\"@graph\":[{\"@type\":\"Article\",\"@id\":\"https:\/\/www.mojabochnia.pl\/?p=74819#article\",\"isPartOf\":{\"@id\":\"https:\/\/www.mojabochnia.pl\/?p=74819\"},\"author\":{\"name\":\"redakcja\",\"@id\":\"https:\/\/www.mojabochnia.pl\/#\/schema\/person\/7e2f20ead9902216a3384f13606c0ab7\"},\"headline\":\"107 maturzyst\u00f3w obla\u0142o egzamin\",\"datePublished\":\"2012-07-09T15:21:43+00:00\",\"dateModified\":\"2012-07-09T15:24:24+00:00\",\"mainEntityOfPage\":{\"@id\":\"https:\/\/www.mojabochnia.pl\/?p=74819\"},\"wordCount\":205,\"commentCount\":0,\"publisher\":{\"@id\":\"https:\/\/www.mojabochnia.pl\/#organization\"},\"keywords\":[\"abiturient\",\"egzamin dojrza\u0142o\u015bci\",\"matura\",\"szko\u0142a\"],\"articleSection\":[\"2_ostatnie\",\"polityka i wydarzenia\",\"tematyka\"],\"inLanguage\":\"pl-PL\",\"potentialAction\":[{\"@type\":\"CommentAction\",\"name\":\"Comment\",\"target\":[\"https:\/\/www.mojabochnia.pl\/?p=74819#respond\"]}]},{\"@type\":\"WebPage\",\"@id\":\"https:\/\/www.mojabochnia.pl\/?p=74819\",\"url\":\"https:\/\/www.mojabochnia.pl\/?p=74819\",\"name\":\"107 maturzyst\u00f3w obla\u0142o egzamin - mojabochnia.pl - portal informacyjny\",\"isPartOf\":{\"@id\":\"https:\/\/www.mojabochnia.pl\/#website\"},\"datePublished\":\"2012-07-09T15:21:43+00:00\",\"dateModified\":\"2012-07-09T15:24:24+00:00\",\"breadcrumb\":{\"@id\":\"https:\/\/www.mojabochnia.pl\/?p=74819#breadcrumb\"},\"inLanguage\":\"pl-PL\",\"potentialAction\":[{\"@type\":\"ReadAction\",\"target\":[\"https:\/\/www.mojabochnia.pl\/?p=74819\"]}]},{\"@type\":\"BreadcrumbList\",\"@id\":\"https:\/\/www.mojabochnia.pl\/?p=74819#breadcrumb\",\"itemListElement\":[{\"@type\":\"ListItem\",\"position\":1,\"name\":\"Home\",\"item\":\"https:\/\/www.mojabochnia.pl\/\"},{\"@type\":\"ListItem\",\"position\":2,\"name\":\"107 maturzyst\u00f3w obla\u0142o egzamin\"}]},{\"@type\":\"WebSite\",\"@id\":\"https:\/\/www.mojabochnia.pl\/#website\",\"url\":\"https:\/\/www.mojabochnia.pl\/\",\"name\":\"mojabochnia.pl - portal informacyjny\",\"description\":\"mojaBochnia to portal informacyjny o Bochni. Codziennie o Bochni piszemy i pokazujemy najwa\u017cniejsze wydarzenia\",\"publisher\":{\"@id\":\"https:\/\/www.mojabochnia.pl\/#organization\"},\"potentialAction\":[{\"@type\":\"SearchAction\",\"target\":{\"@type\":\"EntryPoint\",\"urlTemplate\":\"https:\/\/www.mojabochnia.pl\/?s={search_term_string}\"},\"query-input\":{\"@type\":\"PropertyValueSpecification\",\"valueRequired\":true,\"valueName\":\"search_term_string\"}}],\"inLanguage\":\"pl-PL\"},{\"@type\":\"Organization\",\"@id\":\"https:\/\/www.mojabochnia.pl\/#organization\",\"name\":\"mojabochnia.pl - portal informacyjny\",\"url\":\"https:\/\/www.mojabochnia.pl\/\",\"logo\":{\"@type\":\"ImageObject\",\"inLanguage\":\"pl-PL\",\"@id\":\"https:\/\/www.mojabochnia.pl\/#\/schema\/logo\/image\/\",\"url\":\"https:\/\/www.mojabochnia.pl\/wp-content\/uploads\/2017\/08\/logo-mb-opt.png\",\"contentUrl\":\"https:\/\/www.mojabochnia.pl\/wp-content\/uploads\/2017\/08\/logo-mb-opt.png\",\"width\":250,\"height\":48,\"caption\":\"mojabochnia.pl - portal informacyjny\"},\"image\":{\"@id\":\"https:\/\/www.mojabochnia.pl\/#\/schema\/logo\/image\/\"},\"sameAs\":[\"https:\/\/www.facebook.com\/mojabochnia\"]},{\"@type\":\"Person\",\"@id\":\"https:\/\/www.mojabochnia.pl\/#\/schema\/person\/7e2f20ead9902216a3384f13606c0ab7\",\"name\":\"redakcja\",\"sameAs\":[\"http:\/\/\"],\"url\":\"https:\/\/www.mojabochnia.pl\/?author=13\"}]}<\/script>\n<!-- \/ Yoast SEO plugin. -->","yoast_head_json":{"title":"107 maturzyst\u00f3w obla\u0142o egzamin - mojabochnia.pl - portal informacyjny","robots":{"index":"index","follow":"follow","max-snippet":"max-snippet:-1","max-image-preview":"max-image-preview:large","max-video-preview":"max-video-preview:-1"},"canonical":"https:\/\/www.mojabochnia.pl\/?p=74819","og_locale":"pl_PL","og_type":"article","og_title":"107 maturzyst\u00f3w obla\u0142o egzamin - mojabochnia.pl - portal informacyjny","og_description":"W powiecie boche\u0144skim do egzaminu dojrza\u0142o\u015bci przyst\u0105pi\u0142o w tym roku 1031 uczni\u00f3w. 924 osoby zako\u0144czy\u0142y go wynikiem pozytywnym, obla\u0142o 107. Zobacz wyniki w poszczeg\u00f3lnych szko\u0142ach.","og_url":"https:\/\/www.mojabochnia.pl\/?p=74819","og_site_name":"mojabochnia.pl - portal informacyjny","article_publisher":"https:\/\/www.facebook.com\/mojabochnia","article_published_time":"2012-07-09T15:21:43+00:00","article_modified_time":"2012-07-09T15:24:24+00:00","author":"redakcja","twitter_card":"summary_large_image","twitter_misc":{"Written by":"redakcja","Est. reading time":"1 minuta"},"schema":{"@context":"https:\/\/schema.org","@graph":[{"@type":"Article","@id":"https:\/\/www.mojabochnia.pl\/?p=74819#article","isPartOf":{"@id":"https:\/\/www.mojabochnia.pl\/?p=74819"},"author":{"name":"redakcja","@id":"https:\/\/www.mojabochnia.pl\/#\/schema\/person\/7e2f20ead9902216a3384f13606c0ab7"},"headline":"107 maturzyst\u00f3w obla\u0142o egzamin","datePublished":"2012-07-09T15:21:43+00:00","dateModified":"2012-07-09T15:24:24+00:00","mainEntityOfPage":{"@id":"https:\/\/www.mojabochnia.pl\/?p=74819"},"wordCount":205,"commentCount":0,"publisher":{"@id":"https:\/\/www.mojabochnia.pl\/#organization"},"keywords":["abiturient","egzamin dojrza\u0142o\u015bci","matura","szko\u0142a"],"articleSection":["2_ostatnie","polityka i wydarzenia","tematyka"],"inLanguage":"pl-PL","potentialAction":[{"@type":"CommentAction","name":"Comment","target":["https:\/\/www.mojabochnia.pl\/?p=74819#respond"]}]},{"@type":"WebPage","@id":"https:\/\/www.mojabochnia.pl\/?p=74819","url":"https:\/\/www.mojabochnia.pl\/?p=74819","name":"107 maturzyst\u00f3w obla\u0142o egzamin - mojabochnia.pl - portal informacyjny","isPartOf":{"@id":"https:\/\/www.mojabochnia.pl\/#website"},"datePublished":"2012-07-09T15:21:43+00:00","dateModified":"2012-07-09T15:24:24+00:00","breadcrumb":{"@id":"https:\/\/www.mojabochnia.pl\/?p=74819#breadcrumb"},"inLanguage":"pl-PL","potentialAction":[{"@type":"ReadAction","target":["https:\/\/www.mojabochnia.pl\/?p=74819"]}]},{"@type":"BreadcrumbList","@id":"https:\/\/www.mojabochnia.pl\/?p=74819#breadcrumb","itemListElement":[{"@type":"ListItem","position":1,"name":"Home","item":"https:\/\/www.mojabochnia.pl\/"},{"@type":"ListItem","position":2,"name":"107 maturzyst\u00f3w obla\u0142o egzamin"}]},{"@type":"WebSite","@id":"https:\/\/www.mojabochnia.pl\/#website","url":"https:\/\/www.mojabochnia.pl\/","name":"mojabochnia.pl - portal informacyjny","description":"mojaBochnia to portal informacyjny o Bochni. Codziennie o Bochni piszemy i pokazujemy najwa\u017cniejsze wydarzenia","publisher":{"@id":"https:\/\/www.mojabochnia.pl\/#organization"},"potentialAction":[{"@type":"SearchAction","target":{"@type":"EntryPoint","urlTemplate":"https:\/\/www.mojabochnia.pl\/?s={search_term_string}"},"query-input":{"@type":"PropertyValueSpecification","valueRequired":true,"valueName":"search_term_string"}}],"inLanguage":"pl-PL"},{"@type":"Organization","@id":"https:\/\/www.mojabochnia.pl\/#organization","name":"mojabochnia.pl - portal informacyjny","url":"https:\/\/www.mojabochnia.pl\/","logo":{"@type":"ImageObject","inLanguage":"pl-PL","@id":"https:\/\/www.mojabochnia.pl\/#\/schema\/logo\/image\/","url":"https:\/\/www.mojabochnia.pl\/wp-content\/uploads\/2017\/08\/logo-mb-opt.png","contentUrl":"https:\/\/www.mojabochnia.pl\/wp-content\/uploads\/2017\/08\/logo-mb-opt.png","width":250,"height":48,"caption":"mojabochnia.pl - portal informacyjny"},"image":{"@id":"https:\/\/www.mojabochnia.pl\/#\/schema\/logo\/image\/"},"sameAs":["https:\/\/www.facebook.com\/mojabochnia"]},{"@type":"Person","@id":"https:\/\/www.mojabochnia.pl\/#\/schema\/person\/7e2f20ead9902216a3384f13606c0ab7","name":"redakcja","sameAs":["http:\/\/"],"url":"https:\/\/www.mojabochnia.pl\/?author=13"}]}},"_links":{"self":[{"href":"https:\/\/www.mojabochnia.pl\/index.php?rest_route=\/wp\/v2\/posts\/74819","targetHints":{"allow":["GET"]}}],"collection":[{"href":"https:\/\/www.mojabochnia.pl\/index.php?rest_route=\/wp\/v2\/posts"}],"about":[{"href":"https:\/\/www.mojabochnia.pl\/index.php?rest_route=\/wp\/v2\/types\/post"}],"author":[{"embeddable":true,"href":"https:\/\/www.mojabochnia.pl\/index.php?rest_route=\/wp\/v2\/users\/13"}],"replies":[{"embeddable":true,"href":"https:\/\/www.mojabochnia.pl\/index.php?rest_route=%2Fwp%2Fv2%2Fcomments&post=74819"}],"version-history":[{"count":5,"href":"https:\/\/www.mojabochnia.pl\/index.php?rest_route=\/wp\/v2\/posts\/74819\/revisions"}],"predecessor-version":[{"id":74824,"href":"https:\/\/www.mojabochnia.pl\/index.php?rest_route=\/wp\/v2\/posts\/74819\/revisions\/74824"}],"wp:attachment":[{"href":"https:\/\/www.mojabochnia.pl\/index.php?rest_route=%2Fwp%2Fv2%2Fmedia&parent=74819"}],"wp:term":[{"taxonomy":"category","embeddable":true,"href":"https:\/\/www.mojabochnia.pl\/index.php?rest_route=%2Fwp%2Fv2%2Fcategories&post=74819"},{"taxonomy":"post_tag","embeddable":true,"href":"https:\/\/www.mojabochnia.pl\/index.php?rest_route=%2Fwp%2Fv2%2Ftags&post=74819"}],"curies":[{"name":"wp","href":"https:\/\/api.w.org\/{rel}","templated":true}]}}