{"id":74337,"date":"2012-07-02T14:20:47","date_gmt":"2012-07-02T12:20:47","guid":{"rendered":"http:\/\/www.mojabochnia.pl\/?p=74337"},"modified":"2012-07-02T14:22:36","modified_gmt":"2012-07-02T12:22:36","slug":"bochenski-informatyk-programowal-w-brukseli","status":"publish","type":"post","link":"https:\/\/www.mojabochnia.pl\/?p=74337","title":{"rendered":"Boche\u0144ski informatyk programowa\u0142 w Brukseli"},"content":{"rendered":"<p>Tematem tegorocznej edycji imprezy by\u0142o bezpiecze\u0144stwo oraz pobudzanie kreatywno\u015bci dzieci korzystaj\u0105cych z komputer\u00f3w. W ci\u0105gu doby kilkana\u015bcie zespo\u0142\u00f3w wciela\u0142o w \u017cycie r\u00f3\u017cnorakie idee zapewniaj\u0105ce dzieciom anonimowo\u015b\u0107 w sieci, wspomagaj\u0105ce zdobywanie wiedzy, a tak\u017ce umo\u017cliwiaj\u0105ce edukacyjn\u0105 zabaw\u0119 oraz wspomagaj\u0105ce rodzicielski nadz\u00f3r.<\/p>\n<p>Krakowski team w sk\u0142adzie: Bart\u0142omiej Szczepanik, Mateusz Bu\u015bkiewicz, Dariusz Kozio\u0142, Mateusz Matrejek w trakcie imprezy realizowa\u0142 gr\u0119 edukacyjn\u0105. <em>Aplikacja poprzez zabaw\u0119 ma uczy\u0107 najm\u0142odszych u\u017cytkownik\u00f3w internetu tego, jak nale\u017cy si\u0119 zachowywa\u0107, aby by\u0107 w sieci bezpiecznym<\/em> &#8211; m\u00f3wi Mateusz Matrejek. Efekty pracy student\u00f3w z Krakowa mo\u017cna obejrze\u0107 <a onclick=\"javascript:pageTracker._trackPageview('\/outgoing\/hackengers.herokuapp.com\/');\"  href=\"http:\/\/hackengers.herokuapp.com\/\">na stronie projektu<\/a>.<\/p>\n<p>Warto doda\u0107, \u017ce polski zesp\u00f3\u0142 by\u0142 najm\u0142odszym spo\u015br\u00f3d startuj\u0105cych, co jednak nie przeszkodzi\u0142o w tw\u00f3rczej pracy nad projektem \u2013 na zako\u0144czenie imprezy gotowe by\u0142y dwa poziomy, co stanowi\u0142o jeden z priorytet\u00f3w zawodnik\u00f3w. Jak zgodnie podkre\u015blaj\u0105 uczestnicy \u2013 wyjazd by\u0142 szans\u0105 na zdobycie niezwykle interesuj\u0105cych do\u015bwiadcze\u0144, a tak\u017ce stworzy\u0142 mo\u017cliwo\u015b\u0107 nawi\u0105zania kontakt\u00f3w z lud\u017ami o podobnych zainteresowaniach rozsianymi po ca\u0142ej Europie.<\/p>\n","protected":false},"excerpt":{"rendered":"<p>Ju\u017c po raz drugi reprezentuj\u0105cy krakowsk\u0105 Akademi\u0119 G\u00f3rniczo-Hutnicz\u0105 studenci informatyki wyjechali do Brukseli, aby wraz z innymi zawodnikami z ca\u0142ej Europy rywalizowa\u0107 w ramach kolejnej edycji EU Hackathonu &#8211; zawod\u00f3w informatycznych organizowanych pod patronatem cz\u0142onk\u00f3w Parlamentu Europejskiego, Google i Facebooka. W\u015br\u00f3d nich by\u0142 Mateusz Matrejek z Bochni.<\/p>\n","protected":false},"author":13,"featured_media":0,"comment_status":"open","ping_status":"closed","sticky":false,"template":"","format":"standard","meta":{"_acf_changed":false,"footnotes":""},"categories":[5,6251,6250],"tags":[11130,3376,17428,11129,10689],"class_list":["post-74337","post","type-post","status-publish","format-standard","hentry","category-biezace-wydarzenia","category-polityka-i-wydarzenia","category-tematyka","tag-bruksela","tag-informatyka","tag-komputer","tag-mateusz-matrejek","tag-programowanie","main_tag-komputer"],"acf":[],"yoast_head":"<!-- This site is optimized with the Yoast SEO plugin v26.9 - https:\/\/yoast.com\/product\/yoast-seo-wordpress\/ -->\n<title>Boche\u0144ski informatyk programowa\u0142 w Brukseli - mojabochnia.pl - portal informacyjny<\/title>\n<meta name=\"robots\" content=\"index, follow, max-snippet:-1, max-image-preview:large, max-video-preview:-1\" \/>\n<link rel=\"canonical\" href=\"https:\/\/www.mojabochnia.pl\/?p=74337\" \/>\n<meta property=\"og:locale\" content=\"pl_PL\" \/>\n<meta property=\"og:type\" content=\"article\" \/>\n<meta property=\"og:title\" content=\"Boche\u0144ski informatyk programowa\u0142 w Brukseli - mojabochnia.pl - portal informacyjny\" \/>\n<meta property=\"og:description\" content=\"Ju\u017c po raz drugi reprezentuj\u0105cy krakowsk\u0105 Akademi\u0119 G\u00f3rniczo-Hutnicz\u0105 studenci informatyki wyjechali do Brukseli, aby wraz z innymi zawodnikami z ca\u0142ej Europy rywalizowa\u0107 w ramach kolejnej edycji EU Hackathonu - zawod\u00f3w informatycznych organizowanych pod patronatem cz\u0142onk\u00f3w Parlamentu Europejskiego, Google i Facebooka. W\u015br\u00f3d nich by\u0142 Mateusz Matrejek z Bochni.\" \/>\n<meta property=\"og:url\" content=\"https:\/\/www.mojabochnia.pl\/?p=74337\" \/>\n<meta property=\"og:site_name\" content=\"mojabochnia.pl - portal informacyjny\" \/>\n<meta property=\"article:publisher\" content=\"https:\/\/www.facebook.com\/mojabochnia\" \/>\n<meta property=\"article:published_time\" content=\"2012-07-02T12:20:47+00:00\" \/>\n<meta property=\"article:modified_time\" content=\"2012-07-02T12:22:36+00:00\" \/>\n<meta name=\"author\" content=\"redakcja\" \/>\n<meta name=\"twitter:card\" content=\"summary_large_image\" \/>\n<meta name=\"twitter:label1\" content=\"Written by\" \/>\n\t<meta name=\"twitter:data1\" content=\"redakcja\" \/>\n\t<meta name=\"twitter:label2\" content=\"Est. reading time\" \/>\n\t<meta name=\"twitter:data2\" content=\"1 minuta\" \/>\n<script type=\"application\/ld+json\" class=\"yoast-schema-graph\">{\"@context\":\"https:\/\/schema.org\",\"@graph\":[{\"@type\":\"Article\",\"@id\":\"https:\/\/www.mojabochnia.pl\/?p=74337#article\",\"isPartOf\":{\"@id\":\"https:\/\/www.mojabochnia.pl\/?p=74337\"},\"author\":{\"name\":\"redakcja\",\"@id\":\"https:\/\/www.mojabochnia.pl\/#\/schema\/person\/7e2f20ead9902216a3384f13606c0ab7\"},\"headline\":\"Boche\u0144ski informatyk programowa\u0142 w Brukseli\",\"datePublished\":\"2012-07-02T12:20:47+00:00\",\"dateModified\":\"2012-07-02T12:22:36+00:00\",\"mainEntityOfPage\":{\"@id\":\"https:\/\/www.mojabochnia.pl\/?p=74337\"},\"wordCount\":201,\"commentCount\":0,\"publisher\":{\"@id\":\"https:\/\/www.mojabochnia.pl\/#organization\"},\"keywords\":[\"bruksela\",\"informatyka\",\"komputer\",\"mateusz matrejek\",\"programowanie\"],\"articleSection\":[\"2_ostatnie\",\"polityka i wydarzenia\",\"tematyka\"],\"inLanguage\":\"pl-PL\",\"potentialAction\":[{\"@type\":\"CommentAction\",\"name\":\"Comment\",\"target\":[\"https:\/\/www.mojabochnia.pl\/?p=74337#respond\"]}]},{\"@type\":\"WebPage\",\"@id\":\"https:\/\/www.mojabochnia.pl\/?p=74337\",\"url\":\"https:\/\/www.mojabochnia.pl\/?p=74337\",\"name\":\"Boche\u0144ski informatyk programowa\u0142 w Brukseli - mojabochnia.pl - portal informacyjny\",\"isPartOf\":{\"@id\":\"https:\/\/www.mojabochnia.pl\/#website\"},\"datePublished\":\"2012-07-02T12:20:47+00:00\",\"dateModified\":\"2012-07-02T12:22:36+00:00\",\"breadcrumb\":{\"@id\":\"https:\/\/www.mojabochnia.pl\/?p=74337#breadcrumb\"},\"inLanguage\":\"pl-PL\",\"potentialAction\":[{\"@type\":\"ReadAction\",\"target\":[\"https:\/\/www.mojabochnia.pl\/?p=74337\"]}]},{\"@type\":\"BreadcrumbList\",\"@id\":\"https:\/\/www.mojabochnia.pl\/?p=74337#breadcrumb\",\"itemListElement\":[{\"@type\":\"ListItem\",\"position\":1,\"name\":\"Home\",\"item\":\"https:\/\/www.mojabochnia.pl\/\"},{\"@type\":\"ListItem\",\"position\":2,\"name\":\"Boche\u0144ski informatyk programowa\u0142 w Brukseli\"}]},{\"@type\":\"WebSite\",\"@id\":\"https:\/\/www.mojabochnia.pl\/#website\",\"url\":\"https:\/\/www.mojabochnia.pl\/\",\"name\":\"mojabochnia.pl - portal informacyjny\",\"description\":\"mojaBochnia to portal informacyjny o Bochni. Codziennie o Bochni piszemy i pokazujemy najwa\u017cniejsze wydarzenia\",\"publisher\":{\"@id\":\"https:\/\/www.mojabochnia.pl\/#organization\"},\"potentialAction\":[{\"@type\":\"SearchAction\",\"target\":{\"@type\":\"EntryPoint\",\"urlTemplate\":\"https:\/\/www.mojabochnia.pl\/?s={search_term_string}\"},\"query-input\":{\"@type\":\"PropertyValueSpecification\",\"valueRequired\":true,\"valueName\":\"search_term_string\"}}],\"inLanguage\":\"pl-PL\"},{\"@type\":\"Organization\",\"@id\":\"https:\/\/www.mojabochnia.pl\/#organization\",\"name\":\"mojabochnia.pl - portal informacyjny\",\"url\":\"https:\/\/www.mojabochnia.pl\/\",\"logo\":{\"@type\":\"ImageObject\",\"inLanguage\":\"pl-PL\",\"@id\":\"https:\/\/www.mojabochnia.pl\/#\/schema\/logo\/image\/\",\"url\":\"https:\/\/www.mojabochnia.pl\/wp-content\/uploads\/2017\/08\/logo-mb-opt.png\",\"contentUrl\":\"https:\/\/www.mojabochnia.pl\/wp-content\/uploads\/2017\/08\/logo-mb-opt.png\",\"width\":250,\"height\":48,\"caption\":\"mojabochnia.pl - portal informacyjny\"},\"image\":{\"@id\":\"https:\/\/www.mojabochnia.pl\/#\/schema\/logo\/image\/\"},\"sameAs\":[\"https:\/\/www.facebook.com\/mojabochnia\"]},{\"@type\":\"Person\",\"@id\":\"https:\/\/www.mojabochnia.pl\/#\/schema\/person\/7e2f20ead9902216a3384f13606c0ab7\",\"name\":\"redakcja\",\"sameAs\":[\"http:\/\/\"],\"url\":\"https:\/\/www.mojabochnia.pl\/?author=13\"}]}<\/script>\n<!-- \/ Yoast SEO plugin. -->","yoast_head_json":{"title":"Boche\u0144ski informatyk programowa\u0142 w Brukseli - mojabochnia.pl - portal informacyjny","robots":{"index":"index","follow":"follow","max-snippet":"max-snippet:-1","max-image-preview":"max-image-preview:large","max-video-preview":"max-video-preview:-1"},"canonical":"https:\/\/www.mojabochnia.pl\/?p=74337","og_locale":"pl_PL","og_type":"article","og_title":"Boche\u0144ski informatyk programowa\u0142 w Brukseli - mojabochnia.pl - portal informacyjny","og_description":"Ju\u017c po raz drugi reprezentuj\u0105cy krakowsk\u0105 Akademi\u0119 G\u00f3rniczo-Hutnicz\u0105 studenci informatyki wyjechali do Brukseli, aby wraz z innymi zawodnikami z ca\u0142ej Europy rywalizowa\u0107 w ramach kolejnej edycji EU Hackathonu - zawod\u00f3w informatycznych organizowanych pod patronatem cz\u0142onk\u00f3w Parlamentu Europejskiego, Google i Facebooka. W\u015br\u00f3d nich by\u0142 Mateusz Matrejek z Bochni.","og_url":"https:\/\/www.mojabochnia.pl\/?p=74337","og_site_name":"mojabochnia.pl - portal informacyjny","article_publisher":"https:\/\/www.facebook.com\/mojabochnia","article_published_time":"2012-07-02T12:20:47+00:00","article_modified_time":"2012-07-02T12:22:36+00:00","author":"redakcja","twitter_card":"summary_large_image","twitter_misc":{"Written by":"redakcja","Est. reading time":"1 minuta"},"schema":{"@context":"https:\/\/schema.org","@graph":[{"@type":"Article","@id":"https:\/\/www.mojabochnia.pl\/?p=74337#article","isPartOf":{"@id":"https:\/\/www.mojabochnia.pl\/?p=74337"},"author":{"name":"redakcja","@id":"https:\/\/www.mojabochnia.pl\/#\/schema\/person\/7e2f20ead9902216a3384f13606c0ab7"},"headline":"Boche\u0144ski informatyk programowa\u0142 w Brukseli","datePublished":"2012-07-02T12:20:47+00:00","dateModified":"2012-07-02T12:22:36+00:00","mainEntityOfPage":{"@id":"https:\/\/www.mojabochnia.pl\/?p=74337"},"wordCount":201,"commentCount":0,"publisher":{"@id":"https:\/\/www.mojabochnia.pl\/#organization"},"keywords":["bruksela","informatyka","komputer","mateusz matrejek","programowanie"],"articleSection":["2_ostatnie","polityka i wydarzenia","tematyka"],"inLanguage":"pl-PL","potentialAction":[{"@type":"CommentAction","name":"Comment","target":["https:\/\/www.mojabochnia.pl\/?p=74337#respond"]}]},{"@type":"WebPage","@id":"https:\/\/www.mojabochnia.pl\/?p=74337","url":"https:\/\/www.mojabochnia.pl\/?p=74337","name":"Boche\u0144ski informatyk programowa\u0142 w Brukseli - mojabochnia.pl - portal informacyjny","isPartOf":{"@id":"https:\/\/www.mojabochnia.pl\/#website"},"datePublished":"2012-07-02T12:20:47+00:00","dateModified":"2012-07-02T12:22:36+00:00","breadcrumb":{"@id":"https:\/\/www.mojabochnia.pl\/?p=74337#breadcrumb"},"inLanguage":"pl-PL","potentialAction":[{"@type":"ReadAction","target":["https:\/\/www.mojabochnia.pl\/?p=74337"]}]},{"@type":"BreadcrumbList","@id":"https:\/\/www.mojabochnia.pl\/?p=74337#breadcrumb","itemListElement":[{"@type":"ListItem","position":1,"name":"Home","item":"https:\/\/www.mojabochnia.pl\/"},{"@type":"ListItem","position":2,"name":"Boche\u0144ski informatyk programowa\u0142 w Brukseli"}]},{"@type":"WebSite","@id":"https:\/\/www.mojabochnia.pl\/#website","url":"https:\/\/www.mojabochnia.pl\/","name":"mojabochnia.pl - portal informacyjny","description":"mojaBochnia to portal informacyjny o Bochni. Codziennie o Bochni piszemy i pokazujemy najwa\u017cniejsze wydarzenia","publisher":{"@id":"https:\/\/www.mojabochnia.pl\/#organization"},"potentialAction":[{"@type":"SearchAction","target":{"@type":"EntryPoint","urlTemplate":"https:\/\/www.mojabochnia.pl\/?s={search_term_string}"},"query-input":{"@type":"PropertyValueSpecification","valueRequired":true,"valueName":"search_term_string"}}],"inLanguage":"pl-PL"},{"@type":"Organization","@id":"https:\/\/www.mojabochnia.pl\/#organization","name":"mojabochnia.pl - portal informacyjny","url":"https:\/\/www.mojabochnia.pl\/","logo":{"@type":"ImageObject","inLanguage":"pl-PL","@id":"https:\/\/www.mojabochnia.pl\/#\/schema\/logo\/image\/","url":"https:\/\/www.mojabochnia.pl\/wp-content\/uploads\/2017\/08\/logo-mb-opt.png","contentUrl":"https:\/\/www.mojabochnia.pl\/wp-content\/uploads\/2017\/08\/logo-mb-opt.png","width":250,"height":48,"caption":"mojabochnia.pl - portal informacyjny"},"image":{"@id":"https:\/\/www.mojabochnia.pl\/#\/schema\/logo\/image\/"},"sameAs":["https:\/\/www.facebook.com\/mojabochnia"]},{"@type":"Person","@id":"https:\/\/www.mojabochnia.pl\/#\/schema\/person\/7e2f20ead9902216a3384f13606c0ab7","name":"redakcja","sameAs":["http:\/\/"],"url":"https:\/\/www.mojabochnia.pl\/?author=13"}]}},"_links":{"self":[{"href":"https:\/\/www.mojabochnia.pl\/index.php?rest_route=\/wp\/v2\/posts\/74337","targetHints":{"allow":["GET"]}}],"collection":[{"href":"https:\/\/www.mojabochnia.pl\/index.php?rest_route=\/wp\/v2\/posts"}],"about":[{"href":"https:\/\/www.mojabochnia.pl\/index.php?rest_route=\/wp\/v2\/types\/post"}],"author":[{"embeddable":true,"href":"https:\/\/www.mojabochnia.pl\/index.php?rest_route=\/wp\/v2\/users\/13"}],"replies":[{"embeddable":true,"href":"https:\/\/www.mojabochnia.pl\/index.php?rest_route=%2Fwp%2Fv2%2Fcomments&post=74337"}],"version-history":[{"count":5,"href":"https:\/\/www.mojabochnia.pl\/index.php?rest_route=\/wp\/v2\/posts\/74337\/revisions"}],"predecessor-version":[{"id":74344,"href":"https:\/\/www.mojabochnia.pl\/index.php?rest_route=\/wp\/v2\/posts\/74337\/revisions\/74344"}],"wp:attachment":[{"href":"https:\/\/www.mojabochnia.pl\/index.php?rest_route=%2Fwp%2Fv2%2Fmedia&parent=74337"}],"wp:term":[{"taxonomy":"category","embeddable":true,"href":"https:\/\/www.mojabochnia.pl\/index.php?rest_route=%2Fwp%2Fv2%2Fcategories&post=74337"},{"taxonomy":"post_tag","embeddable":true,"href":"https:\/\/www.mojabochnia.pl\/index.php?rest_route=%2Fwp%2Fv2%2Ftags&post=74337"}],"curies":[{"name":"wp","href":"https:\/\/api.w.org\/{rel}","templated":true}]}}