{"id":74323,"date":"2012-07-03T07:23:13","date_gmt":"2012-07-03T05:23:13","guid":{"rendered":"http:\/\/www.mojabochnia.pl\/?p=74323"},"modified":"2012-07-02T13:09:48","modified_gmt":"2012-07-02T11:09:48","slug":"bedzie-oddzial-przedszkolny-w-szkole-podstawowej-nr-5","status":"publish","type":"post","link":"https:\/\/www.mojabochnia.pl\/?p=74323","title":{"rendered":"B\u0119dzie oddzia\u0142 przedszkolny w Szkole Podstawowej nr 5?"},"content":{"rendered":"<p>Ze spraw\u0105 rodzice zwr\u00f3cili si\u0119 do radnych z Komisji O\u015bwiaty, Wychowania, Sportu i Turystyki. Zdaniem Jana Zi\u0119by, kt\u00f3ry jest cz\u0142onkiem Rady Rodzic\u00f3w w boche\u0144skiej \u201epi\u0105tce\u201d, powo\u0142anie oddzia\u0142u przedszkolnego mog\u0142oby odwr\u00f3ci\u0107 post\u0119puj\u0105cy ni\u017c demograficzny w plac\u00f3wce. <\/p>\n<p><em>Wydaje mi si\u0119, \u017ce korzystne dla miasta by\u0142o, \u017ceby klas pierwszych w \u201epi\u0105tce\u201d by\u0142o wi\u0119cej. \u201ePi\u0105tka\u201d ma lepsze warunki, rozleg\u0142e tereny zielone, obecnie buduje si\u0119 boisko, poza tym rodzice dowo\u017c\u0105cy dzieci do \u201epi\u0105tki\u201d nie powodowaliby porannych kork\u00f3w w takim stopniu, jak rodzice dowo\u017c\u0105cy dzieci do \u201ejedynki\u201d. Podejrzewamy tez, \u017ce dzieci ucz\u0119szczaj\u0105ce do przedszkola w szkole nr 5 \u2013 gdy oswoj\u0105 si\u0119 ju\u017c z budynkiem, z nauczycielami, gdy rodzice zobacz\u0105, jak \u0142atwo do \u201epi\u0105tki\u201d dowie\u017a\u0107 dziecko &#8211; stan\u0105 si\u0119 p\u00f3\u017aniej uczniami klasy pierwszej tej szko\u0142y <\/em>\u2013 m\u00f3wi Jan Zi\u0119ba.<\/p>\n<p>Niestety, nic nie wskazuje, \u017ceby postulat rodzic\u00f3w zosta\u0142 szybko spe\u0142niony. Burmistrz Stefan Kolawi\u0144ski nie daje nadziej na szybkie rozwi\u0105zanie problemu. <em>Nie ma w bud\u017cecie na ten rok zabezpieczonych pieni\u0119dzy, \u017ceby dodatkowe oddzia\u0142y utworzy\u0107. By\u0142em w szkole nr 5 i jest tam dogodne miejsce, \u017ceby takie oddzia\u0142y stworzy\u0107, natomiast w sensie formalnym one w tym momencie nie mog\u0105 powsta\u0107. Dlatego, \u017ce gdyby\u015bmy chcieli utworzy\u0107 zesp\u00f3\u0142 szkolno-przedszkolny, to nale\u017ca\u0142o to wszystko rozpocz\u0105\u0107 jeszcze w lutym<\/em> \u2013 m\u00f3wi burmistrz.<\/p>\n<p>Stefan Kolawi\u0144ski Bochni dodaje, \u017ce trwaj\u0105 obecnie wyliczenia, ile kosztowa\u0142oby powo\u0142anie nowego oddzia\u0142u przedszkolnego. Sama kadra kosztowa\u0142aby ok. 100 tys. z\u0142. <\/p>\n","protected":false},"excerpt":{"rendered":"<p>Ponad 100 rodzin nie znalaz\u0142o miejsca dla swojego dziecka w boche\u0144skim przedszkolu. Dlatego rodzice chc\u0105 powo\u0142ania nowego oddzia\u0142u przedszkolnego w szkole podstawowej nr 5. <\/p>\n","protected":false},"author":4,"featured_media":0,"comment_status":"open","ping_status":"closed","sticky":false,"template":"","format":"standard","meta":{"_acf_changed":false,"footnotes":""},"categories":[5,6251,6250],"tags":[17326,11128,17279,1611,7781,17251],"class_list":["post-74323","post","type-post","status-publish","format-standard","hentry","category-biezace-wydarzenia","category-polityka-i-wydarzenia","category-tematyka","tag-dzieci","tag-jan-zieba","tag-przedszkole","tag-rodzice","tag-stefan-kolawinski","tag-szkola-podstawowa-nr-5","main_tag-przedszkole"],"acf":[],"yoast_head":"<!-- This site is optimized with the Yoast SEO plugin v26.9 - https:\/\/yoast.com\/product\/yoast-seo-wordpress\/ -->\n<title>B\u0119dzie oddzia\u0142 przedszkolny w Szkole Podstawowej nr 5? - mojabochnia.pl - portal informacyjny<\/title>\n<meta name=\"robots\" content=\"index, follow, max-snippet:-1, max-image-preview:large, max-video-preview:-1\" \/>\n<link rel=\"canonical\" href=\"https:\/\/www.mojabochnia.pl\/?p=74323\" \/>\n<meta property=\"og:locale\" content=\"pl_PL\" \/>\n<meta property=\"og:type\" content=\"article\" \/>\n<meta property=\"og:title\" content=\"B\u0119dzie oddzia\u0142 przedszkolny w Szkole Podstawowej nr 5? - mojabochnia.pl - portal informacyjny\" \/>\n<meta property=\"og:description\" content=\"Ponad 100 rodzin nie znalaz\u0142o miejsca dla swojego dziecka w boche\u0144skim przedszkolu. Dlatego rodzice chc\u0105 powo\u0142ania nowego oddzia\u0142u przedszkolnego w szkole podstawowej nr 5.\" \/>\n<meta property=\"og:url\" content=\"https:\/\/www.mojabochnia.pl\/?p=74323\" \/>\n<meta property=\"og:site_name\" content=\"mojabochnia.pl - portal informacyjny\" \/>\n<meta property=\"article:publisher\" content=\"https:\/\/www.facebook.com\/mojabochnia\" \/>\n<meta property=\"article:published_time\" content=\"2012-07-03T05:23:13+00:00\" \/>\n<meta name=\"author\" content=\"Pawe\u0142 Michalczyk\" \/>\n<meta name=\"twitter:card\" content=\"summary_large_image\" \/>\n<meta name=\"twitter:label1\" content=\"Written by\" \/>\n\t<meta name=\"twitter:data1\" content=\"Pawe\u0142 Michalczyk\" \/>\n\t<meta name=\"twitter:label2\" content=\"Est. reading time\" \/>\n\t<meta name=\"twitter:data2\" content=\"1 minuta\" \/>\n<script type=\"application\/ld+json\" class=\"yoast-schema-graph\">{\"@context\":\"https:\/\/schema.org\",\"@graph\":[{\"@type\":\"Article\",\"@id\":\"https:\/\/www.mojabochnia.pl\/?p=74323#article\",\"isPartOf\":{\"@id\":\"https:\/\/www.mojabochnia.pl\/?p=74323\"},\"author\":{\"name\":\"Pawe\u0142 Michalczyk\",\"@id\":\"https:\/\/www.mojabochnia.pl\/#\/schema\/person\/ea042e4724a77627963f02166828ead4\"},\"headline\":\"B\u0119dzie oddzia\u0142 przedszkolny w Szkole Podstawowej nr 5?\",\"datePublished\":\"2012-07-03T05:23:13+00:00\",\"mainEntityOfPage\":{\"@id\":\"https:\/\/www.mojabochnia.pl\/?p=74323\"},\"wordCount\":272,\"commentCount\":0,\"publisher\":{\"@id\":\"https:\/\/www.mojabochnia.pl\/#organization\"},\"keywords\":[\"dzieci\",\"jan zi\u0119ba\",\"przedszkole\",\"rodzice\",\"stefan kolawi\u0144ski\",\"szko\u0142a podstawowa nr 5\"],\"articleSection\":[\"2_ostatnie\",\"polityka i wydarzenia\",\"tematyka\"],\"inLanguage\":\"pl-PL\",\"potentialAction\":[{\"@type\":\"CommentAction\",\"name\":\"Comment\",\"target\":[\"https:\/\/www.mojabochnia.pl\/?p=74323#respond\"]}]},{\"@type\":\"WebPage\",\"@id\":\"https:\/\/www.mojabochnia.pl\/?p=74323\",\"url\":\"https:\/\/www.mojabochnia.pl\/?p=74323\",\"name\":\"B\u0119dzie oddzia\u0142 przedszkolny w Szkole Podstawowej nr 5? - mojabochnia.pl - portal informacyjny\",\"isPartOf\":{\"@id\":\"https:\/\/www.mojabochnia.pl\/#website\"},\"datePublished\":\"2012-07-03T05:23:13+00:00\",\"breadcrumb\":{\"@id\":\"https:\/\/www.mojabochnia.pl\/?p=74323#breadcrumb\"},\"inLanguage\":\"pl-PL\",\"potentialAction\":[{\"@type\":\"ReadAction\",\"target\":[\"https:\/\/www.mojabochnia.pl\/?p=74323\"]}]},{\"@type\":\"BreadcrumbList\",\"@id\":\"https:\/\/www.mojabochnia.pl\/?p=74323#breadcrumb\",\"itemListElement\":[{\"@type\":\"ListItem\",\"position\":1,\"name\":\"Home\",\"item\":\"https:\/\/www.mojabochnia.pl\/\"},{\"@type\":\"ListItem\",\"position\":2,\"name\":\"B\u0119dzie oddzia\u0142 przedszkolny w Szkole Podstawowej nr 5?\"}]},{\"@type\":\"WebSite\",\"@id\":\"https:\/\/www.mojabochnia.pl\/#website\",\"url\":\"https:\/\/www.mojabochnia.pl\/\",\"name\":\"mojabochnia.pl - portal informacyjny\",\"description\":\"mojaBochnia to portal informacyjny o Bochni. Codziennie o Bochni piszemy i pokazujemy najwa\u017cniejsze wydarzenia\",\"publisher\":{\"@id\":\"https:\/\/www.mojabochnia.pl\/#organization\"},\"potentialAction\":[{\"@type\":\"SearchAction\",\"target\":{\"@type\":\"EntryPoint\",\"urlTemplate\":\"https:\/\/www.mojabochnia.pl\/?s={search_term_string}\"},\"query-input\":{\"@type\":\"PropertyValueSpecification\",\"valueRequired\":true,\"valueName\":\"search_term_string\"}}],\"inLanguage\":\"pl-PL\"},{\"@type\":\"Organization\",\"@id\":\"https:\/\/www.mojabochnia.pl\/#organization\",\"name\":\"mojabochnia.pl - portal informacyjny\",\"url\":\"https:\/\/www.mojabochnia.pl\/\",\"logo\":{\"@type\":\"ImageObject\",\"inLanguage\":\"pl-PL\",\"@id\":\"https:\/\/www.mojabochnia.pl\/#\/schema\/logo\/image\/\",\"url\":\"https:\/\/www.mojabochnia.pl\/wp-content\/uploads\/2017\/08\/logo-mb-opt.png\",\"contentUrl\":\"https:\/\/www.mojabochnia.pl\/wp-content\/uploads\/2017\/08\/logo-mb-opt.png\",\"width\":250,\"height\":48,\"caption\":\"mojabochnia.pl - portal informacyjny\"},\"image\":{\"@id\":\"https:\/\/www.mojabochnia.pl\/#\/schema\/logo\/image\/\"},\"sameAs\":[\"https:\/\/www.facebook.com\/mojabochnia\"]},{\"@type\":\"Person\",\"@id\":\"https:\/\/www.mojabochnia.pl\/#\/schema\/person\/ea042e4724a77627963f02166828ead4\",\"name\":\"Pawe\u0142 Michalczyk\",\"url\":\"https:\/\/www.mojabochnia.pl\/?author=4\"}]}<\/script>\n<!-- \/ Yoast SEO plugin. -->","yoast_head_json":{"title":"B\u0119dzie oddzia\u0142 przedszkolny w Szkole Podstawowej nr 5? - mojabochnia.pl - portal informacyjny","robots":{"index":"index","follow":"follow","max-snippet":"max-snippet:-1","max-image-preview":"max-image-preview:large","max-video-preview":"max-video-preview:-1"},"canonical":"https:\/\/www.mojabochnia.pl\/?p=74323","og_locale":"pl_PL","og_type":"article","og_title":"B\u0119dzie oddzia\u0142 przedszkolny w Szkole Podstawowej nr 5? - mojabochnia.pl - portal informacyjny","og_description":"Ponad 100 rodzin nie znalaz\u0142o miejsca dla swojego dziecka w boche\u0144skim przedszkolu. Dlatego rodzice chc\u0105 powo\u0142ania nowego oddzia\u0142u przedszkolnego w szkole podstawowej nr 5.","og_url":"https:\/\/www.mojabochnia.pl\/?p=74323","og_site_name":"mojabochnia.pl - portal informacyjny","article_publisher":"https:\/\/www.facebook.com\/mojabochnia","article_published_time":"2012-07-03T05:23:13+00:00","author":"Pawe\u0142 Michalczyk","twitter_card":"summary_large_image","twitter_misc":{"Written by":"Pawe\u0142 Michalczyk","Est. reading time":"1 minuta"},"schema":{"@context":"https:\/\/schema.org","@graph":[{"@type":"Article","@id":"https:\/\/www.mojabochnia.pl\/?p=74323#article","isPartOf":{"@id":"https:\/\/www.mojabochnia.pl\/?p=74323"},"author":{"name":"Pawe\u0142 Michalczyk","@id":"https:\/\/www.mojabochnia.pl\/#\/schema\/person\/ea042e4724a77627963f02166828ead4"},"headline":"B\u0119dzie oddzia\u0142 przedszkolny w Szkole Podstawowej nr 5?","datePublished":"2012-07-03T05:23:13+00:00","mainEntityOfPage":{"@id":"https:\/\/www.mojabochnia.pl\/?p=74323"},"wordCount":272,"commentCount":0,"publisher":{"@id":"https:\/\/www.mojabochnia.pl\/#organization"},"keywords":["dzieci","jan zi\u0119ba","przedszkole","rodzice","stefan kolawi\u0144ski","szko\u0142a podstawowa nr 5"],"articleSection":["2_ostatnie","polityka i wydarzenia","tematyka"],"inLanguage":"pl-PL","potentialAction":[{"@type":"CommentAction","name":"Comment","target":["https:\/\/www.mojabochnia.pl\/?p=74323#respond"]}]},{"@type":"WebPage","@id":"https:\/\/www.mojabochnia.pl\/?p=74323","url":"https:\/\/www.mojabochnia.pl\/?p=74323","name":"B\u0119dzie oddzia\u0142 przedszkolny w Szkole Podstawowej nr 5? - mojabochnia.pl - portal informacyjny","isPartOf":{"@id":"https:\/\/www.mojabochnia.pl\/#website"},"datePublished":"2012-07-03T05:23:13+00:00","breadcrumb":{"@id":"https:\/\/www.mojabochnia.pl\/?p=74323#breadcrumb"},"inLanguage":"pl-PL","potentialAction":[{"@type":"ReadAction","target":["https:\/\/www.mojabochnia.pl\/?p=74323"]}]},{"@type":"BreadcrumbList","@id":"https:\/\/www.mojabochnia.pl\/?p=74323#breadcrumb","itemListElement":[{"@type":"ListItem","position":1,"name":"Home","item":"https:\/\/www.mojabochnia.pl\/"},{"@type":"ListItem","position":2,"name":"B\u0119dzie oddzia\u0142 przedszkolny w Szkole Podstawowej nr 5?"}]},{"@type":"WebSite","@id":"https:\/\/www.mojabochnia.pl\/#website","url":"https:\/\/www.mojabochnia.pl\/","name":"mojabochnia.pl - portal informacyjny","description":"mojaBochnia to portal informacyjny o Bochni. Codziennie o Bochni piszemy i pokazujemy najwa\u017cniejsze wydarzenia","publisher":{"@id":"https:\/\/www.mojabochnia.pl\/#organization"},"potentialAction":[{"@type":"SearchAction","target":{"@type":"EntryPoint","urlTemplate":"https:\/\/www.mojabochnia.pl\/?s={search_term_string}"},"query-input":{"@type":"PropertyValueSpecification","valueRequired":true,"valueName":"search_term_string"}}],"inLanguage":"pl-PL"},{"@type":"Organization","@id":"https:\/\/www.mojabochnia.pl\/#organization","name":"mojabochnia.pl - portal informacyjny","url":"https:\/\/www.mojabochnia.pl\/","logo":{"@type":"ImageObject","inLanguage":"pl-PL","@id":"https:\/\/www.mojabochnia.pl\/#\/schema\/logo\/image\/","url":"https:\/\/www.mojabochnia.pl\/wp-content\/uploads\/2017\/08\/logo-mb-opt.png","contentUrl":"https:\/\/www.mojabochnia.pl\/wp-content\/uploads\/2017\/08\/logo-mb-opt.png","width":250,"height":48,"caption":"mojabochnia.pl - portal informacyjny"},"image":{"@id":"https:\/\/www.mojabochnia.pl\/#\/schema\/logo\/image\/"},"sameAs":["https:\/\/www.facebook.com\/mojabochnia"]},{"@type":"Person","@id":"https:\/\/www.mojabochnia.pl\/#\/schema\/person\/ea042e4724a77627963f02166828ead4","name":"Pawe\u0142 Michalczyk","url":"https:\/\/www.mojabochnia.pl\/?author=4"}]}},"_links":{"self":[{"href":"https:\/\/www.mojabochnia.pl\/index.php?rest_route=\/wp\/v2\/posts\/74323","targetHints":{"allow":["GET"]}}],"collection":[{"href":"https:\/\/www.mojabochnia.pl\/index.php?rest_route=\/wp\/v2\/posts"}],"about":[{"href":"https:\/\/www.mojabochnia.pl\/index.php?rest_route=\/wp\/v2\/types\/post"}],"author":[{"embeddable":true,"href":"https:\/\/www.mojabochnia.pl\/index.php?rest_route=\/wp\/v2\/users\/4"}],"replies":[{"embeddable":true,"href":"https:\/\/www.mojabochnia.pl\/index.php?rest_route=%2Fwp%2Fv2%2Fcomments&post=74323"}],"version-history":[{"count":7,"href":"https:\/\/www.mojabochnia.pl\/index.php?rest_route=\/wp\/v2\/posts\/74323\/revisions"}],"predecessor-version":[{"id":74336,"href":"https:\/\/www.mojabochnia.pl\/index.php?rest_route=\/wp\/v2\/posts\/74323\/revisions\/74336"}],"wp:attachment":[{"href":"https:\/\/www.mojabochnia.pl\/index.php?rest_route=%2Fwp%2Fv2%2Fmedia&parent=74323"}],"wp:term":[{"taxonomy":"category","embeddable":true,"href":"https:\/\/www.mojabochnia.pl\/index.php?rest_route=%2Fwp%2Fv2%2Fcategories&post=74323"},{"taxonomy":"post_tag","embeddable":true,"href":"https:\/\/www.mojabochnia.pl\/index.php?rest_route=%2Fwp%2Fv2%2Ftags&post=74323"}],"curies":[{"name":"wp","href":"https:\/\/api.w.org\/{rel}","templated":true}]}}