{"id":74309,"date":"2012-07-02T10:05:49","date_gmt":"2012-07-02T08:05:49","guid":{"rendered":"http:\/\/www.mojabochnia.pl\/?p=74309"},"modified":"2012-07-02T10:06:52","modified_gmt":"2012-07-02T08:06:52","slug":"nowy-wisnicz-wypadek-z-udzialem-motocyklisty","status":"publish","type":"post","link":"https:\/\/www.mojabochnia.pl\/?p=74309","title":{"rendered":"Nowy Wi\u015bnicz: wypadek z udzia\u0142em motocyklisty"},"content":{"rendered":"<p><em>Znaczna cz\u0119\u015b\u0107 interwencji zwi\u0105zana by\u0142a z osobami nietrze\u017awymi i zak\u0142\u00f3caj\u0105cymi porz\u0105dek. Szczeg\u00f3lnie w pi\u0105tkow\u0105 noc, gdzie m\u0142odzie\u017c \u015bwi\u0119towa\u0142a zako\u0144czenie roku szkolnego<\/em> &#8211; m\u00f3wi Leszek Machaj, oficer prasowy boche\u0144skiej policji. <\/p>\n<p>30 czerwca oko\u0142o godz. 11.30 kieruj\u0105cy samochodem Opel Astra, 25-letni mieszkaniec Starego Wi\u015bnicza w Rynku w Nowym Wi\u015bniczu skr\u0119caj\u0105c w lewo na parking nie ust\u0105pi\u0142 pierwsze\u0144stwa przejazdu kieruj\u0105cemu motocyklem marki Suzuki 25-letniemu mieszka\u0144cowi Bor\u00f3wnej. W efekcie zderzenia pojazd\u00f3w motocyklista dozna\u0142 z\u0142amania r\u0119ki.   <\/p>\n","protected":false},"excerpt":{"rendered":"<p>W miniony weekend tj. od 29 czerwca policjanci interweniowali w 140 przypadkach. Nie odnotowano zdarze\u0144 kryminalnych, zatrzymano 6 nietrze\u017awych kieruj\u0105cych pojazdami oraz odnotowano jeden wypadek drogowy. <\/p>\n","protected":false},"author":4,"featured_media":0,"comment_status":"open","ping_status":"closed","sticky":false,"template":"","format":"standard","meta":{"_acf_changed":false,"footnotes":""},"categories":[5,6251,6250],"tags":[17238,17715,17118,17155,17166,17150],"class_list":["post-74309","post","type-post","status-publish","format-standard","hentry","category-biezace-wydarzenia","category-polityka-i-wydarzenia","category-tematyka","tag-leszek-machaj","tag-motocykl","tag-wisnicz","tag-policja","tag-wakacje","tag-wypadek","main_tag-policja"],"acf":[],"yoast_head":"<!-- This site is optimized with the Yoast SEO plugin v26.9 - https:\/\/yoast.com\/product\/yoast-seo-wordpress\/ -->\n<title>Nowy Wi\u015bnicz: wypadek z udzia\u0142em motocyklisty - mojabochnia.pl - portal informacyjny<\/title>\n<meta name=\"robots\" content=\"index, follow, max-snippet:-1, max-image-preview:large, max-video-preview:-1\" \/>\n<link rel=\"canonical\" href=\"https:\/\/www.mojabochnia.pl\/?p=74309\" \/>\n<meta property=\"og:locale\" content=\"pl_PL\" \/>\n<meta property=\"og:type\" content=\"article\" \/>\n<meta property=\"og:title\" content=\"Nowy Wi\u015bnicz: wypadek z udzia\u0142em motocyklisty - mojabochnia.pl - portal informacyjny\" \/>\n<meta property=\"og:description\" content=\"W miniony weekend tj. od 29 czerwca policjanci interweniowali w 140 przypadkach. Nie odnotowano zdarze\u0144 kryminalnych, zatrzymano 6 nietrze\u017awych kieruj\u0105cych pojazdami oraz odnotowano jeden wypadek drogowy.\" \/>\n<meta property=\"og:url\" content=\"https:\/\/www.mojabochnia.pl\/?p=74309\" \/>\n<meta property=\"og:site_name\" content=\"mojabochnia.pl - portal informacyjny\" \/>\n<meta property=\"article:publisher\" content=\"https:\/\/www.facebook.com\/mojabochnia\" \/>\n<meta property=\"article:published_time\" content=\"2012-07-02T08:05:49+00:00\" \/>\n<meta property=\"article:modified_time\" content=\"2012-07-02T08:06:52+00:00\" \/>\n<meta name=\"author\" content=\"Pawe\u0142 Michalczyk\" \/>\n<meta name=\"twitter:card\" content=\"summary_large_image\" \/>\n<meta name=\"twitter:label1\" content=\"Written by\" \/>\n\t<meta name=\"twitter:data1\" content=\"Pawe\u0142 Michalczyk\" \/>\n<script type=\"application\/ld+json\" class=\"yoast-schema-graph\">{\"@context\":\"https:\/\/schema.org\",\"@graph\":[{\"@type\":\"Article\",\"@id\":\"https:\/\/www.mojabochnia.pl\/?p=74309#article\",\"isPartOf\":{\"@id\":\"https:\/\/www.mojabochnia.pl\/?p=74309\"},\"author\":{\"name\":\"Pawe\u0142 Michalczyk\",\"@id\":\"https:\/\/www.mojabochnia.pl\/#\/schema\/person\/ea042e4724a77627963f02166828ead4\"},\"headline\":\"Nowy Wi\u015bnicz: wypadek z udzia\u0142em motocyklisty\",\"datePublished\":\"2012-07-02T08:05:49+00:00\",\"dateModified\":\"2012-07-02T08:06:52+00:00\",\"mainEntityOfPage\":{\"@id\":\"https:\/\/www.mojabochnia.pl\/?p=74309\"},\"wordCount\":105,\"commentCount\":0,\"publisher\":{\"@id\":\"https:\/\/www.mojabochnia.pl\/#organization\"},\"keywords\":[\"leszek machaj\",\"motocykl\",\"Nowy Wi\u015bnicz\",\"policja\",\"wakacje\",\"wypadek\"],\"articleSection\":[\"2_ostatnie\",\"polityka i wydarzenia\",\"tematyka\"],\"inLanguage\":\"pl-PL\",\"potentialAction\":[{\"@type\":\"CommentAction\",\"name\":\"Comment\",\"target\":[\"https:\/\/www.mojabochnia.pl\/?p=74309#respond\"]}]},{\"@type\":\"WebPage\",\"@id\":\"https:\/\/www.mojabochnia.pl\/?p=74309\",\"url\":\"https:\/\/www.mojabochnia.pl\/?p=74309\",\"name\":\"Nowy Wi\u015bnicz: wypadek z udzia\u0142em motocyklisty - mojabochnia.pl - portal informacyjny\",\"isPartOf\":{\"@id\":\"https:\/\/www.mojabochnia.pl\/#website\"},\"datePublished\":\"2012-07-02T08:05:49+00:00\",\"dateModified\":\"2012-07-02T08:06:52+00:00\",\"breadcrumb\":{\"@id\":\"https:\/\/www.mojabochnia.pl\/?p=74309#breadcrumb\"},\"inLanguage\":\"pl-PL\",\"potentialAction\":[{\"@type\":\"ReadAction\",\"target\":[\"https:\/\/www.mojabochnia.pl\/?p=74309\"]}]},{\"@type\":\"BreadcrumbList\",\"@id\":\"https:\/\/www.mojabochnia.pl\/?p=74309#breadcrumb\",\"itemListElement\":[{\"@type\":\"ListItem\",\"position\":1,\"name\":\"Home\",\"item\":\"https:\/\/www.mojabochnia.pl\/\"},{\"@type\":\"ListItem\",\"position\":2,\"name\":\"Nowy Wi\u015bnicz: wypadek z udzia\u0142em motocyklisty\"}]},{\"@type\":\"WebSite\",\"@id\":\"https:\/\/www.mojabochnia.pl\/#website\",\"url\":\"https:\/\/www.mojabochnia.pl\/\",\"name\":\"mojabochnia.pl - portal informacyjny\",\"description\":\"mojaBochnia to portal informacyjny o Bochni. Codziennie o Bochni piszemy i pokazujemy najwa\u017cniejsze wydarzenia\",\"publisher\":{\"@id\":\"https:\/\/www.mojabochnia.pl\/#organization\"},\"potentialAction\":[{\"@type\":\"SearchAction\",\"target\":{\"@type\":\"EntryPoint\",\"urlTemplate\":\"https:\/\/www.mojabochnia.pl\/?s={search_term_string}\"},\"query-input\":{\"@type\":\"PropertyValueSpecification\",\"valueRequired\":true,\"valueName\":\"search_term_string\"}}],\"inLanguage\":\"pl-PL\"},{\"@type\":\"Organization\",\"@id\":\"https:\/\/www.mojabochnia.pl\/#organization\",\"name\":\"mojabochnia.pl - portal informacyjny\",\"url\":\"https:\/\/www.mojabochnia.pl\/\",\"logo\":{\"@type\":\"ImageObject\",\"inLanguage\":\"pl-PL\",\"@id\":\"https:\/\/www.mojabochnia.pl\/#\/schema\/logo\/image\/\",\"url\":\"https:\/\/www.mojabochnia.pl\/wp-content\/uploads\/2017\/08\/logo-mb-opt.png\",\"contentUrl\":\"https:\/\/www.mojabochnia.pl\/wp-content\/uploads\/2017\/08\/logo-mb-opt.png\",\"width\":250,\"height\":48,\"caption\":\"mojabochnia.pl - portal informacyjny\"},\"image\":{\"@id\":\"https:\/\/www.mojabochnia.pl\/#\/schema\/logo\/image\/\"},\"sameAs\":[\"https:\/\/www.facebook.com\/mojabochnia\"]},{\"@type\":\"Person\",\"@id\":\"https:\/\/www.mojabochnia.pl\/#\/schema\/person\/ea042e4724a77627963f02166828ead4\",\"name\":\"Pawe\u0142 Michalczyk\",\"url\":\"https:\/\/www.mojabochnia.pl\/?author=4\"}]}<\/script>\n<!-- \/ Yoast SEO plugin. -->","yoast_head_json":{"title":"Nowy Wi\u015bnicz: wypadek z udzia\u0142em motocyklisty - mojabochnia.pl - portal informacyjny","robots":{"index":"index","follow":"follow","max-snippet":"max-snippet:-1","max-image-preview":"max-image-preview:large","max-video-preview":"max-video-preview:-1"},"canonical":"https:\/\/www.mojabochnia.pl\/?p=74309","og_locale":"pl_PL","og_type":"article","og_title":"Nowy Wi\u015bnicz: wypadek z udzia\u0142em motocyklisty - mojabochnia.pl - portal informacyjny","og_description":"W miniony weekend tj. od 29 czerwca policjanci interweniowali w 140 przypadkach. Nie odnotowano zdarze\u0144 kryminalnych, zatrzymano 6 nietrze\u017awych kieruj\u0105cych pojazdami oraz odnotowano jeden wypadek drogowy.","og_url":"https:\/\/www.mojabochnia.pl\/?p=74309","og_site_name":"mojabochnia.pl - portal informacyjny","article_publisher":"https:\/\/www.facebook.com\/mojabochnia","article_published_time":"2012-07-02T08:05:49+00:00","article_modified_time":"2012-07-02T08:06:52+00:00","author":"Pawe\u0142 Michalczyk","twitter_card":"summary_large_image","twitter_misc":{"Written by":"Pawe\u0142 Michalczyk"},"schema":{"@context":"https:\/\/schema.org","@graph":[{"@type":"Article","@id":"https:\/\/www.mojabochnia.pl\/?p=74309#article","isPartOf":{"@id":"https:\/\/www.mojabochnia.pl\/?p=74309"},"author":{"name":"Pawe\u0142 Michalczyk","@id":"https:\/\/www.mojabochnia.pl\/#\/schema\/person\/ea042e4724a77627963f02166828ead4"},"headline":"Nowy Wi\u015bnicz: wypadek z udzia\u0142em motocyklisty","datePublished":"2012-07-02T08:05:49+00:00","dateModified":"2012-07-02T08:06:52+00:00","mainEntityOfPage":{"@id":"https:\/\/www.mojabochnia.pl\/?p=74309"},"wordCount":105,"commentCount":0,"publisher":{"@id":"https:\/\/www.mojabochnia.pl\/#organization"},"keywords":["leszek machaj","motocykl","Nowy Wi\u015bnicz","policja","wakacje","wypadek"],"articleSection":["2_ostatnie","polityka i wydarzenia","tematyka"],"inLanguage":"pl-PL","potentialAction":[{"@type":"CommentAction","name":"Comment","target":["https:\/\/www.mojabochnia.pl\/?p=74309#respond"]}]},{"@type":"WebPage","@id":"https:\/\/www.mojabochnia.pl\/?p=74309","url":"https:\/\/www.mojabochnia.pl\/?p=74309","name":"Nowy Wi\u015bnicz: wypadek z udzia\u0142em motocyklisty - mojabochnia.pl - portal informacyjny","isPartOf":{"@id":"https:\/\/www.mojabochnia.pl\/#website"},"datePublished":"2012-07-02T08:05:49+00:00","dateModified":"2012-07-02T08:06:52+00:00","breadcrumb":{"@id":"https:\/\/www.mojabochnia.pl\/?p=74309#breadcrumb"},"inLanguage":"pl-PL","potentialAction":[{"@type":"ReadAction","target":["https:\/\/www.mojabochnia.pl\/?p=74309"]}]},{"@type":"BreadcrumbList","@id":"https:\/\/www.mojabochnia.pl\/?p=74309#breadcrumb","itemListElement":[{"@type":"ListItem","position":1,"name":"Home","item":"https:\/\/www.mojabochnia.pl\/"},{"@type":"ListItem","position":2,"name":"Nowy Wi\u015bnicz: wypadek z udzia\u0142em motocyklisty"}]},{"@type":"WebSite","@id":"https:\/\/www.mojabochnia.pl\/#website","url":"https:\/\/www.mojabochnia.pl\/","name":"mojabochnia.pl - portal informacyjny","description":"mojaBochnia to portal informacyjny o Bochni. Codziennie o Bochni piszemy i pokazujemy najwa\u017cniejsze wydarzenia","publisher":{"@id":"https:\/\/www.mojabochnia.pl\/#organization"},"potentialAction":[{"@type":"SearchAction","target":{"@type":"EntryPoint","urlTemplate":"https:\/\/www.mojabochnia.pl\/?s={search_term_string}"},"query-input":{"@type":"PropertyValueSpecification","valueRequired":true,"valueName":"search_term_string"}}],"inLanguage":"pl-PL"},{"@type":"Organization","@id":"https:\/\/www.mojabochnia.pl\/#organization","name":"mojabochnia.pl - portal informacyjny","url":"https:\/\/www.mojabochnia.pl\/","logo":{"@type":"ImageObject","inLanguage":"pl-PL","@id":"https:\/\/www.mojabochnia.pl\/#\/schema\/logo\/image\/","url":"https:\/\/www.mojabochnia.pl\/wp-content\/uploads\/2017\/08\/logo-mb-opt.png","contentUrl":"https:\/\/www.mojabochnia.pl\/wp-content\/uploads\/2017\/08\/logo-mb-opt.png","width":250,"height":48,"caption":"mojabochnia.pl - portal informacyjny"},"image":{"@id":"https:\/\/www.mojabochnia.pl\/#\/schema\/logo\/image\/"},"sameAs":["https:\/\/www.facebook.com\/mojabochnia"]},{"@type":"Person","@id":"https:\/\/www.mojabochnia.pl\/#\/schema\/person\/ea042e4724a77627963f02166828ead4","name":"Pawe\u0142 Michalczyk","url":"https:\/\/www.mojabochnia.pl\/?author=4"}]}},"_links":{"self":[{"href":"https:\/\/www.mojabochnia.pl\/index.php?rest_route=\/wp\/v2\/posts\/74309","targetHints":{"allow":["GET"]}}],"collection":[{"href":"https:\/\/www.mojabochnia.pl\/index.php?rest_route=\/wp\/v2\/posts"}],"about":[{"href":"https:\/\/www.mojabochnia.pl\/index.php?rest_route=\/wp\/v2\/types\/post"}],"author":[{"embeddable":true,"href":"https:\/\/www.mojabochnia.pl\/index.php?rest_route=\/wp\/v2\/users\/4"}],"replies":[{"embeddable":true,"href":"https:\/\/www.mojabochnia.pl\/index.php?rest_route=%2Fwp%2Fv2%2Fcomments&post=74309"}],"version-history":[{"count":4,"href":"https:\/\/www.mojabochnia.pl\/index.php?rest_route=\/wp\/v2\/posts\/74309\/revisions"}],"predecessor-version":[{"id":74314,"href":"https:\/\/www.mojabochnia.pl\/index.php?rest_route=\/wp\/v2\/posts\/74309\/revisions\/74314"}],"wp:attachment":[{"href":"https:\/\/www.mojabochnia.pl\/index.php?rest_route=%2Fwp%2Fv2%2Fmedia&parent=74309"}],"wp:term":[{"taxonomy":"category","embeddable":true,"href":"https:\/\/www.mojabochnia.pl\/index.php?rest_route=%2Fwp%2Fv2%2Fcategories&post=74309"},{"taxonomy":"post_tag","embeddable":true,"href":"https:\/\/www.mojabochnia.pl\/index.php?rest_route=%2Fwp%2Fv2%2Ftags&post=74309"}],"curies":[{"name":"wp","href":"https:\/\/api.w.org\/{rel}","templated":true}]}}