{"id":74197,"date":"2012-06-29T14:31:05","date_gmt":"2012-06-29T12:31:05","guid":{"rendered":"http:\/\/www.mojabochnia.pl\/?p=74197"},"modified":"2012-06-29T14:31:05","modified_gmt":"2012-06-29T12:31:05","slug":"biblioteka-zaprasza-w-czasie-wakacji","status":"publish","type":"post","link":"https:\/\/www.mojabochnia.pl\/?p=74197","title":{"rendered":"Biblioteka zaprasza w czasie wakacji"},"content":{"rendered":"<p><em>Uczniom szk\u00f3\u0142 podstawowych i gimnazj\u00f3w polecam sztandarowe pozycje klasyki m\u0142odzie\u017cowej, bestsellery gatunku fantasy oraz liczne nowo\u015bci wydawnicze. Zach\u0119camy rodzic\u00f3w dzieci do lat 3 do korzystania z bogatego i starannie dobranego zbioru kartonowych bezpiecznych ksi\u0105\u017ceczek dla najm\u0142odszych. A wszystkich rodzic\u00f3w do si\u0119gni\u0119cia po ksi\u0105\u017cki zawieraj\u0105ce teksty biblioterapeutyczne, kt\u00f3re pomagaj\u0105 przezwyci\u0119\u017ca\u0107 dzieci\u0119ce l\u0119ki<\/em> \u2013 m\u00f3wi Miros\u0142awa \u015awi\u0119tek-Tylipska kieruj\u0105ca Oddzia\u0142em dla Dzieci i M\u0142odzie\u017cy. <\/p>\n<p>Ponadto Biblioteka proponuje cykl spotka\u0144 pod has\u0142em \u201eKolorowo i bajkowo czyli Biblioteka sfer\u0105 dobrej zabawy\u201d. Na ich program sk\u0142adaj\u0105 si\u0119 zaj\u0119cia literackie, plastyczne, gry, konkursy i zabawy a r\u00f3\u017cnorodno\u015b\u0107 oferty umo\u017cliwi wszystkim dobr\u0105 zabaw\u0119 i rozw\u00f3j r\u00f3\u017cnorakich talent\u00f3w. <\/p>\n<p>W okresie wakacji Biblioteka zaprasza r\u00f3wnie\u017c do wzi\u0119cia udzia\u0142u w powiatowym wakacyjnym konkursie \u201eZwierz\u0119ta naszych bajek\u201d \u2013 regulamin konkursu na plakatach.<\/p>\n<p><strong>Szczeg\u00f3\u0142owy program:<\/strong><\/p>\n<p><strong>Oddzia\u0142 dla Dzieci i M\u0142odzie\u017cy<\/strong><br \/>\n ul. Mickiewicza 5, tel. 14 614 52 23, e-mail: dzieci@biblioteka-bochnia.pl<\/p>\n<p>Lipiec &#8211; sierpie\u0144: w ka\u017cd\u0105 \u015brod\u0119 w godz. 10.00 \u2013 11.00:  \u201eKolorowo i bajkowo czyli Biblioteka sfer\u0105 dobrej zabawy\u201d zaj\u0119cia literacko \u2013 plastyczne dla dzieci zorganizowanych grup z MDK w Bochni<br \/>\nDzia\u0142 Zbior\u00f3w Audiowizualnych<\/p>\n<p>ul. Mickiewicza 5, tel. 14 614 52 25, e-mail: audio@biblioteka-bochnia.pl<br \/>\n\u201eK\u0105cik bajkoczytacza\u201d \u2013 wsp\u00f3lne s\u0142uchanie bajek w godzinach pracy Dzia\u0142u,<br \/>\n\u201eAudiobooki na wakacje \u2013 czyli ksi\u0105\u017cki, kt\u00f3re mo\u017cna s\u0142ucha\u0107 zawsze i wsz\u0119dzie\u201d \u2013 promowanie ksi\u0105\u017cek audio.<\/p>\n<p><strong>Filia Nr 1 <\/strong><br \/>\nul. Wojska Polskiego 1, tel. 14 611 28 24, e-mail: filia1@biblioteka-bochnia.pl<\/p>\n<p>5, 12,19 i 26 lipca 2012 r. godz. 16.00 \u2013 18.00 Czwartkowe popo\u0142udnia w Bibliotece \u2013 gry planszowe, zgaduj \u2013 zgadula, uk\u0142adanie puzzli, zabawy plastyczne ; \u201eZnam swoje miasto \u201e  konkurs wiedzy o Bochni \u2013 krzy\u017c\u00f3wka ; \u201eUcieczka z domu duch\u00f3w\u201d pom\u00f3\u017c dziewczynce wydosta\u0107 si\u0119 z domu w kt\u00f3rym straszy \u2013 diagram,  \u201eKurczak szuka mamy\u201d pom\u00f3\u017c kurczakowi znale\u017a\u0107 drog\u0119 do domu \u2013 diagram<\/p>\n<p>2,9,16,23 i 30 sierpnia 2012 r. godz.  16.00 \u2013 18.00 Czwartkowe popo\u0142udnia w Bibliotece \u2013 gry planszowe, zgaduj \u2013 zgadula, uk\u0142adanie puzzli, zabawy plastyczne ; \u201eJaki to zaw\u00f3d\u201d i \u201eG\u0142\u00f3wka pracuje\u201d &#8211; krzy\u017c\u00f3wki<br \/>\nZorganizowane zaj\u0119cia dla dzieci z Obozu Dochodzeniowego z Krytej P\u0142ywalni w Bochni &#8211; gry zabawy, konkursy. <\/p>\n<p><strong>Filia  Nr 2<\/strong><br \/>\nul. Chodenicka 57,e-mail: filia2@biblioteka-bochnia.pl<\/p>\n<p>3 lipca 2012 r. godz. 10.00-10.40 \u2013 Zaj\u0119cia edukacyjne dla m\u0142odszych dzieci,<\/p>\n<p>10 lipca 2012 r. godz. 10.00-12.00 \u2013 Zabawy na poranne godziny \u2013 krzy\u017c\u00f3wki, szarady, rebusy, \u0142amig\u0142\u00f3wki cz.1, <\/p>\n<p>17 lipca 2012 r. godz. 10.00-12.00 \u2013 Zabawy na poranne godziny \u2013 krzy\u017c\u00f3wki, szarady, rebusy, \u0142amig\u0142\u00f3wki cz.2, <\/p>\n<p>24 lipca 2012 r. godz. 10.00 \u2013 12.00 R\u00f3\u017cnymi technikami plastycznymi tworzymy swojego ulubionego bohatera literackiego.<\/p>\n<p><strong>Filia Nr 3<\/strong><br \/>\nul. Rydla 8, tel. 14 611 66 22, e-mail: filia3@biblioteka-bochnia.pl<\/p>\n<p>3, 10, 17 i 31 lipca oraz 07 i 14 sierpnia 2012 godz. 10.00 \u2013 12.00 \u2013\u201eMa\u0142y artysta\u201d \u2013 zaj\u0119cia plastyczne dla dzieci z wykorzystaniem r\u00f3\u017cnych technik ;  \u201eKsi\u0105\u017cki pe\u0142ne sn\u00f3w\u201d \u2013 czytanie wybranych utwor\u00f3w ; \u201eRusz g\u0142ow\u0105\u201d \u2013 zagadki, rebusy, kolorowanki, gry, puzzle <\/p>\n<p><strong>Filia Nr 4<\/strong><br \/>\nul. Brze\u017anicka 19  , tel. 14 612 45 34, e-mail: filia4@biblioteka-bochnia.pl<\/p>\n<p>5 i 12 lipca 2012 r. godz. 13.00 \u2013 15.00 \u2013 \u201eOd Kopciuszka do Liliifi, czyli parada ba\u015bniowych ksi\u0119\u017cniczek\u201d, zaj\u0119cia literacko \u2013 plastyczne<\/p>\n<p>19 i 26 lipca 2012 r. godz. 13.00 \u2013 15.00 \u2013 \u201eOd Gargamela do Gandalfa, czyli festiwal czarodziej\u00f3w\u201d, zaj\u0119cia literacko \u2013 plastyczne,<\/p>\n<p>2 i 9 sierpnia 2012 r.  godz. 13.00 \u2013 15.00 \u2013 Mi\u0119dzy nami smokami, czyli poznajemy obyczaje smok\u00f3w\u201d, zaj\u0119cia literacko \u2013 plastyczne,<\/p>\n<p>16, 23 i 30 sierpnia 2012 r. godz. 13.00 \u2013 15.00 \u2013 Papierowy zawr\u00f3t g\u0142owy, zaj\u0119cia plastyczne <\/p>\n<p><strong>Filia Nr 6<\/strong><br \/>\nul. Legion\u00f3w Polskich 20, tel. 14 612 67 52 , e-mail: filia6@biblioteka-bochnia.pl<\/p>\n<p>3, 10, 17, 24 i 31 lipca oraz 7, 14, 21 i 28 sierpnia 2012 r. godz. 12.00 \u2013 13.00  \u2013 Filmowe orgiami czyli orgiami p\u0142askie <\/p>\n<p>5, 12, 19 i 26 lipca oraz 02, 09, 16, 23 i 30 sierpnia 2012 r. godz. 12.00 \u2013 13.00 \u2013 \u201eRady nie od porady, czyli wierszyki z mora\u0142em\u201d \u2013 zaj\u0119cia literacko \u2013 plastyczne z wykorzystaniem ksi\u0105\u017cki Ma\u0142gorzaty Strza\u0142kowskiej, <\/p>\n<p>\u201eSpos\u00f3b na nud\u0119\u201d \u2013 gry i zabawy &#8211; szachy, warcaby, gry planszowe domino, bierki, puzzle &#8211; codziennie w godzinach pracy biblioteki<\/p>\n<p>W pozosta\u0142e dni mo\u017cna korzysta\u0107 w filiach bibliotecznych z gier planszowych, puzzli i komputer\u00f3w z bezp\u0142atnym dost\u0119pem do internetu.<\/p>\n","protected":false},"excerpt":{"rendered":"<p>W okresie wakacji Powiatowa i Miejska Biblioteka Publiczna w Bochni zaprasza najm\u0142odszych czytelnik\u00f3w, odpoczywaj\u0105cych od obowi\u0105zk\u00f3w szkolnych, do korzystania z bogatego i interesuj\u0105cego ksi\u0119gozbioru, czasopism i audiobook\u00f3w. <\/p>\n","protected":false},"author":8,"featured_media":0,"comment_status":"open","ping_status":"closed","sticky":false,"template":"","format":"standard","meta":{"_acf_changed":false,"footnotes":""},"categories":[5,92,6250],"tags":[17162,17326,17391,17166],"class_list":["post-74197","post","type-post","status-publish","format-standard","hentry","category-biezace-wydarzenia","category-kultura","category-tematyka","tag-biblioteka","tag-dzieci","tag-mlodziez","tag-wakacje","main_tag-wakacje"],"acf":[],"yoast_head":"<!-- This site is optimized with the Yoast SEO plugin v26.9 - https:\/\/yoast.com\/product\/yoast-seo-wordpress\/ -->\n<title>Biblioteka zaprasza w czasie wakacji - mojabochnia.pl - portal informacyjny<\/title>\n<meta name=\"robots\" content=\"index, follow, max-snippet:-1, max-image-preview:large, max-video-preview:-1\" \/>\n<link rel=\"canonical\" href=\"https:\/\/www.mojabochnia.pl\/?p=74197\" \/>\n<meta property=\"og:locale\" content=\"pl_PL\" \/>\n<meta property=\"og:type\" content=\"article\" \/>\n<meta property=\"og:title\" content=\"Biblioteka zaprasza w czasie wakacji - mojabochnia.pl - portal informacyjny\" \/>\n<meta property=\"og:description\" content=\"W okresie wakacji Powiatowa i Miejska Biblioteka Publiczna w Bochni zaprasza najm\u0142odszych czytelnik\u00f3w, odpoczywaj\u0105cych od obowi\u0105zk\u00f3w szkolnych, do korzystania z bogatego i interesuj\u0105cego ksi\u0119gozbioru, czasopism i audiobook\u00f3w.\" \/>\n<meta property=\"og:url\" content=\"https:\/\/www.mojabochnia.pl\/?p=74197\" \/>\n<meta property=\"og:site_name\" content=\"mojabochnia.pl - portal informacyjny\" \/>\n<meta property=\"article:publisher\" content=\"https:\/\/www.facebook.com\/mojabochnia\" \/>\n<meta property=\"article:published_time\" content=\"2012-06-29T12:31:05+00:00\" \/>\n<meta name=\"author\" content=\"informacja prasowa\" \/>\n<meta name=\"twitter:card\" content=\"summary_large_image\" \/>\n<meta name=\"twitter:label1\" content=\"Written by\" \/>\n\t<meta name=\"twitter:data1\" content=\"informacja prasowa\" \/>\n\t<meta name=\"twitter:label2\" content=\"Est. reading time\" \/>\n\t<meta name=\"twitter:data2\" content=\"3 minuty\" \/>\n<script type=\"application\/ld+json\" class=\"yoast-schema-graph\">{\"@context\":\"https:\/\/schema.org\",\"@graph\":[{\"@type\":\"Article\",\"@id\":\"https:\/\/www.mojabochnia.pl\/?p=74197#article\",\"isPartOf\":{\"@id\":\"https:\/\/www.mojabochnia.pl\/?p=74197\"},\"author\":{\"name\":\"informacja prasowa\",\"@id\":\"https:\/\/www.mojabochnia.pl\/#\/schema\/person\/9e15cf1bcb74043790f124a3130fe41e\"},\"headline\":\"Biblioteka zaprasza w czasie wakacji\",\"datePublished\":\"2012-06-29T12:31:05+00:00\",\"mainEntityOfPage\":{\"@id\":\"https:\/\/www.mojabochnia.pl\/?p=74197\"},\"wordCount\":635,\"commentCount\":0,\"publisher\":{\"@id\":\"https:\/\/www.mojabochnia.pl\/#organization\"},\"keywords\":[\"biblioteka\",\"dzieci\",\"m\u0142odzie\u017c\",\"wakacje\"],\"articleSection\":[\"2_ostatnie\",\"kultura\",\"tematyka\"],\"inLanguage\":\"pl-PL\",\"potentialAction\":[{\"@type\":\"CommentAction\",\"name\":\"Comment\",\"target\":[\"https:\/\/www.mojabochnia.pl\/?p=74197#respond\"]}]},{\"@type\":\"WebPage\",\"@id\":\"https:\/\/www.mojabochnia.pl\/?p=74197\",\"url\":\"https:\/\/www.mojabochnia.pl\/?p=74197\",\"name\":\"Biblioteka zaprasza w czasie wakacji - mojabochnia.pl - portal informacyjny\",\"isPartOf\":{\"@id\":\"https:\/\/www.mojabochnia.pl\/#website\"},\"datePublished\":\"2012-06-29T12:31:05+00:00\",\"breadcrumb\":{\"@id\":\"https:\/\/www.mojabochnia.pl\/?p=74197#breadcrumb\"},\"inLanguage\":\"pl-PL\",\"potentialAction\":[{\"@type\":\"ReadAction\",\"target\":[\"https:\/\/www.mojabochnia.pl\/?p=74197\"]}]},{\"@type\":\"BreadcrumbList\",\"@id\":\"https:\/\/www.mojabochnia.pl\/?p=74197#breadcrumb\",\"itemListElement\":[{\"@type\":\"ListItem\",\"position\":1,\"name\":\"Home\",\"item\":\"https:\/\/www.mojabochnia.pl\/\"},{\"@type\":\"ListItem\",\"position\":2,\"name\":\"Biblioteka zaprasza w czasie wakacji\"}]},{\"@type\":\"WebSite\",\"@id\":\"https:\/\/www.mojabochnia.pl\/#website\",\"url\":\"https:\/\/www.mojabochnia.pl\/\",\"name\":\"mojabochnia.pl - portal informacyjny\",\"description\":\"mojaBochnia to portal informacyjny o Bochni. Codziennie o Bochni piszemy i pokazujemy najwa\u017cniejsze wydarzenia\",\"publisher\":{\"@id\":\"https:\/\/www.mojabochnia.pl\/#organization\"},\"potentialAction\":[{\"@type\":\"SearchAction\",\"target\":{\"@type\":\"EntryPoint\",\"urlTemplate\":\"https:\/\/www.mojabochnia.pl\/?s={search_term_string}\"},\"query-input\":{\"@type\":\"PropertyValueSpecification\",\"valueRequired\":true,\"valueName\":\"search_term_string\"}}],\"inLanguage\":\"pl-PL\"},{\"@type\":\"Organization\",\"@id\":\"https:\/\/www.mojabochnia.pl\/#organization\",\"name\":\"mojabochnia.pl - portal informacyjny\",\"url\":\"https:\/\/www.mojabochnia.pl\/\",\"logo\":{\"@type\":\"ImageObject\",\"inLanguage\":\"pl-PL\",\"@id\":\"https:\/\/www.mojabochnia.pl\/#\/schema\/logo\/image\/\",\"url\":\"https:\/\/www.mojabochnia.pl\/wp-content\/uploads\/2017\/08\/logo-mb-opt.png\",\"contentUrl\":\"https:\/\/www.mojabochnia.pl\/wp-content\/uploads\/2017\/08\/logo-mb-opt.png\",\"width\":250,\"height\":48,\"caption\":\"mojabochnia.pl - portal informacyjny\"},\"image\":{\"@id\":\"https:\/\/www.mojabochnia.pl\/#\/schema\/logo\/image\/\"},\"sameAs\":[\"https:\/\/www.facebook.com\/mojabochnia\"]},{\"@type\":\"Person\",\"@id\":\"https:\/\/www.mojabochnia.pl\/#\/schema\/person\/9e15cf1bcb74043790f124a3130fe41e\",\"name\":\"informacja prasowa\",\"sameAs\":[\"http:\/\/\"],\"url\":\"https:\/\/www.mojabochnia.pl\/?author=8\"}]}<\/script>\n<!-- \/ Yoast SEO plugin. -->","yoast_head_json":{"title":"Biblioteka zaprasza w czasie wakacji - mojabochnia.pl - portal informacyjny","robots":{"index":"index","follow":"follow","max-snippet":"max-snippet:-1","max-image-preview":"max-image-preview:large","max-video-preview":"max-video-preview:-1"},"canonical":"https:\/\/www.mojabochnia.pl\/?p=74197","og_locale":"pl_PL","og_type":"article","og_title":"Biblioteka zaprasza w czasie wakacji - mojabochnia.pl - portal informacyjny","og_description":"W okresie wakacji Powiatowa i Miejska Biblioteka Publiczna w Bochni zaprasza najm\u0142odszych czytelnik\u00f3w, odpoczywaj\u0105cych od obowi\u0105zk\u00f3w szkolnych, do korzystania z bogatego i interesuj\u0105cego ksi\u0119gozbioru, czasopism i audiobook\u00f3w.","og_url":"https:\/\/www.mojabochnia.pl\/?p=74197","og_site_name":"mojabochnia.pl - portal informacyjny","article_publisher":"https:\/\/www.facebook.com\/mojabochnia","article_published_time":"2012-06-29T12:31:05+00:00","author":"informacja prasowa","twitter_card":"summary_large_image","twitter_misc":{"Written by":"informacja prasowa","Est. reading time":"3 minuty"},"schema":{"@context":"https:\/\/schema.org","@graph":[{"@type":"Article","@id":"https:\/\/www.mojabochnia.pl\/?p=74197#article","isPartOf":{"@id":"https:\/\/www.mojabochnia.pl\/?p=74197"},"author":{"name":"informacja prasowa","@id":"https:\/\/www.mojabochnia.pl\/#\/schema\/person\/9e15cf1bcb74043790f124a3130fe41e"},"headline":"Biblioteka zaprasza w czasie wakacji","datePublished":"2012-06-29T12:31:05+00:00","mainEntityOfPage":{"@id":"https:\/\/www.mojabochnia.pl\/?p=74197"},"wordCount":635,"commentCount":0,"publisher":{"@id":"https:\/\/www.mojabochnia.pl\/#organization"},"keywords":["biblioteka","dzieci","m\u0142odzie\u017c","wakacje"],"articleSection":["2_ostatnie","kultura","tematyka"],"inLanguage":"pl-PL","potentialAction":[{"@type":"CommentAction","name":"Comment","target":["https:\/\/www.mojabochnia.pl\/?p=74197#respond"]}]},{"@type":"WebPage","@id":"https:\/\/www.mojabochnia.pl\/?p=74197","url":"https:\/\/www.mojabochnia.pl\/?p=74197","name":"Biblioteka zaprasza w czasie wakacji - mojabochnia.pl - portal informacyjny","isPartOf":{"@id":"https:\/\/www.mojabochnia.pl\/#website"},"datePublished":"2012-06-29T12:31:05+00:00","breadcrumb":{"@id":"https:\/\/www.mojabochnia.pl\/?p=74197#breadcrumb"},"inLanguage":"pl-PL","potentialAction":[{"@type":"ReadAction","target":["https:\/\/www.mojabochnia.pl\/?p=74197"]}]},{"@type":"BreadcrumbList","@id":"https:\/\/www.mojabochnia.pl\/?p=74197#breadcrumb","itemListElement":[{"@type":"ListItem","position":1,"name":"Home","item":"https:\/\/www.mojabochnia.pl\/"},{"@type":"ListItem","position":2,"name":"Biblioteka zaprasza w czasie wakacji"}]},{"@type":"WebSite","@id":"https:\/\/www.mojabochnia.pl\/#website","url":"https:\/\/www.mojabochnia.pl\/","name":"mojabochnia.pl - portal informacyjny","description":"mojaBochnia to portal informacyjny o Bochni. Codziennie o Bochni piszemy i pokazujemy najwa\u017cniejsze wydarzenia","publisher":{"@id":"https:\/\/www.mojabochnia.pl\/#organization"},"potentialAction":[{"@type":"SearchAction","target":{"@type":"EntryPoint","urlTemplate":"https:\/\/www.mojabochnia.pl\/?s={search_term_string}"},"query-input":{"@type":"PropertyValueSpecification","valueRequired":true,"valueName":"search_term_string"}}],"inLanguage":"pl-PL"},{"@type":"Organization","@id":"https:\/\/www.mojabochnia.pl\/#organization","name":"mojabochnia.pl - portal informacyjny","url":"https:\/\/www.mojabochnia.pl\/","logo":{"@type":"ImageObject","inLanguage":"pl-PL","@id":"https:\/\/www.mojabochnia.pl\/#\/schema\/logo\/image\/","url":"https:\/\/www.mojabochnia.pl\/wp-content\/uploads\/2017\/08\/logo-mb-opt.png","contentUrl":"https:\/\/www.mojabochnia.pl\/wp-content\/uploads\/2017\/08\/logo-mb-opt.png","width":250,"height":48,"caption":"mojabochnia.pl - portal informacyjny"},"image":{"@id":"https:\/\/www.mojabochnia.pl\/#\/schema\/logo\/image\/"},"sameAs":["https:\/\/www.facebook.com\/mojabochnia"]},{"@type":"Person","@id":"https:\/\/www.mojabochnia.pl\/#\/schema\/person\/9e15cf1bcb74043790f124a3130fe41e","name":"informacja prasowa","sameAs":["http:\/\/"],"url":"https:\/\/www.mojabochnia.pl\/?author=8"}]}},"_links":{"self":[{"href":"https:\/\/www.mojabochnia.pl\/index.php?rest_route=\/wp\/v2\/posts\/74197","targetHints":{"allow":["GET"]}}],"collection":[{"href":"https:\/\/www.mojabochnia.pl\/index.php?rest_route=\/wp\/v2\/posts"}],"about":[{"href":"https:\/\/www.mojabochnia.pl\/index.php?rest_route=\/wp\/v2\/types\/post"}],"author":[{"embeddable":true,"href":"https:\/\/www.mojabochnia.pl\/index.php?rest_route=\/wp\/v2\/users\/8"}],"replies":[{"embeddable":true,"href":"https:\/\/www.mojabochnia.pl\/index.php?rest_route=%2Fwp%2Fv2%2Fcomments&post=74197"}],"version-history":[{"count":3,"href":"https:\/\/www.mojabochnia.pl\/index.php?rest_route=\/wp\/v2\/posts\/74197\/revisions"}],"predecessor-version":[{"id":74200,"href":"https:\/\/www.mojabochnia.pl\/index.php?rest_route=\/wp\/v2\/posts\/74197\/revisions\/74200"}],"wp:attachment":[{"href":"https:\/\/www.mojabochnia.pl\/index.php?rest_route=%2Fwp%2Fv2%2Fmedia&parent=74197"}],"wp:term":[{"taxonomy":"category","embeddable":true,"href":"https:\/\/www.mojabochnia.pl\/index.php?rest_route=%2Fwp%2Fv2%2Fcategories&post=74197"},{"taxonomy":"post_tag","embeddable":true,"href":"https:\/\/www.mojabochnia.pl\/index.php?rest_route=%2Fwp%2Fv2%2Ftags&post=74197"}],"curies":[{"name":"wp","href":"https:\/\/api.w.org\/{rel}","templated":true}]}}