{"id":74182,"date":"2012-06-29T13:06:56","date_gmt":"2012-06-29T11:06:56","guid":{"rendered":"http:\/\/www.mojabochnia.pl\/?p=74182"},"modified":"2012-06-29T13:10:57","modified_gmt":"2012-06-29T11:10:57","slug":"absolutorium-dla-burmistrza-bochni-niejednoglosnie","status":"publish","type":"post","link":"https:\/\/www.mojabochnia.pl\/?p=74182","title":{"rendered":"Absolutorium dla burmistrza Bochni &#8211; niejednog\u0142o\u015bnie"},"content":{"rendered":"<p>Klub Prawa i Sprawiedliwo\u015bci wstrzyma\u0142 si\u0119 od g\u0142osu. Radny Bogdan Kosturkiewicz zwraca uwag\u0119 na dochody, kt\u00f3re \u2013 jego zdaniem \u2013 mo\u017cna by\u0142o zrealizowa\u0107 w wi\u0119kszym zakresie. Zwraca te\u017c uwag\u0119 na inne sprawy. <\/p>\n<p><em>By\u0142y wykonywane inwestycje bez przetargu, kwota 3,5 mln z\u0142 to nie jest kwota niewielka. Mo\u017cna by\u0142o bardziej gospodarnie wydawa\u0107 \u015brodki finansowe. Zaniedbano te\u017c pewne dzia\u0142ania, o kt\u00f3rych by\u0142a mowa w kampanii wyborczej. M\u00f3wimy o drugim etapie trasy p\u00f3\u0142nocno-zachodniej, o braku post\u0119pu w zakresie budowy \u0142\u0105cznika, m\u00f3wimy te\u017c o niezrealizowaniu pewnych dzia\u0142a\u0144, na kt\u00f3re mieli\u015bmy \u015brodki z programu Innowacyjna Gospodarka dotycz\u0105ce Strefy Aktywno\u015bci Gospodarczej na wykonanie kosztorys\u00f3w, by\u0142o to ponad 1 mln z\u0142. Kolejna rzecz: Rynek, r\u00f3wnie\u017c nie zosta\u0142y wykorzystane prawie 2 mln z\u0142 z MRPO na renowacj\u0119 Rynku boche\u0144skiego. Je\u015bli kto\u015b nie chcia\u0142 wykona\u0107 ca\u0142o\u015bci tego projektu, bo ma inn\u0105 wizj\u0119, mo\u017cna to by\u0142o zrobi\u0107 w cz\u0119\u015bci, tzn. pierzej\u0119 wschodni\u0105 i p\u00f3\u0142nocn\u0105. Je\u017celi chodzi o spraw\u0119 przep\u0142yw\u00f3w dochod\u00f3w, r\u00f3wnie\u017c nie by\u0142o to realizowane, jak nale\u017cy. Przez to po stronie dochod\u00f3w by\u0142o znacznie mniej \u015brodk\u00f3w, wydano tylko 9 mln z\u0142 na wydatki maj\u0105tkowe<\/em> &#8211; m\u00f3wi radny opozycji. <\/p>\n<p>W trakcie swojego przem\u00f3wienia Bogdan Kosturkiewicz zwr\u00f3ci\u0142 uwag\u0119 na to, \u017ce jego klub nie jest zwolennikiem ewentualnego referendum w sprawie odwo\u0142ania burmistrza. Na pytanie, co mia\u0142 na my\u015bli m\u00f3wi\u0105c te s\u0142owa, by\u0142y burmistrz odpowiedzia\u0142: <em>Wiadomo, \u017ce s\u0105 pewne \u015brodowiska, kt\u00f3re chcia\u0142yby referendum. Uwa\u017cam, \u017ce skoro mieszka\u0144cy wybrali burmistrza na 4 lata, to przez 4 lata powinien by\u0107 on burmistrzem<\/em>. <\/p>\n<p>Z kolei radny Adam Korta (PO) zwr\u00f3ci\u0142 uwag\u0119, \u017ce w 2011 r. miasto wykaza\u0142o si\u0119 s\u0142ab\u0105 zdolno\u015bci\u0105 w zakresie wydawania pieni\u0119dzy. Cz\u0119\u015b\u0107 inwestycji przeniesiono na rok obecny. Lider klubu radnych Platformy Obywatelskiej wystawi\u0142 burmistrzowi ocen\u0119 dobr\u0105 \u201ez do\u015b\u0107 du\u017cym minusem\u201d. <\/p>\n<p><em>Te\u017c mamy niedosyt <\/em>\u2013 m\u00f3wi\u0142 radny Kazimierz \u015acis\u0142o z klubu Bochniacy Dla Bochni, z kt\u00f3rego wywodzi si\u0119 burmistrz Stefan Kolawi\u0144ski. <em>Mo\u017cna by\u0142oby wi\u0119cej zrobi\u0107, tylko trzeba by mie\u0107 na to pieni\u0105dze. By\u0142y r\u00f3\u017cne uwarunkowania odno\u015bnie przetarg\u00f3w, firmy chcia\u0142y bardzo du\u017ce kwoty, burmistrz prze\u0142o\u017cy\u0142 cz\u0119\u015b\u0107 tych rob\u00f3t na ten rok i uratowa\u0142 spore pieni\u0105dze. Przyk\u0142adem jest ul. Trudna: by\u0142 przetarg za bodaj 680 tys. z\u0142, a w tym roku firma wzi\u0119\u0142a to za 400 tys. z\u0142. Wi\u0119c chyba warto by\u0142o poczeka\u0107 i si\u0119 pom\u0119czy\u0107<\/em> \u2013 m\u00f3wi przewodnicz\u0105cy rady miejskiej. <\/p>\n<p><em>Mo\u017cna si\u0119 cieszy\u0107 z osi\u0105gni\u0119tego wyniku. Zastrze\u017cenia (bez wzgl\u0119du na to, \u017ce zosta\u0142y wyg\u0142oszone przez pana Kosturkiewicza, cho\u0107 do znacznej cz\u0119\u015bci odnosz\u0119 si\u0119 krytycznie) zostan\u0105 na pewno przemy\u015blane. Tak samo wyst\u0105pienie pana radnego Korty zostanie przemy\u015blane, \u017ceby poprawi\u0107 pewne rzeczy, je\u017celi s\u0105 do poprawy. Absolutorium w pewien spos\u00f3b daje umocowanie do dalszego dzia\u0142ania<\/em> \u2013 m\u00f3wi burmistrz i dodaje, \u017ce liczy na dobr\u0105 wsp\u00f3\u0142prac\u0119 ze strony wszystkich radnych.<\/p>\n<p>Stefan Kolawi\u0144ski &#8211; zapytany o spraw\u0119 wspomnianego przez radnego opozycji referendum &#8211; m\u00f3wi: <em>Trudno si\u0119 odnosi\u0107 do czego\u015b, czego nie ma. Pan Kosturkiewicz najpierw m\u00f3wi\u0142, \u017ce daje mi sto dni, \u017ce nie b\u0119dzie mnie krytykowa\u0142, z r\u00f3\u017cnym skutkiem to si\u0119 odbywa\u0142o. Teraz tak prawd\u0119 m\u00f3wi\u0105c nie wiem, o czym m\u00f3wi, wi\u0119c trudno mi odnosi\u0107 si\u0119 do tego<\/em> &#8211; m\u00f3wi burmistrz.<\/p>\n<p>Za udzieleniem absolutorium burmistrzowi Bochni g\u0142osowa\u0142o 13 os\u00f3b, 5 wstrzyma\u0142o si\u0119 od g\u0142osu. <\/p>\n","protected":false},"excerpt":{"rendered":"<p>Burmistrz Stefan Kolawi\u0144ski dosta\u0142 od rady miejskiej absolutorium za wykonanie bud\u017cetu w 2011 roku. G\u0142osowanie nie by\u0142o jednog\u0142o\u015bne. Polityki obecnego gospodarza Bochni nie popar\u0142 klub PiS, wstrzymuj\u0105c si\u0119 od g\u0142osu. <\/p>\n","protected":false},"author":4,"featured_media":0,"comment_status":"open","ping_status":"closed","sticky":true,"template":"","format":"standard","meta":{"_acf_changed":false,"footnotes":""},"categories":[5,6251,6250],"tags":[17689,11124,17421,6161,7781],"class_list":["post-74182","post","type-post","status-publish","format-standard","hentry","category-biezace-wydarzenia","category-polityka-i-wydarzenia","category-tematyka","tag-absolutorium","tag-bogdan-kosturkiecz","tag-burmistrz","tag-sesja-rady-miejskiej","tag-stefan-kolawinski","main_tag-sesja"],"acf":[],"yoast_head":"<!-- This site is optimized with the Yoast SEO plugin v26.9 - https:\/\/yoast.com\/product\/yoast-seo-wordpress\/ -->\n<title>Absolutorium dla burmistrza Bochni - niejednog\u0142o\u015bnie - mojabochnia.pl - portal informacyjny<\/title>\n<meta name=\"robots\" content=\"index, follow, max-snippet:-1, max-image-preview:large, max-video-preview:-1\" \/>\n<link rel=\"canonical\" href=\"https:\/\/www.mojabochnia.pl\/?p=74182\" \/>\n<meta property=\"og:locale\" content=\"pl_PL\" \/>\n<meta property=\"og:type\" content=\"article\" \/>\n<meta property=\"og:title\" content=\"Absolutorium dla burmistrza Bochni - niejednog\u0142o\u015bnie - mojabochnia.pl - portal informacyjny\" \/>\n<meta property=\"og:description\" content=\"Burmistrz Stefan Kolawi\u0144ski dosta\u0142 od rady miejskiej absolutorium za wykonanie bud\u017cetu w 2011 roku. G\u0142osowanie nie by\u0142o jednog\u0142o\u015bne. Polityki obecnego gospodarza Bochni nie popar\u0142 klub PiS, wstrzymuj\u0105c si\u0119 od g\u0142osu.\" \/>\n<meta property=\"og:url\" content=\"https:\/\/www.mojabochnia.pl\/?p=74182\" \/>\n<meta property=\"og:site_name\" content=\"mojabochnia.pl - portal informacyjny\" \/>\n<meta property=\"article:publisher\" content=\"https:\/\/www.facebook.com\/mojabochnia\" \/>\n<meta property=\"article:published_time\" content=\"2012-06-29T11:06:56+00:00\" \/>\n<meta property=\"article:modified_time\" content=\"2012-06-29T11:10:57+00:00\" \/>\n<meta name=\"author\" content=\"Pawe\u0142 Michalczyk\" \/>\n<meta name=\"twitter:card\" content=\"summary_large_image\" \/>\n<meta name=\"twitter:label1\" content=\"Written by\" \/>\n\t<meta name=\"twitter:data1\" content=\"Pawe\u0142 Michalczyk\" \/>\n\t<meta name=\"twitter:label2\" content=\"Est. reading time\" \/>\n\t<meta name=\"twitter:data2\" content=\"3 minuty\" \/>\n<script type=\"application\/ld+json\" class=\"yoast-schema-graph\">{\"@context\":\"https:\/\/schema.org\",\"@graph\":[{\"@type\":\"Article\",\"@id\":\"https:\/\/www.mojabochnia.pl\/?p=74182#article\",\"isPartOf\":{\"@id\":\"https:\/\/www.mojabochnia.pl\/?p=74182\"},\"author\":{\"name\":\"Pawe\u0142 Michalczyk\",\"@id\":\"https:\/\/www.mojabochnia.pl\/#\/schema\/person\/ea042e4724a77627963f02166828ead4\"},\"headline\":\"Absolutorium dla burmistrza Bochni &#8211; niejednog\u0142o\u015bnie\",\"datePublished\":\"2012-06-29T11:06:56+00:00\",\"dateModified\":\"2012-06-29T11:10:57+00:00\",\"mainEntityOfPage\":{\"@id\":\"https:\/\/www.mojabochnia.pl\/?p=74182\"},\"wordCount\":617,\"commentCount\":0,\"publisher\":{\"@id\":\"https:\/\/www.mojabochnia.pl\/#organization\"},\"keywords\":[\"absolutorium\",\"bogdan kosturkiecz\",\"burmistrz\",\"sesja rady miejskiej\",\"stefan kolawi\u0144ski\"],\"articleSection\":[\"2_ostatnie\",\"polityka i wydarzenia\",\"tematyka\"],\"inLanguage\":\"pl-PL\",\"potentialAction\":[{\"@type\":\"CommentAction\",\"name\":\"Comment\",\"target\":[\"https:\/\/www.mojabochnia.pl\/?p=74182#respond\"]}]},{\"@type\":\"WebPage\",\"@id\":\"https:\/\/www.mojabochnia.pl\/?p=74182\",\"url\":\"https:\/\/www.mojabochnia.pl\/?p=74182\",\"name\":\"Absolutorium dla burmistrza Bochni - niejednog\u0142o\u015bnie - mojabochnia.pl - portal informacyjny\",\"isPartOf\":{\"@id\":\"https:\/\/www.mojabochnia.pl\/#website\"},\"datePublished\":\"2012-06-29T11:06:56+00:00\",\"dateModified\":\"2012-06-29T11:10:57+00:00\",\"breadcrumb\":{\"@id\":\"https:\/\/www.mojabochnia.pl\/?p=74182#breadcrumb\"},\"inLanguage\":\"pl-PL\",\"potentialAction\":[{\"@type\":\"ReadAction\",\"target\":[\"https:\/\/www.mojabochnia.pl\/?p=74182\"]}]},{\"@type\":\"BreadcrumbList\",\"@id\":\"https:\/\/www.mojabochnia.pl\/?p=74182#breadcrumb\",\"itemListElement\":[{\"@type\":\"ListItem\",\"position\":1,\"name\":\"Home\",\"item\":\"https:\/\/www.mojabochnia.pl\/\"},{\"@type\":\"ListItem\",\"position\":2,\"name\":\"Absolutorium dla burmistrza Bochni &#8211; niejednog\u0142o\u015bnie\"}]},{\"@type\":\"WebSite\",\"@id\":\"https:\/\/www.mojabochnia.pl\/#website\",\"url\":\"https:\/\/www.mojabochnia.pl\/\",\"name\":\"mojabochnia.pl - portal informacyjny\",\"description\":\"mojaBochnia to portal informacyjny o Bochni. Codziennie o Bochni piszemy i pokazujemy najwa\u017cniejsze wydarzenia\",\"publisher\":{\"@id\":\"https:\/\/www.mojabochnia.pl\/#organization\"},\"potentialAction\":[{\"@type\":\"SearchAction\",\"target\":{\"@type\":\"EntryPoint\",\"urlTemplate\":\"https:\/\/www.mojabochnia.pl\/?s={search_term_string}\"},\"query-input\":{\"@type\":\"PropertyValueSpecification\",\"valueRequired\":true,\"valueName\":\"search_term_string\"}}],\"inLanguage\":\"pl-PL\"},{\"@type\":\"Organization\",\"@id\":\"https:\/\/www.mojabochnia.pl\/#organization\",\"name\":\"mojabochnia.pl - portal informacyjny\",\"url\":\"https:\/\/www.mojabochnia.pl\/\",\"logo\":{\"@type\":\"ImageObject\",\"inLanguage\":\"pl-PL\",\"@id\":\"https:\/\/www.mojabochnia.pl\/#\/schema\/logo\/image\/\",\"url\":\"https:\/\/www.mojabochnia.pl\/wp-content\/uploads\/2017\/08\/logo-mb-opt.png\",\"contentUrl\":\"https:\/\/www.mojabochnia.pl\/wp-content\/uploads\/2017\/08\/logo-mb-opt.png\",\"width\":250,\"height\":48,\"caption\":\"mojabochnia.pl - portal informacyjny\"},\"image\":{\"@id\":\"https:\/\/www.mojabochnia.pl\/#\/schema\/logo\/image\/\"},\"sameAs\":[\"https:\/\/www.facebook.com\/mojabochnia\"]},{\"@type\":\"Person\",\"@id\":\"https:\/\/www.mojabochnia.pl\/#\/schema\/person\/ea042e4724a77627963f02166828ead4\",\"name\":\"Pawe\u0142 Michalczyk\",\"url\":\"https:\/\/www.mojabochnia.pl\/?author=4\"}]}<\/script>\n<!-- \/ Yoast SEO plugin. -->","yoast_head_json":{"title":"Absolutorium dla burmistrza Bochni - niejednog\u0142o\u015bnie - mojabochnia.pl - portal informacyjny","robots":{"index":"index","follow":"follow","max-snippet":"max-snippet:-1","max-image-preview":"max-image-preview:large","max-video-preview":"max-video-preview:-1"},"canonical":"https:\/\/www.mojabochnia.pl\/?p=74182","og_locale":"pl_PL","og_type":"article","og_title":"Absolutorium dla burmistrza Bochni - niejednog\u0142o\u015bnie - mojabochnia.pl - portal informacyjny","og_description":"Burmistrz Stefan Kolawi\u0144ski dosta\u0142 od rady miejskiej absolutorium za wykonanie bud\u017cetu w 2011 roku. G\u0142osowanie nie by\u0142o jednog\u0142o\u015bne. Polityki obecnego gospodarza Bochni nie popar\u0142 klub PiS, wstrzymuj\u0105c si\u0119 od g\u0142osu.","og_url":"https:\/\/www.mojabochnia.pl\/?p=74182","og_site_name":"mojabochnia.pl - portal informacyjny","article_publisher":"https:\/\/www.facebook.com\/mojabochnia","article_published_time":"2012-06-29T11:06:56+00:00","article_modified_time":"2012-06-29T11:10:57+00:00","author":"Pawe\u0142 Michalczyk","twitter_card":"summary_large_image","twitter_misc":{"Written by":"Pawe\u0142 Michalczyk","Est. reading time":"3 minuty"},"schema":{"@context":"https:\/\/schema.org","@graph":[{"@type":"Article","@id":"https:\/\/www.mojabochnia.pl\/?p=74182#article","isPartOf":{"@id":"https:\/\/www.mojabochnia.pl\/?p=74182"},"author":{"name":"Pawe\u0142 Michalczyk","@id":"https:\/\/www.mojabochnia.pl\/#\/schema\/person\/ea042e4724a77627963f02166828ead4"},"headline":"Absolutorium dla burmistrza Bochni &#8211; niejednog\u0142o\u015bnie","datePublished":"2012-06-29T11:06:56+00:00","dateModified":"2012-06-29T11:10:57+00:00","mainEntityOfPage":{"@id":"https:\/\/www.mojabochnia.pl\/?p=74182"},"wordCount":617,"commentCount":0,"publisher":{"@id":"https:\/\/www.mojabochnia.pl\/#organization"},"keywords":["absolutorium","bogdan kosturkiecz","burmistrz","sesja rady miejskiej","stefan kolawi\u0144ski"],"articleSection":["2_ostatnie","polityka i wydarzenia","tematyka"],"inLanguage":"pl-PL","potentialAction":[{"@type":"CommentAction","name":"Comment","target":["https:\/\/www.mojabochnia.pl\/?p=74182#respond"]}]},{"@type":"WebPage","@id":"https:\/\/www.mojabochnia.pl\/?p=74182","url":"https:\/\/www.mojabochnia.pl\/?p=74182","name":"Absolutorium dla burmistrza Bochni - niejednog\u0142o\u015bnie - mojabochnia.pl - portal informacyjny","isPartOf":{"@id":"https:\/\/www.mojabochnia.pl\/#website"},"datePublished":"2012-06-29T11:06:56+00:00","dateModified":"2012-06-29T11:10:57+00:00","breadcrumb":{"@id":"https:\/\/www.mojabochnia.pl\/?p=74182#breadcrumb"},"inLanguage":"pl-PL","potentialAction":[{"@type":"ReadAction","target":["https:\/\/www.mojabochnia.pl\/?p=74182"]}]},{"@type":"BreadcrumbList","@id":"https:\/\/www.mojabochnia.pl\/?p=74182#breadcrumb","itemListElement":[{"@type":"ListItem","position":1,"name":"Home","item":"https:\/\/www.mojabochnia.pl\/"},{"@type":"ListItem","position":2,"name":"Absolutorium dla burmistrza Bochni &#8211; niejednog\u0142o\u015bnie"}]},{"@type":"WebSite","@id":"https:\/\/www.mojabochnia.pl\/#website","url":"https:\/\/www.mojabochnia.pl\/","name":"mojabochnia.pl - portal informacyjny","description":"mojaBochnia to portal informacyjny o Bochni. Codziennie o Bochni piszemy i pokazujemy najwa\u017cniejsze wydarzenia","publisher":{"@id":"https:\/\/www.mojabochnia.pl\/#organization"},"potentialAction":[{"@type":"SearchAction","target":{"@type":"EntryPoint","urlTemplate":"https:\/\/www.mojabochnia.pl\/?s={search_term_string}"},"query-input":{"@type":"PropertyValueSpecification","valueRequired":true,"valueName":"search_term_string"}}],"inLanguage":"pl-PL"},{"@type":"Organization","@id":"https:\/\/www.mojabochnia.pl\/#organization","name":"mojabochnia.pl - portal informacyjny","url":"https:\/\/www.mojabochnia.pl\/","logo":{"@type":"ImageObject","inLanguage":"pl-PL","@id":"https:\/\/www.mojabochnia.pl\/#\/schema\/logo\/image\/","url":"https:\/\/www.mojabochnia.pl\/wp-content\/uploads\/2017\/08\/logo-mb-opt.png","contentUrl":"https:\/\/www.mojabochnia.pl\/wp-content\/uploads\/2017\/08\/logo-mb-opt.png","width":250,"height":48,"caption":"mojabochnia.pl - portal informacyjny"},"image":{"@id":"https:\/\/www.mojabochnia.pl\/#\/schema\/logo\/image\/"},"sameAs":["https:\/\/www.facebook.com\/mojabochnia"]},{"@type":"Person","@id":"https:\/\/www.mojabochnia.pl\/#\/schema\/person\/ea042e4724a77627963f02166828ead4","name":"Pawe\u0142 Michalczyk","url":"https:\/\/www.mojabochnia.pl\/?author=4"}]}},"_links":{"self":[{"href":"https:\/\/www.mojabochnia.pl\/index.php?rest_route=\/wp\/v2\/posts\/74182","targetHints":{"allow":["GET"]}}],"collection":[{"href":"https:\/\/www.mojabochnia.pl\/index.php?rest_route=\/wp\/v2\/posts"}],"about":[{"href":"https:\/\/www.mojabochnia.pl\/index.php?rest_route=\/wp\/v2\/types\/post"}],"author":[{"embeddable":true,"href":"https:\/\/www.mojabochnia.pl\/index.php?rest_route=\/wp\/v2\/users\/4"}],"replies":[{"embeddable":true,"href":"https:\/\/www.mojabochnia.pl\/index.php?rest_route=%2Fwp%2Fv2%2Fcomments&post=74182"}],"version-history":[{"count":12,"href":"https:\/\/www.mojabochnia.pl\/index.php?rest_route=\/wp\/v2\/posts\/74182\/revisions"}],"predecessor-version":[{"id":74196,"href":"https:\/\/www.mojabochnia.pl\/index.php?rest_route=\/wp\/v2\/posts\/74182\/revisions\/74196"}],"wp:attachment":[{"href":"https:\/\/www.mojabochnia.pl\/index.php?rest_route=%2Fwp%2Fv2%2Fmedia&parent=74182"}],"wp:term":[{"taxonomy":"category","embeddable":true,"href":"https:\/\/www.mojabochnia.pl\/index.php?rest_route=%2Fwp%2Fv2%2Fcategories&post=74182"},{"taxonomy":"post_tag","embeddable":true,"href":"https:\/\/www.mojabochnia.pl\/index.php?rest_route=%2Fwp%2Fv2%2Ftags&post=74182"}],"curies":[{"name":"wp","href":"https:\/\/api.w.org\/{rel}","templated":true}]}}