{"id":7414,"date":"2009-04-07T11:30:50","date_gmt":"2009-04-07T09:30:50","guid":{"rendered":"http:\/\/www.mojabochnia.pl\/?p=7414"},"modified":"2009-04-07T11:35:49","modified_gmt":"2009-04-07T09:35:49","slug":"kazdy-moze-zostac-mincerzem","status":"publish","type":"post","link":"https:\/\/www.mojabochnia.pl\/?p=7414","title":{"rendered":"Ka\u017cdy mo\u017ce zosta\u0107 mincerzem"},"content":{"rendered":"<p>Talary, szylingi, centy, grosze, dukaty, kopiejki, guldeny i pensy, cho\u0107 pochodz\u0105 z r\u00f3\u017cnych pa\u0144stw i epok \u0142\u0105czy je jedno, wszystkie s\u0105 kawa\u0142kami metalu o okre\u015blonym sk\u0142adzie i wadze, opatrzonymi znakiem emitenta, czyli monetami.<br \/>\n<em><br \/>\n&#8211; Prace mog\u0105 by\u0107 wykonane dowoln\u0105 technik\u0105 plastyczn\u0105, mo\u017ce to by\u0107 projekt rysunkowy, albo projekt z plasteliny, gliny, gipsu czy modeliny \u2013 czyli model przestrzenny. Moneta musi mie\u0107 awers i rewers, prace, kt\u00f3re nie b\u0119d\u0105 zawiera\u0142y tego elementu nie zostan\u0105 zakwalifikowane do konkursu \u2013 <\/em>poinformowa\u0142a nas Miros\u0142awa \u015awi\u0119tek \u2013 Tylipska. z Miejskiej Biblioteki, zapytana o kryteria oceny i sk\u0142ad jury, doda\u0142a: <em>&#8211; Przede wszystkim b\u0119dziemy brali pod uwag\u0119 samodzielno\u015b\u0107 i staranno\u015b\u0107 wykonania, w Bibliotece zawsze stawiamy na to, oczywi\u015bcie sama moneta musi spe\u0142nia\u0107 warunki konkursowe no i nazwa musi by\u0107 dobrze dobrana, tutaj nale\u017cy wykaza\u0107 si\u0119 znajomo\u015bci\u0105 historii. W jury zasi\u0105dzie na pewno dyrektor Biblioteki, Dorota Rzepka, chcemy te\u017c zaprosi\u0107 do wsp\u00f3\u0142pracy plastyka, historyka, kogo\u015b zwi\u0105zanego z miastem.<\/em><\/p>\n<p>Prace podpisane imieniem i nazwiskiem, szko\u0142\u0105 i klas\u0105 mo\u017cna sk\u0142ada\u0107 w Oddziale dla Dzieci i M\u0142odzie\u017cy a tak\u017ce w Filiach PiMBP do 31 maja 2009 roku. Og\u0142oszenie wynik\u00f3w konkursu i rozdanie nagr\u00f3d autorom najlepszych prac odb\u0119dzie si\u0119 w czasie obchod\u00f3w Dni Bochni.<\/p>\n","protected":false},"excerpt":{"rendered":"<p>Miejska Biblioteka organizuje konkurs plastyczny na projekt boche\u0144skiej monety pt. \u201eZ BOCHE\u0143SKIEJ MENNICY\u201d. Uczestnikami konkursu mog\u0105 by\u0107 uczniowie szk\u00f3\u0142 podstawowych i gimnazj\u00f3w.<\/p>\n","protected":false},"author":1,"featured_media":0,"comment_status":"open","ping_status":"closed","sticky":false,"template":"","format":"standard","meta":{"_acf_changed":false,"footnotes":""},"categories":[92],"tags":[2309,17160,667,17326,17423,17131,17122,17135,3367,3365,1286,3366,261,781],"class_list":["post-7414","post","type-post","status-publish","format-standard","hentry","category-kultura","tag-biblioteka-miejska","tag-dni-bochni","tag-dorota-rzepka","tag-dzieci","tag-gimnazjum","tag-historia","tag-konkurs","tag-kultura","tag-miroslawa-swietek-tylipska","tag-moneta","tag-plastyka","tag-symbol","tag-szkola-podstawowa","tag-tradycja"],"acf":[],"yoast_head":"<!-- This site is optimized with the Yoast SEO plugin v26.9 - https:\/\/yoast.com\/product\/yoast-seo-wordpress\/ -->\n<title>Ka\u017cdy mo\u017ce zosta\u0107 mincerzem - mojabochnia.pl - portal informacyjny<\/title>\n<meta name=\"robots\" content=\"index, follow, max-snippet:-1, max-image-preview:large, max-video-preview:-1\" \/>\n<link rel=\"canonical\" href=\"https:\/\/www.mojabochnia.pl\/?p=7414\" \/>\n<meta property=\"og:locale\" content=\"pl_PL\" \/>\n<meta property=\"og:type\" content=\"article\" \/>\n<meta property=\"og:title\" content=\"Ka\u017cdy mo\u017ce zosta\u0107 mincerzem - mojabochnia.pl - portal informacyjny\" \/>\n<meta property=\"og:description\" content=\"Miejska Biblioteka organizuje konkurs plastyczny na projekt boche\u0144skiej monety pt. \u201eZ BOCHE\u0143SKIEJ MENNICY\u201d. Uczestnikami konkursu mog\u0105 by\u0107 uczniowie szk\u00f3\u0142 podstawowych i gimnazj\u00f3w.\" \/>\n<meta property=\"og:url\" content=\"https:\/\/www.mojabochnia.pl\/?p=7414\" \/>\n<meta property=\"og:site_name\" content=\"mojabochnia.pl - portal informacyjny\" \/>\n<meta property=\"article:publisher\" content=\"https:\/\/www.facebook.com\/mojabochnia\" \/>\n<meta property=\"article:published_time\" content=\"2009-04-07T09:30:50+00:00\" \/>\n<meta property=\"article:modified_time\" content=\"2009-04-07T09:35:49+00:00\" \/>\n<meta name=\"author\" content=\"administrator\" \/>\n<meta name=\"twitter:card\" content=\"summary_large_image\" \/>\n<meta name=\"twitter:label1\" content=\"Written by\" \/>\n\t<meta name=\"twitter:data1\" content=\"administrator\" \/>\n\t<meta name=\"twitter:label2\" content=\"Est. reading time\" \/>\n\t<meta name=\"twitter:data2\" content=\"1 minuta\" \/>\n<script type=\"application\/ld+json\" class=\"yoast-schema-graph\">{\"@context\":\"https:\/\/schema.org\",\"@graph\":[{\"@type\":\"Article\",\"@id\":\"https:\/\/www.mojabochnia.pl\/?p=7414#article\",\"isPartOf\":{\"@id\":\"https:\/\/www.mojabochnia.pl\/?p=7414\"},\"author\":{\"name\":\"administrator\",\"@id\":\"https:\/\/www.mojabochnia.pl\/#\/schema\/person\/c00e1f64e6fa0e6de6d410f2c340017f\"},\"headline\":\"Ka\u017cdy mo\u017ce zosta\u0107 mincerzem\",\"datePublished\":\"2009-04-07T09:30:50+00:00\",\"dateModified\":\"2009-04-07T09:35:49+00:00\",\"mainEntityOfPage\":{\"@id\":\"https:\/\/www.mojabochnia.pl\/?p=7414\"},\"wordCount\":226,\"commentCount\":1,\"publisher\":{\"@id\":\"https:\/\/www.mojabochnia.pl\/#organization\"},\"keywords\":[\"biblioteka miejska\",\"dni bochni\",\"dorota rzepka\",\"dzieci\",\"gimnazjum\",\"historia\",\"konkurs\",\"kultura\",\"miros\u0142awa \u015bwi\u0119tek tylipska\",\"moneta\",\"plastyka\",\"symbol\",\"szko\u0142a podstawowa\",\"tradycja\"],\"articleSection\":[\"kultura\"],\"inLanguage\":\"pl-PL\",\"potentialAction\":[{\"@type\":\"CommentAction\",\"name\":\"Comment\",\"target\":[\"https:\/\/www.mojabochnia.pl\/?p=7414#respond\"]}]},{\"@type\":\"WebPage\",\"@id\":\"https:\/\/www.mojabochnia.pl\/?p=7414\",\"url\":\"https:\/\/www.mojabochnia.pl\/?p=7414\",\"name\":\"Ka\u017cdy mo\u017ce zosta\u0107 mincerzem - mojabochnia.pl - portal informacyjny\",\"isPartOf\":{\"@id\":\"https:\/\/www.mojabochnia.pl\/#website\"},\"datePublished\":\"2009-04-07T09:30:50+00:00\",\"dateModified\":\"2009-04-07T09:35:49+00:00\",\"breadcrumb\":{\"@id\":\"https:\/\/www.mojabochnia.pl\/?p=7414#breadcrumb\"},\"inLanguage\":\"pl-PL\",\"potentialAction\":[{\"@type\":\"ReadAction\",\"target\":[\"https:\/\/www.mojabochnia.pl\/?p=7414\"]}]},{\"@type\":\"BreadcrumbList\",\"@id\":\"https:\/\/www.mojabochnia.pl\/?p=7414#breadcrumb\",\"itemListElement\":[{\"@type\":\"ListItem\",\"position\":1,\"name\":\"Home\",\"item\":\"https:\/\/www.mojabochnia.pl\/\"},{\"@type\":\"ListItem\",\"position\":2,\"name\":\"Ka\u017cdy mo\u017ce zosta\u0107 mincerzem\"}]},{\"@type\":\"WebSite\",\"@id\":\"https:\/\/www.mojabochnia.pl\/#website\",\"url\":\"https:\/\/www.mojabochnia.pl\/\",\"name\":\"mojabochnia.pl - portal informacyjny\",\"description\":\"mojaBochnia to portal informacyjny o Bochni. Codziennie o Bochni piszemy i pokazujemy najwa\u017cniejsze wydarzenia\",\"publisher\":{\"@id\":\"https:\/\/www.mojabochnia.pl\/#organization\"},\"potentialAction\":[{\"@type\":\"SearchAction\",\"target\":{\"@type\":\"EntryPoint\",\"urlTemplate\":\"https:\/\/www.mojabochnia.pl\/?s={search_term_string}\"},\"query-input\":{\"@type\":\"PropertyValueSpecification\",\"valueRequired\":true,\"valueName\":\"search_term_string\"}}],\"inLanguage\":\"pl-PL\"},{\"@type\":\"Organization\",\"@id\":\"https:\/\/www.mojabochnia.pl\/#organization\",\"name\":\"mojabochnia.pl - portal informacyjny\",\"url\":\"https:\/\/www.mojabochnia.pl\/\",\"logo\":{\"@type\":\"ImageObject\",\"inLanguage\":\"pl-PL\",\"@id\":\"https:\/\/www.mojabochnia.pl\/#\/schema\/logo\/image\/\",\"url\":\"https:\/\/www.mojabochnia.pl\/wp-content\/uploads\/2017\/08\/logo-mb-opt.png\",\"contentUrl\":\"https:\/\/www.mojabochnia.pl\/wp-content\/uploads\/2017\/08\/logo-mb-opt.png\",\"width\":250,\"height\":48,\"caption\":\"mojabochnia.pl - portal informacyjny\"},\"image\":{\"@id\":\"https:\/\/www.mojabochnia.pl\/#\/schema\/logo\/image\/\"},\"sameAs\":[\"https:\/\/www.facebook.com\/mojabochnia\"]},{\"@type\":\"Person\",\"@id\":\"https:\/\/www.mojabochnia.pl\/#\/schema\/person\/c00e1f64e6fa0e6de6d410f2c340017f\",\"name\":\"administrator\",\"url\":\"https:\/\/www.mojabochnia.pl\/?author=1\"}]}<\/script>\n<!-- \/ Yoast SEO plugin. -->","yoast_head_json":{"title":"Ka\u017cdy mo\u017ce zosta\u0107 mincerzem - mojabochnia.pl - portal informacyjny","robots":{"index":"index","follow":"follow","max-snippet":"max-snippet:-1","max-image-preview":"max-image-preview:large","max-video-preview":"max-video-preview:-1"},"canonical":"https:\/\/www.mojabochnia.pl\/?p=7414","og_locale":"pl_PL","og_type":"article","og_title":"Ka\u017cdy mo\u017ce zosta\u0107 mincerzem - mojabochnia.pl - portal informacyjny","og_description":"Miejska Biblioteka organizuje konkurs plastyczny na projekt boche\u0144skiej monety pt. \u201eZ BOCHE\u0143SKIEJ MENNICY\u201d. Uczestnikami konkursu mog\u0105 by\u0107 uczniowie szk\u00f3\u0142 podstawowych i gimnazj\u00f3w.","og_url":"https:\/\/www.mojabochnia.pl\/?p=7414","og_site_name":"mojabochnia.pl - portal informacyjny","article_publisher":"https:\/\/www.facebook.com\/mojabochnia","article_published_time":"2009-04-07T09:30:50+00:00","article_modified_time":"2009-04-07T09:35:49+00:00","author":"administrator","twitter_card":"summary_large_image","twitter_misc":{"Written by":"administrator","Est. reading time":"1 minuta"},"schema":{"@context":"https:\/\/schema.org","@graph":[{"@type":"Article","@id":"https:\/\/www.mojabochnia.pl\/?p=7414#article","isPartOf":{"@id":"https:\/\/www.mojabochnia.pl\/?p=7414"},"author":{"name":"administrator","@id":"https:\/\/www.mojabochnia.pl\/#\/schema\/person\/c00e1f64e6fa0e6de6d410f2c340017f"},"headline":"Ka\u017cdy mo\u017ce zosta\u0107 mincerzem","datePublished":"2009-04-07T09:30:50+00:00","dateModified":"2009-04-07T09:35:49+00:00","mainEntityOfPage":{"@id":"https:\/\/www.mojabochnia.pl\/?p=7414"},"wordCount":226,"commentCount":1,"publisher":{"@id":"https:\/\/www.mojabochnia.pl\/#organization"},"keywords":["biblioteka miejska","dni bochni","dorota rzepka","dzieci","gimnazjum","historia","konkurs","kultura","miros\u0142awa \u015bwi\u0119tek tylipska","moneta","plastyka","symbol","szko\u0142a podstawowa","tradycja"],"articleSection":["kultura"],"inLanguage":"pl-PL","potentialAction":[{"@type":"CommentAction","name":"Comment","target":["https:\/\/www.mojabochnia.pl\/?p=7414#respond"]}]},{"@type":"WebPage","@id":"https:\/\/www.mojabochnia.pl\/?p=7414","url":"https:\/\/www.mojabochnia.pl\/?p=7414","name":"Ka\u017cdy mo\u017ce zosta\u0107 mincerzem - mojabochnia.pl - portal informacyjny","isPartOf":{"@id":"https:\/\/www.mojabochnia.pl\/#website"},"datePublished":"2009-04-07T09:30:50+00:00","dateModified":"2009-04-07T09:35:49+00:00","breadcrumb":{"@id":"https:\/\/www.mojabochnia.pl\/?p=7414#breadcrumb"},"inLanguage":"pl-PL","potentialAction":[{"@type":"ReadAction","target":["https:\/\/www.mojabochnia.pl\/?p=7414"]}]},{"@type":"BreadcrumbList","@id":"https:\/\/www.mojabochnia.pl\/?p=7414#breadcrumb","itemListElement":[{"@type":"ListItem","position":1,"name":"Home","item":"https:\/\/www.mojabochnia.pl\/"},{"@type":"ListItem","position":2,"name":"Ka\u017cdy mo\u017ce zosta\u0107 mincerzem"}]},{"@type":"WebSite","@id":"https:\/\/www.mojabochnia.pl\/#website","url":"https:\/\/www.mojabochnia.pl\/","name":"mojabochnia.pl - portal informacyjny","description":"mojaBochnia to portal informacyjny o Bochni. Codziennie o Bochni piszemy i pokazujemy najwa\u017cniejsze wydarzenia","publisher":{"@id":"https:\/\/www.mojabochnia.pl\/#organization"},"potentialAction":[{"@type":"SearchAction","target":{"@type":"EntryPoint","urlTemplate":"https:\/\/www.mojabochnia.pl\/?s={search_term_string}"},"query-input":{"@type":"PropertyValueSpecification","valueRequired":true,"valueName":"search_term_string"}}],"inLanguage":"pl-PL"},{"@type":"Organization","@id":"https:\/\/www.mojabochnia.pl\/#organization","name":"mojabochnia.pl - portal informacyjny","url":"https:\/\/www.mojabochnia.pl\/","logo":{"@type":"ImageObject","inLanguage":"pl-PL","@id":"https:\/\/www.mojabochnia.pl\/#\/schema\/logo\/image\/","url":"https:\/\/www.mojabochnia.pl\/wp-content\/uploads\/2017\/08\/logo-mb-opt.png","contentUrl":"https:\/\/www.mojabochnia.pl\/wp-content\/uploads\/2017\/08\/logo-mb-opt.png","width":250,"height":48,"caption":"mojabochnia.pl - portal informacyjny"},"image":{"@id":"https:\/\/www.mojabochnia.pl\/#\/schema\/logo\/image\/"},"sameAs":["https:\/\/www.facebook.com\/mojabochnia"]},{"@type":"Person","@id":"https:\/\/www.mojabochnia.pl\/#\/schema\/person\/c00e1f64e6fa0e6de6d410f2c340017f","name":"administrator","url":"https:\/\/www.mojabochnia.pl\/?author=1"}]}},"_links":{"self":[{"href":"https:\/\/www.mojabochnia.pl\/index.php?rest_route=\/wp\/v2\/posts\/7414","targetHints":{"allow":["GET"]}}],"collection":[{"href":"https:\/\/www.mojabochnia.pl\/index.php?rest_route=\/wp\/v2\/posts"}],"about":[{"href":"https:\/\/www.mojabochnia.pl\/index.php?rest_route=\/wp\/v2\/types\/post"}],"author":[{"embeddable":true,"href":"https:\/\/www.mojabochnia.pl\/index.php?rest_route=\/wp\/v2\/users\/1"}],"replies":[{"embeddable":true,"href":"https:\/\/www.mojabochnia.pl\/index.php?rest_route=%2Fwp%2Fv2%2Fcomments&post=7414"}],"version-history":[{"count":0,"href":"https:\/\/www.mojabochnia.pl\/index.php?rest_route=\/wp\/v2\/posts\/7414\/revisions"}],"wp:attachment":[{"href":"https:\/\/www.mojabochnia.pl\/index.php?rest_route=%2Fwp%2Fv2%2Fmedia&parent=7414"}],"wp:term":[{"taxonomy":"category","embeddable":true,"href":"https:\/\/www.mojabochnia.pl\/index.php?rest_route=%2Fwp%2Fv2%2Fcategories&post=7414"},{"taxonomy":"post_tag","embeddable":true,"href":"https:\/\/www.mojabochnia.pl\/index.php?rest_route=%2Fwp%2Fv2%2Ftags&post=7414"}],"curies":[{"name":"wp","href":"https:\/\/api.w.org\/{rel}","templated":true}]}}