{"id":74091,"date":"2012-06-27T14:07:22","date_gmt":"2012-06-27T12:07:22","guid":{"rendered":"http:\/\/www.mojabochnia.pl\/?p=74091"},"modified":"2012-06-27T14:07:22","modified_gmt":"2012-06-27T12:07:22","slug":"wisnicz-zalozyl-sasiadom-podsluch","status":"publish","type":"post","link":"https:\/\/www.mojabochnia.pl\/?p=74091","title":{"rendered":"Wi\u015bnicz: za\u0142o\u017cy\u0142 s\u0105siadom pods\u0142uch"},"content":{"rendered":"<p>Spraw\u0105 zajmowa\u0142a si\u0119 Prokuratura Rejonowa w Bochni. <em>Mieszkaniec Nowego Wi\u015bnicza, 46-letni m\u0119\u017cczyzna, kt\u00f3ry wcze\u015bniej po\u017cyczy\u0142 przed\u0142u\u017cacz elektryczny od swoich znajomych s\u0105siad\u00f3w zwr\u00f3ci\u0142 im taki przed\u0142u\u017cacz, tylko \u017ce nie by\u0142 to ten sam przed\u0142u\u017cacz. By\u0142 innego koloru. To zwr\u00f3ci\u0142o uwag\u0119 tych os\u00f3b, \u017ce co\u015b mo\u017ce by\u0107 nie w porz\u0105dku, w zwi\u0105zku z tym zawiadomili o tym orany \u015bcigania<\/em> \u2013 m\u00f3wi El\u017cbieta Potoczek-Bara, rzecznik Prokuratury Okr\u0119gowej w Tarnowie.<\/p>\n<p>Dochodzenie (m.in. badanie wykonane przez bieg\u0142ego) wykaza\u0142o, \u017ce w przed\u0142u\u017caczu zamontowane zosta\u0142o urz\u0105dzenie pods\u0142uchowe. <em>Okaza\u0142o si\u0119, \u017ce uruchamia\u0142o si\u0119 ono w momencie po\u0142\u0105czenia telefonicznego dokonanego z aparatu tego 46-letniego m\u0119\u017cczyzny, kt\u00f3ry zwr\u00f3ci\u0142 ten po\u017cyczony wcze\u015bniej przed\u0142u\u017cacz<\/em> \u2013 dodaje El\u017cbieta Potoczek-Bara. <\/p>\n<p>Fina\u0142 sprawy jest taki, \u017ce mieszkaniec Wi\u015bnicza us\u0142ysza\u0142 zarzuty i teraz stanie przed s\u0105dem. <em>Prokurator przedstawi\u0142 m\u0119\u017cczy\u017anie zarzut bezprawnego za\u0142o\u017cenia urz\u0105dzenia pods\u0142uchowego, zainstalowanego w listwie elektrycznej w mieszkaniu innych os\u00f3b celem uzyskania informacji, do kt\u00f3rych nie by\u0142 uprawniony<\/em>. <\/p>\n<p>Prokurator Rejonowy w Bochni skierowa\u0142 przeciwko m\u0119\u017cczy\u017anie akt oskar\u017cenia do boche\u0144skiego s\u0105du. 46-latek nie by\u0142 dot\u0105d karany. <em>W toku dochodzenia nie przyzna\u0142 si\u0119 do tego czynu, dlatego trudno ustali\u0107 jednoznaczne powody, dlaczego takie urz\u0105dzenie zainstalowa\u0142<\/em>. <\/p>\n<p>Stanis\u0142awowi W. grozi kara grzywny, ograniczenia wolno\u015bci lub pozbawienia wolno\u015bci do lat 2. <\/p>\n","protected":false},"excerpt":{"rendered":"<p>Stanis\u0142aw W., mieszkaniec Nowego Wi\u015bnicza, za\u0142o\u017cy\u0142 pods\u0142uch swoim s\u0105siadom. U\u017cy\u0142 do tego celu listwy elektrycznej. Teraz grozi mu do 2 lat wi\u0119zienia.<\/p>\n","protected":false},"author":4,"featured_media":0,"comment_status":"open","ping_status":"closed","sticky":false,"template":"","format":"standard","meta":{"_acf_changed":false,"footnotes":""},"categories":[5,6251,6250],"tags":[10054,17118,11116,17155,17228,17448],"class_list":["post-74091","post","type-post","status-publish","format-standard","hentry","category-biezace-wydarzenia","category-polityka-i-wydarzenia","category-tematyka","tag-elzbieta-potoczek-bara","tag-wisnicz","tag-podsluch","tag-policja","tag-prokuratura","tag-zarzuty","main_tag-policja"],"acf":[],"yoast_head":"<!-- This site is optimized with the Yoast SEO plugin v26.9 - https:\/\/yoast.com\/product\/yoast-seo-wordpress\/ -->\n<title>Wi\u015bnicz: za\u0142o\u017cy\u0142 s\u0105siadom pods\u0142uch - mojabochnia.pl - portal informacyjny<\/title>\n<meta name=\"robots\" content=\"index, follow, max-snippet:-1, max-image-preview:large, max-video-preview:-1\" \/>\n<link rel=\"canonical\" href=\"https:\/\/www.mojabochnia.pl\/?p=74091\" \/>\n<meta property=\"og:locale\" content=\"pl_PL\" \/>\n<meta property=\"og:type\" content=\"article\" \/>\n<meta property=\"og:title\" content=\"Wi\u015bnicz: za\u0142o\u017cy\u0142 s\u0105siadom pods\u0142uch - mojabochnia.pl - portal informacyjny\" \/>\n<meta property=\"og:description\" content=\"Stanis\u0142aw W., mieszkaniec Nowego Wi\u015bnicza, za\u0142o\u017cy\u0142 pods\u0142uch swoim s\u0105siadom. U\u017cy\u0142 do tego celu listwy elektrycznej. Teraz grozi mu do 2 lat wi\u0119zienia.\" \/>\n<meta property=\"og:url\" content=\"https:\/\/www.mojabochnia.pl\/?p=74091\" \/>\n<meta property=\"og:site_name\" content=\"mojabochnia.pl - portal informacyjny\" \/>\n<meta property=\"article:publisher\" content=\"https:\/\/www.facebook.com\/mojabochnia\" \/>\n<meta property=\"article:published_time\" content=\"2012-06-27T12:07:22+00:00\" \/>\n<meta name=\"author\" content=\"Pawe\u0142 Michalczyk\" \/>\n<meta name=\"twitter:card\" content=\"summary_large_image\" \/>\n<meta name=\"twitter:label1\" content=\"Written by\" \/>\n\t<meta name=\"twitter:data1\" content=\"Pawe\u0142 Michalczyk\" \/>\n\t<meta name=\"twitter:label2\" content=\"Est. reading time\" \/>\n\t<meta name=\"twitter:data2\" content=\"1 minuta\" \/>\n<script type=\"application\/ld+json\" class=\"yoast-schema-graph\">{\"@context\":\"https:\/\/schema.org\",\"@graph\":[{\"@type\":\"Article\",\"@id\":\"https:\/\/www.mojabochnia.pl\/?p=74091#article\",\"isPartOf\":{\"@id\":\"https:\/\/www.mojabochnia.pl\/?p=74091\"},\"author\":{\"name\":\"Pawe\u0142 Michalczyk\",\"@id\":\"https:\/\/www.mojabochnia.pl\/#\/schema\/person\/ea042e4724a77627963f02166828ead4\"},\"headline\":\"Wi\u015bnicz: za\u0142o\u017cy\u0142 s\u0105siadom pods\u0142uch\",\"datePublished\":\"2012-06-27T12:07:22+00:00\",\"mainEntityOfPage\":{\"@id\":\"https:\/\/www.mojabochnia.pl\/?p=74091\"},\"wordCount\":262,\"commentCount\":0,\"publisher\":{\"@id\":\"https:\/\/www.mojabochnia.pl\/#organization\"},\"keywords\":[\"El\u017cbieta Potoczek-Bara\",\"Nowy Wi\u015bnicz\",\"pods\u0142uch\",\"policja\",\"prokuratura\",\"zarzuty\"],\"articleSection\":[\"2_ostatnie\",\"polityka i wydarzenia\",\"tematyka\"],\"inLanguage\":\"pl-PL\",\"potentialAction\":[{\"@type\":\"CommentAction\",\"name\":\"Comment\",\"target\":[\"https:\/\/www.mojabochnia.pl\/?p=74091#respond\"]}]},{\"@type\":\"WebPage\",\"@id\":\"https:\/\/www.mojabochnia.pl\/?p=74091\",\"url\":\"https:\/\/www.mojabochnia.pl\/?p=74091\",\"name\":\"Wi\u015bnicz: za\u0142o\u017cy\u0142 s\u0105siadom pods\u0142uch - mojabochnia.pl - portal informacyjny\",\"isPartOf\":{\"@id\":\"https:\/\/www.mojabochnia.pl\/#website\"},\"datePublished\":\"2012-06-27T12:07:22+00:00\",\"breadcrumb\":{\"@id\":\"https:\/\/www.mojabochnia.pl\/?p=74091#breadcrumb\"},\"inLanguage\":\"pl-PL\",\"potentialAction\":[{\"@type\":\"ReadAction\",\"target\":[\"https:\/\/www.mojabochnia.pl\/?p=74091\"]}]},{\"@type\":\"BreadcrumbList\",\"@id\":\"https:\/\/www.mojabochnia.pl\/?p=74091#breadcrumb\",\"itemListElement\":[{\"@type\":\"ListItem\",\"position\":1,\"name\":\"Home\",\"item\":\"https:\/\/www.mojabochnia.pl\/\"},{\"@type\":\"ListItem\",\"position\":2,\"name\":\"Wi\u015bnicz: za\u0142o\u017cy\u0142 s\u0105siadom pods\u0142uch\"}]},{\"@type\":\"WebSite\",\"@id\":\"https:\/\/www.mojabochnia.pl\/#website\",\"url\":\"https:\/\/www.mojabochnia.pl\/\",\"name\":\"mojabochnia.pl - portal informacyjny\",\"description\":\"mojaBochnia to portal informacyjny o Bochni. Codziennie o Bochni piszemy i pokazujemy najwa\u017cniejsze wydarzenia\",\"publisher\":{\"@id\":\"https:\/\/www.mojabochnia.pl\/#organization\"},\"potentialAction\":[{\"@type\":\"SearchAction\",\"target\":{\"@type\":\"EntryPoint\",\"urlTemplate\":\"https:\/\/www.mojabochnia.pl\/?s={search_term_string}\"},\"query-input\":{\"@type\":\"PropertyValueSpecification\",\"valueRequired\":true,\"valueName\":\"search_term_string\"}}],\"inLanguage\":\"pl-PL\"},{\"@type\":\"Organization\",\"@id\":\"https:\/\/www.mojabochnia.pl\/#organization\",\"name\":\"mojabochnia.pl - portal informacyjny\",\"url\":\"https:\/\/www.mojabochnia.pl\/\",\"logo\":{\"@type\":\"ImageObject\",\"inLanguage\":\"pl-PL\",\"@id\":\"https:\/\/www.mojabochnia.pl\/#\/schema\/logo\/image\/\",\"url\":\"https:\/\/www.mojabochnia.pl\/wp-content\/uploads\/2017\/08\/logo-mb-opt.png\",\"contentUrl\":\"https:\/\/www.mojabochnia.pl\/wp-content\/uploads\/2017\/08\/logo-mb-opt.png\",\"width\":250,\"height\":48,\"caption\":\"mojabochnia.pl - portal informacyjny\"},\"image\":{\"@id\":\"https:\/\/www.mojabochnia.pl\/#\/schema\/logo\/image\/\"},\"sameAs\":[\"https:\/\/www.facebook.com\/mojabochnia\"]},{\"@type\":\"Person\",\"@id\":\"https:\/\/www.mojabochnia.pl\/#\/schema\/person\/ea042e4724a77627963f02166828ead4\",\"name\":\"Pawe\u0142 Michalczyk\",\"url\":\"https:\/\/www.mojabochnia.pl\/?author=4\"}]}<\/script>\n<!-- \/ Yoast SEO plugin. -->","yoast_head_json":{"title":"Wi\u015bnicz: za\u0142o\u017cy\u0142 s\u0105siadom pods\u0142uch - mojabochnia.pl - portal informacyjny","robots":{"index":"index","follow":"follow","max-snippet":"max-snippet:-1","max-image-preview":"max-image-preview:large","max-video-preview":"max-video-preview:-1"},"canonical":"https:\/\/www.mojabochnia.pl\/?p=74091","og_locale":"pl_PL","og_type":"article","og_title":"Wi\u015bnicz: za\u0142o\u017cy\u0142 s\u0105siadom pods\u0142uch - mojabochnia.pl - portal informacyjny","og_description":"Stanis\u0142aw W., mieszkaniec Nowego Wi\u015bnicza, za\u0142o\u017cy\u0142 pods\u0142uch swoim s\u0105siadom. U\u017cy\u0142 do tego celu listwy elektrycznej. Teraz grozi mu do 2 lat wi\u0119zienia.","og_url":"https:\/\/www.mojabochnia.pl\/?p=74091","og_site_name":"mojabochnia.pl - portal informacyjny","article_publisher":"https:\/\/www.facebook.com\/mojabochnia","article_published_time":"2012-06-27T12:07:22+00:00","author":"Pawe\u0142 Michalczyk","twitter_card":"summary_large_image","twitter_misc":{"Written by":"Pawe\u0142 Michalczyk","Est. reading time":"1 minuta"},"schema":{"@context":"https:\/\/schema.org","@graph":[{"@type":"Article","@id":"https:\/\/www.mojabochnia.pl\/?p=74091#article","isPartOf":{"@id":"https:\/\/www.mojabochnia.pl\/?p=74091"},"author":{"name":"Pawe\u0142 Michalczyk","@id":"https:\/\/www.mojabochnia.pl\/#\/schema\/person\/ea042e4724a77627963f02166828ead4"},"headline":"Wi\u015bnicz: za\u0142o\u017cy\u0142 s\u0105siadom pods\u0142uch","datePublished":"2012-06-27T12:07:22+00:00","mainEntityOfPage":{"@id":"https:\/\/www.mojabochnia.pl\/?p=74091"},"wordCount":262,"commentCount":0,"publisher":{"@id":"https:\/\/www.mojabochnia.pl\/#organization"},"keywords":["El\u017cbieta Potoczek-Bara","Nowy Wi\u015bnicz","pods\u0142uch","policja","prokuratura","zarzuty"],"articleSection":["2_ostatnie","polityka i wydarzenia","tematyka"],"inLanguage":"pl-PL","potentialAction":[{"@type":"CommentAction","name":"Comment","target":["https:\/\/www.mojabochnia.pl\/?p=74091#respond"]}]},{"@type":"WebPage","@id":"https:\/\/www.mojabochnia.pl\/?p=74091","url":"https:\/\/www.mojabochnia.pl\/?p=74091","name":"Wi\u015bnicz: za\u0142o\u017cy\u0142 s\u0105siadom pods\u0142uch - mojabochnia.pl - portal informacyjny","isPartOf":{"@id":"https:\/\/www.mojabochnia.pl\/#website"},"datePublished":"2012-06-27T12:07:22+00:00","breadcrumb":{"@id":"https:\/\/www.mojabochnia.pl\/?p=74091#breadcrumb"},"inLanguage":"pl-PL","potentialAction":[{"@type":"ReadAction","target":["https:\/\/www.mojabochnia.pl\/?p=74091"]}]},{"@type":"BreadcrumbList","@id":"https:\/\/www.mojabochnia.pl\/?p=74091#breadcrumb","itemListElement":[{"@type":"ListItem","position":1,"name":"Home","item":"https:\/\/www.mojabochnia.pl\/"},{"@type":"ListItem","position":2,"name":"Wi\u015bnicz: za\u0142o\u017cy\u0142 s\u0105siadom pods\u0142uch"}]},{"@type":"WebSite","@id":"https:\/\/www.mojabochnia.pl\/#website","url":"https:\/\/www.mojabochnia.pl\/","name":"mojabochnia.pl - portal informacyjny","description":"mojaBochnia to portal informacyjny o Bochni. Codziennie o Bochni piszemy i pokazujemy najwa\u017cniejsze wydarzenia","publisher":{"@id":"https:\/\/www.mojabochnia.pl\/#organization"},"potentialAction":[{"@type":"SearchAction","target":{"@type":"EntryPoint","urlTemplate":"https:\/\/www.mojabochnia.pl\/?s={search_term_string}"},"query-input":{"@type":"PropertyValueSpecification","valueRequired":true,"valueName":"search_term_string"}}],"inLanguage":"pl-PL"},{"@type":"Organization","@id":"https:\/\/www.mojabochnia.pl\/#organization","name":"mojabochnia.pl - portal informacyjny","url":"https:\/\/www.mojabochnia.pl\/","logo":{"@type":"ImageObject","inLanguage":"pl-PL","@id":"https:\/\/www.mojabochnia.pl\/#\/schema\/logo\/image\/","url":"https:\/\/www.mojabochnia.pl\/wp-content\/uploads\/2017\/08\/logo-mb-opt.png","contentUrl":"https:\/\/www.mojabochnia.pl\/wp-content\/uploads\/2017\/08\/logo-mb-opt.png","width":250,"height":48,"caption":"mojabochnia.pl - portal informacyjny"},"image":{"@id":"https:\/\/www.mojabochnia.pl\/#\/schema\/logo\/image\/"},"sameAs":["https:\/\/www.facebook.com\/mojabochnia"]},{"@type":"Person","@id":"https:\/\/www.mojabochnia.pl\/#\/schema\/person\/ea042e4724a77627963f02166828ead4","name":"Pawe\u0142 Michalczyk","url":"https:\/\/www.mojabochnia.pl\/?author=4"}]}},"_links":{"self":[{"href":"https:\/\/www.mojabochnia.pl\/index.php?rest_route=\/wp\/v2\/posts\/74091","targetHints":{"allow":["GET"]}}],"collection":[{"href":"https:\/\/www.mojabochnia.pl\/index.php?rest_route=\/wp\/v2\/posts"}],"about":[{"href":"https:\/\/www.mojabochnia.pl\/index.php?rest_route=\/wp\/v2\/types\/post"}],"author":[{"embeddable":true,"href":"https:\/\/www.mojabochnia.pl\/index.php?rest_route=\/wp\/v2\/users\/4"}],"replies":[{"embeddable":true,"href":"https:\/\/www.mojabochnia.pl\/index.php?rest_route=%2Fwp%2Fv2%2Fcomments&post=74091"}],"version-history":[{"count":3,"href":"https:\/\/www.mojabochnia.pl\/index.php?rest_route=\/wp\/v2\/posts\/74091\/revisions"}],"predecessor-version":[{"id":74094,"href":"https:\/\/www.mojabochnia.pl\/index.php?rest_route=\/wp\/v2\/posts\/74091\/revisions\/74094"}],"wp:attachment":[{"href":"https:\/\/www.mojabochnia.pl\/index.php?rest_route=%2Fwp%2Fv2%2Fmedia&parent=74091"}],"wp:term":[{"taxonomy":"category","embeddable":true,"href":"https:\/\/www.mojabochnia.pl\/index.php?rest_route=%2Fwp%2Fv2%2Fcategories&post=74091"},{"taxonomy":"post_tag","embeddable":true,"href":"https:\/\/www.mojabochnia.pl\/index.php?rest_route=%2Fwp%2Fv2%2Ftags&post=74091"}],"curies":[{"name":"wp","href":"https:\/\/api.w.org\/{rel}","templated":true}]}}