{"id":74058,"date":"2012-06-27T12:31:37","date_gmt":"2012-06-27T10:31:37","guid":{"rendered":"http:\/\/www.mojabochnia.pl\/?p=74058"},"modified":"2012-06-27T12:33:58","modified_gmt":"2012-06-27T10:33:58","slug":"zmiany-wikariuszy-dwoch-ksiezy-odejdzie-z-bochni","status":"publish","type":"post","link":"https:\/\/www.mojabochnia.pl\/?p=74058","title":{"rendered":"Zmiany wikariuszy: dw\u00f3ch ksi\u0119\u017cy odejdzie z Bochni"},"content":{"rendered":"<p>Nominacje wr\u0119czy\u0142 26 czerwca kap\u0142anom bp Andrzej Je\u017c, ordynariusz diecezji tarnowskiej. <\/p>\n<p>Z parafii <strong>\u015bw. Miko\u0142aja w Bochni<\/strong> odchodzi ks. Micha\u0142 W\u00f3jcik, kt\u00f3ry po wakacjach b\u0119dzie pracowa\u0142 w parafii \u015bw. El\u017cbiety w Starym S\u0105czu. Na jego miejsce przyb\u0119dzie ks. Tomasz Garwol (obecnie Wielog\u0142owy).<\/p>\n<p>Parafi\u0119 <strong>\u015bw. Paw\u0142a Aposto\u0142a w Bochni <\/strong>opuszcza ks. Piotr Bodziony, kt\u00f3ry zosta\u0142 skierowany do Czarnej Tarnowskiej. Zast\u0105pi go ks. Mariusz Bawo\u0142ek z <strong>Cikowic<\/strong>, kt\u00f3rego z kolei zast\u0105pi ks. Bogus\u0142aw Hajnas (obecnie D\u0142ugo\u0142\u0119ka \u015awierkla).<\/p>\n<p>Zmiana r\u00f3wnie\u017c w <strong>Nowym Wi\u015bniczu<\/strong>. Ks. Tomasz Ko\u017abia\u0142, duszpasterz g\u0142uchych, odchodzi do Nowego S\u0105cza. W jego miejsce przyb\u0119dzie neoprezbiter, ks. Bogus\u0142aw Tokarz z Moszczenicy (w powiecie gorlickim). <\/p>\n<p>Ks. Jan Adamczyk z parafii w <strong>\u0141apczyca<\/strong> zosta\u0142 przeniesiony do parafii Nowy S\u0105cz \u2013 MBB. Zast\u0105pi go ks. \u0141ukasz Bochenek (obecnie parafia Kamionka Wielka).<\/p>\n<p>Parafi\u0119 <strong>\u017begocina<\/strong> opuszcza z kolei ks. Janusz Psonak, kt\u00f3ry przeniesie si\u0119 do pobliskiej Limanowej. Na jego miejsce przyb\u0119dzie ks. Antoni Lelito (Krynica).<\/p>\n<p>Zmiana tak\u017ce w <strong>Rzezawie<\/strong>. Ks. J\u00f3zef Mirek zosta\u0142 skierowany do Sm\u0119gorzowa, a w jego miejsce przyb\u0119dzie ks. Wojciech Wolak (Ochotnica Dolna).<\/p>\n<p>Zmiany personalne wikariuszy wchodz\u0105 w \u017cycie z dniem 1 wrze\u015bnia.<\/p>\n","protected":false},"excerpt":{"rendered":"<p>Dwie boche\u0144skie parafie: \u015bw. Miko\u0142aja i \u015bw. Paw\u0142a b\u0119d\u0105 mia\u0142y nowych duszpasterzy. Zmiany r\u00f3wnie\u017c w Nowym Wi\u015bniczu, \u0141apczycy, Cikowicach, Rzezawie i \u017begocinie.<\/p>\n","protected":false},"author":4,"featured_media":0,"comment_status":"open","ping_status":"closed","sticky":false,"template":"","format":"standard","meta":{"_acf_changed":false,"footnotes":""},"categories":[5,6250,1342],"tags":[17708,17998,11114,17682,1827,17392,4783],"class_list":["post-74058","post","type-post","status-publish","format-standard","hentry","category-biezace-wydarzenia","category-tematyka","category-zycie-religijne","tag-biskup","tag-bp-andrzej-jez","tag-ks-michal-wojcik","tag-ksiadz","tag-nominacja","tag-parafia","tag-wikariusz","main_tag-ksiadz"],"acf":[],"yoast_head":"<!-- This site is optimized with the Yoast SEO plugin v26.9 - https:\/\/yoast.com\/product\/yoast-seo-wordpress\/ -->\n<title>Zmiany wikariuszy: dw\u00f3ch ksi\u0119\u017cy odejdzie z Bochni - mojabochnia.pl - portal informacyjny<\/title>\n<meta name=\"robots\" content=\"index, follow, max-snippet:-1, max-image-preview:large, max-video-preview:-1\" \/>\n<link rel=\"canonical\" href=\"https:\/\/www.mojabochnia.pl\/?p=74058\" \/>\n<meta property=\"og:locale\" content=\"pl_PL\" \/>\n<meta property=\"og:type\" content=\"article\" \/>\n<meta property=\"og:title\" content=\"Zmiany wikariuszy: dw\u00f3ch ksi\u0119\u017cy odejdzie z Bochni - mojabochnia.pl - portal informacyjny\" \/>\n<meta property=\"og:description\" content=\"Dwie boche\u0144skie parafie: \u015bw. Miko\u0142aja i \u015bw. Paw\u0142a b\u0119d\u0105 mia\u0142y nowych duszpasterzy. Zmiany r\u00f3wnie\u017c w Nowym Wi\u015bniczu, \u0141apczycy, Cikowicach, Rzezawie i \u017begocinie.\" \/>\n<meta property=\"og:url\" content=\"https:\/\/www.mojabochnia.pl\/?p=74058\" \/>\n<meta property=\"og:site_name\" content=\"mojabochnia.pl - portal informacyjny\" \/>\n<meta property=\"article:publisher\" content=\"https:\/\/www.facebook.com\/mojabochnia\" \/>\n<meta property=\"article:published_time\" content=\"2012-06-27T10:31:37+00:00\" \/>\n<meta property=\"article:modified_time\" content=\"2012-06-27T10:33:58+00:00\" \/>\n<meta name=\"author\" content=\"Pawe\u0142 Michalczyk\" \/>\n<meta name=\"twitter:card\" content=\"summary_large_image\" \/>\n<meta name=\"twitter:label1\" content=\"Written by\" \/>\n\t<meta name=\"twitter:data1\" content=\"Pawe\u0142 Michalczyk\" \/>\n\t<meta name=\"twitter:label2\" content=\"Est. reading time\" \/>\n\t<meta name=\"twitter:data2\" content=\"1 minuta\" \/>\n<script type=\"application\/ld+json\" class=\"yoast-schema-graph\">{\"@context\":\"https:\/\/schema.org\",\"@graph\":[{\"@type\":\"Article\",\"@id\":\"https:\/\/www.mojabochnia.pl\/?p=74058#article\",\"isPartOf\":{\"@id\":\"https:\/\/www.mojabochnia.pl\/?p=74058\"},\"author\":{\"name\":\"Pawe\u0142 Michalczyk\",\"@id\":\"https:\/\/www.mojabochnia.pl\/#\/schema\/person\/ea042e4724a77627963f02166828ead4\"},\"headline\":\"Zmiany wikariuszy: dw\u00f3ch ksi\u0119\u017cy odejdzie z Bochni\",\"datePublished\":\"2012-06-27T10:31:37+00:00\",\"dateModified\":\"2012-06-27T10:33:58+00:00\",\"mainEntityOfPage\":{\"@id\":\"https:\/\/www.mojabochnia.pl\/?p=74058\"},\"wordCount\":221,\"commentCount\":0,\"publisher\":{\"@id\":\"https:\/\/www.mojabochnia.pl\/#organization\"},\"keywords\":[\"biskup\",\"bp andrzej je\u017c\",\"ks. micha\u0142 w\u00f3jcik\",\"ksi\u0105dz\",\"nominacja\",\"parafia\",\"wikariusz\"],\"articleSection\":[\"2_ostatnie\",\"tematyka\",\"\u017bycie religijne\"],\"inLanguage\":\"pl-PL\",\"potentialAction\":[{\"@type\":\"CommentAction\",\"name\":\"Comment\",\"target\":[\"https:\/\/www.mojabochnia.pl\/?p=74058#respond\"]}]},{\"@type\":\"WebPage\",\"@id\":\"https:\/\/www.mojabochnia.pl\/?p=74058\",\"url\":\"https:\/\/www.mojabochnia.pl\/?p=74058\",\"name\":\"Zmiany wikariuszy: dw\u00f3ch ksi\u0119\u017cy odejdzie z Bochni - mojabochnia.pl - portal informacyjny\",\"isPartOf\":{\"@id\":\"https:\/\/www.mojabochnia.pl\/#website\"},\"datePublished\":\"2012-06-27T10:31:37+00:00\",\"dateModified\":\"2012-06-27T10:33:58+00:00\",\"breadcrumb\":{\"@id\":\"https:\/\/www.mojabochnia.pl\/?p=74058#breadcrumb\"},\"inLanguage\":\"pl-PL\",\"potentialAction\":[{\"@type\":\"ReadAction\",\"target\":[\"https:\/\/www.mojabochnia.pl\/?p=74058\"]}]},{\"@type\":\"BreadcrumbList\",\"@id\":\"https:\/\/www.mojabochnia.pl\/?p=74058#breadcrumb\",\"itemListElement\":[{\"@type\":\"ListItem\",\"position\":1,\"name\":\"Home\",\"item\":\"https:\/\/www.mojabochnia.pl\/\"},{\"@type\":\"ListItem\",\"position\":2,\"name\":\"Zmiany wikariuszy: dw\u00f3ch ksi\u0119\u017cy odejdzie z Bochni\"}]},{\"@type\":\"WebSite\",\"@id\":\"https:\/\/www.mojabochnia.pl\/#website\",\"url\":\"https:\/\/www.mojabochnia.pl\/\",\"name\":\"mojabochnia.pl - portal informacyjny\",\"description\":\"mojaBochnia to portal informacyjny o Bochni. Codziennie o Bochni piszemy i pokazujemy najwa\u017cniejsze wydarzenia\",\"publisher\":{\"@id\":\"https:\/\/www.mojabochnia.pl\/#organization\"},\"potentialAction\":[{\"@type\":\"SearchAction\",\"target\":{\"@type\":\"EntryPoint\",\"urlTemplate\":\"https:\/\/www.mojabochnia.pl\/?s={search_term_string}\"},\"query-input\":{\"@type\":\"PropertyValueSpecification\",\"valueRequired\":true,\"valueName\":\"search_term_string\"}}],\"inLanguage\":\"pl-PL\"},{\"@type\":\"Organization\",\"@id\":\"https:\/\/www.mojabochnia.pl\/#organization\",\"name\":\"mojabochnia.pl - portal informacyjny\",\"url\":\"https:\/\/www.mojabochnia.pl\/\",\"logo\":{\"@type\":\"ImageObject\",\"inLanguage\":\"pl-PL\",\"@id\":\"https:\/\/www.mojabochnia.pl\/#\/schema\/logo\/image\/\",\"url\":\"https:\/\/www.mojabochnia.pl\/wp-content\/uploads\/2017\/08\/logo-mb-opt.png\",\"contentUrl\":\"https:\/\/www.mojabochnia.pl\/wp-content\/uploads\/2017\/08\/logo-mb-opt.png\",\"width\":250,\"height\":48,\"caption\":\"mojabochnia.pl - portal informacyjny\"},\"image\":{\"@id\":\"https:\/\/www.mojabochnia.pl\/#\/schema\/logo\/image\/\"},\"sameAs\":[\"https:\/\/www.facebook.com\/mojabochnia\"]},{\"@type\":\"Person\",\"@id\":\"https:\/\/www.mojabochnia.pl\/#\/schema\/person\/ea042e4724a77627963f02166828ead4\",\"name\":\"Pawe\u0142 Michalczyk\",\"url\":\"https:\/\/www.mojabochnia.pl\/?author=4\"}]}<\/script>\n<!-- \/ Yoast SEO plugin. -->","yoast_head_json":{"title":"Zmiany wikariuszy: dw\u00f3ch ksi\u0119\u017cy odejdzie z Bochni - mojabochnia.pl - portal informacyjny","robots":{"index":"index","follow":"follow","max-snippet":"max-snippet:-1","max-image-preview":"max-image-preview:large","max-video-preview":"max-video-preview:-1"},"canonical":"https:\/\/www.mojabochnia.pl\/?p=74058","og_locale":"pl_PL","og_type":"article","og_title":"Zmiany wikariuszy: dw\u00f3ch ksi\u0119\u017cy odejdzie z Bochni - mojabochnia.pl - portal informacyjny","og_description":"Dwie boche\u0144skie parafie: \u015bw. Miko\u0142aja i \u015bw. Paw\u0142a b\u0119d\u0105 mia\u0142y nowych duszpasterzy. Zmiany r\u00f3wnie\u017c w Nowym Wi\u015bniczu, \u0141apczycy, Cikowicach, Rzezawie i \u017begocinie.","og_url":"https:\/\/www.mojabochnia.pl\/?p=74058","og_site_name":"mojabochnia.pl - portal informacyjny","article_publisher":"https:\/\/www.facebook.com\/mojabochnia","article_published_time":"2012-06-27T10:31:37+00:00","article_modified_time":"2012-06-27T10:33:58+00:00","author":"Pawe\u0142 Michalczyk","twitter_card":"summary_large_image","twitter_misc":{"Written by":"Pawe\u0142 Michalczyk","Est. reading time":"1 minuta"},"schema":{"@context":"https:\/\/schema.org","@graph":[{"@type":"Article","@id":"https:\/\/www.mojabochnia.pl\/?p=74058#article","isPartOf":{"@id":"https:\/\/www.mojabochnia.pl\/?p=74058"},"author":{"name":"Pawe\u0142 Michalczyk","@id":"https:\/\/www.mojabochnia.pl\/#\/schema\/person\/ea042e4724a77627963f02166828ead4"},"headline":"Zmiany wikariuszy: dw\u00f3ch ksi\u0119\u017cy odejdzie z Bochni","datePublished":"2012-06-27T10:31:37+00:00","dateModified":"2012-06-27T10:33:58+00:00","mainEntityOfPage":{"@id":"https:\/\/www.mojabochnia.pl\/?p=74058"},"wordCount":221,"commentCount":0,"publisher":{"@id":"https:\/\/www.mojabochnia.pl\/#organization"},"keywords":["biskup","bp andrzej je\u017c","ks. micha\u0142 w\u00f3jcik","ksi\u0105dz","nominacja","parafia","wikariusz"],"articleSection":["2_ostatnie","tematyka","\u017bycie religijne"],"inLanguage":"pl-PL","potentialAction":[{"@type":"CommentAction","name":"Comment","target":["https:\/\/www.mojabochnia.pl\/?p=74058#respond"]}]},{"@type":"WebPage","@id":"https:\/\/www.mojabochnia.pl\/?p=74058","url":"https:\/\/www.mojabochnia.pl\/?p=74058","name":"Zmiany wikariuszy: dw\u00f3ch ksi\u0119\u017cy odejdzie z Bochni - mojabochnia.pl - portal informacyjny","isPartOf":{"@id":"https:\/\/www.mojabochnia.pl\/#website"},"datePublished":"2012-06-27T10:31:37+00:00","dateModified":"2012-06-27T10:33:58+00:00","breadcrumb":{"@id":"https:\/\/www.mojabochnia.pl\/?p=74058#breadcrumb"},"inLanguage":"pl-PL","potentialAction":[{"@type":"ReadAction","target":["https:\/\/www.mojabochnia.pl\/?p=74058"]}]},{"@type":"BreadcrumbList","@id":"https:\/\/www.mojabochnia.pl\/?p=74058#breadcrumb","itemListElement":[{"@type":"ListItem","position":1,"name":"Home","item":"https:\/\/www.mojabochnia.pl\/"},{"@type":"ListItem","position":2,"name":"Zmiany wikariuszy: dw\u00f3ch ksi\u0119\u017cy odejdzie z Bochni"}]},{"@type":"WebSite","@id":"https:\/\/www.mojabochnia.pl\/#website","url":"https:\/\/www.mojabochnia.pl\/","name":"mojabochnia.pl - portal informacyjny","description":"mojaBochnia to portal informacyjny o Bochni. Codziennie o Bochni piszemy i pokazujemy najwa\u017cniejsze wydarzenia","publisher":{"@id":"https:\/\/www.mojabochnia.pl\/#organization"},"potentialAction":[{"@type":"SearchAction","target":{"@type":"EntryPoint","urlTemplate":"https:\/\/www.mojabochnia.pl\/?s={search_term_string}"},"query-input":{"@type":"PropertyValueSpecification","valueRequired":true,"valueName":"search_term_string"}}],"inLanguage":"pl-PL"},{"@type":"Organization","@id":"https:\/\/www.mojabochnia.pl\/#organization","name":"mojabochnia.pl - portal informacyjny","url":"https:\/\/www.mojabochnia.pl\/","logo":{"@type":"ImageObject","inLanguage":"pl-PL","@id":"https:\/\/www.mojabochnia.pl\/#\/schema\/logo\/image\/","url":"https:\/\/www.mojabochnia.pl\/wp-content\/uploads\/2017\/08\/logo-mb-opt.png","contentUrl":"https:\/\/www.mojabochnia.pl\/wp-content\/uploads\/2017\/08\/logo-mb-opt.png","width":250,"height":48,"caption":"mojabochnia.pl - portal informacyjny"},"image":{"@id":"https:\/\/www.mojabochnia.pl\/#\/schema\/logo\/image\/"},"sameAs":["https:\/\/www.facebook.com\/mojabochnia"]},{"@type":"Person","@id":"https:\/\/www.mojabochnia.pl\/#\/schema\/person\/ea042e4724a77627963f02166828ead4","name":"Pawe\u0142 Michalczyk","url":"https:\/\/www.mojabochnia.pl\/?author=4"}]}},"_links":{"self":[{"href":"https:\/\/www.mojabochnia.pl\/index.php?rest_route=\/wp\/v2\/posts\/74058","targetHints":{"allow":["GET"]}}],"collection":[{"href":"https:\/\/www.mojabochnia.pl\/index.php?rest_route=\/wp\/v2\/posts"}],"about":[{"href":"https:\/\/www.mojabochnia.pl\/index.php?rest_route=\/wp\/v2\/types\/post"}],"author":[{"embeddable":true,"href":"https:\/\/www.mojabochnia.pl\/index.php?rest_route=\/wp\/v2\/users\/4"}],"replies":[{"embeddable":true,"href":"https:\/\/www.mojabochnia.pl\/index.php?rest_route=%2Fwp%2Fv2%2Fcomments&post=74058"}],"version-history":[{"count":7,"href":"https:\/\/www.mojabochnia.pl\/index.php?rest_route=\/wp\/v2\/posts\/74058\/revisions"}],"predecessor-version":[{"id":74064,"href":"https:\/\/www.mojabochnia.pl\/index.php?rest_route=\/wp\/v2\/posts\/74058\/revisions\/74064"}],"wp:attachment":[{"href":"https:\/\/www.mojabochnia.pl\/index.php?rest_route=%2Fwp%2Fv2%2Fmedia&parent=74058"}],"wp:term":[{"taxonomy":"category","embeddable":true,"href":"https:\/\/www.mojabochnia.pl\/index.php?rest_route=%2Fwp%2Fv2%2Fcategories&post=74058"},{"taxonomy":"post_tag","embeddable":true,"href":"https:\/\/www.mojabochnia.pl\/index.php?rest_route=%2Fwp%2Fv2%2Ftags&post=74058"}],"curies":[{"name":"wp","href":"https:\/\/api.w.org\/{rel}","templated":true}]}}