{"id":7403,"date":"2009-04-06T16:10:00","date_gmt":"2009-04-06T14:10:00","guid":{"rendered":"http:\/\/www.mojabochnia.pl\/?p=7403"},"modified":"2009-04-06T14:35:35","modified_gmt":"2009-04-06T12:35:35","slug":"wystawa-wielkanocna-w-galerii-%e2%80%9echelm%e2%80%9d","status":"publish","type":"post","link":"https:\/\/www.mojabochnia.pl\/?p=7403","title":{"rendered":"Wystawa Wielkanocna w Galerii \u201eChe\u0142m\u201d"},"content":{"rendered":"<p>Wystawa zosta\u0142a zorganizowana ju\u017c dziewi\u0119tnasty raz przez Gminne Centrum Kultury, Czytelnictwa i Sportu w Bochni. Najlepsze prace konkursu o nazwie \u201ePisanka Ludowa i Plastyka Obrz\u0119dowa zwi\u0105zana z okresem Wielkanocy\u201d wy\u0142oni\u0142o jury w sk\u0142adzie:  Bernadetta Gaw\u0105d \u2013 plastyk MDK Bochnia, Halina Dudzic \u2013 plastyk, Paulina Urba\u0144czyk \u2013 plastyk. &#8211; <em>Przede wszystkim g\u0142\u00f3wn\u0105 ide\u0105 konkursu jest kultywowanie tradycji. Prac nap\u0142yn\u0119\u0142a ca\u0142a masa, mieli\u015bmy wielki problem, przy wyborze najlepszych<\/em> \u2013 powiedzia\u0142a Halina Dudzic z GCKCiS.<\/p>\n<p>Na zbiorowe wyr\u00f3\u017cnienie zas\u0142u\u017cy\u0142y \u015bwietlice z Brze\u017anicy, Cikowic, \u0141apczycy, Moszczenicy, Siedlca, biblioteka z \u0141apczycy oraz Galeria Che\u0142m.<\/p>\n<p>Wyr\u00f3\u017cnienia indywidualne<\/p>\n<p>&#8211; w kategorii pisanka tradycyjna:<br \/>\nPatrycja Gwarek (Brze\u017anica), Jolanta Wojas (Cikowice), Marta Oleksik (Moszczenica), Anna Gajek (Nieszkowice Ma\u0142e), Barbara Rybka (Siedlec), Joanna Kuchnik (Buczyna), Anna Ga\u0142\u0105zka (\u0141apczyca), Paulina Stanowska (\u0141apczyca), Wanda Herdan (Che\u0142m)<\/p>\n<p>&#8211; w kategorii jajka zdobione r\u00f3\u017cnymi technikami:<br \/>\nKatarzyna Oleksik (Moszczenica), Martyna Kmiecik (Cikowice), Helena Filipska (Wola Nieszkowska)<\/p>\n<p>&#8211; w kategorii plastyka obrz\u0119dowa (palmy, ciasta)<br \/>\nJadwiga \u015alizowska (Bess\u00f3w), Maria Zaj\u0105c (Moszczenica), Dorota, Zbigniew W\u0105sik, S\u0142awomir Migda\u0142 (Siedlec), Maria Sieczka (Wola Nieszkowska), Maria Wr\u00f3bel, Jacek Wr\u00f3bel (\u0141apczyca), Renata Worwa (Siedlec), Karolina Palej (Gaw\u0142\u00f3w)<\/p>\n<p>&#8211; kategorii dekoracje \u015bwi\u0105teczne:<br \/>\nMonika \u015acis\u0142o (Gorzk\u00f3w), Katarzyna Wr\u00f3bel (S\u0142omka), Partyk Tobiasz (Zatoka), Julia Skoczy\u0144ska (Majkowice), Katarzyna Pleba\u0144czyk (Majkowice), Julia Ponisz (Siedlec ), Anna Kujacz (Cikowice), Maciej Kotelon (Cerekiew), Maria Fio\u0142ek (Moszczenica), Bogus\u0142awa Janik (Moszczenica), Halina Lis (Brze\u017anica), Anna Wa\u015bko (Brze\u017anica), Lucyna, Agnieszka Smaga (Siedlec), Wioletta Kotara (Cerekiew), Magdalena Szyma\u0144ska  (Siedlec), Justyna Fio\u0142ek (Baczk\u00f3w)<\/p>\n","protected":false},"excerpt":{"rendered":"<p>W ubieg\u0142y czwartek w Galerii \u201eChe\u0142m\u201d zosta\u0142a otwarta wystawa prac Wielkanocnych. R\u00f3wnie\u017c w tym dniu zosta\u0142 rozstrzygni\u0119ty konkurs o tematyce \u015bwi\u0105tecznej.<\/p>\n","protected":false},"author":1,"featured_media":0,"comment_status":"open","ping_status":"closed","sticky":false,"template":"","format":"standard","meta":{"_acf_changed":false,"footnotes":""},"categories":[92],"tags":[3349,17162,17275,3071,1047,1953,3196,3198,2564,781,17157],"class_list":["post-7403","post","type-post","status-publish","format-standard","hentry","category-kultura","tag-bernadetta-gawad","tag-biblioteka","tag-galeria-chelm","tag-gminne-centrum-kultury-czytelnictwa-i-sportu","tag-jury","tag-paulina-urbanczyk","tag-pisanki","tag-prace","tag-prace-plastyczne","tag-tradycja","tag-wystawa"],"acf":[],"yoast_head":"<!-- This site is optimized with the Yoast SEO plugin v26.9 - https:\/\/yoast.com\/product\/yoast-seo-wordpress\/ -->\n<title>Wystawa Wielkanocna w Galerii \u201eChe\u0142m\u201d - mojabochnia.pl - portal informacyjny<\/title>\n<meta name=\"robots\" content=\"index, follow, max-snippet:-1, max-image-preview:large, max-video-preview:-1\" \/>\n<link rel=\"canonical\" href=\"https:\/\/www.mojabochnia.pl\/?p=7403\" \/>\n<meta property=\"og:locale\" content=\"pl_PL\" \/>\n<meta property=\"og:type\" content=\"article\" \/>\n<meta property=\"og:title\" content=\"Wystawa Wielkanocna w Galerii \u201eChe\u0142m\u201d - mojabochnia.pl - portal informacyjny\" \/>\n<meta property=\"og:description\" content=\"W ubieg\u0142y czwartek w Galerii \u201eChe\u0142m\u201d zosta\u0142a otwarta wystawa prac Wielkanocnych. R\u00f3wnie\u017c w tym dniu zosta\u0142 rozstrzygni\u0119ty konkurs o tematyce \u015bwi\u0105tecznej.\" \/>\n<meta property=\"og:url\" content=\"https:\/\/www.mojabochnia.pl\/?p=7403\" \/>\n<meta property=\"og:site_name\" content=\"mojabochnia.pl - portal informacyjny\" \/>\n<meta property=\"article:publisher\" content=\"https:\/\/www.facebook.com\/mojabochnia\" \/>\n<meta property=\"article:published_time\" content=\"2009-04-06T14:10:00+00:00\" \/>\n<meta name=\"author\" content=\"administrator\" \/>\n<meta name=\"twitter:card\" content=\"summary_large_image\" \/>\n<meta name=\"twitter:label1\" content=\"Written by\" \/>\n\t<meta name=\"twitter:data1\" content=\"administrator\" \/>\n\t<meta name=\"twitter:label2\" content=\"Est. reading time\" \/>\n\t<meta name=\"twitter:data2\" content=\"1 minuta\" \/>\n<script type=\"application\/ld+json\" class=\"yoast-schema-graph\">{\"@context\":\"https:\/\/schema.org\",\"@graph\":[{\"@type\":\"Article\",\"@id\":\"https:\/\/www.mojabochnia.pl\/?p=7403#article\",\"isPartOf\":{\"@id\":\"https:\/\/www.mojabochnia.pl\/?p=7403\"},\"author\":{\"name\":\"administrator\",\"@id\":\"https:\/\/www.mojabochnia.pl\/#\/schema\/person\/c00e1f64e6fa0e6de6d410f2c340017f\"},\"headline\":\"Wystawa Wielkanocna w Galerii \u201eChe\u0142m\u201d\",\"datePublished\":\"2009-04-06T14:10:00+00:00\",\"mainEntityOfPage\":{\"@id\":\"https:\/\/www.mojabochnia.pl\/?p=7403\"},\"wordCount\":280,\"commentCount\":1,\"publisher\":{\"@id\":\"https:\/\/www.mojabochnia.pl\/#organization\"},\"keywords\":[\"bernadetta gaw\u0105d\",\"biblioteka\",\"galeria che\u0142m\",\"gminne centrum kultury czytelnictwa i sportu\",\"jury\",\"paulina urba\u0144czyk\",\"pisanki\",\"prace\",\"prace plastyczne\",\"tradycja\",\"wystawa\"],\"articleSection\":[\"kultura\"],\"inLanguage\":\"pl-PL\",\"potentialAction\":[{\"@type\":\"CommentAction\",\"name\":\"Comment\",\"target\":[\"https:\/\/www.mojabochnia.pl\/?p=7403#respond\"]}]},{\"@type\":\"WebPage\",\"@id\":\"https:\/\/www.mojabochnia.pl\/?p=7403\",\"url\":\"https:\/\/www.mojabochnia.pl\/?p=7403\",\"name\":\"Wystawa Wielkanocna w Galerii \u201eChe\u0142m\u201d - mojabochnia.pl - portal informacyjny\",\"isPartOf\":{\"@id\":\"https:\/\/www.mojabochnia.pl\/#website\"},\"datePublished\":\"2009-04-06T14:10:00+00:00\",\"breadcrumb\":{\"@id\":\"https:\/\/www.mojabochnia.pl\/?p=7403#breadcrumb\"},\"inLanguage\":\"pl-PL\",\"potentialAction\":[{\"@type\":\"ReadAction\",\"target\":[\"https:\/\/www.mojabochnia.pl\/?p=7403\"]}]},{\"@type\":\"BreadcrumbList\",\"@id\":\"https:\/\/www.mojabochnia.pl\/?p=7403#breadcrumb\",\"itemListElement\":[{\"@type\":\"ListItem\",\"position\":1,\"name\":\"Home\",\"item\":\"https:\/\/www.mojabochnia.pl\/\"},{\"@type\":\"ListItem\",\"position\":2,\"name\":\"Wystawa Wielkanocna w Galerii \u201eChe\u0142m\u201d\"}]},{\"@type\":\"WebSite\",\"@id\":\"https:\/\/www.mojabochnia.pl\/#website\",\"url\":\"https:\/\/www.mojabochnia.pl\/\",\"name\":\"mojabochnia.pl - portal informacyjny\",\"description\":\"mojaBochnia to portal informacyjny o Bochni. Codziennie o Bochni piszemy i pokazujemy najwa\u017cniejsze wydarzenia\",\"publisher\":{\"@id\":\"https:\/\/www.mojabochnia.pl\/#organization\"},\"potentialAction\":[{\"@type\":\"SearchAction\",\"target\":{\"@type\":\"EntryPoint\",\"urlTemplate\":\"https:\/\/www.mojabochnia.pl\/?s={search_term_string}\"},\"query-input\":{\"@type\":\"PropertyValueSpecification\",\"valueRequired\":true,\"valueName\":\"search_term_string\"}}],\"inLanguage\":\"pl-PL\"},{\"@type\":\"Organization\",\"@id\":\"https:\/\/www.mojabochnia.pl\/#organization\",\"name\":\"mojabochnia.pl - portal informacyjny\",\"url\":\"https:\/\/www.mojabochnia.pl\/\",\"logo\":{\"@type\":\"ImageObject\",\"inLanguage\":\"pl-PL\",\"@id\":\"https:\/\/www.mojabochnia.pl\/#\/schema\/logo\/image\/\",\"url\":\"https:\/\/www.mojabochnia.pl\/wp-content\/uploads\/2017\/08\/logo-mb-opt.png\",\"contentUrl\":\"https:\/\/www.mojabochnia.pl\/wp-content\/uploads\/2017\/08\/logo-mb-opt.png\",\"width\":250,\"height\":48,\"caption\":\"mojabochnia.pl - portal informacyjny\"},\"image\":{\"@id\":\"https:\/\/www.mojabochnia.pl\/#\/schema\/logo\/image\/\"},\"sameAs\":[\"https:\/\/www.facebook.com\/mojabochnia\"]},{\"@type\":\"Person\",\"@id\":\"https:\/\/www.mojabochnia.pl\/#\/schema\/person\/c00e1f64e6fa0e6de6d410f2c340017f\",\"name\":\"administrator\",\"url\":\"https:\/\/www.mojabochnia.pl\/?author=1\"}]}<\/script>\n<!-- \/ Yoast SEO plugin. -->","yoast_head_json":{"title":"Wystawa Wielkanocna w Galerii \u201eChe\u0142m\u201d - mojabochnia.pl - portal informacyjny","robots":{"index":"index","follow":"follow","max-snippet":"max-snippet:-1","max-image-preview":"max-image-preview:large","max-video-preview":"max-video-preview:-1"},"canonical":"https:\/\/www.mojabochnia.pl\/?p=7403","og_locale":"pl_PL","og_type":"article","og_title":"Wystawa Wielkanocna w Galerii \u201eChe\u0142m\u201d - mojabochnia.pl - portal informacyjny","og_description":"W ubieg\u0142y czwartek w Galerii \u201eChe\u0142m\u201d zosta\u0142a otwarta wystawa prac Wielkanocnych. R\u00f3wnie\u017c w tym dniu zosta\u0142 rozstrzygni\u0119ty konkurs o tematyce \u015bwi\u0105tecznej.","og_url":"https:\/\/www.mojabochnia.pl\/?p=7403","og_site_name":"mojabochnia.pl - portal informacyjny","article_publisher":"https:\/\/www.facebook.com\/mojabochnia","article_published_time":"2009-04-06T14:10:00+00:00","author":"administrator","twitter_card":"summary_large_image","twitter_misc":{"Written by":"administrator","Est. reading time":"1 minuta"},"schema":{"@context":"https:\/\/schema.org","@graph":[{"@type":"Article","@id":"https:\/\/www.mojabochnia.pl\/?p=7403#article","isPartOf":{"@id":"https:\/\/www.mojabochnia.pl\/?p=7403"},"author":{"name":"administrator","@id":"https:\/\/www.mojabochnia.pl\/#\/schema\/person\/c00e1f64e6fa0e6de6d410f2c340017f"},"headline":"Wystawa Wielkanocna w Galerii \u201eChe\u0142m\u201d","datePublished":"2009-04-06T14:10:00+00:00","mainEntityOfPage":{"@id":"https:\/\/www.mojabochnia.pl\/?p=7403"},"wordCount":280,"commentCount":1,"publisher":{"@id":"https:\/\/www.mojabochnia.pl\/#organization"},"keywords":["bernadetta gaw\u0105d","biblioteka","galeria che\u0142m","gminne centrum kultury czytelnictwa i sportu","jury","paulina urba\u0144czyk","pisanki","prace","prace plastyczne","tradycja","wystawa"],"articleSection":["kultura"],"inLanguage":"pl-PL","potentialAction":[{"@type":"CommentAction","name":"Comment","target":["https:\/\/www.mojabochnia.pl\/?p=7403#respond"]}]},{"@type":"WebPage","@id":"https:\/\/www.mojabochnia.pl\/?p=7403","url":"https:\/\/www.mojabochnia.pl\/?p=7403","name":"Wystawa Wielkanocna w Galerii \u201eChe\u0142m\u201d - mojabochnia.pl - portal informacyjny","isPartOf":{"@id":"https:\/\/www.mojabochnia.pl\/#website"},"datePublished":"2009-04-06T14:10:00+00:00","breadcrumb":{"@id":"https:\/\/www.mojabochnia.pl\/?p=7403#breadcrumb"},"inLanguage":"pl-PL","potentialAction":[{"@type":"ReadAction","target":["https:\/\/www.mojabochnia.pl\/?p=7403"]}]},{"@type":"BreadcrumbList","@id":"https:\/\/www.mojabochnia.pl\/?p=7403#breadcrumb","itemListElement":[{"@type":"ListItem","position":1,"name":"Home","item":"https:\/\/www.mojabochnia.pl\/"},{"@type":"ListItem","position":2,"name":"Wystawa Wielkanocna w Galerii \u201eChe\u0142m\u201d"}]},{"@type":"WebSite","@id":"https:\/\/www.mojabochnia.pl\/#website","url":"https:\/\/www.mojabochnia.pl\/","name":"mojabochnia.pl - portal informacyjny","description":"mojaBochnia to portal informacyjny o Bochni. Codziennie o Bochni piszemy i pokazujemy najwa\u017cniejsze wydarzenia","publisher":{"@id":"https:\/\/www.mojabochnia.pl\/#organization"},"potentialAction":[{"@type":"SearchAction","target":{"@type":"EntryPoint","urlTemplate":"https:\/\/www.mojabochnia.pl\/?s={search_term_string}"},"query-input":{"@type":"PropertyValueSpecification","valueRequired":true,"valueName":"search_term_string"}}],"inLanguage":"pl-PL"},{"@type":"Organization","@id":"https:\/\/www.mojabochnia.pl\/#organization","name":"mojabochnia.pl - portal informacyjny","url":"https:\/\/www.mojabochnia.pl\/","logo":{"@type":"ImageObject","inLanguage":"pl-PL","@id":"https:\/\/www.mojabochnia.pl\/#\/schema\/logo\/image\/","url":"https:\/\/www.mojabochnia.pl\/wp-content\/uploads\/2017\/08\/logo-mb-opt.png","contentUrl":"https:\/\/www.mojabochnia.pl\/wp-content\/uploads\/2017\/08\/logo-mb-opt.png","width":250,"height":48,"caption":"mojabochnia.pl - portal informacyjny"},"image":{"@id":"https:\/\/www.mojabochnia.pl\/#\/schema\/logo\/image\/"},"sameAs":["https:\/\/www.facebook.com\/mojabochnia"]},{"@type":"Person","@id":"https:\/\/www.mojabochnia.pl\/#\/schema\/person\/c00e1f64e6fa0e6de6d410f2c340017f","name":"administrator","url":"https:\/\/www.mojabochnia.pl\/?author=1"}]}},"_links":{"self":[{"href":"https:\/\/www.mojabochnia.pl\/index.php?rest_route=\/wp\/v2\/posts\/7403","targetHints":{"allow":["GET"]}}],"collection":[{"href":"https:\/\/www.mojabochnia.pl\/index.php?rest_route=\/wp\/v2\/posts"}],"about":[{"href":"https:\/\/www.mojabochnia.pl\/index.php?rest_route=\/wp\/v2\/types\/post"}],"author":[{"embeddable":true,"href":"https:\/\/www.mojabochnia.pl\/index.php?rest_route=\/wp\/v2\/users\/1"}],"replies":[{"embeddable":true,"href":"https:\/\/www.mojabochnia.pl\/index.php?rest_route=%2Fwp%2Fv2%2Fcomments&post=7403"}],"version-history":[{"count":0,"href":"https:\/\/www.mojabochnia.pl\/index.php?rest_route=\/wp\/v2\/posts\/7403\/revisions"}],"wp:attachment":[{"href":"https:\/\/www.mojabochnia.pl\/index.php?rest_route=%2Fwp%2Fv2%2Fmedia&parent=7403"}],"wp:term":[{"taxonomy":"category","embeddable":true,"href":"https:\/\/www.mojabochnia.pl\/index.php?rest_route=%2Fwp%2Fv2%2Fcategories&post=7403"},{"taxonomy":"post_tag","embeddable":true,"href":"https:\/\/www.mojabochnia.pl\/index.php?rest_route=%2Fwp%2Fv2%2Ftags&post=7403"}],"curies":[{"name":"wp","href":"https:\/\/api.w.org\/{rel}","templated":true}]}}