{"id":74007,"date":"2012-06-26T10:25:20","date_gmt":"2012-06-26T08:25:20","guid":{"rendered":"http:\/\/www.mojabochnia.pl\/?p=74007"},"modified":"2012-06-26T10:26:25","modified_gmt":"2012-06-26T08:26:25","slug":"dkf-barcelona-whita-stillmana","status":"publish","type":"post","link":"https:\/\/www.mojabochnia.pl\/?p=74007","title":{"rendered":"DKF: &#8222;Barcelona&#8221; Whita Stillmana"},"content":{"rendered":"<p>Stillman jest tw\u00f3rc\u0105 eksploruj\u0105cym w g\u0142\u00f3wnej mierze \u017cycie wy\u017cszych sfer w USA. &#8222;Barcelona&#8221; jest jego drugim filmem, po debiutanckim &#8222;Metropolitan&#8221; (1990), nominowanym do Oskara za najlepszy scenariusz.<\/p>\n<p>O filmie najbardziej znany ameryka\u0144ski krytyk, Roger Ebert, pisa\u0142: &#8222;<em>Widzia\u0142em 'Barcelon\u0119&#8217; dwa razy. Za drugim zadzia\u0142a\u0142a jeszcze lepiej. Z pocz\u0105tku wydaje si\u0119 to by\u0107 prosta opowie\u015b\u0107 o zwyk\u0142ych ludziach u progu kariery, ale w ko\u0144cu (niczym w jakim\u015b filmie Allena) odkrywamy g\u0142\u0119bsze znaczenie. 'Barcelona&#8217; to tak\u017ce g\u0142os pokolenia. Je\u015bli jest jaki\u015b wycinek ameryka\u0144skiego spo\u0142ecze\u0144stwa, kt\u00f3rym nasi filmowcy zazwyczaj nie s\u0105 zainteresowani, to s\u0105 to ambitni, dobrze op\u0142acani japiszoni, kt\u00f3rzy pracuj\u0105 od 9 do 17. Ogl\u0105daj\u0105c ten film zda\u0142em sobie spraw\u0119, \u017ce cho\u0107 widzia\u0142em wcze\u015bniej w kinie wiele niesamowitych rzeczy, to &#8212; koniec ko\u0144c\u00f3w &#8212; prawie nigdy nie mia\u0142em okazji popatrze\u0107, jak wygl\u0105da \u017cycie i praca m\u0142odych karierowicz\u00f3w.<\/em>&#8221;<\/p>\n<p>Film zaprezentuje widzom jeden z najbardziej opiniotw\u00f3rczych krytyk\u00f3w filmowych, Micha\u0142 Oleszczyk. Jest to doktoryzowany filmoznawca. Urodzony na \u015al\u0105sku, od wielu lat zamieszka\u0142y w Krakowie. Autor licznych artyku\u0142\u00f3w o tematyce filmowej w naukowych pracach zbiorowych i w prasie kulturalnej. Opublikowa\u0142 pierwsz\u0105 polsk\u0105 monografi\u0119 tw\u00f3rczo\u015bci Terence&#8217;a Daviesa &#8222;Gorycz wygnania&#8221; oraz (wsp\u00f3lnie z Kub\u0105 Mikurd\u0105) ksi\u0105\u017ckowy wywiad rzek\u0119 z kanadyjskim re\u017cyserem Guyem Maddinem. Najbardziej interesuje go popularne kino ameryka\u0144skie i jego zwi\u0105zki z polityczn\u0105 i spo\u0142eczn\u0105 histori\u0105 Stan\u00f3w Zjednoczonych. W 2009 r. przebywa\u0142 jako Visiting Scholar na New York University. Jego filmowy blog &#8222;Ostatni fotel po prawej stronie&#8221; zosta\u0142 uznany w konkursie Onet za Blog Roku 2009 w kategorii Kultura. Jest programerem i rzecznikiem prasowym festiwalu OFF Plus Camera. W tym roku otrzyma\u0142 presti\u017cow\u0105 Nagrod\u0119 Polskiego Instytutu Sztuki Filmowej w kategorii &#8222;Krytyka filmowa&#8221; za rok 2011.<\/p>\n<p>__<br \/>\nDKF Maciste prezentuje:<br \/>\n&#8222;Barcelona&#8221; (1994) Whita Stillmana ze wst\u0119pem Micha\u0142a Oleszczyka<br \/>\nMIEJSCE: Kino Regis, Bochnia, ul. Regis 1<br \/>\nCZAS: czwartek, 28 VI 2012, godz. 19:00<br \/>\nWJAZD: 10 z\u0142 (cz\u0142onkowie DKf Maciste: 5 z\u0142)<\/p>\n<p>Projekt dofinansowany ze \u015brodk\u00f3w PISF.<\/p>\n","protected":false},"excerpt":{"rendered":"<p>Ostatnie przed wakacjami spotkanie w DKF Maciste b\u0119dzie po\u0142\u0105czone z projekcj\u0105 filmu ma\u0142o znanego w Polsce Whita Stillmana pt. &#8222;Barcelona&#8221;. Obraz zaprezentuje widzom jeden z najbardziej opiniotw\u00f3rczych krytyk\u00f3w filmowych, Micha\u0142 Oleszczyk.<\/p>\n","protected":false},"author":13,"featured_media":0,"comment_status":"open","ping_status":"closed","sticky":false,"template":"","format":"standard","meta":{"_acf_changed":false,"footnotes":""},"categories":[5,92,6250],"tags":[17866,17886,17142,17263,17444],"class_list":["post-74007","post","type-post","status-publish","format-standard","hentry","category-biezace-wydarzenia","category-kultura","category-tematyka","tag-dkf","tag-dkf-maciste","tag-film","tag-kino-regis","tag-mdk","main_tag-kino-regis"],"acf":[],"yoast_head":"<!-- This site is optimized with the Yoast SEO plugin v26.9 - https:\/\/yoast.com\/product\/yoast-seo-wordpress\/ -->\n<title>DKF: &quot;Barcelona&quot; Whita Stillmana - mojabochnia.pl - portal informacyjny<\/title>\n<meta name=\"robots\" content=\"index, follow, max-snippet:-1, max-image-preview:large, max-video-preview:-1\" \/>\n<link rel=\"canonical\" href=\"https:\/\/www.mojabochnia.pl\/?p=74007\" \/>\n<meta property=\"og:locale\" content=\"pl_PL\" \/>\n<meta property=\"og:type\" content=\"article\" \/>\n<meta property=\"og:title\" content=\"DKF: &quot;Barcelona&quot; Whita Stillmana - mojabochnia.pl - portal informacyjny\" \/>\n<meta property=\"og:description\" content=\"Ostatnie przed wakacjami spotkanie w DKF Maciste b\u0119dzie po\u0142\u0105czone z projekcj\u0105 filmu ma\u0142o znanego w Polsce Whita Stillmana pt. &quot;Barcelona&quot;. Obraz zaprezentuje widzom jeden z najbardziej opiniotw\u00f3rczych krytyk\u00f3w filmowych, Micha\u0142 Oleszczyk.\" \/>\n<meta property=\"og:url\" content=\"https:\/\/www.mojabochnia.pl\/?p=74007\" \/>\n<meta property=\"og:site_name\" content=\"mojabochnia.pl - portal informacyjny\" \/>\n<meta property=\"article:publisher\" content=\"https:\/\/www.facebook.com\/mojabochnia\" \/>\n<meta property=\"article:published_time\" content=\"2012-06-26T08:25:20+00:00\" \/>\n<meta property=\"article:modified_time\" content=\"2012-06-26T08:26:25+00:00\" \/>\n<meta name=\"author\" content=\"redakcja\" \/>\n<meta name=\"twitter:card\" content=\"summary_large_image\" \/>\n<meta name=\"twitter:label1\" content=\"Written by\" \/>\n\t<meta name=\"twitter:data1\" content=\"redakcja\" \/>\n\t<meta name=\"twitter:label2\" content=\"Est. reading time\" \/>\n\t<meta name=\"twitter:data2\" content=\"2 minuty\" \/>\n<script type=\"application\/ld+json\" class=\"yoast-schema-graph\">{\"@context\":\"https:\/\/schema.org\",\"@graph\":[{\"@type\":\"Article\",\"@id\":\"https:\/\/www.mojabochnia.pl\/?p=74007#article\",\"isPartOf\":{\"@id\":\"https:\/\/www.mojabochnia.pl\/?p=74007\"},\"author\":{\"name\":\"redakcja\",\"@id\":\"https:\/\/www.mojabochnia.pl\/#\/schema\/person\/7e2f20ead9902216a3384f13606c0ab7\"},\"headline\":\"DKF: &#8222;Barcelona&#8221; Whita Stillmana\",\"datePublished\":\"2012-06-26T08:25:20+00:00\",\"dateModified\":\"2012-06-26T08:26:25+00:00\",\"mainEntityOfPage\":{\"@id\":\"https:\/\/www.mojabochnia.pl\/?p=74007\"},\"wordCount\":348,\"commentCount\":0,\"publisher\":{\"@id\":\"https:\/\/www.mojabochnia.pl\/#organization\"},\"keywords\":[\"dkf\",\"dkf maciste\",\"film\",\"kino regis\",\"MDK\"],\"articleSection\":[\"2_ostatnie\",\"kultura\",\"tematyka\"],\"inLanguage\":\"pl-PL\",\"potentialAction\":[{\"@type\":\"CommentAction\",\"name\":\"Comment\",\"target\":[\"https:\/\/www.mojabochnia.pl\/?p=74007#respond\"]}]},{\"@type\":\"WebPage\",\"@id\":\"https:\/\/www.mojabochnia.pl\/?p=74007\",\"url\":\"https:\/\/www.mojabochnia.pl\/?p=74007\",\"name\":\"DKF: \\\"Barcelona\\\" Whita Stillmana - mojabochnia.pl - portal informacyjny\",\"isPartOf\":{\"@id\":\"https:\/\/www.mojabochnia.pl\/#website\"},\"datePublished\":\"2012-06-26T08:25:20+00:00\",\"dateModified\":\"2012-06-26T08:26:25+00:00\",\"breadcrumb\":{\"@id\":\"https:\/\/www.mojabochnia.pl\/?p=74007#breadcrumb\"},\"inLanguage\":\"pl-PL\",\"potentialAction\":[{\"@type\":\"ReadAction\",\"target\":[\"https:\/\/www.mojabochnia.pl\/?p=74007\"]}]},{\"@type\":\"BreadcrumbList\",\"@id\":\"https:\/\/www.mojabochnia.pl\/?p=74007#breadcrumb\",\"itemListElement\":[{\"@type\":\"ListItem\",\"position\":1,\"name\":\"Home\",\"item\":\"https:\/\/www.mojabochnia.pl\/\"},{\"@type\":\"ListItem\",\"position\":2,\"name\":\"DKF: &#8222;Barcelona&#8221; Whita Stillmana\"}]},{\"@type\":\"WebSite\",\"@id\":\"https:\/\/www.mojabochnia.pl\/#website\",\"url\":\"https:\/\/www.mojabochnia.pl\/\",\"name\":\"mojabochnia.pl - portal informacyjny\",\"description\":\"mojaBochnia to portal informacyjny o Bochni. Codziennie o Bochni piszemy i pokazujemy najwa\u017cniejsze wydarzenia\",\"publisher\":{\"@id\":\"https:\/\/www.mojabochnia.pl\/#organization\"},\"potentialAction\":[{\"@type\":\"SearchAction\",\"target\":{\"@type\":\"EntryPoint\",\"urlTemplate\":\"https:\/\/www.mojabochnia.pl\/?s={search_term_string}\"},\"query-input\":{\"@type\":\"PropertyValueSpecification\",\"valueRequired\":true,\"valueName\":\"search_term_string\"}}],\"inLanguage\":\"pl-PL\"},{\"@type\":\"Organization\",\"@id\":\"https:\/\/www.mojabochnia.pl\/#organization\",\"name\":\"mojabochnia.pl - portal informacyjny\",\"url\":\"https:\/\/www.mojabochnia.pl\/\",\"logo\":{\"@type\":\"ImageObject\",\"inLanguage\":\"pl-PL\",\"@id\":\"https:\/\/www.mojabochnia.pl\/#\/schema\/logo\/image\/\",\"url\":\"https:\/\/www.mojabochnia.pl\/wp-content\/uploads\/2017\/08\/logo-mb-opt.png\",\"contentUrl\":\"https:\/\/www.mojabochnia.pl\/wp-content\/uploads\/2017\/08\/logo-mb-opt.png\",\"width\":250,\"height\":48,\"caption\":\"mojabochnia.pl - portal informacyjny\"},\"image\":{\"@id\":\"https:\/\/www.mojabochnia.pl\/#\/schema\/logo\/image\/\"},\"sameAs\":[\"https:\/\/www.facebook.com\/mojabochnia\"]},{\"@type\":\"Person\",\"@id\":\"https:\/\/www.mojabochnia.pl\/#\/schema\/person\/7e2f20ead9902216a3384f13606c0ab7\",\"name\":\"redakcja\",\"sameAs\":[\"http:\/\/\"],\"url\":\"https:\/\/www.mojabochnia.pl\/?author=13\"}]}<\/script>\n<!-- \/ Yoast SEO plugin. -->","yoast_head_json":{"title":"DKF: \"Barcelona\" Whita Stillmana - mojabochnia.pl - portal informacyjny","robots":{"index":"index","follow":"follow","max-snippet":"max-snippet:-1","max-image-preview":"max-image-preview:large","max-video-preview":"max-video-preview:-1"},"canonical":"https:\/\/www.mojabochnia.pl\/?p=74007","og_locale":"pl_PL","og_type":"article","og_title":"DKF: \"Barcelona\" Whita Stillmana - mojabochnia.pl - portal informacyjny","og_description":"Ostatnie przed wakacjami spotkanie w DKF Maciste b\u0119dzie po\u0142\u0105czone z projekcj\u0105 filmu ma\u0142o znanego w Polsce Whita Stillmana pt. \"Barcelona\". Obraz zaprezentuje widzom jeden z najbardziej opiniotw\u00f3rczych krytyk\u00f3w filmowych, Micha\u0142 Oleszczyk.","og_url":"https:\/\/www.mojabochnia.pl\/?p=74007","og_site_name":"mojabochnia.pl - portal informacyjny","article_publisher":"https:\/\/www.facebook.com\/mojabochnia","article_published_time":"2012-06-26T08:25:20+00:00","article_modified_time":"2012-06-26T08:26:25+00:00","author":"redakcja","twitter_card":"summary_large_image","twitter_misc":{"Written by":"redakcja","Est. reading time":"2 minuty"},"schema":{"@context":"https:\/\/schema.org","@graph":[{"@type":"Article","@id":"https:\/\/www.mojabochnia.pl\/?p=74007#article","isPartOf":{"@id":"https:\/\/www.mojabochnia.pl\/?p=74007"},"author":{"name":"redakcja","@id":"https:\/\/www.mojabochnia.pl\/#\/schema\/person\/7e2f20ead9902216a3384f13606c0ab7"},"headline":"DKF: &#8222;Barcelona&#8221; Whita Stillmana","datePublished":"2012-06-26T08:25:20+00:00","dateModified":"2012-06-26T08:26:25+00:00","mainEntityOfPage":{"@id":"https:\/\/www.mojabochnia.pl\/?p=74007"},"wordCount":348,"commentCount":0,"publisher":{"@id":"https:\/\/www.mojabochnia.pl\/#organization"},"keywords":["dkf","dkf maciste","film","kino regis","MDK"],"articleSection":["2_ostatnie","kultura","tematyka"],"inLanguage":"pl-PL","potentialAction":[{"@type":"CommentAction","name":"Comment","target":["https:\/\/www.mojabochnia.pl\/?p=74007#respond"]}]},{"@type":"WebPage","@id":"https:\/\/www.mojabochnia.pl\/?p=74007","url":"https:\/\/www.mojabochnia.pl\/?p=74007","name":"DKF: \"Barcelona\" Whita Stillmana - mojabochnia.pl - portal informacyjny","isPartOf":{"@id":"https:\/\/www.mojabochnia.pl\/#website"},"datePublished":"2012-06-26T08:25:20+00:00","dateModified":"2012-06-26T08:26:25+00:00","breadcrumb":{"@id":"https:\/\/www.mojabochnia.pl\/?p=74007#breadcrumb"},"inLanguage":"pl-PL","potentialAction":[{"@type":"ReadAction","target":["https:\/\/www.mojabochnia.pl\/?p=74007"]}]},{"@type":"BreadcrumbList","@id":"https:\/\/www.mojabochnia.pl\/?p=74007#breadcrumb","itemListElement":[{"@type":"ListItem","position":1,"name":"Home","item":"https:\/\/www.mojabochnia.pl\/"},{"@type":"ListItem","position":2,"name":"DKF: &#8222;Barcelona&#8221; Whita Stillmana"}]},{"@type":"WebSite","@id":"https:\/\/www.mojabochnia.pl\/#website","url":"https:\/\/www.mojabochnia.pl\/","name":"mojabochnia.pl - portal informacyjny","description":"mojaBochnia to portal informacyjny o Bochni. Codziennie o Bochni piszemy i pokazujemy najwa\u017cniejsze wydarzenia","publisher":{"@id":"https:\/\/www.mojabochnia.pl\/#organization"},"potentialAction":[{"@type":"SearchAction","target":{"@type":"EntryPoint","urlTemplate":"https:\/\/www.mojabochnia.pl\/?s={search_term_string}"},"query-input":{"@type":"PropertyValueSpecification","valueRequired":true,"valueName":"search_term_string"}}],"inLanguage":"pl-PL"},{"@type":"Organization","@id":"https:\/\/www.mojabochnia.pl\/#organization","name":"mojabochnia.pl - portal informacyjny","url":"https:\/\/www.mojabochnia.pl\/","logo":{"@type":"ImageObject","inLanguage":"pl-PL","@id":"https:\/\/www.mojabochnia.pl\/#\/schema\/logo\/image\/","url":"https:\/\/www.mojabochnia.pl\/wp-content\/uploads\/2017\/08\/logo-mb-opt.png","contentUrl":"https:\/\/www.mojabochnia.pl\/wp-content\/uploads\/2017\/08\/logo-mb-opt.png","width":250,"height":48,"caption":"mojabochnia.pl - portal informacyjny"},"image":{"@id":"https:\/\/www.mojabochnia.pl\/#\/schema\/logo\/image\/"},"sameAs":["https:\/\/www.facebook.com\/mojabochnia"]},{"@type":"Person","@id":"https:\/\/www.mojabochnia.pl\/#\/schema\/person\/7e2f20ead9902216a3384f13606c0ab7","name":"redakcja","sameAs":["http:\/\/"],"url":"https:\/\/www.mojabochnia.pl\/?author=13"}]}},"_links":{"self":[{"href":"https:\/\/www.mojabochnia.pl\/index.php?rest_route=\/wp\/v2\/posts\/74007","targetHints":{"allow":["GET"]}}],"collection":[{"href":"https:\/\/www.mojabochnia.pl\/index.php?rest_route=\/wp\/v2\/posts"}],"about":[{"href":"https:\/\/www.mojabochnia.pl\/index.php?rest_route=\/wp\/v2\/types\/post"}],"author":[{"embeddable":true,"href":"https:\/\/www.mojabochnia.pl\/index.php?rest_route=\/wp\/v2\/users\/13"}],"replies":[{"embeddable":true,"href":"https:\/\/www.mojabochnia.pl\/index.php?rest_route=%2Fwp%2Fv2%2Fcomments&post=74007"}],"version-history":[{"count":5,"href":"https:\/\/www.mojabochnia.pl\/index.php?rest_route=\/wp\/v2\/posts\/74007\/revisions"}],"predecessor-version":[{"id":74012,"href":"https:\/\/www.mojabochnia.pl\/index.php?rest_route=\/wp\/v2\/posts\/74007\/revisions\/74012"}],"wp:attachment":[{"href":"https:\/\/www.mojabochnia.pl\/index.php?rest_route=%2Fwp%2Fv2%2Fmedia&parent=74007"}],"wp:term":[{"taxonomy":"category","embeddable":true,"href":"https:\/\/www.mojabochnia.pl\/index.php?rest_route=%2Fwp%2Fv2%2Fcategories&post=74007"},{"taxonomy":"post_tag","embeddable":true,"href":"https:\/\/www.mojabochnia.pl\/index.php?rest_route=%2Fwp%2Fv2%2Ftags&post=74007"}],"curies":[{"name":"wp","href":"https:\/\/api.w.org\/{rel}","templated":true}]}}