{"id":74000,"date":"2012-06-26T10:04:13","date_gmt":"2012-06-26T08:04:13","guid":{"rendered":"http:\/\/www.mojabochnia.pl\/?p=74000"},"modified":"2012-06-26T10:04:13","modified_gmt":"2012-06-26T08:04:13","slug":"wolna-grupa-bukowina-wystapi-na-wiankach-w-chelmie","status":"publish","type":"post","link":"https:\/\/www.mojabochnia.pl\/?p=74000","title":{"rendered":"Wolna Grupa Bukowina wyst\u0105pi na Wiankach w Che\u0142mie"},"content":{"rendered":"<p><strong>II \u015aredniowieczne Spotkanie u Bo\u017cogrobc\u00f3w<\/strong><\/p>\n<p><strong>Sobota 30 czerwca<\/strong><br \/>\n10.00 &#8211; otwarcie \u015bredniowiecznej osady na Grodzisku, obrazki z \u017cycia rycerstwa<br \/>\n10.00 &#8211; 13.00 &#8211; zwiedzanie osady, konkursy i zawody rycerskie<br \/>\n14.30 &#8211; wymarsz pod ko\u015bci\u00f3\u0142 Bo\u017cogrobc\u00f3w<\/p>\n<p>Program artystyczny &#8211; scena przy Dzwonnicy<\/p>\n<p>15.00 \u2013 M\u0142odzie\u017cowa Orkiestra D\u0119ta z Baczkowa<br \/>\n16.00 \u2013 koncert fina\u0142owy Przegl\u0105du Gminnych M\u0142odych Talent\u00f3w<br \/>\n18.30 \u2013 pokaz walk rycerskich (Grodzisko)<br \/>\n19.30 \u2013 koncert Wolna Grupa Bukowina<br \/>\n21.00 \u2013 Taniec \u015awi\u0119toja\u0144ski, korow\u00f3d nad Rab\u0119 \u2013 puszczanie wiank\u00f3w, taniec ognia<\/p>\n<p><strong>Niedziela 1 lipca (Ogr\u00f3d przy Galerii Che\u0142m)<\/strong><\/p>\n<p>17.00 \u2013 promocja ksi\u0105\u017cki \u201cDzie\u0144 za dniem\u201d Michaliny Pi\u0119chowej<br \/>\n19.00 \u2013 koncert Halio Band &#8211;  reaktywacja<\/p>\n","protected":false},"excerpt":{"rendered":"<p>Wianki \u015awi\u0119toja\u0144skie w gminie Bochnia wracaj\u0105 z Siedlca do Che\u0142mu. Impreza potrwa dwa dni, z czego najbogatsze atrakcje b\u0119d\u0105 mia\u0142y miejsce ju\u017c w sobot\u0119. B\u0119dzie \u015bredniowieczna osada na Grodzisku oraz koncert Wolnej Grupy Bukowina.<\/p>\n","protected":false},"author":4,"featured_media":0,"comment_status":"open","ping_status":"closed","sticky":false,"template":"","format":"standard","meta":{"_acf_changed":false,"footnotes":""},"categories":[5,92,6250],"tags":[17244,17225,9533,17108,17117,4760,11106],"class_list":["post-74000","post","type-post","status-publish","format-standard","hentry","category-biezace-wydarzenia","category-kultura","category-tematyka","tag-chelm","tag-gmina-bochnia","tag-grodzisko","tag-koncert","tag-siedlec","tag-wianki-swietojanskie-nad-raba","tag-wolna-grupa-bukowina","main_tag-koncert"],"acf":[],"yoast_head":"<!-- This site is optimized with the Yoast SEO plugin v26.9 - https:\/\/yoast.com\/product\/yoast-seo-wordpress\/ -->\n<title>Wolna Grupa Bukowina wyst\u0105pi na Wiankach w Che\u0142mie - mojabochnia.pl - portal informacyjny<\/title>\n<meta name=\"robots\" content=\"index, follow, max-snippet:-1, max-image-preview:large, max-video-preview:-1\" \/>\n<link rel=\"canonical\" href=\"https:\/\/www.mojabochnia.pl\/?p=74000\" \/>\n<meta property=\"og:locale\" content=\"pl_PL\" \/>\n<meta property=\"og:type\" content=\"article\" \/>\n<meta property=\"og:title\" content=\"Wolna Grupa Bukowina wyst\u0105pi na Wiankach w Che\u0142mie - mojabochnia.pl - portal informacyjny\" \/>\n<meta property=\"og:description\" content=\"Wianki \u015awi\u0119toja\u0144skie w gminie Bochnia wracaj\u0105 z Siedlca do Che\u0142mu. Impreza potrwa dwa dni, z czego najbogatsze atrakcje b\u0119d\u0105 mia\u0142y miejsce ju\u017c w sobot\u0119. B\u0119dzie \u015bredniowieczna osada na Grodzisku oraz koncert Wolnej Grupy Bukowina.\" \/>\n<meta property=\"og:url\" content=\"https:\/\/www.mojabochnia.pl\/?p=74000\" \/>\n<meta property=\"og:site_name\" content=\"mojabochnia.pl - portal informacyjny\" \/>\n<meta property=\"article:publisher\" content=\"https:\/\/www.facebook.com\/mojabochnia\" \/>\n<meta property=\"article:published_time\" content=\"2012-06-26T08:04:13+00:00\" \/>\n<meta name=\"author\" content=\"Pawe\u0142 Michalczyk\" \/>\n<meta name=\"twitter:card\" content=\"summary_large_image\" \/>\n<meta name=\"twitter:label1\" content=\"Written by\" \/>\n\t<meta name=\"twitter:data1\" content=\"Pawe\u0142 Michalczyk\" \/>\n\t<meta name=\"twitter:label2\" content=\"Est. reading time\" \/>\n\t<meta name=\"twitter:data2\" content=\"1 minuta\" \/>\n<script type=\"application\/ld+json\" class=\"yoast-schema-graph\">{\"@context\":\"https:\/\/schema.org\",\"@graph\":[{\"@type\":\"Article\",\"@id\":\"https:\/\/www.mojabochnia.pl\/?p=74000#article\",\"isPartOf\":{\"@id\":\"https:\/\/www.mojabochnia.pl\/?p=74000\"},\"author\":{\"name\":\"Pawe\u0142 Michalczyk\",\"@id\":\"https:\/\/www.mojabochnia.pl\/#\/schema\/person\/ea042e4724a77627963f02166828ead4\"},\"headline\":\"Wolna Grupa Bukowina wyst\u0105pi na Wiankach w Che\u0142mie\",\"datePublished\":\"2012-06-26T08:04:13+00:00\",\"mainEntityOfPage\":{\"@id\":\"https:\/\/www.mojabochnia.pl\/?p=74000\"},\"wordCount\":112,\"commentCount\":0,\"publisher\":{\"@id\":\"https:\/\/www.mojabochnia.pl\/#organization\"},\"keywords\":[\"che\u0142m\",\"gmina bochnia\",\"grodzisko\",\"koncert\",\"siedlec\",\"wianki \u015bwi\u0119toja\u0144skie nad rab\u0105\",\"wolna grupa bukowina\"],\"articleSection\":[\"2_ostatnie\",\"kultura\",\"tematyka\"],\"inLanguage\":\"pl-PL\",\"potentialAction\":[{\"@type\":\"CommentAction\",\"name\":\"Comment\",\"target\":[\"https:\/\/www.mojabochnia.pl\/?p=74000#respond\"]}]},{\"@type\":\"WebPage\",\"@id\":\"https:\/\/www.mojabochnia.pl\/?p=74000\",\"url\":\"https:\/\/www.mojabochnia.pl\/?p=74000\",\"name\":\"Wolna Grupa Bukowina wyst\u0105pi na Wiankach w Che\u0142mie - mojabochnia.pl - portal informacyjny\",\"isPartOf\":{\"@id\":\"https:\/\/www.mojabochnia.pl\/#website\"},\"datePublished\":\"2012-06-26T08:04:13+00:00\",\"breadcrumb\":{\"@id\":\"https:\/\/www.mojabochnia.pl\/?p=74000#breadcrumb\"},\"inLanguage\":\"pl-PL\",\"potentialAction\":[{\"@type\":\"ReadAction\",\"target\":[\"https:\/\/www.mojabochnia.pl\/?p=74000\"]}]},{\"@type\":\"BreadcrumbList\",\"@id\":\"https:\/\/www.mojabochnia.pl\/?p=74000#breadcrumb\",\"itemListElement\":[{\"@type\":\"ListItem\",\"position\":1,\"name\":\"Home\",\"item\":\"https:\/\/www.mojabochnia.pl\/\"},{\"@type\":\"ListItem\",\"position\":2,\"name\":\"Wolna Grupa Bukowina wyst\u0105pi na Wiankach w Che\u0142mie\"}]},{\"@type\":\"WebSite\",\"@id\":\"https:\/\/www.mojabochnia.pl\/#website\",\"url\":\"https:\/\/www.mojabochnia.pl\/\",\"name\":\"mojabochnia.pl - portal informacyjny\",\"description\":\"mojaBochnia to portal informacyjny o Bochni. Codziennie o Bochni piszemy i pokazujemy najwa\u017cniejsze wydarzenia\",\"publisher\":{\"@id\":\"https:\/\/www.mojabochnia.pl\/#organization\"},\"potentialAction\":[{\"@type\":\"SearchAction\",\"target\":{\"@type\":\"EntryPoint\",\"urlTemplate\":\"https:\/\/www.mojabochnia.pl\/?s={search_term_string}\"},\"query-input\":{\"@type\":\"PropertyValueSpecification\",\"valueRequired\":true,\"valueName\":\"search_term_string\"}}],\"inLanguage\":\"pl-PL\"},{\"@type\":\"Organization\",\"@id\":\"https:\/\/www.mojabochnia.pl\/#organization\",\"name\":\"mojabochnia.pl - portal informacyjny\",\"url\":\"https:\/\/www.mojabochnia.pl\/\",\"logo\":{\"@type\":\"ImageObject\",\"inLanguage\":\"pl-PL\",\"@id\":\"https:\/\/www.mojabochnia.pl\/#\/schema\/logo\/image\/\",\"url\":\"https:\/\/www.mojabochnia.pl\/wp-content\/uploads\/2017\/08\/logo-mb-opt.png\",\"contentUrl\":\"https:\/\/www.mojabochnia.pl\/wp-content\/uploads\/2017\/08\/logo-mb-opt.png\",\"width\":250,\"height\":48,\"caption\":\"mojabochnia.pl - portal informacyjny\"},\"image\":{\"@id\":\"https:\/\/www.mojabochnia.pl\/#\/schema\/logo\/image\/\"},\"sameAs\":[\"https:\/\/www.facebook.com\/mojabochnia\"]},{\"@type\":\"Person\",\"@id\":\"https:\/\/www.mojabochnia.pl\/#\/schema\/person\/ea042e4724a77627963f02166828ead4\",\"name\":\"Pawe\u0142 Michalczyk\",\"url\":\"https:\/\/www.mojabochnia.pl\/?author=4\"}]}<\/script>\n<!-- \/ Yoast SEO plugin. -->","yoast_head_json":{"title":"Wolna Grupa Bukowina wyst\u0105pi na Wiankach w Che\u0142mie - mojabochnia.pl - portal informacyjny","robots":{"index":"index","follow":"follow","max-snippet":"max-snippet:-1","max-image-preview":"max-image-preview:large","max-video-preview":"max-video-preview:-1"},"canonical":"https:\/\/www.mojabochnia.pl\/?p=74000","og_locale":"pl_PL","og_type":"article","og_title":"Wolna Grupa Bukowina wyst\u0105pi na Wiankach w Che\u0142mie - mojabochnia.pl - portal informacyjny","og_description":"Wianki \u015awi\u0119toja\u0144skie w gminie Bochnia wracaj\u0105 z Siedlca do Che\u0142mu. Impreza potrwa dwa dni, z czego najbogatsze atrakcje b\u0119d\u0105 mia\u0142y miejsce ju\u017c w sobot\u0119. B\u0119dzie \u015bredniowieczna osada na Grodzisku oraz koncert Wolnej Grupy Bukowina.","og_url":"https:\/\/www.mojabochnia.pl\/?p=74000","og_site_name":"mojabochnia.pl - portal informacyjny","article_publisher":"https:\/\/www.facebook.com\/mojabochnia","article_published_time":"2012-06-26T08:04:13+00:00","author":"Pawe\u0142 Michalczyk","twitter_card":"summary_large_image","twitter_misc":{"Written by":"Pawe\u0142 Michalczyk","Est. reading time":"1 minuta"},"schema":{"@context":"https:\/\/schema.org","@graph":[{"@type":"Article","@id":"https:\/\/www.mojabochnia.pl\/?p=74000#article","isPartOf":{"@id":"https:\/\/www.mojabochnia.pl\/?p=74000"},"author":{"name":"Pawe\u0142 Michalczyk","@id":"https:\/\/www.mojabochnia.pl\/#\/schema\/person\/ea042e4724a77627963f02166828ead4"},"headline":"Wolna Grupa Bukowina wyst\u0105pi na Wiankach w Che\u0142mie","datePublished":"2012-06-26T08:04:13+00:00","mainEntityOfPage":{"@id":"https:\/\/www.mojabochnia.pl\/?p=74000"},"wordCount":112,"commentCount":0,"publisher":{"@id":"https:\/\/www.mojabochnia.pl\/#organization"},"keywords":["che\u0142m","gmina bochnia","grodzisko","koncert","siedlec","wianki \u015bwi\u0119toja\u0144skie nad rab\u0105","wolna grupa bukowina"],"articleSection":["2_ostatnie","kultura","tematyka"],"inLanguage":"pl-PL","potentialAction":[{"@type":"CommentAction","name":"Comment","target":["https:\/\/www.mojabochnia.pl\/?p=74000#respond"]}]},{"@type":"WebPage","@id":"https:\/\/www.mojabochnia.pl\/?p=74000","url":"https:\/\/www.mojabochnia.pl\/?p=74000","name":"Wolna Grupa Bukowina wyst\u0105pi na Wiankach w Che\u0142mie - mojabochnia.pl - portal informacyjny","isPartOf":{"@id":"https:\/\/www.mojabochnia.pl\/#website"},"datePublished":"2012-06-26T08:04:13+00:00","breadcrumb":{"@id":"https:\/\/www.mojabochnia.pl\/?p=74000#breadcrumb"},"inLanguage":"pl-PL","potentialAction":[{"@type":"ReadAction","target":["https:\/\/www.mojabochnia.pl\/?p=74000"]}]},{"@type":"BreadcrumbList","@id":"https:\/\/www.mojabochnia.pl\/?p=74000#breadcrumb","itemListElement":[{"@type":"ListItem","position":1,"name":"Home","item":"https:\/\/www.mojabochnia.pl\/"},{"@type":"ListItem","position":2,"name":"Wolna Grupa Bukowina wyst\u0105pi na Wiankach w Che\u0142mie"}]},{"@type":"WebSite","@id":"https:\/\/www.mojabochnia.pl\/#website","url":"https:\/\/www.mojabochnia.pl\/","name":"mojabochnia.pl - portal informacyjny","description":"mojaBochnia to portal informacyjny o Bochni. Codziennie o Bochni piszemy i pokazujemy najwa\u017cniejsze wydarzenia","publisher":{"@id":"https:\/\/www.mojabochnia.pl\/#organization"},"potentialAction":[{"@type":"SearchAction","target":{"@type":"EntryPoint","urlTemplate":"https:\/\/www.mojabochnia.pl\/?s={search_term_string}"},"query-input":{"@type":"PropertyValueSpecification","valueRequired":true,"valueName":"search_term_string"}}],"inLanguage":"pl-PL"},{"@type":"Organization","@id":"https:\/\/www.mojabochnia.pl\/#organization","name":"mojabochnia.pl - portal informacyjny","url":"https:\/\/www.mojabochnia.pl\/","logo":{"@type":"ImageObject","inLanguage":"pl-PL","@id":"https:\/\/www.mojabochnia.pl\/#\/schema\/logo\/image\/","url":"https:\/\/www.mojabochnia.pl\/wp-content\/uploads\/2017\/08\/logo-mb-opt.png","contentUrl":"https:\/\/www.mojabochnia.pl\/wp-content\/uploads\/2017\/08\/logo-mb-opt.png","width":250,"height":48,"caption":"mojabochnia.pl - portal informacyjny"},"image":{"@id":"https:\/\/www.mojabochnia.pl\/#\/schema\/logo\/image\/"},"sameAs":["https:\/\/www.facebook.com\/mojabochnia"]},{"@type":"Person","@id":"https:\/\/www.mojabochnia.pl\/#\/schema\/person\/ea042e4724a77627963f02166828ead4","name":"Pawe\u0142 Michalczyk","url":"https:\/\/www.mojabochnia.pl\/?author=4"}]}},"_links":{"self":[{"href":"https:\/\/www.mojabochnia.pl\/index.php?rest_route=\/wp\/v2\/posts\/74000","targetHints":{"allow":["GET"]}}],"collection":[{"href":"https:\/\/www.mojabochnia.pl\/index.php?rest_route=\/wp\/v2\/posts"}],"about":[{"href":"https:\/\/www.mojabochnia.pl\/index.php?rest_route=\/wp\/v2\/types\/post"}],"author":[{"embeddable":true,"href":"https:\/\/www.mojabochnia.pl\/index.php?rest_route=\/wp\/v2\/users\/4"}],"replies":[{"embeddable":true,"href":"https:\/\/www.mojabochnia.pl\/index.php?rest_route=%2Fwp%2Fv2%2Fcomments&post=74000"}],"version-history":[{"count":5,"href":"https:\/\/www.mojabochnia.pl\/index.php?rest_route=\/wp\/v2\/posts\/74000\/revisions"}],"predecessor-version":[{"id":74006,"href":"https:\/\/www.mojabochnia.pl\/index.php?rest_route=\/wp\/v2\/posts\/74000\/revisions\/74006"}],"wp:attachment":[{"href":"https:\/\/www.mojabochnia.pl\/index.php?rest_route=%2Fwp%2Fv2%2Fmedia&parent=74000"}],"wp:term":[{"taxonomy":"category","embeddable":true,"href":"https:\/\/www.mojabochnia.pl\/index.php?rest_route=%2Fwp%2Fv2%2Fcategories&post=74000"},{"taxonomy":"post_tag","embeddable":true,"href":"https:\/\/www.mojabochnia.pl\/index.php?rest_route=%2Fwp%2Fv2%2Ftags&post=74000"}],"curies":[{"name":"wp","href":"https:\/\/api.w.org\/{rel}","templated":true}]}}