{"id":7396,"date":"2009-04-06T14:52:42","date_gmt":"2009-04-06T12:52:42","guid":{"rendered":"http:\/\/www.mojabochnia.pl\/?p=7396"},"modified":"2009-04-06T16:19:20","modified_gmt":"2009-04-06T14:19:20","slug":"koncert-charytatywny","status":"publish","type":"post","link":"https:\/\/www.mojabochnia.pl\/?p=7396","title":{"rendered":"Bluesowo-rockowy koncert charytatywny"},"content":{"rendered":"<p>Podczas 4 poprzednich koncert\u00f3w Blues, a p\u00f3\u017aniej Blues \u2013 Rock Meeting zosta\u0142a zebrana suma przekraczaj\u0105ca 20 tys. z\u0142. Pieni\u0105dze z tegorocznej imprezy zostan\u0105 przeznaczone na pomoc dla 15-letniej Agnieszki Kuczek z Tarnowa, kt\u00f3ra cierpi na dzieci\u0119ce pora\u017cenie m\u00f3zgowe. Organizatorem koncertu jest Dariusz Puka z zespo\u0142u 4 Szmery.<\/p>\n<p>W Lany Poniedzia\u0142ek w HRC b\u0119dzie mo\u017cna pos\u0142ucha\u0107 m.in. Mateusza Zi\u00f3\u0142ko, znanego z programu \u201eMam talent\u201d, kt\u00f3ry wyst\u0105pi razem z zespo\u0142em De Vills. Tego wieczoru nie zabraknie r\u00f3wnie\u017c bluesowych utwor\u00f3w, tym razem w wykonaniu Tomasza Pocieszy\u0144skiego, lidera takich grup jak Bluesmobile Band, Monkey Business, z kt\u00f3rymi zdobywa\u0142 laury na krajowych  i zagranicznych scenach. Na koncercie wyst\u0105pi\u0105 te\u017c: Fun Fire, Chee Psy \u2013 zesp\u00f3\u0142 znany z wyst\u0119p\u00f3w w \u201eMa\u0142ej Czarnej\u201d, Pis \u2013 duet: Piotr Lekki i Robert Mastalerz, oraz Alergen oraz inni. Poza tym, tradycyjnie b\u0119dzie mo\u017cna wys\u0142ucha\u0107 programu Jamm Session.<\/p>\n<p>&#8211; <em>Ca\u0142a akcja si\u0119 odbywa dzi\u0119ki temu, \u017ce spotykam na swojej drodze ludzi dobrej woli, kto\u015b pomo\u017ce zrobi\u0107 plakaty, kto inny je wydrukuje, dzi\u0119ki \u017cyczliwo\u015bci Doroty Halberdy z MDK-u mamy do dyspozycji sprz\u0119t nag\u0142a\u015bniaj\u0105cy<\/em> \u2013 powiedzia\u0142 Darek Puka. &#8211; <em>W tym roku r\u00f3wnie\u017c osoby nieletnie b\u0119d\u0105 mog\u0142y wej\u015b\u0107 na imprez\u0119, pod warunkiem, \u017ce b\u0119d\u0105 z rodzicem. Generalnie mo\u017ce ka\u017cdy zagra\u0107, impreza ma bardzo otwarty charakter<\/em> \u2013 doda\u0142.<\/p>\n<p>Organizatorzy koncertu prowadz\u0105 r\u00f3wnie\u017c aukcje internetowe, z kt\u00f3rych doch\u00f3d jest przekazywany na cele charytatywne. Aukcje poprzez przekazanie przedmiot\u00f3w, wspar\u0142o wiele znanych osobisto\u015bci ze \u015bwiata polityki, filmu, czy estrady muzycznej, m.in. Angela Merkel, Johnny Depp, Rod Steward, Edyta G\u00f3rniak, czy Scorpions. Aukcje mo\u017cna zobaczy\u0107 <a onclick=\"javascript:pageTracker._trackPageview('\/outgoing\/tiny.pl\/bvbs');\"  href=\"http:\/\/tiny.pl\/bvbs\">tutaj<\/a>.<\/p>\n<p>Rozpocz\u0119cie koncertu o 19.30 w Lany Poniedzia\u0142ek, czyli 13.04 w klubie HRC<\/p>\n","protected":false},"excerpt":{"rendered":"<p>Ju\u017c po raz pi\u0105ty w boche\u0144skim klubie HRC zostanie zorganizowany koncert, z kt\u00f3rego doch\u00f3d zostanie przeznaczony na cele charytatywne, tym razem na pomoc dla 15-letniej mieszkanki Tarnowa.<\/p>\n","protected":false},"author":1,"featured_media":0,"comment_status":"open","ping_status":"closed","sticky":false,"template":"","format":"standard","meta":{"_acf_changed":false,"footnotes":""},"categories":[92],"tags":[3341,3347,1409,3346,3340,554,445,17292,17112,3343,2313],"class_list":["post-7396","post","type-post","status-publish","format-standard","hentry","category-kultura","tag-4-szmery","tag-agnieszka-kuczek","tag-blues","tag-blues-rock-meetenig","tag-dariusz-puka","tag-dorota-halberda","tag-hrc","tag-impreza","tag-koncert-charytatywny","tag-lany-poniedzialek","tag-organizatorzy"],"acf":[],"yoast_head":"<!-- This site is optimized with the Yoast SEO plugin v26.9 - https:\/\/yoast.com\/product\/yoast-seo-wordpress\/ -->\n<title>Bluesowo-rockowy koncert charytatywny - mojabochnia.pl - portal informacyjny<\/title>\n<meta name=\"robots\" content=\"index, follow, max-snippet:-1, max-image-preview:large, max-video-preview:-1\" \/>\n<link rel=\"canonical\" href=\"https:\/\/www.mojabochnia.pl\/?p=7396\" \/>\n<meta property=\"og:locale\" content=\"pl_PL\" \/>\n<meta property=\"og:type\" content=\"article\" \/>\n<meta property=\"og:title\" content=\"Bluesowo-rockowy koncert charytatywny - mojabochnia.pl - portal informacyjny\" \/>\n<meta property=\"og:description\" content=\"Ju\u017c po raz pi\u0105ty w boche\u0144skim klubie HRC zostanie zorganizowany koncert, z kt\u00f3rego doch\u00f3d zostanie przeznaczony na cele charytatywne, tym razem na pomoc dla 15-letniej mieszkanki Tarnowa.\" \/>\n<meta property=\"og:url\" content=\"https:\/\/www.mojabochnia.pl\/?p=7396\" \/>\n<meta property=\"og:site_name\" content=\"mojabochnia.pl - portal informacyjny\" \/>\n<meta property=\"article:publisher\" content=\"https:\/\/www.facebook.com\/mojabochnia\" \/>\n<meta property=\"article:published_time\" content=\"2009-04-06T12:52:42+00:00\" \/>\n<meta property=\"article:modified_time\" content=\"2009-04-06T14:19:20+00:00\" \/>\n<meta name=\"author\" content=\"administrator\" \/>\n<meta name=\"twitter:card\" content=\"summary_large_image\" \/>\n<meta name=\"twitter:label1\" content=\"Written by\" \/>\n\t<meta name=\"twitter:data1\" content=\"administrator\" \/>\n\t<meta name=\"twitter:label2\" content=\"Est. reading time\" \/>\n\t<meta name=\"twitter:data2\" content=\"2 minuty\" \/>\n<script type=\"application\/ld+json\" class=\"yoast-schema-graph\">{\"@context\":\"https:\/\/schema.org\",\"@graph\":[{\"@type\":\"Article\",\"@id\":\"https:\/\/www.mojabochnia.pl\/?p=7396#article\",\"isPartOf\":{\"@id\":\"https:\/\/www.mojabochnia.pl\/?p=7396\"},\"author\":{\"name\":\"administrator\",\"@id\":\"https:\/\/www.mojabochnia.pl\/#\/schema\/person\/c00e1f64e6fa0e6de6d410f2c340017f\"},\"headline\":\"Bluesowo-rockowy koncert charytatywny\",\"datePublished\":\"2009-04-06T12:52:42+00:00\",\"dateModified\":\"2009-04-06T14:19:20+00:00\",\"mainEntityOfPage\":{\"@id\":\"https:\/\/www.mojabochnia.pl\/?p=7396\"},\"wordCount\":309,\"commentCount\":3,\"publisher\":{\"@id\":\"https:\/\/www.mojabochnia.pl\/#organization\"},\"keywords\":[\"4 szmery\",\"agnieszka kuczek\",\"blues\",\"blues - rock meetenig\",\"dariusz puka\",\"dorota halberda\",\"HRC\",\"impreza\",\"koncert charytatywny\",\"lany poniedzia\u0142ek\",\"organizatorzy\"],\"articleSection\":[\"kultura\"],\"inLanguage\":\"pl-PL\",\"potentialAction\":[{\"@type\":\"CommentAction\",\"name\":\"Comment\",\"target\":[\"https:\/\/www.mojabochnia.pl\/?p=7396#respond\"]}]},{\"@type\":\"WebPage\",\"@id\":\"https:\/\/www.mojabochnia.pl\/?p=7396\",\"url\":\"https:\/\/www.mojabochnia.pl\/?p=7396\",\"name\":\"Bluesowo-rockowy koncert charytatywny - mojabochnia.pl - portal informacyjny\",\"isPartOf\":{\"@id\":\"https:\/\/www.mojabochnia.pl\/#website\"},\"datePublished\":\"2009-04-06T12:52:42+00:00\",\"dateModified\":\"2009-04-06T14:19:20+00:00\",\"breadcrumb\":{\"@id\":\"https:\/\/www.mojabochnia.pl\/?p=7396#breadcrumb\"},\"inLanguage\":\"pl-PL\",\"potentialAction\":[{\"@type\":\"ReadAction\",\"target\":[\"https:\/\/www.mojabochnia.pl\/?p=7396\"]}]},{\"@type\":\"BreadcrumbList\",\"@id\":\"https:\/\/www.mojabochnia.pl\/?p=7396#breadcrumb\",\"itemListElement\":[{\"@type\":\"ListItem\",\"position\":1,\"name\":\"Home\",\"item\":\"https:\/\/www.mojabochnia.pl\/\"},{\"@type\":\"ListItem\",\"position\":2,\"name\":\"Bluesowo-rockowy koncert charytatywny\"}]},{\"@type\":\"WebSite\",\"@id\":\"https:\/\/www.mojabochnia.pl\/#website\",\"url\":\"https:\/\/www.mojabochnia.pl\/\",\"name\":\"mojabochnia.pl - portal informacyjny\",\"description\":\"mojaBochnia to portal informacyjny o Bochni. Codziennie o Bochni piszemy i pokazujemy najwa\u017cniejsze wydarzenia\",\"publisher\":{\"@id\":\"https:\/\/www.mojabochnia.pl\/#organization\"},\"potentialAction\":[{\"@type\":\"SearchAction\",\"target\":{\"@type\":\"EntryPoint\",\"urlTemplate\":\"https:\/\/www.mojabochnia.pl\/?s={search_term_string}\"},\"query-input\":{\"@type\":\"PropertyValueSpecification\",\"valueRequired\":true,\"valueName\":\"search_term_string\"}}],\"inLanguage\":\"pl-PL\"},{\"@type\":\"Organization\",\"@id\":\"https:\/\/www.mojabochnia.pl\/#organization\",\"name\":\"mojabochnia.pl - portal informacyjny\",\"url\":\"https:\/\/www.mojabochnia.pl\/\",\"logo\":{\"@type\":\"ImageObject\",\"inLanguage\":\"pl-PL\",\"@id\":\"https:\/\/www.mojabochnia.pl\/#\/schema\/logo\/image\/\",\"url\":\"https:\/\/www.mojabochnia.pl\/wp-content\/uploads\/2017\/08\/logo-mb-opt.png\",\"contentUrl\":\"https:\/\/www.mojabochnia.pl\/wp-content\/uploads\/2017\/08\/logo-mb-opt.png\",\"width\":250,\"height\":48,\"caption\":\"mojabochnia.pl - portal informacyjny\"},\"image\":{\"@id\":\"https:\/\/www.mojabochnia.pl\/#\/schema\/logo\/image\/\"},\"sameAs\":[\"https:\/\/www.facebook.com\/mojabochnia\"]},{\"@type\":\"Person\",\"@id\":\"https:\/\/www.mojabochnia.pl\/#\/schema\/person\/c00e1f64e6fa0e6de6d410f2c340017f\",\"name\":\"administrator\",\"url\":\"https:\/\/www.mojabochnia.pl\/?author=1\"}]}<\/script>\n<!-- \/ Yoast SEO plugin. -->","yoast_head_json":{"title":"Bluesowo-rockowy koncert charytatywny - mojabochnia.pl - portal informacyjny","robots":{"index":"index","follow":"follow","max-snippet":"max-snippet:-1","max-image-preview":"max-image-preview:large","max-video-preview":"max-video-preview:-1"},"canonical":"https:\/\/www.mojabochnia.pl\/?p=7396","og_locale":"pl_PL","og_type":"article","og_title":"Bluesowo-rockowy koncert charytatywny - mojabochnia.pl - portal informacyjny","og_description":"Ju\u017c po raz pi\u0105ty w boche\u0144skim klubie HRC zostanie zorganizowany koncert, z kt\u00f3rego doch\u00f3d zostanie przeznaczony na cele charytatywne, tym razem na pomoc dla 15-letniej mieszkanki Tarnowa.","og_url":"https:\/\/www.mojabochnia.pl\/?p=7396","og_site_name":"mojabochnia.pl - portal informacyjny","article_publisher":"https:\/\/www.facebook.com\/mojabochnia","article_published_time":"2009-04-06T12:52:42+00:00","article_modified_time":"2009-04-06T14:19:20+00:00","author":"administrator","twitter_card":"summary_large_image","twitter_misc":{"Written by":"administrator","Est. reading time":"2 minuty"},"schema":{"@context":"https:\/\/schema.org","@graph":[{"@type":"Article","@id":"https:\/\/www.mojabochnia.pl\/?p=7396#article","isPartOf":{"@id":"https:\/\/www.mojabochnia.pl\/?p=7396"},"author":{"name":"administrator","@id":"https:\/\/www.mojabochnia.pl\/#\/schema\/person\/c00e1f64e6fa0e6de6d410f2c340017f"},"headline":"Bluesowo-rockowy koncert charytatywny","datePublished":"2009-04-06T12:52:42+00:00","dateModified":"2009-04-06T14:19:20+00:00","mainEntityOfPage":{"@id":"https:\/\/www.mojabochnia.pl\/?p=7396"},"wordCount":309,"commentCount":3,"publisher":{"@id":"https:\/\/www.mojabochnia.pl\/#organization"},"keywords":["4 szmery","agnieszka kuczek","blues","blues - rock meetenig","dariusz puka","dorota halberda","HRC","impreza","koncert charytatywny","lany poniedzia\u0142ek","organizatorzy"],"articleSection":["kultura"],"inLanguage":"pl-PL","potentialAction":[{"@type":"CommentAction","name":"Comment","target":["https:\/\/www.mojabochnia.pl\/?p=7396#respond"]}]},{"@type":"WebPage","@id":"https:\/\/www.mojabochnia.pl\/?p=7396","url":"https:\/\/www.mojabochnia.pl\/?p=7396","name":"Bluesowo-rockowy koncert charytatywny - mojabochnia.pl - portal informacyjny","isPartOf":{"@id":"https:\/\/www.mojabochnia.pl\/#website"},"datePublished":"2009-04-06T12:52:42+00:00","dateModified":"2009-04-06T14:19:20+00:00","breadcrumb":{"@id":"https:\/\/www.mojabochnia.pl\/?p=7396#breadcrumb"},"inLanguage":"pl-PL","potentialAction":[{"@type":"ReadAction","target":["https:\/\/www.mojabochnia.pl\/?p=7396"]}]},{"@type":"BreadcrumbList","@id":"https:\/\/www.mojabochnia.pl\/?p=7396#breadcrumb","itemListElement":[{"@type":"ListItem","position":1,"name":"Home","item":"https:\/\/www.mojabochnia.pl\/"},{"@type":"ListItem","position":2,"name":"Bluesowo-rockowy koncert charytatywny"}]},{"@type":"WebSite","@id":"https:\/\/www.mojabochnia.pl\/#website","url":"https:\/\/www.mojabochnia.pl\/","name":"mojabochnia.pl - portal informacyjny","description":"mojaBochnia to portal informacyjny o Bochni. Codziennie o Bochni piszemy i pokazujemy najwa\u017cniejsze wydarzenia","publisher":{"@id":"https:\/\/www.mojabochnia.pl\/#organization"},"potentialAction":[{"@type":"SearchAction","target":{"@type":"EntryPoint","urlTemplate":"https:\/\/www.mojabochnia.pl\/?s={search_term_string}"},"query-input":{"@type":"PropertyValueSpecification","valueRequired":true,"valueName":"search_term_string"}}],"inLanguage":"pl-PL"},{"@type":"Organization","@id":"https:\/\/www.mojabochnia.pl\/#organization","name":"mojabochnia.pl - portal informacyjny","url":"https:\/\/www.mojabochnia.pl\/","logo":{"@type":"ImageObject","inLanguage":"pl-PL","@id":"https:\/\/www.mojabochnia.pl\/#\/schema\/logo\/image\/","url":"https:\/\/www.mojabochnia.pl\/wp-content\/uploads\/2017\/08\/logo-mb-opt.png","contentUrl":"https:\/\/www.mojabochnia.pl\/wp-content\/uploads\/2017\/08\/logo-mb-opt.png","width":250,"height":48,"caption":"mojabochnia.pl - portal informacyjny"},"image":{"@id":"https:\/\/www.mojabochnia.pl\/#\/schema\/logo\/image\/"},"sameAs":["https:\/\/www.facebook.com\/mojabochnia"]},{"@type":"Person","@id":"https:\/\/www.mojabochnia.pl\/#\/schema\/person\/c00e1f64e6fa0e6de6d410f2c340017f","name":"administrator","url":"https:\/\/www.mojabochnia.pl\/?author=1"}]}},"_links":{"self":[{"href":"https:\/\/www.mojabochnia.pl\/index.php?rest_route=\/wp\/v2\/posts\/7396","targetHints":{"allow":["GET"]}}],"collection":[{"href":"https:\/\/www.mojabochnia.pl\/index.php?rest_route=\/wp\/v2\/posts"}],"about":[{"href":"https:\/\/www.mojabochnia.pl\/index.php?rest_route=\/wp\/v2\/types\/post"}],"author":[{"embeddable":true,"href":"https:\/\/www.mojabochnia.pl\/index.php?rest_route=\/wp\/v2\/users\/1"}],"replies":[{"embeddable":true,"href":"https:\/\/www.mojabochnia.pl\/index.php?rest_route=%2Fwp%2Fv2%2Fcomments&post=7396"}],"version-history":[{"count":0,"href":"https:\/\/www.mojabochnia.pl\/index.php?rest_route=\/wp\/v2\/posts\/7396\/revisions"}],"wp:attachment":[{"href":"https:\/\/www.mojabochnia.pl\/index.php?rest_route=%2Fwp%2Fv2%2Fmedia&parent=7396"}],"wp:term":[{"taxonomy":"category","embeddable":true,"href":"https:\/\/www.mojabochnia.pl\/index.php?rest_route=%2Fwp%2Fv2%2Fcategories&post=7396"},{"taxonomy":"post_tag","embeddable":true,"href":"https:\/\/www.mojabochnia.pl\/index.php?rest_route=%2Fwp%2Fv2%2Ftags&post=7396"}],"curies":[{"name":"wp","href":"https:\/\/api.w.org\/{rel}","templated":true}]}}