{"id":7393,"date":"2009-04-07T06:22:25","date_gmt":"2009-04-07T04:22:25","guid":{"rendered":"http:\/\/www.mojabochnia.pl\/?p=7393"},"modified":"2009-04-06T11:18:33","modified_gmt":"2009-04-06T09:18:33","slug":"dzisiaj-aukcja-prac-wychowankow-wtz","status":"publish","type":"post","link":"https:\/\/www.mojabochnia.pl\/?p=7393","title":{"rendered":"Dzisiaj aukcja prac wychowank\u00f3w WTZ"},"content":{"rendered":"<p>Doch\u00f3d ze sprzeda\u017cy prac powsta\u0142ych w ramach warsztat\u00f3w przeznaczany jest na wypoczynek oraz rehabilitacj\u0119 podopiecznych WTZ. \u2013<em> Przygotowano ponad 1000 prac o r\u00f3\u017cnych technikach od malarstwa, haftu, ceramiki, metaloplastyki po kompozycje \u0142\u0105czone z r\u00f3\u017cnych materia\u0142\u00f3w (sk\u00f3ry, gipsu, nasion, itp.) i oczywi\u015bcie pi\u0119kne stroiki \u015bwi\u0105teczne<\/em> \u2013 zach\u0119caj\u0105 organizatorzy.<\/p>\n<p>Jak m\u00f3wi Stanis\u0142aw Hajduk, instruktor warsztat\u00f3w, w tym roku ka\u017cdy, kto przyb\u0119dzie na aukcj\u0119, powinien znale\u017a\u0107 co\u015b dla siebie. Rok temu by\u0142y to m.in. prace z autografami znanych ludzi, jak np. kard. Stanis\u0142aw Dziwisz.  \u2013 <em>W tym roku mamy podpis kard. Franciszka Macharskiego, biskupa ordynariusza tarnowskiego Wiktora Skworca, mamy te\u017c w prezencie ksi\u0105\u017cki z autografem od prezydenta RP Lecha Wa\u0142\u0119sy<\/em> \u2013 m\u00f3wi Stanis\u0142aw Hajduk. <\/p>\n<p>W\u015br\u00f3d prac szczeg\u00f3lnie cennych s\u0105: Obraz \u015awi\u0119tej Rodziny, Okno Papieskie na Franciszka\u0144skiej, Pa\u0142ac Biskupi w Krakowie, Ojciec \u015awi\u0119ty Jan Pawe\u0142 II podpisane przez Kardyna\u0142a Franciszka Macharskiego, oraz Bazylika w Bochni (haft i pastel) i Jezus podpisane przez Biskupa Ordynariusza Diecezji Tarnowskiej Wiktora Skworca. <\/p>\n<p>Aukcja odb\u0119dzie si\u0119 w II Liceum Og\u00f3lnokszta\u0142c\u0105cym przy ul. Konfederat\u00f3w Barskich w Bochni. Pocz\u0105tek dzisiaj o godz. 12. <\/p>\n<p>\u2013 <em>Warto wi\u0119c przyj\u015b\u0107 i zobaczy\u0107 wielk\u0105 ekspozycj\u0119 przepi\u0119knych prac prezentowanych na pe\u0142nej d\u0142ugo\u015bci \u015bcian II LO a prace te mog\u0105 by\u0107 pretekstem podw\u00f3jnego czynienia dobra, poprzez docenienie ich autor\u00f3w i propagowanie pi\u0119kn\u0105 ich tw\u00f3rczo\u015bci . serdecznie zapraszamy \u2013 warto tu by\u0107 <\/em>\u2013 zach\u0119caj\u0105 organizatorzy.<\/p>\n","protected":false},"excerpt":{"rendered":"<p>Dzisiaj w Bochni odb\u0119dzie si\u0119 aukcja prac wychowank\u00f3w Warsztat\u00f3w Terapii Zaj\u0119ciowej w Prosz\u00f3wkach. <\/p>\n","protected":false},"author":4,"featured_media":0,"comment_status":"open","ping_status":"closed","sticky":false,"template":"","format":"standard","meta":{"_acf_changed":false,"footnotes":""},"categories":[5],"tags":[17558,1281,113,17221,548,2564,17187,3278,3277,325,17499,17157],"class_list":["post-7393","post","type-post","status-publish","format-standard","hentry","category-biezace-wydarzenia","tag-aukcja","tag-ekspozycja","tag-ii-liceum-ogolnoksztalcace","tag-niepelnosprawni","tag-panstwowy-fundusz-rehabilitacji-osob-niepelnosprawnych","tag-prace-plastyczne","tag-proszowki","tag-stanislaw-hajduk","tag-ul-konfederatow-barskich","tag-warsztaty-terapii-zajeciowej","tag-wtz","tag-wystawa"],"acf":[],"yoast_head":"<!-- This site is optimized with the Yoast SEO plugin v26.9 - https:\/\/yoast.com\/product\/yoast-seo-wordpress\/ -->\n<title>Dzisiaj aukcja prac wychowank\u00f3w WTZ - mojabochnia.pl - portal informacyjny<\/title>\n<meta name=\"robots\" content=\"index, follow, max-snippet:-1, max-image-preview:large, max-video-preview:-1\" \/>\n<link rel=\"canonical\" href=\"https:\/\/www.mojabochnia.pl\/?p=7393\" \/>\n<meta property=\"og:locale\" content=\"pl_PL\" \/>\n<meta property=\"og:type\" content=\"article\" \/>\n<meta property=\"og:title\" content=\"Dzisiaj aukcja prac wychowank\u00f3w WTZ - mojabochnia.pl - portal informacyjny\" \/>\n<meta property=\"og:description\" content=\"Dzisiaj w Bochni odb\u0119dzie si\u0119 aukcja prac wychowank\u00f3w Warsztat\u00f3w Terapii Zaj\u0119ciowej w Prosz\u00f3wkach.\" \/>\n<meta property=\"og:url\" content=\"https:\/\/www.mojabochnia.pl\/?p=7393\" \/>\n<meta property=\"og:site_name\" content=\"mojabochnia.pl - portal informacyjny\" \/>\n<meta property=\"article:publisher\" content=\"https:\/\/www.facebook.com\/mojabochnia\" \/>\n<meta property=\"article:published_time\" content=\"2009-04-07T04:22:25+00:00\" \/>\n<meta name=\"author\" content=\"Pawe\u0142 Michalczyk\" \/>\n<meta name=\"twitter:card\" content=\"summary_large_image\" \/>\n<meta name=\"twitter:label1\" content=\"Written by\" \/>\n\t<meta name=\"twitter:data1\" content=\"Pawe\u0142 Michalczyk\" \/>\n\t<meta name=\"twitter:label2\" content=\"Est. reading time\" \/>\n\t<meta name=\"twitter:data2\" content=\"1 minuta\" \/>\n<script type=\"application\/ld+json\" class=\"yoast-schema-graph\">{\"@context\":\"https:\/\/schema.org\",\"@graph\":[{\"@type\":\"Article\",\"@id\":\"https:\/\/www.mojabochnia.pl\/?p=7393#article\",\"isPartOf\":{\"@id\":\"https:\/\/www.mojabochnia.pl\/?p=7393\"},\"author\":{\"name\":\"Pawe\u0142 Michalczyk\",\"@id\":\"https:\/\/www.mojabochnia.pl\/#\/schema\/person\/ea042e4724a77627963f02166828ead4\"},\"headline\":\"Dzisiaj aukcja prac wychowank\u00f3w WTZ\",\"datePublished\":\"2009-04-07T04:22:25+00:00\",\"mainEntityOfPage\":{\"@id\":\"https:\/\/www.mojabochnia.pl\/?p=7393\"},\"wordCount\":262,\"commentCount\":0,\"publisher\":{\"@id\":\"https:\/\/www.mojabochnia.pl\/#organization\"},\"keywords\":[\"aukcja\",\"ekspozycja\",\"II liceum og\u00f3lnokszta\u0142c\u0105ce\",\"niepe\u0142nosprawni\",\"pa\u0144stwowy fundusz rehabilitacji os\u00f3b niepe\u0142nosprawnych\",\"prace plastyczne\",\"prosz\u00f3wki\",\"stanis\u0142aw hajduk\",\"ul. konfederat\u00f3w barskich\",\"warsztaty terapii zaj\u0119ciowej\",\"wtz\",\"wystawa\"],\"articleSection\":[\"2_ostatnie\"],\"inLanguage\":\"pl-PL\",\"potentialAction\":[{\"@type\":\"CommentAction\",\"name\":\"Comment\",\"target\":[\"https:\/\/www.mojabochnia.pl\/?p=7393#respond\"]}]},{\"@type\":\"WebPage\",\"@id\":\"https:\/\/www.mojabochnia.pl\/?p=7393\",\"url\":\"https:\/\/www.mojabochnia.pl\/?p=7393\",\"name\":\"Dzisiaj aukcja prac wychowank\u00f3w WTZ - mojabochnia.pl - portal informacyjny\",\"isPartOf\":{\"@id\":\"https:\/\/www.mojabochnia.pl\/#website\"},\"datePublished\":\"2009-04-07T04:22:25+00:00\",\"breadcrumb\":{\"@id\":\"https:\/\/www.mojabochnia.pl\/?p=7393#breadcrumb\"},\"inLanguage\":\"pl-PL\",\"potentialAction\":[{\"@type\":\"ReadAction\",\"target\":[\"https:\/\/www.mojabochnia.pl\/?p=7393\"]}]},{\"@type\":\"BreadcrumbList\",\"@id\":\"https:\/\/www.mojabochnia.pl\/?p=7393#breadcrumb\",\"itemListElement\":[{\"@type\":\"ListItem\",\"position\":1,\"name\":\"Home\",\"item\":\"https:\/\/www.mojabochnia.pl\/\"},{\"@type\":\"ListItem\",\"position\":2,\"name\":\"Dzisiaj aukcja prac wychowank\u00f3w WTZ\"}]},{\"@type\":\"WebSite\",\"@id\":\"https:\/\/www.mojabochnia.pl\/#website\",\"url\":\"https:\/\/www.mojabochnia.pl\/\",\"name\":\"mojabochnia.pl - portal informacyjny\",\"description\":\"mojaBochnia to portal informacyjny o Bochni. Codziennie o Bochni piszemy i pokazujemy najwa\u017cniejsze wydarzenia\",\"publisher\":{\"@id\":\"https:\/\/www.mojabochnia.pl\/#organization\"},\"potentialAction\":[{\"@type\":\"SearchAction\",\"target\":{\"@type\":\"EntryPoint\",\"urlTemplate\":\"https:\/\/www.mojabochnia.pl\/?s={search_term_string}\"},\"query-input\":{\"@type\":\"PropertyValueSpecification\",\"valueRequired\":true,\"valueName\":\"search_term_string\"}}],\"inLanguage\":\"pl-PL\"},{\"@type\":\"Organization\",\"@id\":\"https:\/\/www.mojabochnia.pl\/#organization\",\"name\":\"mojabochnia.pl - portal informacyjny\",\"url\":\"https:\/\/www.mojabochnia.pl\/\",\"logo\":{\"@type\":\"ImageObject\",\"inLanguage\":\"pl-PL\",\"@id\":\"https:\/\/www.mojabochnia.pl\/#\/schema\/logo\/image\/\",\"url\":\"https:\/\/www.mojabochnia.pl\/wp-content\/uploads\/2017\/08\/logo-mb-opt.png\",\"contentUrl\":\"https:\/\/www.mojabochnia.pl\/wp-content\/uploads\/2017\/08\/logo-mb-opt.png\",\"width\":250,\"height\":48,\"caption\":\"mojabochnia.pl - portal informacyjny\"},\"image\":{\"@id\":\"https:\/\/www.mojabochnia.pl\/#\/schema\/logo\/image\/\"},\"sameAs\":[\"https:\/\/www.facebook.com\/mojabochnia\"]},{\"@type\":\"Person\",\"@id\":\"https:\/\/www.mojabochnia.pl\/#\/schema\/person\/ea042e4724a77627963f02166828ead4\",\"name\":\"Pawe\u0142 Michalczyk\",\"url\":\"https:\/\/www.mojabochnia.pl\/?author=4\"}]}<\/script>\n<!-- \/ Yoast SEO plugin. -->","yoast_head_json":{"title":"Dzisiaj aukcja prac wychowank\u00f3w WTZ - mojabochnia.pl - portal informacyjny","robots":{"index":"index","follow":"follow","max-snippet":"max-snippet:-1","max-image-preview":"max-image-preview:large","max-video-preview":"max-video-preview:-1"},"canonical":"https:\/\/www.mojabochnia.pl\/?p=7393","og_locale":"pl_PL","og_type":"article","og_title":"Dzisiaj aukcja prac wychowank\u00f3w WTZ - mojabochnia.pl - portal informacyjny","og_description":"Dzisiaj w Bochni odb\u0119dzie si\u0119 aukcja prac wychowank\u00f3w Warsztat\u00f3w Terapii Zaj\u0119ciowej w Prosz\u00f3wkach.","og_url":"https:\/\/www.mojabochnia.pl\/?p=7393","og_site_name":"mojabochnia.pl - portal informacyjny","article_publisher":"https:\/\/www.facebook.com\/mojabochnia","article_published_time":"2009-04-07T04:22:25+00:00","author":"Pawe\u0142 Michalczyk","twitter_card":"summary_large_image","twitter_misc":{"Written by":"Pawe\u0142 Michalczyk","Est. reading time":"1 minuta"},"schema":{"@context":"https:\/\/schema.org","@graph":[{"@type":"Article","@id":"https:\/\/www.mojabochnia.pl\/?p=7393#article","isPartOf":{"@id":"https:\/\/www.mojabochnia.pl\/?p=7393"},"author":{"name":"Pawe\u0142 Michalczyk","@id":"https:\/\/www.mojabochnia.pl\/#\/schema\/person\/ea042e4724a77627963f02166828ead4"},"headline":"Dzisiaj aukcja prac wychowank\u00f3w WTZ","datePublished":"2009-04-07T04:22:25+00:00","mainEntityOfPage":{"@id":"https:\/\/www.mojabochnia.pl\/?p=7393"},"wordCount":262,"commentCount":0,"publisher":{"@id":"https:\/\/www.mojabochnia.pl\/#organization"},"keywords":["aukcja","ekspozycja","II liceum og\u00f3lnokszta\u0142c\u0105ce","niepe\u0142nosprawni","pa\u0144stwowy fundusz rehabilitacji os\u00f3b niepe\u0142nosprawnych","prace plastyczne","prosz\u00f3wki","stanis\u0142aw hajduk","ul. konfederat\u00f3w barskich","warsztaty terapii zaj\u0119ciowej","wtz","wystawa"],"articleSection":["2_ostatnie"],"inLanguage":"pl-PL","potentialAction":[{"@type":"CommentAction","name":"Comment","target":["https:\/\/www.mojabochnia.pl\/?p=7393#respond"]}]},{"@type":"WebPage","@id":"https:\/\/www.mojabochnia.pl\/?p=7393","url":"https:\/\/www.mojabochnia.pl\/?p=7393","name":"Dzisiaj aukcja prac wychowank\u00f3w WTZ - mojabochnia.pl - portal informacyjny","isPartOf":{"@id":"https:\/\/www.mojabochnia.pl\/#website"},"datePublished":"2009-04-07T04:22:25+00:00","breadcrumb":{"@id":"https:\/\/www.mojabochnia.pl\/?p=7393#breadcrumb"},"inLanguage":"pl-PL","potentialAction":[{"@type":"ReadAction","target":["https:\/\/www.mojabochnia.pl\/?p=7393"]}]},{"@type":"BreadcrumbList","@id":"https:\/\/www.mojabochnia.pl\/?p=7393#breadcrumb","itemListElement":[{"@type":"ListItem","position":1,"name":"Home","item":"https:\/\/www.mojabochnia.pl\/"},{"@type":"ListItem","position":2,"name":"Dzisiaj aukcja prac wychowank\u00f3w WTZ"}]},{"@type":"WebSite","@id":"https:\/\/www.mojabochnia.pl\/#website","url":"https:\/\/www.mojabochnia.pl\/","name":"mojabochnia.pl - portal informacyjny","description":"mojaBochnia to portal informacyjny o Bochni. Codziennie o Bochni piszemy i pokazujemy najwa\u017cniejsze wydarzenia","publisher":{"@id":"https:\/\/www.mojabochnia.pl\/#organization"},"potentialAction":[{"@type":"SearchAction","target":{"@type":"EntryPoint","urlTemplate":"https:\/\/www.mojabochnia.pl\/?s={search_term_string}"},"query-input":{"@type":"PropertyValueSpecification","valueRequired":true,"valueName":"search_term_string"}}],"inLanguage":"pl-PL"},{"@type":"Organization","@id":"https:\/\/www.mojabochnia.pl\/#organization","name":"mojabochnia.pl - portal informacyjny","url":"https:\/\/www.mojabochnia.pl\/","logo":{"@type":"ImageObject","inLanguage":"pl-PL","@id":"https:\/\/www.mojabochnia.pl\/#\/schema\/logo\/image\/","url":"https:\/\/www.mojabochnia.pl\/wp-content\/uploads\/2017\/08\/logo-mb-opt.png","contentUrl":"https:\/\/www.mojabochnia.pl\/wp-content\/uploads\/2017\/08\/logo-mb-opt.png","width":250,"height":48,"caption":"mojabochnia.pl - portal informacyjny"},"image":{"@id":"https:\/\/www.mojabochnia.pl\/#\/schema\/logo\/image\/"},"sameAs":["https:\/\/www.facebook.com\/mojabochnia"]},{"@type":"Person","@id":"https:\/\/www.mojabochnia.pl\/#\/schema\/person\/ea042e4724a77627963f02166828ead4","name":"Pawe\u0142 Michalczyk","url":"https:\/\/www.mojabochnia.pl\/?author=4"}]}},"_links":{"self":[{"href":"https:\/\/www.mojabochnia.pl\/index.php?rest_route=\/wp\/v2\/posts\/7393","targetHints":{"allow":["GET"]}}],"collection":[{"href":"https:\/\/www.mojabochnia.pl\/index.php?rest_route=\/wp\/v2\/posts"}],"about":[{"href":"https:\/\/www.mojabochnia.pl\/index.php?rest_route=\/wp\/v2\/types\/post"}],"author":[{"embeddable":true,"href":"https:\/\/www.mojabochnia.pl\/index.php?rest_route=\/wp\/v2\/users\/4"}],"replies":[{"embeddable":true,"href":"https:\/\/www.mojabochnia.pl\/index.php?rest_route=%2Fwp%2Fv2%2Fcomments&post=7393"}],"version-history":[{"count":0,"href":"https:\/\/www.mojabochnia.pl\/index.php?rest_route=\/wp\/v2\/posts\/7393\/revisions"}],"wp:attachment":[{"href":"https:\/\/www.mojabochnia.pl\/index.php?rest_route=%2Fwp%2Fv2%2Fmedia&parent=7393"}],"wp:term":[{"taxonomy":"category","embeddable":true,"href":"https:\/\/www.mojabochnia.pl\/index.php?rest_route=%2Fwp%2Fv2%2Fcategories&post=7393"},{"taxonomy":"post_tag","embeddable":true,"href":"https:\/\/www.mojabochnia.pl\/index.php?rest_route=%2Fwp%2Fv2%2Ftags&post=7393"}],"curies":[{"name":"wp","href":"https:\/\/api.w.org\/{rel}","templated":true}]}}