{"id":73870,"date":"2012-06-23T15:08:53","date_gmt":"2012-06-23T13:08:53","guid":{"rendered":"http:\/\/www.mojabochnia.pl\/?p=73870"},"modified":"2012-06-23T15:11:36","modified_gmt":"2012-06-23T13:11:36","slug":"zabil-syna-ale-moze-nie-trafic-do-wiezienia","status":"publish","type":"post","link":"https:\/\/www.mojabochnia.pl\/?p=73870","title":{"rendered":"Zabi\u0142 syna, ale mo\u017ce nie trafi\u0107 do wi\u0119zienia"},"content":{"rendered":"<p>To ju\u017c drugi wyrok w tej sprawie. Pierwszy zapad\u0142 w styczniu 2012 r. S\u0105d skaza\u0142 56-letniego Ryszarda K. na 10 lat pozbawienia wolno\u015bci oraz 100 tys. z\u0142 zado\u015b\u0107uczynienia na rzecz swojej by\u0142ej \u017cony i 200 tys. z\u0142 na rzecz drugiego syna. W post\u0119powaniu odwo\u0142awczym obrona wzi\u0119\u0142a pod uwag\u0119 aspekt obrony koniecznej pomini\u0119ty w I instancji. <\/p>\n<p><em>Kluczowa okaza\u0142a si\u0119 opinia bieg\u0142ych psychiatr\u00f3w. Stwierdzili oni, \u017ce w Ryszardzie K. od d\u0142u\u017cszego czasu narasta\u0142 stres spowodowany konfliktem i strachem przed Piotrem. W dniu morderstwa nast\u0105pi\u0142a kulminacja przera\u017cenia. Ryszard K. by\u0142 przekonany, \u017ce nie mo\u017ce liczy\u0107 na jakikolwiek ratunek i jest zdany tylko na siebie. Nikt bowiem nie odpowiada\u0142 na jego wo\u0142anie o pomoc<\/em> &#8211; podaje sobotnia Polska Gazeta Krakowska. Dziennik cytuje Tomasza Kozio\u0142a, rzecznika S\u0105du Okr\u0119gowego w Tarnowie: <em>K. zeznawa\u0142 te\u017c, \u017ce nie mia\u0142 \u015bwiadomo\u015bci, jak ci\u0119\u017ckie obra\u017cenia zada\u0142 synowi. Podkre\u015bla\u0142, \u017ce broni\u0142 si\u0119, nie chcia\u0142 zabi\u0107<\/em>.<\/p>\n<p>Przypomnijmy, do tragedii dosz\u0142o w niedziel\u0119 17 kwietnia 2011 r. <em>Ryszard K. wraca do swojego trzypokojowego mieszkania, kt\u00f3re dzieli z 28-letnim synem Piotrem. Jest zm\u0119czony, bo pomaga\u0142 przy remoncie mieszkania drugiego syna. Gdy wchodzi do domu, widzi ba\u0142agan. Z\u0142y pyta Piotra, dlaczego nie pozmywa\u0142 nawet naczy\u0144. Dochodzi do gwa\u0142townej k\u0142\u00f3tni. W jej trakcie Ryszard K. wybiega do s\u0105siadki, prosz\u0105c, by pozwoli\u0142a mu zadzwoni\u0107 po policj\u0119. Gdy funkcjonariusze si\u0119 nie pojawiaj\u0105, jeszcze raz puka do mieszkaj\u0105cej obok kobiety. Policja zjawia si\u0119 w ko\u0144cu, staraj\u0105c si\u0119 za\u0142agodzi\u0107 sytuacj\u0119. Ryszard i Piotr po d\u0142u\u017cszej rozmowie obiecuj\u0105, \u017ce b\u0119dzie ju\u017c spokojnie. Policja odje\u017cd\u017ca, ojciec idzie do kuchni, \u017ceby przygotowa\u0107 obiad, syn wraca do pokoju. Po chwili Piotr pojawia si\u0119 znowu przy ojcu. Ze s\u0142owami &#8222;Teraz to ci\u0119 zaj&#8230;\u0119&#8221; zamierza si\u0119 pi\u0119\u015bci\u0105 na ojca. Ryszard broni si\u0119 trzymanym w d\u0142oni no\u017cem i rani syna mi\u0119dzy \u017cebrami. Piotr wybiega z domu, upada jednak przed drzwiami wej\u015bciowymi do klatki schodowej. Ledwo \u017cywy krzyczy, \u017ce ugodzi\u0142 go ojciec. Mimo stara\u0144 lekarzy, umiera w szpitalu w Bochni<\/em> &#8211; relacjonuje przebieg zdarze\u0144 Polska Gazeta Krakowska. <\/p>\n<p>Wyrok jest nieprawomocny.<\/p>\n","protected":false},"excerpt":{"rendered":"<p>Wraca sprawa zab\u00f3jstwa na os. Jana w Bochni z kwietnia 2011 r. Wed\u0142ug wyroku S\u0105du Okr\u0119gowego w Tarnowie, ojciec dzia\u0142a\u0142 w ramach obrony koniecznej. Post\u0119powanie umorzono.<\/p>\n","protected":false},"author":4,"featured_media":0,"comment_status":"open","ping_status":"closed","sticky":false,"template":"","format":"standard","meta":{"_acf_changed":false,"footnotes":""},"categories":[5,6251,6250],"tags":[17729,17155,17340,17545,17517,17882],"class_list":["post-73870","post","type-post","status-publish","format-standard","hentry","category-biezace-wydarzenia","category-polityka-i-wydarzenia","category-tematyka","tag-os-jana","tag-policja","tag-sad","tag-wiezienie","tag-wyrok","tag-zabojstwo","main_tag-zabojstwo"],"acf":[],"yoast_head":"<!-- This site is optimized with the Yoast SEO plugin v26.9 - https:\/\/yoast.com\/product\/yoast-seo-wordpress\/ -->\n<title>Zabi\u0142 syna, ale mo\u017ce nie trafi\u0107 do wi\u0119zienia - mojabochnia.pl - portal informacyjny<\/title>\n<meta name=\"robots\" content=\"index, follow, max-snippet:-1, max-image-preview:large, max-video-preview:-1\" \/>\n<link rel=\"canonical\" href=\"https:\/\/www.mojabochnia.pl\/?p=73870\" \/>\n<meta property=\"og:locale\" content=\"pl_PL\" \/>\n<meta property=\"og:type\" content=\"article\" \/>\n<meta property=\"og:title\" content=\"Zabi\u0142 syna, ale mo\u017ce nie trafi\u0107 do wi\u0119zienia - mojabochnia.pl - portal informacyjny\" \/>\n<meta property=\"og:description\" content=\"Wraca sprawa zab\u00f3jstwa na os. Jana w Bochni z kwietnia 2011 r. Wed\u0142ug wyroku S\u0105du Okr\u0119gowego w Tarnowie, ojciec dzia\u0142a\u0142 w ramach obrony koniecznej. Post\u0119powanie umorzono.\" \/>\n<meta property=\"og:url\" content=\"https:\/\/www.mojabochnia.pl\/?p=73870\" \/>\n<meta property=\"og:site_name\" content=\"mojabochnia.pl - portal informacyjny\" \/>\n<meta property=\"article:publisher\" content=\"https:\/\/www.facebook.com\/mojabochnia\" \/>\n<meta property=\"article:published_time\" content=\"2012-06-23T13:08:53+00:00\" \/>\n<meta property=\"article:modified_time\" content=\"2012-06-23T13:11:36+00:00\" \/>\n<meta name=\"author\" content=\"Pawe\u0142 Michalczyk\" \/>\n<meta name=\"twitter:card\" content=\"summary_large_image\" \/>\n<meta name=\"twitter:label1\" content=\"Written by\" \/>\n\t<meta name=\"twitter:data1\" content=\"Pawe\u0142 Michalczyk\" \/>\n\t<meta name=\"twitter:label2\" content=\"Est. reading time\" \/>\n\t<meta name=\"twitter:data2\" content=\"2 minuty\" \/>\n<script type=\"application\/ld+json\" class=\"yoast-schema-graph\">{\"@context\":\"https:\/\/schema.org\",\"@graph\":[{\"@type\":\"Article\",\"@id\":\"https:\/\/www.mojabochnia.pl\/?p=73870#article\",\"isPartOf\":{\"@id\":\"https:\/\/www.mojabochnia.pl\/?p=73870\"},\"author\":{\"name\":\"Pawe\u0142 Michalczyk\",\"@id\":\"https:\/\/www.mojabochnia.pl\/#\/schema\/person\/ea042e4724a77627963f02166828ead4\"},\"headline\":\"Zabi\u0142 syna, ale mo\u017ce nie trafi\u0107 do wi\u0119zienia\",\"datePublished\":\"2012-06-23T13:08:53+00:00\",\"dateModified\":\"2012-06-23T13:11:36+00:00\",\"mainEntityOfPage\":{\"@id\":\"https:\/\/www.mojabochnia.pl\/?p=73870\"},\"wordCount\":376,\"commentCount\":0,\"publisher\":{\"@id\":\"https:\/\/www.mojabochnia.pl\/#organization\"},\"keywords\":[\"os. jana\",\"policja\",\"s\u0105d\",\"wi\u0119zienie\",\"wyrok\",\"zab\u00f3jstwo\"],\"articleSection\":[\"2_ostatnie\",\"polityka i wydarzenia\",\"tematyka\"],\"inLanguage\":\"pl-PL\",\"potentialAction\":[{\"@type\":\"CommentAction\",\"name\":\"Comment\",\"target\":[\"https:\/\/www.mojabochnia.pl\/?p=73870#respond\"]}]},{\"@type\":\"WebPage\",\"@id\":\"https:\/\/www.mojabochnia.pl\/?p=73870\",\"url\":\"https:\/\/www.mojabochnia.pl\/?p=73870\",\"name\":\"Zabi\u0142 syna, ale mo\u017ce nie trafi\u0107 do wi\u0119zienia - mojabochnia.pl - portal informacyjny\",\"isPartOf\":{\"@id\":\"https:\/\/www.mojabochnia.pl\/#website\"},\"datePublished\":\"2012-06-23T13:08:53+00:00\",\"dateModified\":\"2012-06-23T13:11:36+00:00\",\"breadcrumb\":{\"@id\":\"https:\/\/www.mojabochnia.pl\/?p=73870#breadcrumb\"},\"inLanguage\":\"pl-PL\",\"potentialAction\":[{\"@type\":\"ReadAction\",\"target\":[\"https:\/\/www.mojabochnia.pl\/?p=73870\"]}]},{\"@type\":\"BreadcrumbList\",\"@id\":\"https:\/\/www.mojabochnia.pl\/?p=73870#breadcrumb\",\"itemListElement\":[{\"@type\":\"ListItem\",\"position\":1,\"name\":\"Home\",\"item\":\"https:\/\/www.mojabochnia.pl\/\"},{\"@type\":\"ListItem\",\"position\":2,\"name\":\"Zabi\u0142 syna, ale mo\u017ce nie trafi\u0107 do wi\u0119zienia\"}]},{\"@type\":\"WebSite\",\"@id\":\"https:\/\/www.mojabochnia.pl\/#website\",\"url\":\"https:\/\/www.mojabochnia.pl\/\",\"name\":\"mojabochnia.pl - portal informacyjny\",\"description\":\"mojaBochnia to portal informacyjny o Bochni. Codziennie o Bochni piszemy i pokazujemy najwa\u017cniejsze wydarzenia\",\"publisher\":{\"@id\":\"https:\/\/www.mojabochnia.pl\/#organization\"},\"potentialAction\":[{\"@type\":\"SearchAction\",\"target\":{\"@type\":\"EntryPoint\",\"urlTemplate\":\"https:\/\/www.mojabochnia.pl\/?s={search_term_string}\"},\"query-input\":{\"@type\":\"PropertyValueSpecification\",\"valueRequired\":true,\"valueName\":\"search_term_string\"}}],\"inLanguage\":\"pl-PL\"},{\"@type\":\"Organization\",\"@id\":\"https:\/\/www.mojabochnia.pl\/#organization\",\"name\":\"mojabochnia.pl - portal informacyjny\",\"url\":\"https:\/\/www.mojabochnia.pl\/\",\"logo\":{\"@type\":\"ImageObject\",\"inLanguage\":\"pl-PL\",\"@id\":\"https:\/\/www.mojabochnia.pl\/#\/schema\/logo\/image\/\",\"url\":\"https:\/\/www.mojabochnia.pl\/wp-content\/uploads\/2017\/08\/logo-mb-opt.png\",\"contentUrl\":\"https:\/\/www.mojabochnia.pl\/wp-content\/uploads\/2017\/08\/logo-mb-opt.png\",\"width\":250,\"height\":48,\"caption\":\"mojabochnia.pl - portal informacyjny\"},\"image\":{\"@id\":\"https:\/\/www.mojabochnia.pl\/#\/schema\/logo\/image\/\"},\"sameAs\":[\"https:\/\/www.facebook.com\/mojabochnia\"]},{\"@type\":\"Person\",\"@id\":\"https:\/\/www.mojabochnia.pl\/#\/schema\/person\/ea042e4724a77627963f02166828ead4\",\"name\":\"Pawe\u0142 Michalczyk\",\"url\":\"https:\/\/www.mojabochnia.pl\/?author=4\"}]}<\/script>\n<!-- \/ Yoast SEO plugin. -->","yoast_head_json":{"title":"Zabi\u0142 syna, ale mo\u017ce nie trafi\u0107 do wi\u0119zienia - mojabochnia.pl - portal informacyjny","robots":{"index":"index","follow":"follow","max-snippet":"max-snippet:-1","max-image-preview":"max-image-preview:large","max-video-preview":"max-video-preview:-1"},"canonical":"https:\/\/www.mojabochnia.pl\/?p=73870","og_locale":"pl_PL","og_type":"article","og_title":"Zabi\u0142 syna, ale mo\u017ce nie trafi\u0107 do wi\u0119zienia - mojabochnia.pl - portal informacyjny","og_description":"Wraca sprawa zab\u00f3jstwa na os. Jana w Bochni z kwietnia 2011 r. Wed\u0142ug wyroku S\u0105du Okr\u0119gowego w Tarnowie, ojciec dzia\u0142a\u0142 w ramach obrony koniecznej. Post\u0119powanie umorzono.","og_url":"https:\/\/www.mojabochnia.pl\/?p=73870","og_site_name":"mojabochnia.pl - portal informacyjny","article_publisher":"https:\/\/www.facebook.com\/mojabochnia","article_published_time":"2012-06-23T13:08:53+00:00","article_modified_time":"2012-06-23T13:11:36+00:00","author":"Pawe\u0142 Michalczyk","twitter_card":"summary_large_image","twitter_misc":{"Written by":"Pawe\u0142 Michalczyk","Est. reading time":"2 minuty"},"schema":{"@context":"https:\/\/schema.org","@graph":[{"@type":"Article","@id":"https:\/\/www.mojabochnia.pl\/?p=73870#article","isPartOf":{"@id":"https:\/\/www.mojabochnia.pl\/?p=73870"},"author":{"name":"Pawe\u0142 Michalczyk","@id":"https:\/\/www.mojabochnia.pl\/#\/schema\/person\/ea042e4724a77627963f02166828ead4"},"headline":"Zabi\u0142 syna, ale mo\u017ce nie trafi\u0107 do wi\u0119zienia","datePublished":"2012-06-23T13:08:53+00:00","dateModified":"2012-06-23T13:11:36+00:00","mainEntityOfPage":{"@id":"https:\/\/www.mojabochnia.pl\/?p=73870"},"wordCount":376,"commentCount":0,"publisher":{"@id":"https:\/\/www.mojabochnia.pl\/#organization"},"keywords":["os. jana","policja","s\u0105d","wi\u0119zienie","wyrok","zab\u00f3jstwo"],"articleSection":["2_ostatnie","polityka i wydarzenia","tematyka"],"inLanguage":"pl-PL","potentialAction":[{"@type":"CommentAction","name":"Comment","target":["https:\/\/www.mojabochnia.pl\/?p=73870#respond"]}]},{"@type":"WebPage","@id":"https:\/\/www.mojabochnia.pl\/?p=73870","url":"https:\/\/www.mojabochnia.pl\/?p=73870","name":"Zabi\u0142 syna, ale mo\u017ce nie trafi\u0107 do wi\u0119zienia - mojabochnia.pl - portal informacyjny","isPartOf":{"@id":"https:\/\/www.mojabochnia.pl\/#website"},"datePublished":"2012-06-23T13:08:53+00:00","dateModified":"2012-06-23T13:11:36+00:00","breadcrumb":{"@id":"https:\/\/www.mojabochnia.pl\/?p=73870#breadcrumb"},"inLanguage":"pl-PL","potentialAction":[{"@type":"ReadAction","target":["https:\/\/www.mojabochnia.pl\/?p=73870"]}]},{"@type":"BreadcrumbList","@id":"https:\/\/www.mojabochnia.pl\/?p=73870#breadcrumb","itemListElement":[{"@type":"ListItem","position":1,"name":"Home","item":"https:\/\/www.mojabochnia.pl\/"},{"@type":"ListItem","position":2,"name":"Zabi\u0142 syna, ale mo\u017ce nie trafi\u0107 do wi\u0119zienia"}]},{"@type":"WebSite","@id":"https:\/\/www.mojabochnia.pl\/#website","url":"https:\/\/www.mojabochnia.pl\/","name":"mojabochnia.pl - portal informacyjny","description":"mojaBochnia to portal informacyjny o Bochni. Codziennie o Bochni piszemy i pokazujemy najwa\u017cniejsze wydarzenia","publisher":{"@id":"https:\/\/www.mojabochnia.pl\/#organization"},"potentialAction":[{"@type":"SearchAction","target":{"@type":"EntryPoint","urlTemplate":"https:\/\/www.mojabochnia.pl\/?s={search_term_string}"},"query-input":{"@type":"PropertyValueSpecification","valueRequired":true,"valueName":"search_term_string"}}],"inLanguage":"pl-PL"},{"@type":"Organization","@id":"https:\/\/www.mojabochnia.pl\/#organization","name":"mojabochnia.pl - portal informacyjny","url":"https:\/\/www.mojabochnia.pl\/","logo":{"@type":"ImageObject","inLanguage":"pl-PL","@id":"https:\/\/www.mojabochnia.pl\/#\/schema\/logo\/image\/","url":"https:\/\/www.mojabochnia.pl\/wp-content\/uploads\/2017\/08\/logo-mb-opt.png","contentUrl":"https:\/\/www.mojabochnia.pl\/wp-content\/uploads\/2017\/08\/logo-mb-opt.png","width":250,"height":48,"caption":"mojabochnia.pl - portal informacyjny"},"image":{"@id":"https:\/\/www.mojabochnia.pl\/#\/schema\/logo\/image\/"},"sameAs":["https:\/\/www.facebook.com\/mojabochnia"]},{"@type":"Person","@id":"https:\/\/www.mojabochnia.pl\/#\/schema\/person\/ea042e4724a77627963f02166828ead4","name":"Pawe\u0142 Michalczyk","url":"https:\/\/www.mojabochnia.pl\/?author=4"}]}},"_links":{"self":[{"href":"https:\/\/www.mojabochnia.pl\/index.php?rest_route=\/wp\/v2\/posts\/73870","targetHints":{"allow":["GET"]}}],"collection":[{"href":"https:\/\/www.mojabochnia.pl\/index.php?rest_route=\/wp\/v2\/posts"}],"about":[{"href":"https:\/\/www.mojabochnia.pl\/index.php?rest_route=\/wp\/v2\/types\/post"}],"author":[{"embeddable":true,"href":"https:\/\/www.mojabochnia.pl\/index.php?rest_route=\/wp\/v2\/users\/4"}],"replies":[{"embeddable":true,"href":"https:\/\/www.mojabochnia.pl\/index.php?rest_route=%2Fwp%2Fv2%2Fcomments&post=73870"}],"version-history":[{"count":9,"href":"https:\/\/www.mojabochnia.pl\/index.php?rest_route=\/wp\/v2\/posts\/73870\/revisions"}],"predecessor-version":[{"id":73881,"href":"https:\/\/www.mojabochnia.pl\/index.php?rest_route=\/wp\/v2\/posts\/73870\/revisions\/73881"}],"wp:attachment":[{"href":"https:\/\/www.mojabochnia.pl\/index.php?rest_route=%2Fwp%2Fv2%2Fmedia&parent=73870"}],"wp:term":[{"taxonomy":"category","embeddable":true,"href":"https:\/\/www.mojabochnia.pl\/index.php?rest_route=%2Fwp%2Fv2%2Fcategories&post=73870"},{"taxonomy":"post_tag","embeddable":true,"href":"https:\/\/www.mojabochnia.pl\/index.php?rest_route=%2Fwp%2Fv2%2Ftags&post=73870"}],"curies":[{"name":"wp","href":"https:\/\/api.w.org\/{rel}","templated":true}]}}