{"id":73675,"date":"2012-06-24T13:08:20","date_gmt":"2012-06-24T11:08:20","guid":{"rendered":"http:\/\/www.mojabochnia.pl\/?p=73675"},"modified":"2012-06-22T15:16:19","modified_gmt":"2012-06-22T13:16:19","slug":"muzeum-fotografie-leona-barszczewskiego-w-specjalnej-wystawie","status":"publish","type":"post","link":"https:\/\/www.mojabochnia.pl\/?p=73675","title":{"rendered":"Muzeum: fotografie Leona Barszczewskiego w specjalnej wystawie"},"content":{"rendered":"<p>Wystaw\u0105 kilkudziesi\u0119ciu zdj\u0119\u0107 wykonanych przez Leona Barszczewskiego, Polaka i pu\u0142kownika wojsk rosyjskich, podr\u00f3\u017cnika i fotografa, przyrodnika i glacjologa, a tak\u017ce archeologa i etnografa badaj\u0105cego kultur\u0119 mieszka\u0144c\u00f3w Azji \u015arodkowej, pragniemy zainteresowa\u0107 Pa\u0144stwa zar\u00f3wno tym ciekawym zak\u0105tkiem \u015bwiata, jak i osob\u0105 tw\u00f3rcy fotografii. <\/p>\n<p>Leon Barszczewski urodzi\u0142 si\u0119 w Warszawie w 1849 roku, jako si\u00f3dme dziecko Szymona i Adelajdy z Nowickich. Zosta\u0142 wojskowym, pe\u0142ni\u0105cym od 1876 roku s\u0142u\u017cb\u0119 w Samarkandzie. Podr\u00f3\u017cuj\u0105c po Azji \u015arodkowej dokona\u0142 wielu geologicznych odkry\u0107, ustanowi\u0142 wiele nowych nazw geograficznych, odnalaz\u0142 ruiny staro\u017cytnej Samarkandy. Robi\u0142 notatki ze swoich spotka\u0144 z zamieszkuj\u0105cymi ten teren Tad\u017cykami, Uzbekami, Turkmenami, Kirgizami, czy Cyganami. Po odrzuceniu propozycji przej\u015bcia na prawos\u0142awie, zosta\u0142 w 1897 roku przeniesiony do Siedlec, gdzie zosta\u0142 dow\u00f3dc\u0105 stacjonuj\u0105cego tam 177 Krasnostawskiego Pu\u0142ku Piechoty i gdzie w roku 1904 ufundowa\u0142 Szko\u0142\u0119 Handlow\u0105 dla Dziewcz\u0105t. Zmar\u0142 w Cz\u0119stochowie w 1910 roku. <\/p>\n<p>Na wystaw\u0119 sk\u0142adaj\u0105 si\u0119 fotokopie zdj\u0119\u0107, w kt\u00f3rych Leon Barszczewski zamkn\u0105\u0142 \u015bwiat odkrywany i ogl\u0105dany przez siebie w latach 80. i 90. XIX wieku, podczas licznych podr\u00f3\u017cy po Azji \u015arodkowej. Zdj\u0119cia te pochodz\u0105 z archiwum prawnuka Barszczewskiego \u2013 Igora Strojeckiego z Warszawy, kt\u00f3ry jako biograf wielkiego pradziadka, jest autorem licznych publikacji o nim. Igor Strojecki przygotowa\u0142 cz\u0119\u015b\u0107 fotograficzn\u0105 ekspozycji oraz udost\u0119pni\u0142 naszemu muzeum oryginalne fotografie Barszczewskiego, pami\u0105tki po nim, a tak\u017ce obiekty ilustruj\u0105ce wsp\u00f3\u0142czesn\u0105 kultur\u0119 mieszka\u0144c\u00f3w odwiedzanych przez Podr\u00f3\u017cnika teren\u00f3w. Ekspozycj\u0119 uzupe\u0142niaj\u0105 wytwory kultury materialnej lud\u00f3w Azji \u015arodkowej, pochodz\u0105ce ze zbior\u00f3w Muzeum Etnograficznego w Krakowie. <\/p>\n<p>Otwarcie wystawy nast\u0105pi 28. czerwca o godz. 17.30 w Sali Portretowej oraz salach wystaw czasowych. Ekspozycja potrwa do 23 wrze\u015bnia bie\u017c\u0105cego roku.<\/p>\n<p>Honorowy patronat nad wystaw\u0105 sprawuje Ambasada Republiki Uzbekistanu w Polsce. <\/p>\n","protected":false},"excerpt":{"rendered":"<p>Muzeum im. Stanis\u0142awa Fischera w Bochni zaprasza na otwarcie wystawy pt. Samarkanda i inne miejsca Azji \u015arodkowej w fotografiach Leona Barszczewskiego (1849\u20131910). Podczas wernisa\u017cu Igor Strojecki wyg\u0142osi wyk\u0142ad o Leonie Barszczewskim.<\/p>\n","protected":false},"author":8,"featured_media":0,"comment_status":"open","ping_status":"closed","sticky":false,"template":"","format":"standard","meta":{"_acf_changed":false,"footnotes":""},"categories":[5,92,6250],"tags":[17126,17290,17159,17157],"class_list":["post-73675","post","type-post","status-publish","format-standard","hentry","category-biezace-wydarzenia","category-kultura","category-tematyka","tag-jan-flasza","tag-muzeum","tag-wernisaz","tag-wystawa","main_tag-muzeum"],"acf":[],"yoast_head":"<!-- This site is optimized with the Yoast SEO plugin v26.9 - https:\/\/yoast.com\/product\/yoast-seo-wordpress\/ -->\n<title>Muzeum: fotografie Leona Barszczewskiego w specjalnej wystawie - mojabochnia.pl - portal informacyjny<\/title>\n<meta name=\"robots\" content=\"index, follow, max-snippet:-1, max-image-preview:large, max-video-preview:-1\" \/>\n<link rel=\"canonical\" href=\"https:\/\/www.mojabochnia.pl\/?p=73675\" \/>\n<meta property=\"og:locale\" content=\"pl_PL\" \/>\n<meta property=\"og:type\" content=\"article\" \/>\n<meta property=\"og:title\" content=\"Muzeum: fotografie Leona Barszczewskiego w specjalnej wystawie - mojabochnia.pl - portal informacyjny\" \/>\n<meta property=\"og:description\" content=\"Muzeum im. Stanis\u0142awa Fischera w Bochni zaprasza na otwarcie wystawy pt. Samarkanda i inne miejsca Azji \u015arodkowej w fotografiach Leona Barszczewskiego (1849\u20131910). Podczas wernisa\u017cu Igor Strojecki wyg\u0142osi wyk\u0142ad o Leonie Barszczewskim.\" \/>\n<meta property=\"og:url\" content=\"https:\/\/www.mojabochnia.pl\/?p=73675\" \/>\n<meta property=\"og:site_name\" content=\"mojabochnia.pl - portal informacyjny\" \/>\n<meta property=\"article:publisher\" content=\"https:\/\/www.facebook.com\/mojabochnia\" \/>\n<meta property=\"article:published_time\" content=\"2012-06-24T11:08:20+00:00\" \/>\n<meta name=\"author\" content=\"informacja prasowa\" \/>\n<meta name=\"twitter:card\" content=\"summary_large_image\" \/>\n<meta name=\"twitter:label1\" content=\"Written by\" \/>\n\t<meta name=\"twitter:data1\" content=\"informacja prasowa\" \/>\n\t<meta name=\"twitter:label2\" content=\"Est. reading time\" \/>\n\t<meta name=\"twitter:data2\" content=\"2 minuty\" \/>\n<script type=\"application\/ld+json\" class=\"yoast-schema-graph\">{\"@context\":\"https:\/\/schema.org\",\"@graph\":[{\"@type\":\"Article\",\"@id\":\"https:\/\/www.mojabochnia.pl\/?p=73675#article\",\"isPartOf\":{\"@id\":\"https:\/\/www.mojabochnia.pl\/?p=73675\"},\"author\":{\"name\":\"informacja prasowa\",\"@id\":\"https:\/\/www.mojabochnia.pl\/#\/schema\/person\/9e15cf1bcb74043790f124a3130fe41e\"},\"headline\":\"Muzeum: fotografie Leona Barszczewskiego w specjalnej wystawie\",\"datePublished\":\"2012-06-24T11:08:20+00:00\",\"mainEntityOfPage\":{\"@id\":\"https:\/\/www.mojabochnia.pl\/?p=73675\"},\"wordCount\":309,\"commentCount\":0,\"publisher\":{\"@id\":\"https:\/\/www.mojabochnia.pl\/#organization\"},\"keywords\":[\"jan flasza\",\"muzeum\",\"wernisa\u017c\",\"wystawa\"],\"articleSection\":[\"2_ostatnie\",\"kultura\",\"tematyka\"],\"inLanguage\":\"pl-PL\",\"potentialAction\":[{\"@type\":\"CommentAction\",\"name\":\"Comment\",\"target\":[\"https:\/\/www.mojabochnia.pl\/?p=73675#respond\"]}]},{\"@type\":\"WebPage\",\"@id\":\"https:\/\/www.mojabochnia.pl\/?p=73675\",\"url\":\"https:\/\/www.mojabochnia.pl\/?p=73675\",\"name\":\"Muzeum: fotografie Leona Barszczewskiego w specjalnej wystawie - mojabochnia.pl - portal informacyjny\",\"isPartOf\":{\"@id\":\"https:\/\/www.mojabochnia.pl\/#website\"},\"datePublished\":\"2012-06-24T11:08:20+00:00\",\"breadcrumb\":{\"@id\":\"https:\/\/www.mojabochnia.pl\/?p=73675#breadcrumb\"},\"inLanguage\":\"pl-PL\",\"potentialAction\":[{\"@type\":\"ReadAction\",\"target\":[\"https:\/\/www.mojabochnia.pl\/?p=73675\"]}]},{\"@type\":\"BreadcrumbList\",\"@id\":\"https:\/\/www.mojabochnia.pl\/?p=73675#breadcrumb\",\"itemListElement\":[{\"@type\":\"ListItem\",\"position\":1,\"name\":\"Home\",\"item\":\"https:\/\/www.mojabochnia.pl\/\"},{\"@type\":\"ListItem\",\"position\":2,\"name\":\"Muzeum: fotografie Leona Barszczewskiego w specjalnej wystawie\"}]},{\"@type\":\"WebSite\",\"@id\":\"https:\/\/www.mojabochnia.pl\/#website\",\"url\":\"https:\/\/www.mojabochnia.pl\/\",\"name\":\"mojabochnia.pl - portal informacyjny\",\"description\":\"mojaBochnia to portal informacyjny o Bochni. Codziennie o Bochni piszemy i pokazujemy najwa\u017cniejsze wydarzenia\",\"publisher\":{\"@id\":\"https:\/\/www.mojabochnia.pl\/#organization\"},\"potentialAction\":[{\"@type\":\"SearchAction\",\"target\":{\"@type\":\"EntryPoint\",\"urlTemplate\":\"https:\/\/www.mojabochnia.pl\/?s={search_term_string}\"},\"query-input\":{\"@type\":\"PropertyValueSpecification\",\"valueRequired\":true,\"valueName\":\"search_term_string\"}}],\"inLanguage\":\"pl-PL\"},{\"@type\":\"Organization\",\"@id\":\"https:\/\/www.mojabochnia.pl\/#organization\",\"name\":\"mojabochnia.pl - portal informacyjny\",\"url\":\"https:\/\/www.mojabochnia.pl\/\",\"logo\":{\"@type\":\"ImageObject\",\"inLanguage\":\"pl-PL\",\"@id\":\"https:\/\/www.mojabochnia.pl\/#\/schema\/logo\/image\/\",\"url\":\"https:\/\/www.mojabochnia.pl\/wp-content\/uploads\/2017\/08\/logo-mb-opt.png\",\"contentUrl\":\"https:\/\/www.mojabochnia.pl\/wp-content\/uploads\/2017\/08\/logo-mb-opt.png\",\"width\":250,\"height\":48,\"caption\":\"mojabochnia.pl - portal informacyjny\"},\"image\":{\"@id\":\"https:\/\/www.mojabochnia.pl\/#\/schema\/logo\/image\/\"},\"sameAs\":[\"https:\/\/www.facebook.com\/mojabochnia\"]},{\"@type\":\"Person\",\"@id\":\"https:\/\/www.mojabochnia.pl\/#\/schema\/person\/9e15cf1bcb74043790f124a3130fe41e\",\"name\":\"informacja prasowa\",\"sameAs\":[\"http:\/\/\"],\"url\":\"https:\/\/www.mojabochnia.pl\/?author=8\"}]}<\/script>\n<!-- \/ Yoast SEO plugin. -->","yoast_head_json":{"title":"Muzeum: fotografie Leona Barszczewskiego w specjalnej wystawie - mojabochnia.pl - portal informacyjny","robots":{"index":"index","follow":"follow","max-snippet":"max-snippet:-1","max-image-preview":"max-image-preview:large","max-video-preview":"max-video-preview:-1"},"canonical":"https:\/\/www.mojabochnia.pl\/?p=73675","og_locale":"pl_PL","og_type":"article","og_title":"Muzeum: fotografie Leona Barszczewskiego w specjalnej wystawie - mojabochnia.pl - portal informacyjny","og_description":"Muzeum im. Stanis\u0142awa Fischera w Bochni zaprasza na otwarcie wystawy pt. Samarkanda i inne miejsca Azji \u015arodkowej w fotografiach Leona Barszczewskiego (1849\u20131910). Podczas wernisa\u017cu Igor Strojecki wyg\u0142osi wyk\u0142ad o Leonie Barszczewskim.","og_url":"https:\/\/www.mojabochnia.pl\/?p=73675","og_site_name":"mojabochnia.pl - portal informacyjny","article_publisher":"https:\/\/www.facebook.com\/mojabochnia","article_published_time":"2012-06-24T11:08:20+00:00","author":"informacja prasowa","twitter_card":"summary_large_image","twitter_misc":{"Written by":"informacja prasowa","Est. reading time":"2 minuty"},"schema":{"@context":"https:\/\/schema.org","@graph":[{"@type":"Article","@id":"https:\/\/www.mojabochnia.pl\/?p=73675#article","isPartOf":{"@id":"https:\/\/www.mojabochnia.pl\/?p=73675"},"author":{"name":"informacja prasowa","@id":"https:\/\/www.mojabochnia.pl\/#\/schema\/person\/9e15cf1bcb74043790f124a3130fe41e"},"headline":"Muzeum: fotografie Leona Barszczewskiego w specjalnej wystawie","datePublished":"2012-06-24T11:08:20+00:00","mainEntityOfPage":{"@id":"https:\/\/www.mojabochnia.pl\/?p=73675"},"wordCount":309,"commentCount":0,"publisher":{"@id":"https:\/\/www.mojabochnia.pl\/#organization"},"keywords":["jan flasza","muzeum","wernisa\u017c","wystawa"],"articleSection":["2_ostatnie","kultura","tematyka"],"inLanguage":"pl-PL","potentialAction":[{"@type":"CommentAction","name":"Comment","target":["https:\/\/www.mojabochnia.pl\/?p=73675#respond"]}]},{"@type":"WebPage","@id":"https:\/\/www.mojabochnia.pl\/?p=73675","url":"https:\/\/www.mojabochnia.pl\/?p=73675","name":"Muzeum: fotografie Leona Barszczewskiego w specjalnej wystawie - mojabochnia.pl - portal informacyjny","isPartOf":{"@id":"https:\/\/www.mojabochnia.pl\/#website"},"datePublished":"2012-06-24T11:08:20+00:00","breadcrumb":{"@id":"https:\/\/www.mojabochnia.pl\/?p=73675#breadcrumb"},"inLanguage":"pl-PL","potentialAction":[{"@type":"ReadAction","target":["https:\/\/www.mojabochnia.pl\/?p=73675"]}]},{"@type":"BreadcrumbList","@id":"https:\/\/www.mojabochnia.pl\/?p=73675#breadcrumb","itemListElement":[{"@type":"ListItem","position":1,"name":"Home","item":"https:\/\/www.mojabochnia.pl\/"},{"@type":"ListItem","position":2,"name":"Muzeum: fotografie Leona Barszczewskiego w specjalnej wystawie"}]},{"@type":"WebSite","@id":"https:\/\/www.mojabochnia.pl\/#website","url":"https:\/\/www.mojabochnia.pl\/","name":"mojabochnia.pl - portal informacyjny","description":"mojaBochnia to portal informacyjny o Bochni. Codziennie o Bochni piszemy i pokazujemy najwa\u017cniejsze wydarzenia","publisher":{"@id":"https:\/\/www.mojabochnia.pl\/#organization"},"potentialAction":[{"@type":"SearchAction","target":{"@type":"EntryPoint","urlTemplate":"https:\/\/www.mojabochnia.pl\/?s={search_term_string}"},"query-input":{"@type":"PropertyValueSpecification","valueRequired":true,"valueName":"search_term_string"}}],"inLanguage":"pl-PL"},{"@type":"Organization","@id":"https:\/\/www.mojabochnia.pl\/#organization","name":"mojabochnia.pl - portal informacyjny","url":"https:\/\/www.mojabochnia.pl\/","logo":{"@type":"ImageObject","inLanguage":"pl-PL","@id":"https:\/\/www.mojabochnia.pl\/#\/schema\/logo\/image\/","url":"https:\/\/www.mojabochnia.pl\/wp-content\/uploads\/2017\/08\/logo-mb-opt.png","contentUrl":"https:\/\/www.mojabochnia.pl\/wp-content\/uploads\/2017\/08\/logo-mb-opt.png","width":250,"height":48,"caption":"mojabochnia.pl - portal informacyjny"},"image":{"@id":"https:\/\/www.mojabochnia.pl\/#\/schema\/logo\/image\/"},"sameAs":["https:\/\/www.facebook.com\/mojabochnia"]},{"@type":"Person","@id":"https:\/\/www.mojabochnia.pl\/#\/schema\/person\/9e15cf1bcb74043790f124a3130fe41e","name":"informacja prasowa","sameAs":["http:\/\/"],"url":"https:\/\/www.mojabochnia.pl\/?author=8"}]}},"_links":{"self":[{"href":"https:\/\/www.mojabochnia.pl\/index.php?rest_route=\/wp\/v2\/posts\/73675","targetHints":{"allow":["GET"]}}],"collection":[{"href":"https:\/\/www.mojabochnia.pl\/index.php?rest_route=\/wp\/v2\/posts"}],"about":[{"href":"https:\/\/www.mojabochnia.pl\/index.php?rest_route=\/wp\/v2\/types\/post"}],"author":[{"embeddable":true,"href":"https:\/\/www.mojabochnia.pl\/index.php?rest_route=\/wp\/v2\/users\/8"}],"replies":[{"embeddable":true,"href":"https:\/\/www.mojabochnia.pl\/index.php?rest_route=%2Fwp%2Fv2%2Fcomments&post=73675"}],"version-history":[{"count":3,"href":"https:\/\/www.mojabochnia.pl\/index.php?rest_route=\/wp\/v2\/posts\/73675\/revisions"}],"predecessor-version":[{"id":73679,"href":"https:\/\/www.mojabochnia.pl\/index.php?rest_route=\/wp\/v2\/posts\/73675\/revisions\/73679"}],"wp:attachment":[{"href":"https:\/\/www.mojabochnia.pl\/index.php?rest_route=%2Fwp%2Fv2%2Fmedia&parent=73675"}],"wp:term":[{"taxonomy":"category","embeddable":true,"href":"https:\/\/www.mojabochnia.pl\/index.php?rest_route=%2Fwp%2Fv2%2Fcategories&post=73675"},{"taxonomy":"post_tag","embeddable":true,"href":"https:\/\/www.mojabochnia.pl\/index.php?rest_route=%2Fwp%2Fv2%2Ftags&post=73675"}],"curies":[{"name":"wp","href":"https:\/\/api.w.org\/{rel}","templated":true}]}}