{"id":73660,"date":"2012-06-23T07:18:43","date_gmt":"2012-06-23T05:18:43","guid":{"rendered":"http:\/\/www.mojabochnia.pl\/?p=73660"},"modified":"2012-06-26T11:49:33","modified_gmt":"2012-06-26T09:49:33","slug":"orlik-w-krolowce-gotowy-w-niedziele-otwarcie","status":"publish","type":"post","link":"https:\/\/www.mojabochnia.pl\/?p=73660","title":{"rendered":"Orlik w Kr\u00f3l\u00f3wce gotowy"},"content":{"rendered":"<p>Boisko jest ju\u017c gotowe, w niedziel\u0119 24 czerwca nast\u0105pi jego oficjalne otwarcie. <em>Jest boisko trawiaste, boisko o sztucznej nawierzchni, s\u0105 szatnie i to jest pi\u0119knie wkomponowane w centrum Kr\u00f3l\u00f3wki. Daje to mo\u017cliwo\u015b\u0107 tej miejscowo\u015bci, ale r\u00f3wnie\u017c tym, kt\u00f3ry tam dojad\u0105 korzystania w szeroki spos\u00f3b ze sportu. Bo tu i pi\u0142ka siatkowa i koszyk\u00f3wka, pi\u0142ka no\u017cna na Orliku mo\u017ce by\u0107 uprawiana. Bardzo si\u0119 ciesz\u0119 z tej inwestycji<\/em> \u2013 m\u00f3wi burmistrz Stanis\u0142aw Gaworczyk.<\/p>\n<p>Opozycja krytykuje inwestycj\u0119 m.in. za konieczno\u015b\u0107 wykonania rob\u00f3t dodatkowych, co kosztowa\u0142o ok. 120 tys. z\u0142. <em>Zaistnia\u0142a taka sytuacja geologiczna, \u017ce te prace musia\u0142y zosta\u0107 wykonane<\/em> \u2013 m\u00f3wi burmistrz. Spraw\u0119 podczas majowej sesji poruszy\u0142 radny Miros\u0142aw Chodur, zwracaj\u0105c uwag\u0119 na to, \u017ce gmina powinna domaga\u0107 si\u0119 odszkodowania od projektanta. <\/p>\n<p>Burmistrz uwa\u017ca, \u017ce sprawa nie jest przes\u0105dzona (wypowied\u017a z 31 maja). <em>B\u0119dziemy rozmawia\u0107 z geologiem, dlaczego takie sytuacje zaistnia\u0142y i analizowa\u0107 mo\u017cliwo\u015bci gminy w tej sprawie. Nie mog\u0119 dzisiaj stwierdzi\u0107 jednoznacznie, czy b\u0119dziemy starali si\u0119 b\u0105d\u017a zrezygnujemy z tego starania o odszkodowanie. Ka\u017cda sytuacja, gdzie zbiera si\u0119 znaczne warstwy ziemi \u2013 mimo odwiert\u00f3w wykonanych punktowo \u2013 jest niepewna. Tym bardziej, \u017ce ten Orlik po\u0142o\u017cony jest w trudnym geologicznie terenie. On jest w miejscu istniej\u0105cego cieku wodnego, kt\u00f3ry zosta\u0142 przeprofilowany obok tego boiska, ale samo miejsce jest wyj\u0105tkowe i upi\u0119kszy\u0142o Kr\u00f3l\u00f3wk\u0119<\/em> \u2013 dodaje burmistrz.<\/p>\n<p>Boisko z rz\u0105dowego programu w Kr\u00f3l\u00f3wce kosztowa\u0142o 1,2 mln z\u0142, z czego 750 tys. z\u0142 to dotacja. Obecnie w powiecie boche\u0144skim Orliki s\u0105 w Rajbrocie, \u0141apanowie, Bochni, Starym Wi\u015bniczu, Trzcianie i Sobolowie. Kolejny powstanie w Mikluszowicach.<\/p>\n","protected":false},"excerpt":{"rendered":"<p>W Kr\u00f3l\u00f3wce powsta\u0142o kolejne boisko Orlik na Boche\u0144szczy\u017anie. Wybudowa\u0142a je gmina Nowy Wi\u015bnicz, kt\u00f3ra dosta\u0142a na ten cel dotacj\u0119 z bud\u017cetu pa\u0144stwa oraz wojew\u00f3dztwa ma\u0142opolskiego. <\/p>\n","protected":false},"author":4,"featured_media":0,"comment_status":"open","ping_status":"closed","sticky":false,"template":"","format":"standard","meta":{"_acf_changed":false,"footnotes":""},"categories":[5,6251,6250],"tags":[17651,17253,129,8242,17118,17393,17138],"class_list":["post-73660","post","type-post","status-publish","format-standard","hentry","category-biezace-wydarzenia","category-polityka-i-wydarzenia","category-tematyka","tag-boisko","tag-dotacja","tag-krolowka","tag-miroslaw-chodur","tag-wisnicz","tag-orlik","tag-stanislaw-gaworczyk","main_tag-nowy-wisnicz"],"acf":[],"yoast_head":"<!-- This site is optimized with the Yoast SEO plugin v26.9 - https:\/\/yoast.com\/product\/yoast-seo-wordpress\/ -->\n<title>Orlik w Kr\u00f3l\u00f3wce gotowy - mojabochnia.pl - portal informacyjny<\/title>\n<meta name=\"robots\" content=\"index, follow, max-snippet:-1, max-image-preview:large, max-video-preview:-1\" \/>\n<link rel=\"canonical\" href=\"https:\/\/www.mojabochnia.pl\/?p=73660\" \/>\n<meta property=\"og:locale\" content=\"pl_PL\" \/>\n<meta property=\"og:type\" content=\"article\" \/>\n<meta property=\"og:title\" content=\"Orlik w Kr\u00f3l\u00f3wce gotowy - mojabochnia.pl - portal informacyjny\" \/>\n<meta property=\"og:description\" content=\"W Kr\u00f3l\u00f3wce powsta\u0142o kolejne boisko Orlik na Boche\u0144szczy\u017anie. Wybudowa\u0142a je gmina Nowy Wi\u015bnicz, kt\u00f3ra dosta\u0142a na ten cel dotacj\u0119 z bud\u017cetu pa\u0144stwa oraz wojew\u00f3dztwa ma\u0142opolskiego.\" \/>\n<meta property=\"og:url\" content=\"https:\/\/www.mojabochnia.pl\/?p=73660\" \/>\n<meta property=\"og:site_name\" content=\"mojabochnia.pl - portal informacyjny\" \/>\n<meta property=\"article:publisher\" content=\"https:\/\/www.facebook.com\/mojabochnia\" \/>\n<meta property=\"article:published_time\" content=\"2012-06-23T05:18:43+00:00\" \/>\n<meta property=\"article:modified_time\" content=\"2012-06-26T09:49:33+00:00\" \/>\n<meta name=\"author\" content=\"Pawe\u0142 Michalczyk\" \/>\n<meta name=\"twitter:card\" content=\"summary_large_image\" \/>\n<meta name=\"twitter:label1\" content=\"Written by\" \/>\n\t<meta name=\"twitter:data1\" content=\"Pawe\u0142 Michalczyk\" \/>\n\t<meta name=\"twitter:label2\" content=\"Est. reading time\" \/>\n\t<meta name=\"twitter:data2\" content=\"1 minuta\" \/>\n<script type=\"application\/ld+json\" class=\"yoast-schema-graph\">{\"@context\":\"https:\/\/schema.org\",\"@graph\":[{\"@type\":\"Article\",\"@id\":\"https:\/\/www.mojabochnia.pl\/?p=73660#article\",\"isPartOf\":{\"@id\":\"https:\/\/www.mojabochnia.pl\/?p=73660\"},\"author\":{\"name\":\"Pawe\u0142 Michalczyk\",\"@id\":\"https:\/\/www.mojabochnia.pl\/#\/schema\/person\/ea042e4724a77627963f02166828ead4\"},\"headline\":\"Orlik w Kr\u00f3l\u00f3wce gotowy\",\"datePublished\":\"2012-06-23T05:18:43+00:00\",\"dateModified\":\"2012-06-26T09:49:33+00:00\",\"mainEntityOfPage\":{\"@id\":\"https:\/\/www.mojabochnia.pl\/?p=73660\"},\"wordCount\":293,\"commentCount\":0,\"publisher\":{\"@id\":\"https:\/\/www.mojabochnia.pl\/#organization\"},\"keywords\":[\"boisko\",\"dotacja\",\"kr\u00f3l\u00f3wka\",\"miros\u0142aw chodur\",\"Nowy Wi\u015bnicz\",\"orlik\",\"stanis\u0142aw gaworczyk\"],\"articleSection\":[\"2_ostatnie\",\"polityka i wydarzenia\",\"tematyka\"],\"inLanguage\":\"pl-PL\",\"potentialAction\":[{\"@type\":\"CommentAction\",\"name\":\"Comment\",\"target\":[\"https:\/\/www.mojabochnia.pl\/?p=73660#respond\"]}]},{\"@type\":\"WebPage\",\"@id\":\"https:\/\/www.mojabochnia.pl\/?p=73660\",\"url\":\"https:\/\/www.mojabochnia.pl\/?p=73660\",\"name\":\"Orlik w Kr\u00f3l\u00f3wce gotowy - mojabochnia.pl - portal informacyjny\",\"isPartOf\":{\"@id\":\"https:\/\/www.mojabochnia.pl\/#website\"},\"datePublished\":\"2012-06-23T05:18:43+00:00\",\"dateModified\":\"2012-06-26T09:49:33+00:00\",\"breadcrumb\":{\"@id\":\"https:\/\/www.mojabochnia.pl\/?p=73660#breadcrumb\"},\"inLanguage\":\"pl-PL\",\"potentialAction\":[{\"@type\":\"ReadAction\",\"target\":[\"https:\/\/www.mojabochnia.pl\/?p=73660\"]}]},{\"@type\":\"BreadcrumbList\",\"@id\":\"https:\/\/www.mojabochnia.pl\/?p=73660#breadcrumb\",\"itemListElement\":[{\"@type\":\"ListItem\",\"position\":1,\"name\":\"Home\",\"item\":\"https:\/\/www.mojabochnia.pl\/\"},{\"@type\":\"ListItem\",\"position\":2,\"name\":\"Orlik w Kr\u00f3l\u00f3wce gotowy\"}]},{\"@type\":\"WebSite\",\"@id\":\"https:\/\/www.mojabochnia.pl\/#website\",\"url\":\"https:\/\/www.mojabochnia.pl\/\",\"name\":\"mojabochnia.pl - portal informacyjny\",\"description\":\"mojaBochnia to portal informacyjny o Bochni. Codziennie o Bochni piszemy i pokazujemy najwa\u017cniejsze wydarzenia\",\"publisher\":{\"@id\":\"https:\/\/www.mojabochnia.pl\/#organization\"},\"potentialAction\":[{\"@type\":\"SearchAction\",\"target\":{\"@type\":\"EntryPoint\",\"urlTemplate\":\"https:\/\/www.mojabochnia.pl\/?s={search_term_string}\"},\"query-input\":{\"@type\":\"PropertyValueSpecification\",\"valueRequired\":true,\"valueName\":\"search_term_string\"}}],\"inLanguage\":\"pl-PL\"},{\"@type\":\"Organization\",\"@id\":\"https:\/\/www.mojabochnia.pl\/#organization\",\"name\":\"mojabochnia.pl - portal informacyjny\",\"url\":\"https:\/\/www.mojabochnia.pl\/\",\"logo\":{\"@type\":\"ImageObject\",\"inLanguage\":\"pl-PL\",\"@id\":\"https:\/\/www.mojabochnia.pl\/#\/schema\/logo\/image\/\",\"url\":\"https:\/\/www.mojabochnia.pl\/wp-content\/uploads\/2017\/08\/logo-mb-opt.png\",\"contentUrl\":\"https:\/\/www.mojabochnia.pl\/wp-content\/uploads\/2017\/08\/logo-mb-opt.png\",\"width\":250,\"height\":48,\"caption\":\"mojabochnia.pl - portal informacyjny\"},\"image\":{\"@id\":\"https:\/\/www.mojabochnia.pl\/#\/schema\/logo\/image\/\"},\"sameAs\":[\"https:\/\/www.facebook.com\/mojabochnia\"]},{\"@type\":\"Person\",\"@id\":\"https:\/\/www.mojabochnia.pl\/#\/schema\/person\/ea042e4724a77627963f02166828ead4\",\"name\":\"Pawe\u0142 Michalczyk\",\"url\":\"https:\/\/www.mojabochnia.pl\/?author=4\"}]}<\/script>\n<!-- \/ Yoast SEO plugin. -->","yoast_head_json":{"title":"Orlik w Kr\u00f3l\u00f3wce gotowy - mojabochnia.pl - portal informacyjny","robots":{"index":"index","follow":"follow","max-snippet":"max-snippet:-1","max-image-preview":"max-image-preview:large","max-video-preview":"max-video-preview:-1"},"canonical":"https:\/\/www.mojabochnia.pl\/?p=73660","og_locale":"pl_PL","og_type":"article","og_title":"Orlik w Kr\u00f3l\u00f3wce gotowy - mojabochnia.pl - portal informacyjny","og_description":"W Kr\u00f3l\u00f3wce powsta\u0142o kolejne boisko Orlik na Boche\u0144szczy\u017anie. Wybudowa\u0142a je gmina Nowy Wi\u015bnicz, kt\u00f3ra dosta\u0142a na ten cel dotacj\u0119 z bud\u017cetu pa\u0144stwa oraz wojew\u00f3dztwa ma\u0142opolskiego.","og_url":"https:\/\/www.mojabochnia.pl\/?p=73660","og_site_name":"mojabochnia.pl - portal informacyjny","article_publisher":"https:\/\/www.facebook.com\/mojabochnia","article_published_time":"2012-06-23T05:18:43+00:00","article_modified_time":"2012-06-26T09:49:33+00:00","author":"Pawe\u0142 Michalczyk","twitter_card":"summary_large_image","twitter_misc":{"Written by":"Pawe\u0142 Michalczyk","Est. reading time":"1 minuta"},"schema":{"@context":"https:\/\/schema.org","@graph":[{"@type":"Article","@id":"https:\/\/www.mojabochnia.pl\/?p=73660#article","isPartOf":{"@id":"https:\/\/www.mojabochnia.pl\/?p=73660"},"author":{"name":"Pawe\u0142 Michalczyk","@id":"https:\/\/www.mojabochnia.pl\/#\/schema\/person\/ea042e4724a77627963f02166828ead4"},"headline":"Orlik w Kr\u00f3l\u00f3wce gotowy","datePublished":"2012-06-23T05:18:43+00:00","dateModified":"2012-06-26T09:49:33+00:00","mainEntityOfPage":{"@id":"https:\/\/www.mojabochnia.pl\/?p=73660"},"wordCount":293,"commentCount":0,"publisher":{"@id":"https:\/\/www.mojabochnia.pl\/#organization"},"keywords":["boisko","dotacja","kr\u00f3l\u00f3wka","miros\u0142aw chodur","Nowy Wi\u015bnicz","orlik","stanis\u0142aw gaworczyk"],"articleSection":["2_ostatnie","polityka i wydarzenia","tematyka"],"inLanguage":"pl-PL","potentialAction":[{"@type":"CommentAction","name":"Comment","target":["https:\/\/www.mojabochnia.pl\/?p=73660#respond"]}]},{"@type":"WebPage","@id":"https:\/\/www.mojabochnia.pl\/?p=73660","url":"https:\/\/www.mojabochnia.pl\/?p=73660","name":"Orlik w Kr\u00f3l\u00f3wce gotowy - mojabochnia.pl - portal informacyjny","isPartOf":{"@id":"https:\/\/www.mojabochnia.pl\/#website"},"datePublished":"2012-06-23T05:18:43+00:00","dateModified":"2012-06-26T09:49:33+00:00","breadcrumb":{"@id":"https:\/\/www.mojabochnia.pl\/?p=73660#breadcrumb"},"inLanguage":"pl-PL","potentialAction":[{"@type":"ReadAction","target":["https:\/\/www.mojabochnia.pl\/?p=73660"]}]},{"@type":"BreadcrumbList","@id":"https:\/\/www.mojabochnia.pl\/?p=73660#breadcrumb","itemListElement":[{"@type":"ListItem","position":1,"name":"Home","item":"https:\/\/www.mojabochnia.pl\/"},{"@type":"ListItem","position":2,"name":"Orlik w Kr\u00f3l\u00f3wce gotowy"}]},{"@type":"WebSite","@id":"https:\/\/www.mojabochnia.pl\/#website","url":"https:\/\/www.mojabochnia.pl\/","name":"mojabochnia.pl - portal informacyjny","description":"mojaBochnia to portal informacyjny o Bochni. Codziennie o Bochni piszemy i pokazujemy najwa\u017cniejsze wydarzenia","publisher":{"@id":"https:\/\/www.mojabochnia.pl\/#organization"},"potentialAction":[{"@type":"SearchAction","target":{"@type":"EntryPoint","urlTemplate":"https:\/\/www.mojabochnia.pl\/?s={search_term_string}"},"query-input":{"@type":"PropertyValueSpecification","valueRequired":true,"valueName":"search_term_string"}}],"inLanguage":"pl-PL"},{"@type":"Organization","@id":"https:\/\/www.mojabochnia.pl\/#organization","name":"mojabochnia.pl - portal informacyjny","url":"https:\/\/www.mojabochnia.pl\/","logo":{"@type":"ImageObject","inLanguage":"pl-PL","@id":"https:\/\/www.mojabochnia.pl\/#\/schema\/logo\/image\/","url":"https:\/\/www.mojabochnia.pl\/wp-content\/uploads\/2017\/08\/logo-mb-opt.png","contentUrl":"https:\/\/www.mojabochnia.pl\/wp-content\/uploads\/2017\/08\/logo-mb-opt.png","width":250,"height":48,"caption":"mojabochnia.pl - portal informacyjny"},"image":{"@id":"https:\/\/www.mojabochnia.pl\/#\/schema\/logo\/image\/"},"sameAs":["https:\/\/www.facebook.com\/mojabochnia"]},{"@type":"Person","@id":"https:\/\/www.mojabochnia.pl\/#\/schema\/person\/ea042e4724a77627963f02166828ead4","name":"Pawe\u0142 Michalczyk","url":"https:\/\/www.mojabochnia.pl\/?author=4"}]}},"_links":{"self":[{"href":"https:\/\/www.mojabochnia.pl\/index.php?rest_route=\/wp\/v2\/posts\/73660","targetHints":{"allow":["GET"]}}],"collection":[{"href":"https:\/\/www.mojabochnia.pl\/index.php?rest_route=\/wp\/v2\/posts"}],"about":[{"href":"https:\/\/www.mojabochnia.pl\/index.php?rest_route=\/wp\/v2\/types\/post"}],"author":[{"embeddable":true,"href":"https:\/\/www.mojabochnia.pl\/index.php?rest_route=\/wp\/v2\/users\/4"}],"replies":[{"embeddable":true,"href":"https:\/\/www.mojabochnia.pl\/index.php?rest_route=%2Fwp%2Fv2%2Fcomments&post=73660"}],"version-history":[{"count":6,"href":"https:\/\/www.mojabochnia.pl\/index.php?rest_route=\/wp\/v2\/posts\/73660\/revisions"}],"predecessor-version":[{"id":74022,"href":"https:\/\/www.mojabochnia.pl\/index.php?rest_route=\/wp\/v2\/posts\/73660\/revisions\/74022"}],"wp:attachment":[{"href":"https:\/\/www.mojabochnia.pl\/index.php?rest_route=%2Fwp%2Fv2%2Fmedia&parent=73660"}],"wp:term":[{"taxonomy":"category","embeddable":true,"href":"https:\/\/www.mojabochnia.pl\/index.php?rest_route=%2Fwp%2Fv2%2Fcategories&post=73660"},{"taxonomy":"post_tag","embeddable":true,"href":"https:\/\/www.mojabochnia.pl\/index.php?rest_route=%2Fwp%2Fv2%2Ftags&post=73660"}],"curies":[{"name":"wp","href":"https:\/\/api.w.org\/{rel}","templated":true}]}}