{"id":73637,"date":"2012-06-22T12:14:55","date_gmt":"2012-06-22T10:14:55","guid":{"rendered":"http:\/\/www.mojabochnia.pl\/?p=73637"},"modified":"2012-06-22T15:18:22","modified_gmt":"2012-06-22T13:18:22","slug":"straz-miejska-filmuje-interwencje","status":"publish","type":"post","link":"https:\/\/www.mojabochnia.pl\/?p=73637","title":{"rendered":"Stra\u017c miejska filmuje interwencje"},"content":{"rendered":"<p>U\u017cywanie rejestrator\u00f3w przez stra\u017ce miejskie jest dopuszczone przez prawo od 2009 r. Pionierem w zakresie filmowania interwencji jest stra\u017c miejska w Rybniku. W naszej okolicy interwencje filmuje ju\u017c stra\u017c miejska w Niepo\u0142omicach. Kamer u\u017cywaj\u0105 r\u00f3wnie\u017c stra\u017ce le\u015bne. Teraz przysz\u0142a pora na Bochni\u0119. <\/p>\n<p>Dzi\u0119ki rejestracjom interwencji w ka\u017cdej chwili mo\u017cna odtworzy\u0107 przebieg danego zdarzenia. <em>Mo\u017cemy bardzo precyzyjnie okre\u015bli\u0107, w jaki spos\u00f3b stra\u017cnik si\u0119 zachowywa\u0142, w jaki spos\u00f3b zachowa\u0142a si\u0119 strona. Czy by\u0142a niew\u0142a\u015bciwa reakcja po stronie stra\u017cnika, czy jej nie by\u0142o. Dodatkowo tym urz\u0105dzeniem zbieramy materia\u0142 dowodowy w sprawie<\/em> \u2013 m\u00f3wi komendant Krzysztof Tomasik.<\/p>\n<p>Zarejestrowany materia\u0142 na og\u00f3\u0142 przechowywany jest do 7 dni, maksymalnie mo\u017ce to by\u0107 60 dni, o ile film nie stanie si\u0119 dowodem w sprawie przed s\u0105dem. Jedna kamera mo\u017ce zarejestrowa\u0107 do 2 godzin filmu jednorazowo. <\/p>\n<p>W tej chwili stra\u017c miejska w Bochni ma 3 kamery do rejestrowania interwencji. Kosztowa\u0142y niespe\u0142na 300 z\u0142. W planie jest zakup kolejnych urz\u0105dze\u0144.<\/p>\n\t  \r\n\t\r\n\t    <div class=\"mb-gallery\">\r\n\t    <a href=\"https:\/\/www.mojabochnia.pl\/?attachment_id=73639\" class=\"\"><img loading=\"lazy\" decoding=\"async\" width=\"100\" height=\"56\" src=\"https:\/\/www.mojabochnia.pl\/wp-content\/uploads\/2012\/06\/interw-120x67.jpg\" class=\"attachment-100x100 size-100x100\" alt=\"\" srcset=\"https:\/\/www.mojabochnia.pl\/wp-content\/uploads\/2012\/06\/interw-120x67.jpg 120w, https:\/\/www.mojabochnia.pl\/wp-content\/uploads\/2012\/06\/interw-468x263.jpg 468w, https:\/\/www.mojabochnia.pl\/wp-content\/uploads\/2012\/06\/interw-660x371.jpg 660w, https:\/\/www.mojabochnia.pl\/wp-content\/uploads\/2012\/06\/interw.jpg 800w\" sizes=\"auto, (max-width: 100px) 100vw, 100px\" \/><\/a><a href=\"https:\/\/www.mojabochnia.pl\/?attachment_id=73640\" class=\"\"><img loading=\"lazy\" decoding=\"async\" width=\"100\" height=\"56\" src=\"https:\/\/www.mojabochnia.pl\/wp-content\/uploads\/2012\/06\/IMG_3973-120x67.jpg\" class=\"attachment-100x100 size-100x100\" alt=\"\" srcset=\"https:\/\/www.mojabochnia.pl\/wp-content\/uploads\/2012\/06\/IMG_3973-120x67.jpg 120w, https:\/\/www.mojabochnia.pl\/wp-content\/uploads\/2012\/06\/IMG_3973-468x263.jpg 468w, https:\/\/www.mojabochnia.pl\/wp-content\/uploads\/2012\/06\/IMG_3973-660x371.jpg 660w, https:\/\/www.mojabochnia.pl\/wp-content\/uploads\/2012\/06\/IMG_3973.jpg 800w\" sizes=\"auto, (max-width: 100px) 100vw, 100px\" \/><\/a><a href=\"https:\/\/www.mojabochnia.pl\/?attachment_id=73647\" class=\"\"><img loading=\"lazy\" decoding=\"async\" width=\"100\" height=\"56\" src=\"https:\/\/www.mojabochnia.pl\/wp-content\/uploads\/2012\/06\/IMG_3986-120x67.jpg\" class=\"attachment-100x100 size-100x100\" alt=\"\" srcset=\"https:\/\/www.mojabochnia.pl\/wp-content\/uploads\/2012\/06\/IMG_3986-120x67.jpg 120w, https:\/\/www.mojabochnia.pl\/wp-content\/uploads\/2012\/06\/IMG_3986-468x263.jpg 468w, https:\/\/www.mojabochnia.pl\/wp-content\/uploads\/2012\/06\/IMG_3986-660x371.jpg 660w, https:\/\/www.mojabochnia.pl\/wp-content\/uploads\/2012\/06\/IMG_3986.jpg 800w\" sizes=\"auto, (max-width: 100px) 100vw, 100px\" \/><\/a><a href=\"https:\/\/www.mojabochnia.pl\/?attachment_id=73642\" class=\"\"><img loading=\"lazy\" decoding=\"async\" width=\"100\" height=\"56\" src=\"https:\/\/www.mojabochnia.pl\/wp-content\/uploads\/2012\/06\/IMG_3981-120x67.jpg\" class=\"attachment-100x100 size-100x100\" alt=\"\" srcset=\"https:\/\/www.mojabochnia.pl\/wp-content\/uploads\/2012\/06\/IMG_3981-120x67.jpg 120w, https:\/\/www.mojabochnia.pl\/wp-content\/uploads\/2012\/06\/IMG_3981-468x263.jpg 468w, https:\/\/www.mojabochnia.pl\/wp-content\/uploads\/2012\/06\/IMG_3981-660x371.jpg 660w, https:\/\/www.mojabochnia.pl\/wp-content\/uploads\/2012\/06\/IMG_3981.jpg 800w\" sizes=\"auto, (max-width: 100px) 100vw, 100px\" \/><\/a><a href=\"https:\/\/www.mojabochnia.pl\/?attachment_id=73643\" class=\"\"><img loading=\"lazy\" decoding=\"async\" width=\"100\" height=\"56\" src=\"https:\/\/www.mojabochnia.pl\/wp-content\/uploads\/2012\/06\/IMG_3983-120x67.jpg\" class=\"attachment-100x100 size-100x100\" alt=\"\" srcset=\"https:\/\/www.mojabochnia.pl\/wp-content\/uploads\/2012\/06\/IMG_3983-120x67.jpg 120w, https:\/\/www.mojabochnia.pl\/wp-content\/uploads\/2012\/06\/IMG_3983-468x263.jpg 468w, https:\/\/www.mojabochnia.pl\/wp-content\/uploads\/2012\/06\/IMG_3983-660x371.jpg 660w, https:\/\/www.mojabochnia.pl\/wp-content\/uploads\/2012\/06\/IMG_3983.jpg 800w\" sizes=\"auto, (max-width: 100px) 100vw, 100px\" \/><\/a><a href=\"https:\/\/www.mojabochnia.pl\/?attachment_id=73645\" class=\"\"><img loading=\"lazy\" decoding=\"async\" width=\"100\" height=\"56\" src=\"https:\/\/www.mojabochnia.pl\/wp-content\/uploads\/2012\/06\/IMG_3987-120x67.jpg\" class=\"attachment-100x100 size-100x100\" alt=\"\" srcset=\"https:\/\/www.mojabochnia.pl\/wp-content\/uploads\/2012\/06\/IMG_3987-120x67.jpg 120w, https:\/\/www.mojabochnia.pl\/wp-content\/uploads\/2012\/06\/IMG_3987-468x263.jpg 468w, https:\/\/www.mojabochnia.pl\/wp-content\/uploads\/2012\/06\/IMG_3987-660x371.jpg 660w, https:\/\/www.mojabochnia.pl\/wp-content\/uploads\/2012\/06\/IMG_3987.jpg 800w\" sizes=\"auto, (max-width: 100px) 100vw, 100px\" \/><\/a><a href=\"https:\/\/www.mojabochnia.pl\/?attachment_id=73646\" class=\"\"><img loading=\"lazy\" decoding=\"async\" width=\"100\" height=\"56\" src=\"https:\/\/www.mojabochnia.pl\/wp-content\/uploads\/2012\/06\/IMG_3989-120x67.jpg\" class=\"attachment-100x100 size-100x100\" alt=\"\" srcset=\"https:\/\/www.mojabochnia.pl\/wp-content\/uploads\/2012\/06\/IMG_3989-120x67.jpg 120w, https:\/\/www.mojabochnia.pl\/wp-content\/uploads\/2012\/06\/IMG_3989-468x263.jpg 468w, https:\/\/www.mojabochnia.pl\/wp-content\/uploads\/2012\/06\/IMG_3989-660x371.jpg 660w, https:\/\/www.mojabochnia.pl\/wp-content\/uploads\/2012\/06\/IMG_3989.jpg 800w\" sizes=\"auto, (max-width: 100px) 100vw, 100px\" \/><\/a>\t    <\/div>\r\n\t    ","protected":false},"excerpt":{"rendered":"<p>Stra\u017c miejska w Bochni rejestruje podejmowane przez siebie interwencje. Funkcjonariusze patroluj\u0105 miasto z przypi\u0119tymi do munduru kamerami, kt\u00f3re nagrywaj\u0105 obraz i d\u017awi\u0119k. <\/p>\n","protected":false},"author":4,"featured_media":0,"comment_status":"open","ping_status":"closed","sticky":true,"template":"","format":"standard","meta":{"_acf_changed":false,"footnotes":""},"categories":[5,6247,6246,6251,6250],"tags":[17142,3923,280,17957,656,11101,17255],"class_list":["post-73637","post","type-post","status-publish","format-standard","hentry","category-biezace-wydarzenia","category-fotogaleria","category-medium","category-polityka-i-wydarzenia","category-tematyka","tag-film","tag-filmowanie","tag-interwencja","tag-kamera","tag-krzysztof-tomasik","tag-rejestrator","tag-straz-miejska","main_tag-straz-miejska"],"acf":[],"yoast_head":"<!-- This site is optimized with the Yoast SEO plugin v26.9 - https:\/\/yoast.com\/product\/yoast-seo-wordpress\/ -->\n<title>Stra\u017c miejska filmuje interwencje - mojabochnia.pl - portal informacyjny<\/title>\n<meta name=\"robots\" content=\"index, follow, max-snippet:-1, max-image-preview:large, max-video-preview:-1\" \/>\n<link rel=\"canonical\" href=\"https:\/\/www.mojabochnia.pl\/?p=73637\" \/>\n<meta property=\"og:locale\" content=\"pl_PL\" \/>\n<meta property=\"og:type\" content=\"article\" \/>\n<meta property=\"og:title\" content=\"Stra\u017c miejska filmuje interwencje - mojabochnia.pl - portal informacyjny\" \/>\n<meta property=\"og:description\" content=\"Stra\u017c miejska w Bochni rejestruje podejmowane przez siebie interwencje. Funkcjonariusze patroluj\u0105 miasto z przypi\u0119tymi do munduru kamerami, kt\u00f3re nagrywaj\u0105 obraz i d\u017awi\u0119k.\" \/>\n<meta property=\"og:url\" content=\"https:\/\/www.mojabochnia.pl\/?p=73637\" \/>\n<meta property=\"og:site_name\" content=\"mojabochnia.pl - portal informacyjny\" \/>\n<meta property=\"article:publisher\" content=\"https:\/\/www.facebook.com\/mojabochnia\" \/>\n<meta property=\"article:published_time\" content=\"2012-06-22T10:14:55+00:00\" \/>\n<meta property=\"article:modified_time\" content=\"2012-06-22T13:18:22+00:00\" \/>\n<meta name=\"author\" content=\"Pawe\u0142 Michalczyk\" \/>\n<meta name=\"twitter:card\" content=\"summary_large_image\" \/>\n<meta name=\"twitter:label1\" content=\"Written by\" \/>\n\t<meta name=\"twitter:data1\" content=\"Pawe\u0142 Michalczyk\" \/>\n\t<meta name=\"twitter:label2\" content=\"Est. reading time\" \/>\n\t<meta name=\"twitter:data2\" content=\"1 minuta\" \/>\n<script type=\"application\/ld+json\" class=\"yoast-schema-graph\">{\"@context\":\"https:\/\/schema.org\",\"@graph\":[{\"@type\":\"Article\",\"@id\":\"https:\/\/www.mojabochnia.pl\/?p=73637#article\",\"isPartOf\":{\"@id\":\"https:\/\/www.mojabochnia.pl\/?p=73637\"},\"author\":{\"name\":\"Pawe\u0142 Michalczyk\",\"@id\":\"https:\/\/www.mojabochnia.pl\/#\/schema\/person\/ea042e4724a77627963f02166828ead4\"},\"headline\":\"Stra\u017c miejska filmuje interwencje\",\"datePublished\":\"2012-06-22T10:14:55+00:00\",\"dateModified\":\"2012-06-22T13:18:22+00:00\",\"mainEntityOfPage\":{\"@id\":\"https:\/\/www.mojabochnia.pl\/?p=73637\"},\"wordCount\":179,\"commentCount\":0,\"publisher\":{\"@id\":\"https:\/\/www.mojabochnia.pl\/#organization\"},\"keywords\":[\"film\",\"filmowanie\",\"interwencja\",\"kamera\",\"krzysztof tomasik\",\"rejestrator\",\"stra\u017c miejska\"],\"articleSection\":[\"2_ostatnie\",\"fotogaleria\",\"Medium\",\"polityka i wydarzenia\",\"tematyka\"],\"inLanguage\":\"pl-PL\",\"potentialAction\":[{\"@type\":\"CommentAction\",\"name\":\"Comment\",\"target\":[\"https:\/\/www.mojabochnia.pl\/?p=73637#respond\"]}]},{\"@type\":\"WebPage\",\"@id\":\"https:\/\/www.mojabochnia.pl\/?p=73637\",\"url\":\"https:\/\/www.mojabochnia.pl\/?p=73637\",\"name\":\"Stra\u017c miejska filmuje interwencje - mojabochnia.pl - portal informacyjny\",\"isPartOf\":{\"@id\":\"https:\/\/www.mojabochnia.pl\/#website\"},\"datePublished\":\"2012-06-22T10:14:55+00:00\",\"dateModified\":\"2012-06-22T13:18:22+00:00\",\"breadcrumb\":{\"@id\":\"https:\/\/www.mojabochnia.pl\/?p=73637#breadcrumb\"},\"inLanguage\":\"pl-PL\",\"potentialAction\":[{\"@type\":\"ReadAction\",\"target\":[\"https:\/\/www.mojabochnia.pl\/?p=73637\"]}]},{\"@type\":\"BreadcrumbList\",\"@id\":\"https:\/\/www.mojabochnia.pl\/?p=73637#breadcrumb\",\"itemListElement\":[{\"@type\":\"ListItem\",\"position\":1,\"name\":\"Home\",\"item\":\"https:\/\/www.mojabochnia.pl\/\"},{\"@type\":\"ListItem\",\"position\":2,\"name\":\"Stra\u017c miejska filmuje interwencje\"}]},{\"@type\":\"WebSite\",\"@id\":\"https:\/\/www.mojabochnia.pl\/#website\",\"url\":\"https:\/\/www.mojabochnia.pl\/\",\"name\":\"mojabochnia.pl - portal informacyjny\",\"description\":\"mojaBochnia to portal informacyjny o Bochni. Codziennie o Bochni piszemy i pokazujemy najwa\u017cniejsze wydarzenia\",\"publisher\":{\"@id\":\"https:\/\/www.mojabochnia.pl\/#organization\"},\"potentialAction\":[{\"@type\":\"SearchAction\",\"target\":{\"@type\":\"EntryPoint\",\"urlTemplate\":\"https:\/\/www.mojabochnia.pl\/?s={search_term_string}\"},\"query-input\":{\"@type\":\"PropertyValueSpecification\",\"valueRequired\":true,\"valueName\":\"search_term_string\"}}],\"inLanguage\":\"pl-PL\"},{\"@type\":\"Organization\",\"@id\":\"https:\/\/www.mojabochnia.pl\/#organization\",\"name\":\"mojabochnia.pl - portal informacyjny\",\"url\":\"https:\/\/www.mojabochnia.pl\/\",\"logo\":{\"@type\":\"ImageObject\",\"inLanguage\":\"pl-PL\",\"@id\":\"https:\/\/www.mojabochnia.pl\/#\/schema\/logo\/image\/\",\"url\":\"https:\/\/www.mojabochnia.pl\/wp-content\/uploads\/2017\/08\/logo-mb-opt.png\",\"contentUrl\":\"https:\/\/www.mojabochnia.pl\/wp-content\/uploads\/2017\/08\/logo-mb-opt.png\",\"width\":250,\"height\":48,\"caption\":\"mojabochnia.pl - portal informacyjny\"},\"image\":{\"@id\":\"https:\/\/www.mojabochnia.pl\/#\/schema\/logo\/image\/\"},\"sameAs\":[\"https:\/\/www.facebook.com\/mojabochnia\"]},{\"@type\":\"Person\",\"@id\":\"https:\/\/www.mojabochnia.pl\/#\/schema\/person\/ea042e4724a77627963f02166828ead4\",\"name\":\"Pawe\u0142 Michalczyk\",\"url\":\"https:\/\/www.mojabochnia.pl\/?author=4\"}]}<\/script>\n<!-- \/ Yoast SEO plugin. -->","yoast_head_json":{"title":"Stra\u017c miejska filmuje interwencje - mojabochnia.pl - portal informacyjny","robots":{"index":"index","follow":"follow","max-snippet":"max-snippet:-1","max-image-preview":"max-image-preview:large","max-video-preview":"max-video-preview:-1"},"canonical":"https:\/\/www.mojabochnia.pl\/?p=73637","og_locale":"pl_PL","og_type":"article","og_title":"Stra\u017c miejska filmuje interwencje - mojabochnia.pl - portal informacyjny","og_description":"Stra\u017c miejska w Bochni rejestruje podejmowane przez siebie interwencje. Funkcjonariusze patroluj\u0105 miasto z przypi\u0119tymi do munduru kamerami, kt\u00f3re nagrywaj\u0105 obraz i d\u017awi\u0119k.","og_url":"https:\/\/www.mojabochnia.pl\/?p=73637","og_site_name":"mojabochnia.pl - portal informacyjny","article_publisher":"https:\/\/www.facebook.com\/mojabochnia","article_published_time":"2012-06-22T10:14:55+00:00","article_modified_time":"2012-06-22T13:18:22+00:00","author":"Pawe\u0142 Michalczyk","twitter_card":"summary_large_image","twitter_misc":{"Written by":"Pawe\u0142 Michalczyk","Est. reading time":"1 minuta"},"schema":{"@context":"https:\/\/schema.org","@graph":[{"@type":"Article","@id":"https:\/\/www.mojabochnia.pl\/?p=73637#article","isPartOf":{"@id":"https:\/\/www.mojabochnia.pl\/?p=73637"},"author":{"name":"Pawe\u0142 Michalczyk","@id":"https:\/\/www.mojabochnia.pl\/#\/schema\/person\/ea042e4724a77627963f02166828ead4"},"headline":"Stra\u017c miejska filmuje interwencje","datePublished":"2012-06-22T10:14:55+00:00","dateModified":"2012-06-22T13:18:22+00:00","mainEntityOfPage":{"@id":"https:\/\/www.mojabochnia.pl\/?p=73637"},"wordCount":179,"commentCount":0,"publisher":{"@id":"https:\/\/www.mojabochnia.pl\/#organization"},"keywords":["film","filmowanie","interwencja","kamera","krzysztof tomasik","rejestrator","stra\u017c miejska"],"articleSection":["2_ostatnie","fotogaleria","Medium","polityka i wydarzenia","tematyka"],"inLanguage":"pl-PL","potentialAction":[{"@type":"CommentAction","name":"Comment","target":["https:\/\/www.mojabochnia.pl\/?p=73637#respond"]}]},{"@type":"WebPage","@id":"https:\/\/www.mojabochnia.pl\/?p=73637","url":"https:\/\/www.mojabochnia.pl\/?p=73637","name":"Stra\u017c miejska filmuje interwencje - mojabochnia.pl - portal informacyjny","isPartOf":{"@id":"https:\/\/www.mojabochnia.pl\/#website"},"datePublished":"2012-06-22T10:14:55+00:00","dateModified":"2012-06-22T13:18:22+00:00","breadcrumb":{"@id":"https:\/\/www.mojabochnia.pl\/?p=73637#breadcrumb"},"inLanguage":"pl-PL","potentialAction":[{"@type":"ReadAction","target":["https:\/\/www.mojabochnia.pl\/?p=73637"]}]},{"@type":"BreadcrumbList","@id":"https:\/\/www.mojabochnia.pl\/?p=73637#breadcrumb","itemListElement":[{"@type":"ListItem","position":1,"name":"Home","item":"https:\/\/www.mojabochnia.pl\/"},{"@type":"ListItem","position":2,"name":"Stra\u017c miejska filmuje interwencje"}]},{"@type":"WebSite","@id":"https:\/\/www.mojabochnia.pl\/#website","url":"https:\/\/www.mojabochnia.pl\/","name":"mojabochnia.pl - portal informacyjny","description":"mojaBochnia to portal informacyjny o Bochni. Codziennie o Bochni piszemy i pokazujemy najwa\u017cniejsze wydarzenia","publisher":{"@id":"https:\/\/www.mojabochnia.pl\/#organization"},"potentialAction":[{"@type":"SearchAction","target":{"@type":"EntryPoint","urlTemplate":"https:\/\/www.mojabochnia.pl\/?s={search_term_string}"},"query-input":{"@type":"PropertyValueSpecification","valueRequired":true,"valueName":"search_term_string"}}],"inLanguage":"pl-PL"},{"@type":"Organization","@id":"https:\/\/www.mojabochnia.pl\/#organization","name":"mojabochnia.pl - portal informacyjny","url":"https:\/\/www.mojabochnia.pl\/","logo":{"@type":"ImageObject","inLanguage":"pl-PL","@id":"https:\/\/www.mojabochnia.pl\/#\/schema\/logo\/image\/","url":"https:\/\/www.mojabochnia.pl\/wp-content\/uploads\/2017\/08\/logo-mb-opt.png","contentUrl":"https:\/\/www.mojabochnia.pl\/wp-content\/uploads\/2017\/08\/logo-mb-opt.png","width":250,"height":48,"caption":"mojabochnia.pl - portal informacyjny"},"image":{"@id":"https:\/\/www.mojabochnia.pl\/#\/schema\/logo\/image\/"},"sameAs":["https:\/\/www.facebook.com\/mojabochnia"]},{"@type":"Person","@id":"https:\/\/www.mojabochnia.pl\/#\/schema\/person\/ea042e4724a77627963f02166828ead4","name":"Pawe\u0142 Michalczyk","url":"https:\/\/www.mojabochnia.pl\/?author=4"}]}},"_links":{"self":[{"href":"https:\/\/www.mojabochnia.pl\/index.php?rest_route=\/wp\/v2\/posts\/73637","targetHints":{"allow":["GET"]}}],"collection":[{"href":"https:\/\/www.mojabochnia.pl\/index.php?rest_route=\/wp\/v2\/posts"}],"about":[{"href":"https:\/\/www.mojabochnia.pl\/index.php?rest_route=\/wp\/v2\/types\/post"}],"author":[{"embeddable":true,"href":"https:\/\/www.mojabochnia.pl\/index.php?rest_route=\/wp\/v2\/users\/4"}],"replies":[{"embeddable":true,"href":"https:\/\/www.mojabochnia.pl\/index.php?rest_route=%2Fwp%2Fv2%2Fcomments&post=73637"}],"version-history":[{"count":9,"href":"https:\/\/www.mojabochnia.pl\/index.php?rest_route=\/wp\/v2\/posts\/73637\/revisions"}],"predecessor-version":[{"id":73681,"href":"https:\/\/www.mojabochnia.pl\/index.php?rest_route=\/wp\/v2\/posts\/73637\/revisions\/73681"}],"wp:attachment":[{"href":"https:\/\/www.mojabochnia.pl\/index.php?rest_route=%2Fwp%2Fv2%2Fmedia&parent=73637"}],"wp:term":[{"taxonomy":"category","embeddable":true,"href":"https:\/\/www.mojabochnia.pl\/index.php?rest_route=%2Fwp%2Fv2%2Fcategories&post=73637"},{"taxonomy":"post_tag","embeddable":true,"href":"https:\/\/www.mojabochnia.pl\/index.php?rest_route=%2Fwp%2Fv2%2Ftags&post=73637"}],"curies":[{"name":"wp","href":"https:\/\/api.w.org\/{rel}","templated":true}]}}