{"id":73627,"date":"2012-06-22T13:35:45","date_gmt":"2012-06-22T11:35:45","guid":{"rendered":"http:\/\/www.mojabochnia.pl\/?p=73627"},"modified":"2012-06-22T13:41:42","modified_gmt":"2012-06-22T11:41:42","slug":"lipnica-zapisy-na-przeglad-piosenki-religijnej","status":"publish","type":"post","link":"https:\/\/www.mojabochnia.pl\/?p=73627","title":{"rendered":"Lipnica: zapisy na Przegl\u0105d Piosenki Religijnej"},"content":{"rendered":"<p>22 lipca w dniu odpustu ku czci \u015bw. Szymona Lipnica zn\u00f3w t\u0119tni\u0107 b\u0119dzie \u017cyciem. <em>Szymonowe \u017ar\u00f3de\u0142ko napoi setki turyst\u00f3w, a zapach dro\u017cd\u017cowych bu\u0142eczek wykonanych wed\u0142ug starej receptury przypomina\u0107 b\u0119dzie o piekarskiej rodzinie naszego \u015bwi\u0119tego. Radosnym dope\u0142nieniem odpustu b\u0119dzie Przegl\u0105d Piosenki Religijnej organizowany przez Gminny Dom Kultury oraz Parafi\u0119 Rzymskokatolick\u0105 w Lipnicy Murowanej <\/em>&#8211; podaje Gminny Dom Kultury w Lipnicy Murowanej. <\/p>\n<p>Dziedziniec ko\u015bcio\u0142a \u015bw. Andrzeja Aposto\u0142a ju\u017c po raz 23. wype\u0142ni si\u0119 solistami oraz grupami chc\u0105cymi zaprezentowa\u0107 si\u0119 na scenie, jak r\u00f3wnie\u017c tymi, kt\u00f3rzy bardziej ni\u017c \u015bpiewa\u0107 wol\u0105 s\u0142ucha\u0107. <em>Znaj\u0105c jednak zapa\u0142 m\u0142odych ludzi, wierzymy, \u017ce wszyscy zebrani zechc\u0105 razem za\u015bpiewa\u0107 albo przynajmniej cichutko zanuci\u0107. \u015awi\u0119ty Augustyn twierdzi\u0142, \u017ce kto \u015bpiewa, ten modli si\u0119 podw\u00f3jnie. Nie b\u00f3jmy si\u0119 zatem wype\u0142ni\u0107 zg\u0142oszenie i przyst\u0105pi\u0107 do przegl\u0105du, aby \u015bpiewem chwali\u0107 Boga. Szczeg\u00f3lnym uznaniem jury i ksi\u0119dza dziekana b\u0119d\u0105 cieszy\u0107 si\u0119 pie\u015bni o patronie tej ziemi \u2013 \u015bw. Szymonie<\/em> &#8211; czytamy dalej w zaproszeniu na Przegl\u0105d. <\/p>\n<p>Obecnie trwa przyjmowanie zg\u0142osze\u0144 w 3 kategoriach: szko\u0142a podstawowa, gimnazjum i doro\u015bli. Ka\u017cdy z uczestnik\u00f3w mo\u017ce wykona\u0107 2 utwory, preferowana tematyka: o \u015bw. Szymonie. <\/p>\n","protected":false},"excerpt":{"rendered":"<p>22 lipca w Lipnicy Murowanej odb\u0119dzie si\u0119 XXIII Przegl\u0105d Piosenki Religijnej. Impreza odbywa si\u0119 co roku w dniu odpustu ku czci \u015bw. Szymona. <\/p>\n","protected":false},"author":4,"featured_media":0,"comment_status":"closed","ping_status":"closed","sticky":false,"template":"","format":"standard","meta":{"_acf_changed":false,"footnotes":""},"categories":[5,92,6250],"tags":[17108,3701,17125,7393,75],"class_list":["post-73627","post","type-post","status-publish","format-standard","hentry","category-biezace-wydarzenia","category-kultura","category-tematyka","tag-koncert","tag-lipnica5","tag-lipnica","tag-przeglad-piosenki-religijnej","tag-sw-szymon","main_tag-lipnica-murowana"],"acf":[],"yoast_head":"<!-- This site is optimized with the Yoast SEO plugin v26.9 - https:\/\/yoast.com\/product\/yoast-seo-wordpress\/ -->\n<title>Lipnica: zapisy na Przegl\u0105d Piosenki Religijnej - mojabochnia.pl - portal informacyjny<\/title>\n<meta name=\"robots\" content=\"index, follow, max-snippet:-1, max-image-preview:large, max-video-preview:-1\" \/>\n<link rel=\"canonical\" href=\"https:\/\/www.mojabochnia.pl\/?p=73627\" \/>\n<meta property=\"og:locale\" content=\"pl_PL\" \/>\n<meta property=\"og:type\" content=\"article\" \/>\n<meta property=\"og:title\" content=\"Lipnica: zapisy na Przegl\u0105d Piosenki Religijnej - mojabochnia.pl - portal informacyjny\" \/>\n<meta property=\"og:description\" content=\"22 lipca w Lipnicy Murowanej odb\u0119dzie si\u0119 XXIII Przegl\u0105d Piosenki Religijnej. Impreza odbywa si\u0119 co roku w dniu odpustu ku czci \u015bw. Szymona.\" \/>\n<meta property=\"og:url\" content=\"https:\/\/www.mojabochnia.pl\/?p=73627\" \/>\n<meta property=\"og:site_name\" content=\"mojabochnia.pl - portal informacyjny\" \/>\n<meta property=\"article:publisher\" content=\"https:\/\/www.facebook.com\/mojabochnia\" \/>\n<meta property=\"article:published_time\" content=\"2012-06-22T11:35:45+00:00\" \/>\n<meta property=\"article:modified_time\" content=\"2012-06-22T11:41:42+00:00\" \/>\n<meta name=\"author\" content=\"Pawe\u0142 Michalczyk\" \/>\n<meta name=\"twitter:card\" content=\"summary_large_image\" \/>\n<meta name=\"twitter:label1\" content=\"Written by\" \/>\n\t<meta name=\"twitter:data1\" content=\"Pawe\u0142 Michalczyk\" \/>\n\t<meta name=\"twitter:label2\" content=\"Est. reading time\" \/>\n\t<meta name=\"twitter:data2\" content=\"1 minuta\" \/>\n<script type=\"application\/ld+json\" class=\"yoast-schema-graph\">{\"@context\":\"https:\/\/schema.org\",\"@graph\":[{\"@type\":\"Article\",\"@id\":\"https:\/\/www.mojabochnia.pl\/?p=73627#article\",\"isPartOf\":{\"@id\":\"https:\/\/www.mojabochnia.pl\/?p=73627\"},\"author\":{\"name\":\"Pawe\u0142 Michalczyk\",\"@id\":\"https:\/\/www.mojabochnia.pl\/#\/schema\/person\/ea042e4724a77627963f02166828ead4\"},\"headline\":\"Lipnica: zapisy na Przegl\u0105d Piosenki Religijnej\",\"datePublished\":\"2012-06-22T11:35:45+00:00\",\"dateModified\":\"2012-06-22T11:41:42+00:00\",\"mainEntityOfPage\":{\"@id\":\"https:\/\/www.mojabochnia.pl\/?p=73627\"},\"wordCount\":222,\"publisher\":{\"@id\":\"https:\/\/www.mojabochnia.pl\/#organization\"},\"keywords\":[\"koncert\",\"lipnica\",\"Lipnica Murowana\",\"przegl\u0105d piosenki religijnej\",\"\u015bw. szymon\"],\"articleSection\":[\"2_ostatnie\",\"kultura\",\"tematyka\"],\"inLanguage\":\"pl-PL\"},{\"@type\":\"WebPage\",\"@id\":\"https:\/\/www.mojabochnia.pl\/?p=73627\",\"url\":\"https:\/\/www.mojabochnia.pl\/?p=73627\",\"name\":\"Lipnica: zapisy na Przegl\u0105d Piosenki Religijnej - mojabochnia.pl - portal informacyjny\",\"isPartOf\":{\"@id\":\"https:\/\/www.mojabochnia.pl\/#website\"},\"datePublished\":\"2012-06-22T11:35:45+00:00\",\"dateModified\":\"2012-06-22T11:41:42+00:00\",\"breadcrumb\":{\"@id\":\"https:\/\/www.mojabochnia.pl\/?p=73627#breadcrumb\"},\"inLanguage\":\"pl-PL\",\"potentialAction\":[{\"@type\":\"ReadAction\",\"target\":[\"https:\/\/www.mojabochnia.pl\/?p=73627\"]}]},{\"@type\":\"BreadcrumbList\",\"@id\":\"https:\/\/www.mojabochnia.pl\/?p=73627#breadcrumb\",\"itemListElement\":[{\"@type\":\"ListItem\",\"position\":1,\"name\":\"Home\",\"item\":\"https:\/\/www.mojabochnia.pl\/\"},{\"@type\":\"ListItem\",\"position\":2,\"name\":\"Lipnica: zapisy na Przegl\u0105d Piosenki Religijnej\"}]},{\"@type\":\"WebSite\",\"@id\":\"https:\/\/www.mojabochnia.pl\/#website\",\"url\":\"https:\/\/www.mojabochnia.pl\/\",\"name\":\"mojabochnia.pl - portal informacyjny\",\"description\":\"mojaBochnia to portal informacyjny o Bochni. Codziennie o Bochni piszemy i pokazujemy najwa\u017cniejsze wydarzenia\",\"publisher\":{\"@id\":\"https:\/\/www.mojabochnia.pl\/#organization\"},\"potentialAction\":[{\"@type\":\"SearchAction\",\"target\":{\"@type\":\"EntryPoint\",\"urlTemplate\":\"https:\/\/www.mojabochnia.pl\/?s={search_term_string}\"},\"query-input\":{\"@type\":\"PropertyValueSpecification\",\"valueRequired\":true,\"valueName\":\"search_term_string\"}}],\"inLanguage\":\"pl-PL\"},{\"@type\":\"Organization\",\"@id\":\"https:\/\/www.mojabochnia.pl\/#organization\",\"name\":\"mojabochnia.pl - portal informacyjny\",\"url\":\"https:\/\/www.mojabochnia.pl\/\",\"logo\":{\"@type\":\"ImageObject\",\"inLanguage\":\"pl-PL\",\"@id\":\"https:\/\/www.mojabochnia.pl\/#\/schema\/logo\/image\/\",\"url\":\"https:\/\/www.mojabochnia.pl\/wp-content\/uploads\/2017\/08\/logo-mb-opt.png\",\"contentUrl\":\"https:\/\/www.mojabochnia.pl\/wp-content\/uploads\/2017\/08\/logo-mb-opt.png\",\"width\":250,\"height\":48,\"caption\":\"mojabochnia.pl - portal informacyjny\"},\"image\":{\"@id\":\"https:\/\/www.mojabochnia.pl\/#\/schema\/logo\/image\/\"},\"sameAs\":[\"https:\/\/www.facebook.com\/mojabochnia\"]},{\"@type\":\"Person\",\"@id\":\"https:\/\/www.mojabochnia.pl\/#\/schema\/person\/ea042e4724a77627963f02166828ead4\",\"name\":\"Pawe\u0142 Michalczyk\",\"url\":\"https:\/\/www.mojabochnia.pl\/?author=4\"}]}<\/script>\n<!-- \/ Yoast SEO plugin. -->","yoast_head_json":{"title":"Lipnica: zapisy na Przegl\u0105d Piosenki Religijnej - mojabochnia.pl - portal informacyjny","robots":{"index":"index","follow":"follow","max-snippet":"max-snippet:-1","max-image-preview":"max-image-preview:large","max-video-preview":"max-video-preview:-1"},"canonical":"https:\/\/www.mojabochnia.pl\/?p=73627","og_locale":"pl_PL","og_type":"article","og_title":"Lipnica: zapisy na Przegl\u0105d Piosenki Religijnej - mojabochnia.pl - portal informacyjny","og_description":"22 lipca w Lipnicy Murowanej odb\u0119dzie si\u0119 XXIII Przegl\u0105d Piosenki Religijnej. Impreza odbywa si\u0119 co roku w dniu odpustu ku czci \u015bw. Szymona.","og_url":"https:\/\/www.mojabochnia.pl\/?p=73627","og_site_name":"mojabochnia.pl - portal informacyjny","article_publisher":"https:\/\/www.facebook.com\/mojabochnia","article_published_time":"2012-06-22T11:35:45+00:00","article_modified_time":"2012-06-22T11:41:42+00:00","author":"Pawe\u0142 Michalczyk","twitter_card":"summary_large_image","twitter_misc":{"Written by":"Pawe\u0142 Michalczyk","Est. reading time":"1 minuta"},"schema":{"@context":"https:\/\/schema.org","@graph":[{"@type":"Article","@id":"https:\/\/www.mojabochnia.pl\/?p=73627#article","isPartOf":{"@id":"https:\/\/www.mojabochnia.pl\/?p=73627"},"author":{"name":"Pawe\u0142 Michalczyk","@id":"https:\/\/www.mojabochnia.pl\/#\/schema\/person\/ea042e4724a77627963f02166828ead4"},"headline":"Lipnica: zapisy na Przegl\u0105d Piosenki Religijnej","datePublished":"2012-06-22T11:35:45+00:00","dateModified":"2012-06-22T11:41:42+00:00","mainEntityOfPage":{"@id":"https:\/\/www.mojabochnia.pl\/?p=73627"},"wordCount":222,"publisher":{"@id":"https:\/\/www.mojabochnia.pl\/#organization"},"keywords":["koncert","lipnica","Lipnica Murowana","przegl\u0105d piosenki religijnej","\u015bw. szymon"],"articleSection":["2_ostatnie","kultura","tematyka"],"inLanguage":"pl-PL"},{"@type":"WebPage","@id":"https:\/\/www.mojabochnia.pl\/?p=73627","url":"https:\/\/www.mojabochnia.pl\/?p=73627","name":"Lipnica: zapisy na Przegl\u0105d Piosenki Religijnej - mojabochnia.pl - portal informacyjny","isPartOf":{"@id":"https:\/\/www.mojabochnia.pl\/#website"},"datePublished":"2012-06-22T11:35:45+00:00","dateModified":"2012-06-22T11:41:42+00:00","breadcrumb":{"@id":"https:\/\/www.mojabochnia.pl\/?p=73627#breadcrumb"},"inLanguage":"pl-PL","potentialAction":[{"@type":"ReadAction","target":["https:\/\/www.mojabochnia.pl\/?p=73627"]}]},{"@type":"BreadcrumbList","@id":"https:\/\/www.mojabochnia.pl\/?p=73627#breadcrumb","itemListElement":[{"@type":"ListItem","position":1,"name":"Home","item":"https:\/\/www.mojabochnia.pl\/"},{"@type":"ListItem","position":2,"name":"Lipnica: zapisy na Przegl\u0105d Piosenki Religijnej"}]},{"@type":"WebSite","@id":"https:\/\/www.mojabochnia.pl\/#website","url":"https:\/\/www.mojabochnia.pl\/","name":"mojabochnia.pl - portal informacyjny","description":"mojaBochnia to portal informacyjny o Bochni. Codziennie o Bochni piszemy i pokazujemy najwa\u017cniejsze wydarzenia","publisher":{"@id":"https:\/\/www.mojabochnia.pl\/#organization"},"potentialAction":[{"@type":"SearchAction","target":{"@type":"EntryPoint","urlTemplate":"https:\/\/www.mojabochnia.pl\/?s={search_term_string}"},"query-input":{"@type":"PropertyValueSpecification","valueRequired":true,"valueName":"search_term_string"}}],"inLanguage":"pl-PL"},{"@type":"Organization","@id":"https:\/\/www.mojabochnia.pl\/#organization","name":"mojabochnia.pl - portal informacyjny","url":"https:\/\/www.mojabochnia.pl\/","logo":{"@type":"ImageObject","inLanguage":"pl-PL","@id":"https:\/\/www.mojabochnia.pl\/#\/schema\/logo\/image\/","url":"https:\/\/www.mojabochnia.pl\/wp-content\/uploads\/2017\/08\/logo-mb-opt.png","contentUrl":"https:\/\/www.mojabochnia.pl\/wp-content\/uploads\/2017\/08\/logo-mb-opt.png","width":250,"height":48,"caption":"mojabochnia.pl - portal informacyjny"},"image":{"@id":"https:\/\/www.mojabochnia.pl\/#\/schema\/logo\/image\/"},"sameAs":["https:\/\/www.facebook.com\/mojabochnia"]},{"@type":"Person","@id":"https:\/\/www.mojabochnia.pl\/#\/schema\/person\/ea042e4724a77627963f02166828ead4","name":"Pawe\u0142 Michalczyk","url":"https:\/\/www.mojabochnia.pl\/?author=4"}]}},"_links":{"self":[{"href":"https:\/\/www.mojabochnia.pl\/index.php?rest_route=\/wp\/v2\/posts\/73627","targetHints":{"allow":["GET"]}}],"collection":[{"href":"https:\/\/www.mojabochnia.pl\/index.php?rest_route=\/wp\/v2\/posts"}],"about":[{"href":"https:\/\/www.mojabochnia.pl\/index.php?rest_route=\/wp\/v2\/types\/post"}],"author":[{"embeddable":true,"href":"https:\/\/www.mojabochnia.pl\/index.php?rest_route=\/wp\/v2\/users\/4"}],"replies":[{"embeddable":true,"href":"https:\/\/www.mojabochnia.pl\/index.php?rest_route=%2Fwp%2Fv2%2Fcomments&post=73627"}],"version-history":[{"count":6,"href":"https:\/\/www.mojabochnia.pl\/index.php?rest_route=\/wp\/v2\/posts\/73627\/revisions"}],"predecessor-version":[{"id":73657,"href":"https:\/\/www.mojabochnia.pl\/index.php?rest_route=\/wp\/v2\/posts\/73627\/revisions\/73657"}],"wp:attachment":[{"href":"https:\/\/www.mojabochnia.pl\/index.php?rest_route=%2Fwp%2Fv2%2Fmedia&parent=73627"}],"wp:term":[{"taxonomy":"category","embeddable":true,"href":"https:\/\/www.mojabochnia.pl\/index.php?rest_route=%2Fwp%2Fv2%2Fcategories&post=73627"},{"taxonomy":"post_tag","embeddable":true,"href":"https:\/\/www.mojabochnia.pl\/index.php?rest_route=%2Fwp%2Fv2%2Ftags&post=73627"}],"curies":[{"name":"wp","href":"https:\/\/api.w.org\/{rel}","templated":true}]}}