{"id":73581,"date":"2012-06-20T22:03:22","date_gmt":"2012-06-20T20:03:22","guid":{"rendered":"http:\/\/www.mojabochnia.pl\/?p=73581"},"modified":"2012-06-21T11:47:17","modified_gmt":"2012-06-21T09:47:17","slug":"lakta-gorna-zginal-43-latek","status":"publish","type":"post","link":"https:\/\/www.mojabochnia.pl\/?p=73581","title":{"rendered":"\u0141\u0105kta G\u00f3rna: zgin\u0105\u0142 43-latek ra\u017cony piorunem"},"content":{"rendered":"<p>Do zdarzenia dosz\u0142o w \u015brod\u0119 20 czerwca ok. godziny 14.50. <em>Jak twierdz\u0105 \u015bwiadkowie by\u0142o to jedyne wy\u0142adowanie, po kt\u00f3rym m\u0119\u017cczyzna spad\u0142 z dachu z wysoko\u015bci oko\u0142o 10 metr\u00f3w. By\u0142 zabezpieczony link\u0105, kt\u00f3ra jednak si\u0119 zerwa\u0142a. Mimo podj\u0119tej akcji reanimacyjnej m\u0119\u017cczyzna zmar\u0142.  Wst\u0119pnie wykluczono udzia\u0142 os\u00f3b trzecich w zdarzeniu<\/em> &#8211; relacjonuje Leszek Machaj, oficer prasowy boche\u0144skiej policji.<\/p>\n","protected":false},"excerpt":{"rendered":"<p>Tragiczny wypadek w \u0141\u0105kcie G\u00f3rnej podczas prac na wysoko\u015bciach. Dzisiaj po po\u0142udniu z dachu spad\u0142 43-letni mieszkaniec \u017begociny. M\u0119\u017cczyzna zosta\u0142 trafiony piorunem. Lekarz stwierdzi\u0142 zgon poszkodowanego.<\/p>\n","protected":false},"author":4,"featured_media":0,"comment_status":"open","ping_status":"closed","sticky":false,"template":"","format":"standard","meta":{"_acf_changed":false,"footnotes":""},"categories":[5,6251,6250],"tags":[106,17155,17150,17115],"class_list":["post-73581","post","type-post","status-publish","format-standard","hentry","category-biezace-wydarzenia","category-polityka-i-wydarzenia","category-tematyka","tag-lakta-gorna","tag-policja","tag-wypadek","tag-zegocina","main_tag-policja"],"acf":[],"yoast_head":"<!-- This site is optimized with the Yoast SEO plugin v26.9 - https:\/\/yoast.com\/product\/yoast-seo-wordpress\/ -->\n<title>\u0141\u0105kta G\u00f3rna: zgin\u0105\u0142 43-latek ra\u017cony piorunem - mojabochnia.pl - portal informacyjny<\/title>\n<meta name=\"robots\" content=\"index, follow, max-snippet:-1, max-image-preview:large, max-video-preview:-1\" \/>\n<link rel=\"canonical\" href=\"https:\/\/www.mojabochnia.pl\/?p=73581\" \/>\n<meta property=\"og:locale\" content=\"pl_PL\" \/>\n<meta property=\"og:type\" content=\"article\" \/>\n<meta property=\"og:title\" content=\"\u0141\u0105kta G\u00f3rna: zgin\u0105\u0142 43-latek ra\u017cony piorunem - mojabochnia.pl - portal informacyjny\" \/>\n<meta property=\"og:description\" content=\"Tragiczny wypadek w \u0141\u0105kcie G\u00f3rnej podczas prac na wysoko\u015bciach. Dzisiaj po po\u0142udniu z dachu spad\u0142 43-letni mieszkaniec \u017begociny. M\u0119\u017cczyzna zosta\u0142 trafiony piorunem. Lekarz stwierdzi\u0142 zgon poszkodowanego.\" \/>\n<meta property=\"og:url\" content=\"https:\/\/www.mojabochnia.pl\/?p=73581\" \/>\n<meta property=\"og:site_name\" content=\"mojabochnia.pl - portal informacyjny\" \/>\n<meta property=\"article:publisher\" content=\"https:\/\/www.facebook.com\/mojabochnia\" \/>\n<meta property=\"article:published_time\" content=\"2012-06-20T20:03:22+00:00\" \/>\n<meta property=\"article:modified_time\" content=\"2012-06-21T09:47:17+00:00\" \/>\n<meta name=\"author\" content=\"Pawe\u0142 Michalczyk\" \/>\n<meta name=\"twitter:card\" content=\"summary_large_image\" \/>\n<meta name=\"twitter:label1\" content=\"Written by\" \/>\n\t<meta name=\"twitter:data1\" content=\"Pawe\u0142 Michalczyk\" \/>\n<script type=\"application\/ld+json\" class=\"yoast-schema-graph\">{\"@context\":\"https:\/\/schema.org\",\"@graph\":[{\"@type\":\"Article\",\"@id\":\"https:\/\/www.mojabochnia.pl\/?p=73581#article\",\"isPartOf\":{\"@id\":\"https:\/\/www.mojabochnia.pl\/?p=73581\"},\"author\":{\"name\":\"Pawe\u0142 Michalczyk\",\"@id\":\"https:\/\/www.mojabochnia.pl\/#\/schema\/person\/ea042e4724a77627963f02166828ead4\"},\"headline\":\"\u0141\u0105kta G\u00f3rna: zgin\u0105\u0142 43-latek ra\u017cony piorunem\",\"datePublished\":\"2012-06-20T20:03:22+00:00\",\"dateModified\":\"2012-06-21T09:47:17+00:00\",\"mainEntityOfPage\":{\"@id\":\"https:\/\/www.mojabochnia.pl\/?p=73581\"},\"wordCount\":76,\"commentCount\":0,\"publisher\":{\"@id\":\"https:\/\/www.mojabochnia.pl\/#organization\"},\"keywords\":[\"\u0142\u0105kta g\u00f3rna\",\"policja\",\"wypadek\",\"\u017begocina\"],\"articleSection\":[\"2_ostatnie\",\"polityka i wydarzenia\",\"tematyka\"],\"inLanguage\":\"pl-PL\",\"potentialAction\":[{\"@type\":\"CommentAction\",\"name\":\"Comment\",\"target\":[\"https:\/\/www.mojabochnia.pl\/?p=73581#respond\"]}]},{\"@type\":\"WebPage\",\"@id\":\"https:\/\/www.mojabochnia.pl\/?p=73581\",\"url\":\"https:\/\/www.mojabochnia.pl\/?p=73581\",\"name\":\"\u0141\u0105kta G\u00f3rna: zgin\u0105\u0142 43-latek ra\u017cony piorunem - mojabochnia.pl - portal informacyjny\",\"isPartOf\":{\"@id\":\"https:\/\/www.mojabochnia.pl\/#website\"},\"datePublished\":\"2012-06-20T20:03:22+00:00\",\"dateModified\":\"2012-06-21T09:47:17+00:00\",\"breadcrumb\":{\"@id\":\"https:\/\/www.mojabochnia.pl\/?p=73581#breadcrumb\"},\"inLanguage\":\"pl-PL\",\"potentialAction\":[{\"@type\":\"ReadAction\",\"target\":[\"https:\/\/www.mojabochnia.pl\/?p=73581\"]}]},{\"@type\":\"BreadcrumbList\",\"@id\":\"https:\/\/www.mojabochnia.pl\/?p=73581#breadcrumb\",\"itemListElement\":[{\"@type\":\"ListItem\",\"position\":1,\"name\":\"Home\",\"item\":\"https:\/\/www.mojabochnia.pl\/\"},{\"@type\":\"ListItem\",\"position\":2,\"name\":\"\u0141\u0105kta G\u00f3rna: zgin\u0105\u0142 43-latek ra\u017cony piorunem\"}]},{\"@type\":\"WebSite\",\"@id\":\"https:\/\/www.mojabochnia.pl\/#website\",\"url\":\"https:\/\/www.mojabochnia.pl\/\",\"name\":\"mojabochnia.pl - portal informacyjny\",\"description\":\"mojaBochnia to portal informacyjny o Bochni. Codziennie o Bochni piszemy i pokazujemy najwa\u017cniejsze wydarzenia\",\"publisher\":{\"@id\":\"https:\/\/www.mojabochnia.pl\/#organization\"},\"potentialAction\":[{\"@type\":\"SearchAction\",\"target\":{\"@type\":\"EntryPoint\",\"urlTemplate\":\"https:\/\/www.mojabochnia.pl\/?s={search_term_string}\"},\"query-input\":{\"@type\":\"PropertyValueSpecification\",\"valueRequired\":true,\"valueName\":\"search_term_string\"}}],\"inLanguage\":\"pl-PL\"},{\"@type\":\"Organization\",\"@id\":\"https:\/\/www.mojabochnia.pl\/#organization\",\"name\":\"mojabochnia.pl - portal informacyjny\",\"url\":\"https:\/\/www.mojabochnia.pl\/\",\"logo\":{\"@type\":\"ImageObject\",\"inLanguage\":\"pl-PL\",\"@id\":\"https:\/\/www.mojabochnia.pl\/#\/schema\/logo\/image\/\",\"url\":\"https:\/\/www.mojabochnia.pl\/wp-content\/uploads\/2017\/08\/logo-mb-opt.png\",\"contentUrl\":\"https:\/\/www.mojabochnia.pl\/wp-content\/uploads\/2017\/08\/logo-mb-opt.png\",\"width\":250,\"height\":48,\"caption\":\"mojabochnia.pl - portal informacyjny\"},\"image\":{\"@id\":\"https:\/\/www.mojabochnia.pl\/#\/schema\/logo\/image\/\"},\"sameAs\":[\"https:\/\/www.facebook.com\/mojabochnia\"]},{\"@type\":\"Person\",\"@id\":\"https:\/\/www.mojabochnia.pl\/#\/schema\/person\/ea042e4724a77627963f02166828ead4\",\"name\":\"Pawe\u0142 Michalczyk\",\"url\":\"https:\/\/www.mojabochnia.pl\/?author=4\"}]}<\/script>\n<!-- \/ Yoast SEO plugin. -->","yoast_head_json":{"title":"\u0141\u0105kta G\u00f3rna: zgin\u0105\u0142 43-latek ra\u017cony piorunem - mojabochnia.pl - portal informacyjny","robots":{"index":"index","follow":"follow","max-snippet":"max-snippet:-1","max-image-preview":"max-image-preview:large","max-video-preview":"max-video-preview:-1"},"canonical":"https:\/\/www.mojabochnia.pl\/?p=73581","og_locale":"pl_PL","og_type":"article","og_title":"\u0141\u0105kta G\u00f3rna: zgin\u0105\u0142 43-latek ra\u017cony piorunem - mojabochnia.pl - portal informacyjny","og_description":"Tragiczny wypadek w \u0141\u0105kcie G\u00f3rnej podczas prac na wysoko\u015bciach. Dzisiaj po po\u0142udniu z dachu spad\u0142 43-letni mieszkaniec \u017begociny. M\u0119\u017cczyzna zosta\u0142 trafiony piorunem. Lekarz stwierdzi\u0142 zgon poszkodowanego.","og_url":"https:\/\/www.mojabochnia.pl\/?p=73581","og_site_name":"mojabochnia.pl - portal informacyjny","article_publisher":"https:\/\/www.facebook.com\/mojabochnia","article_published_time":"2012-06-20T20:03:22+00:00","article_modified_time":"2012-06-21T09:47:17+00:00","author":"Pawe\u0142 Michalczyk","twitter_card":"summary_large_image","twitter_misc":{"Written by":"Pawe\u0142 Michalczyk"},"schema":{"@context":"https:\/\/schema.org","@graph":[{"@type":"Article","@id":"https:\/\/www.mojabochnia.pl\/?p=73581#article","isPartOf":{"@id":"https:\/\/www.mojabochnia.pl\/?p=73581"},"author":{"name":"Pawe\u0142 Michalczyk","@id":"https:\/\/www.mojabochnia.pl\/#\/schema\/person\/ea042e4724a77627963f02166828ead4"},"headline":"\u0141\u0105kta G\u00f3rna: zgin\u0105\u0142 43-latek ra\u017cony piorunem","datePublished":"2012-06-20T20:03:22+00:00","dateModified":"2012-06-21T09:47:17+00:00","mainEntityOfPage":{"@id":"https:\/\/www.mojabochnia.pl\/?p=73581"},"wordCount":76,"commentCount":0,"publisher":{"@id":"https:\/\/www.mojabochnia.pl\/#organization"},"keywords":["\u0142\u0105kta g\u00f3rna","policja","wypadek","\u017begocina"],"articleSection":["2_ostatnie","polityka i wydarzenia","tematyka"],"inLanguage":"pl-PL","potentialAction":[{"@type":"CommentAction","name":"Comment","target":["https:\/\/www.mojabochnia.pl\/?p=73581#respond"]}]},{"@type":"WebPage","@id":"https:\/\/www.mojabochnia.pl\/?p=73581","url":"https:\/\/www.mojabochnia.pl\/?p=73581","name":"\u0141\u0105kta G\u00f3rna: zgin\u0105\u0142 43-latek ra\u017cony piorunem - mojabochnia.pl - portal informacyjny","isPartOf":{"@id":"https:\/\/www.mojabochnia.pl\/#website"},"datePublished":"2012-06-20T20:03:22+00:00","dateModified":"2012-06-21T09:47:17+00:00","breadcrumb":{"@id":"https:\/\/www.mojabochnia.pl\/?p=73581#breadcrumb"},"inLanguage":"pl-PL","potentialAction":[{"@type":"ReadAction","target":["https:\/\/www.mojabochnia.pl\/?p=73581"]}]},{"@type":"BreadcrumbList","@id":"https:\/\/www.mojabochnia.pl\/?p=73581#breadcrumb","itemListElement":[{"@type":"ListItem","position":1,"name":"Home","item":"https:\/\/www.mojabochnia.pl\/"},{"@type":"ListItem","position":2,"name":"\u0141\u0105kta G\u00f3rna: zgin\u0105\u0142 43-latek ra\u017cony piorunem"}]},{"@type":"WebSite","@id":"https:\/\/www.mojabochnia.pl\/#website","url":"https:\/\/www.mojabochnia.pl\/","name":"mojabochnia.pl - portal informacyjny","description":"mojaBochnia to portal informacyjny o Bochni. Codziennie o Bochni piszemy i pokazujemy najwa\u017cniejsze wydarzenia","publisher":{"@id":"https:\/\/www.mojabochnia.pl\/#organization"},"potentialAction":[{"@type":"SearchAction","target":{"@type":"EntryPoint","urlTemplate":"https:\/\/www.mojabochnia.pl\/?s={search_term_string}"},"query-input":{"@type":"PropertyValueSpecification","valueRequired":true,"valueName":"search_term_string"}}],"inLanguage":"pl-PL"},{"@type":"Organization","@id":"https:\/\/www.mojabochnia.pl\/#organization","name":"mojabochnia.pl - portal informacyjny","url":"https:\/\/www.mojabochnia.pl\/","logo":{"@type":"ImageObject","inLanguage":"pl-PL","@id":"https:\/\/www.mojabochnia.pl\/#\/schema\/logo\/image\/","url":"https:\/\/www.mojabochnia.pl\/wp-content\/uploads\/2017\/08\/logo-mb-opt.png","contentUrl":"https:\/\/www.mojabochnia.pl\/wp-content\/uploads\/2017\/08\/logo-mb-opt.png","width":250,"height":48,"caption":"mojabochnia.pl - portal informacyjny"},"image":{"@id":"https:\/\/www.mojabochnia.pl\/#\/schema\/logo\/image\/"},"sameAs":["https:\/\/www.facebook.com\/mojabochnia"]},{"@type":"Person","@id":"https:\/\/www.mojabochnia.pl\/#\/schema\/person\/ea042e4724a77627963f02166828ead4","name":"Pawe\u0142 Michalczyk","url":"https:\/\/www.mojabochnia.pl\/?author=4"}]}},"_links":{"self":[{"href":"https:\/\/www.mojabochnia.pl\/index.php?rest_route=\/wp\/v2\/posts\/73581","targetHints":{"allow":["GET"]}}],"collection":[{"href":"https:\/\/www.mojabochnia.pl\/index.php?rest_route=\/wp\/v2\/posts"}],"about":[{"href":"https:\/\/www.mojabochnia.pl\/index.php?rest_route=\/wp\/v2\/types\/post"}],"author":[{"embeddable":true,"href":"https:\/\/www.mojabochnia.pl\/index.php?rest_route=\/wp\/v2\/users\/4"}],"replies":[{"embeddable":true,"href":"https:\/\/www.mojabochnia.pl\/index.php?rest_route=%2Fwp%2Fv2%2Fcomments&post=73581"}],"version-history":[{"count":5,"href":"https:\/\/www.mojabochnia.pl\/index.php?rest_route=\/wp\/v2\/posts\/73581\/revisions"}],"predecessor-version":[{"id":73612,"href":"https:\/\/www.mojabochnia.pl\/index.php?rest_route=\/wp\/v2\/posts\/73581\/revisions\/73612"}],"wp:attachment":[{"href":"https:\/\/www.mojabochnia.pl\/index.php?rest_route=%2Fwp%2Fv2%2Fmedia&parent=73581"}],"wp:term":[{"taxonomy":"category","embeddable":true,"href":"https:\/\/www.mojabochnia.pl\/index.php?rest_route=%2Fwp%2Fv2%2Fcategories&post=73581"},{"taxonomy":"post_tag","embeddable":true,"href":"https:\/\/www.mojabochnia.pl\/index.php?rest_route=%2Fwp%2Fv2%2Ftags&post=73581"}],"curies":[{"name":"wp","href":"https:\/\/api.w.org\/{rel}","templated":true}]}}