{"id":73554,"date":"2012-06-20T14:29:16","date_gmt":"2012-06-20T12:29:16","guid":{"rendered":"http:\/\/www.mojabochnia.pl\/?p=73554"},"modified":"2012-06-21T09:42:45","modified_gmt":"2012-06-21T07:42:45","slug":"werner-kenkel-pierwszym-kupcem-nieruchomosci-w-strefie-gospodarczej","status":"publish","type":"post","link":"https:\/\/www.mojabochnia.pl\/?p=73554","title":{"rendered":"Werner Kenkel pierwszym kupcem nieruchomo\u015bci w Strefie Gospodarczej"},"content":{"rendered":"<p>Przedsi\u0119biorstwo, kt\u00f3ra nale\u017cy do Krakowskiego Parku Technologicznego, zainwestuje w Bochni ponad 50 mln z\u0142. <em>Przedstawiciele firmy w li\u015bcie intencyjnym zobowi\u0105zali si\u0119 do budowy hali produkcyjnej o powierzchni ok. 7000 m2 z przeznaczeniem pod zak\u0142ad produkcyjny zajmuj\u0105cy si\u0119 produkcj\u0105 opakowa\u0144 z tektury falistej. Docelowo inwestor deklaruje budow\u0119 kolejnych hal produkcyjno-magazynowych do \u0142\u0105cznej powierzchni ok. 30 000 m2. W pierwszym etapie Werner Kenkel planuje zatrudnienie 40 os\u00f3b na podstawie umowy o prac\u0119, docelowo zatrudnienie ukszta\u0142tuje si\u0119 na poziomie 100 os\u00f3b. Co wa\u017cne inwestor zobowi\u0105zuje si\u0119 do zatrudnienia co najmniej 60% pracownik\u00f3w z terenu Bochni, pod warunkiem spe\u0142nienia przez nich wymaganych kwalifikacji i posiadania odpowiednich predyspozycji<\/em> &#8211; podaje Anna Kocot-Maciuszek z Urz\u0119du Miejskiego w Bochni.<\/p>\n<p><em>Wybudujemy fabryk\u0119 tektury falistej i opakowa\u0144. B\u0119dzie ona budowana w dw\u00f3ch etapach. Na pocz\u0105tku b\u0119dzie ca\u0142a infrastruktura do przetw\u00f3rstwa opakowa\u0144, do produkcji wysokojako\u015bciowych opakowa\u0144 z tektury falistej. Druk b\u0119dzie si\u0119 odbywa\u0142 metod\u0105 fleksograficzn\u0105. Stan\u0105 tutaj najnowocze\u015bniejsze maszyny jako\u015bci \u015bwiatowej, najbardziej presti\u017cowych producent\u00f3w. B\u0119dziemy zatrudnia\u0107 oko\u0142o setki os\u00f3b<\/em> &#8211; m\u00f3wi Adam Kenkel, wiceprezes zarz\u0105du i wsp\u00f3\u0142w\u0142a\u015bciciel firmy.<\/p>\n<p>Budowa mia\u0142aby ruszy\u0107 jeszcze w tym roku. <em>Jest to kwestia warunk\u00f3w atmosferycznych, wszelkich formalno\u015bci. Wydaje nam si\u0119, \u017ce start budowy b\u0119dzie na prze\u0142omie pa\u017adziernika tego roku. Budowa potrwa oko\u0142o 12 miesi\u0119cy. Tak te\u017c pr\u00f3bujemy kontraktowa\u0107 maszyny, \u017ceby si\u0119 wstrzeli\u0107 w termin oddania nieruchomo\u015bci<\/em> \u2013 dodaje Adam Kenkel. Mia\u0142oby to nast\u0105pi\u0107 na prze\u0142omie 2013 i 2014 r. Pracownicy firmy b\u0119d\u0105 musieli odby\u0107 wielomiesi\u0119czne szkolenia. <\/p>\n<p>Wed\u0142ug plan\u00f3w firmy po osi\u0105gni\u0119ciu sprzeda\u017cy ok. 4 milion\u00f3w metr\u00f3w kwadratowych opakowa\u0144 b\u0105d\u017a tektury w skali miesi\u0105ca, nast\u0105pi rozbudowa zak\u0142adu. <em>B\u0119dziemy dobudowywa\u0107 kolejny etap hali, gdzie stanie tekturnica, czyli maszyna do produkcji tektury. Wtedy we w\u0142asnym zakresie b\u0119dziemy produkowa\u0107 tektur\u0119 i przetwarza\u0107 z niej opakowania. Do tego etapu tektur\u0119 b\u0119dziemy kupowali albo od siebie, z naszej centralnej bazy, albo \u2013 je\u015bli b\u0119dzie taniej \u2013 z okolicy, nawet od konkurencji, poniewa\u017c zak\u0142ad musi by\u0107 samowystarczalny i samorozliczalny, musi przynosi\u0107 zyski<\/em>. <\/p>\n<p>Pocz\u0105tkowo odbiorcami opakowa\u0144 z boche\u0144skiego zak\u0142adu Werner Kenkel b\u0119d\u0105 firmy, kt\u00f3re obecnie s\u0105 jej klientami od wielu lat, z okolic Krakowa. <em>Transport jest w naszym przypadku istotnym kosztem, w zwi\u0105zku z tym dla startu zak\u0142ad w Bochni dostanie baz\u0119 klient\u00f3w z Krzycka Wielkiego i na tej podstawie maj\u0105 rozwija\u0107 sw\u00f3j wolumen. S\u0105 to firmy z sektora szybkozbywalnych d\u00f3br, szczeg\u00f3lnie z sektora spo\u017cywczego<\/em> &#8211; m\u00f3wi Adam Kenkel. <\/p>\n<p>Burmistrz Stefan Kolawi\u0144ski uwa\u017ca, \u017ce sprzeda\u017c pierwszej dzia\u0142ki w Boche\u0144skiej Strefie Aktywno\u015bci Gospodarczej to historyczne dla miasta wydarzenie. <em>Dzisiejsza sprzeda\u017c tej dzia\u0142ki oznacza rozpocz\u0119cie zupe\u0142nie nowego etapu i budowanie podstaw ekonomicznych miasta w d\u0142u\u017cszej perspektywie. Por\u00f3wna\u0142bym to z momentem lokalizowania tutaj huty, kt\u00f3ra w tej chwili jest Stalproduktem S.A. Wiemy, co ta firma oznacza dla Bochni i wierz\u0119, \u017ce ci przedsi\u0119biorcy, kt\u00f3rzy rozpoczn\u0105 dzia\u0142alno\u015b\u0107 w Strefie Aktywno\u015bci Gospodarczej, b\u0119d\u0105 stanowili o tym, jak to miasto b\u0119dzie mog\u0142o si\u0119 rozwija\u0107 w przysz\u0142o\u015bci<\/em> \u2013 m\u00f3wi burmistrz.<\/p>\n<p>Cena wywo\u0142awcza wynosi\u0142a 5 mln 675 tys. z\u0142 netto, Werner Kenkel wylicytowa\u0142 kwot\u0119 5 mln 731 tys. 750 z\u0142 (7 mln 050 tys. 52,50 z\u0142 brutto). Powierzchnia nabytej przez firm\u0119 nieruchomo\u015bci wynosi 8,7595 ha. Pieni\u0105dze ze sprzeda\u017cy powinny trafi\u0107 na konto miasta na pocz\u0105tku lipca. Wtedy te\u017c zostanie podpisany akt notarialna kupna-sprzeda\u017cy.<\/p>\n<p>Werner Kenkel dzia\u0142a na polskim rynku od 1979 roku. Tektur\u0119 falist\u0105 i opakowania produkuje obecnie w Krzycku Wielkim i W\u0142oszakowicach w Wielkopolsce. Dostarcza swoje wyroby do ponad 400 firm krajowych i zagranicznych. Zatrudnia \u0142\u0105cznie ponad 500 os\u00f3b. <\/p>\n<p>Firma r\u00f3wnolegle prowadzi szerok\u0105 dzia\u0142alno\u015b\u0107 charytatywn\u0105, swoim mecenatem obj\u0119\u0142a m. in. muzeum okr\u0119gowe w Lesznie. R\u00f3wnie\u017c t\u0119 dzia\u0142alno\u015b\u0107 inwestor chce przenie\u015b\u0107 na teren Bochni, deklaruj\u0105c wsp\u00f3\u0142prac\u0119 przy organizacji lokalnych imprez sportowych, kulturalnych i turystycznych oraz pomoc dla uczni\u00f3w z terenu miasta w zdobywaniu umiej\u0119tno\u015bci zawodowych, podnoszeniu poziomu kszta\u0142cenia i doskonalenia zawodowego.<\/p>\n\t  \r\n\t\r\n\t    <div class=\"mb-gallery\">\r\n\t    <a href=\"https:\/\/www.mojabochnia.pl\/?attachment_id=73557\" class=\"\"><img loading=\"lazy\" decoding=\"async\" width=\"100\" height=\"56\" src=\"https:\/\/www.mojabochnia.pl\/wp-content\/uploads\/2012\/06\/IMG_3920-120x67.jpg\" class=\"attachment-100x100 size-100x100\" alt=\"\" srcset=\"https:\/\/www.mojabochnia.pl\/wp-content\/uploads\/2012\/06\/IMG_3920-120x67.jpg 120w, https:\/\/www.mojabochnia.pl\/wp-content\/uploads\/2012\/06\/IMG_3920-468x263.jpg 468w, https:\/\/www.mojabochnia.pl\/wp-content\/uploads\/2012\/06\/IMG_3920-660x371.jpg 660w, https:\/\/www.mojabochnia.pl\/wp-content\/uploads\/2012\/06\/IMG_3920.jpg 800w\" sizes=\"auto, (max-width: 100px) 100vw, 100px\" \/><\/a><a href=\"https:\/\/www.mojabochnia.pl\/?attachment_id=73558\" class=\"\"><img loading=\"lazy\" decoding=\"async\" width=\"100\" height=\"56\" src=\"https:\/\/www.mojabochnia.pl\/wp-content\/uploads\/2012\/06\/IMG_3932-120x67.jpg\" class=\"attachment-100x100 size-100x100\" alt=\"\" srcset=\"https:\/\/www.mojabochnia.pl\/wp-content\/uploads\/2012\/06\/IMG_3932-120x67.jpg 120w, https:\/\/www.mojabochnia.pl\/wp-content\/uploads\/2012\/06\/IMG_3932-468x263.jpg 468w, https:\/\/www.mojabochnia.pl\/wp-content\/uploads\/2012\/06\/IMG_3932-660x371.jpg 660w, https:\/\/www.mojabochnia.pl\/wp-content\/uploads\/2012\/06\/IMG_3932.jpg 800w\" sizes=\"auto, (max-width: 100px) 100vw, 100px\" \/><\/a><a href=\"https:\/\/www.mojabochnia.pl\/?attachment_id=73559\" class=\"\"><img loading=\"lazy\" decoding=\"async\" width=\"100\" height=\"56\" src=\"https:\/\/www.mojabochnia.pl\/wp-content\/uploads\/2012\/06\/IMG_3936-120x67.jpg\" class=\"attachment-100x100 size-100x100\" alt=\"\" srcset=\"https:\/\/www.mojabochnia.pl\/wp-content\/uploads\/2012\/06\/IMG_3936-120x67.jpg 120w, https:\/\/www.mojabochnia.pl\/wp-content\/uploads\/2012\/06\/IMG_3936-468x263.jpg 468w, https:\/\/www.mojabochnia.pl\/wp-content\/uploads\/2012\/06\/IMG_3936-660x371.jpg 660w, https:\/\/www.mojabochnia.pl\/wp-content\/uploads\/2012\/06\/IMG_3936.jpg 800w\" sizes=\"auto, (max-width: 100px) 100vw, 100px\" \/><\/a><a href=\"https:\/\/www.mojabochnia.pl\/?attachment_id=73560\" class=\"\"><img loading=\"lazy\" decoding=\"async\" width=\"100\" height=\"56\" src=\"https:\/\/www.mojabochnia.pl\/wp-content\/uploads\/2012\/06\/IMG_3941-120x67.jpg\" class=\"attachment-100x100 size-100x100\" alt=\"\" srcset=\"https:\/\/www.mojabochnia.pl\/wp-content\/uploads\/2012\/06\/IMG_3941-120x67.jpg 120w, https:\/\/www.mojabochnia.pl\/wp-content\/uploads\/2012\/06\/IMG_3941-468x263.jpg 468w, https:\/\/www.mojabochnia.pl\/wp-content\/uploads\/2012\/06\/IMG_3941-660x371.jpg 660w, https:\/\/www.mojabochnia.pl\/wp-content\/uploads\/2012\/06\/IMG_3941.jpg 800w\" sizes=\"auto, (max-width: 100px) 100vw, 100px\" \/><\/a><a href=\"https:\/\/www.mojabochnia.pl\/?attachment_id=73561\" class=\"\"><img loading=\"lazy\" decoding=\"async\" width=\"100\" height=\"56\" src=\"https:\/\/www.mojabochnia.pl\/wp-content\/uploads\/2012\/06\/IMG_3949-120x67.jpg\" class=\"attachment-100x100 size-100x100\" alt=\"\" srcset=\"https:\/\/www.mojabochnia.pl\/wp-content\/uploads\/2012\/06\/IMG_3949-120x67.jpg 120w, https:\/\/www.mojabochnia.pl\/wp-content\/uploads\/2012\/06\/IMG_3949-468x263.jpg 468w, https:\/\/www.mojabochnia.pl\/wp-content\/uploads\/2012\/06\/IMG_3949-660x371.jpg 660w, https:\/\/www.mojabochnia.pl\/wp-content\/uploads\/2012\/06\/IMG_3949.jpg 800w\" sizes=\"auto, (max-width: 100px) 100vw, 100px\" \/><\/a><a href=\"https:\/\/www.mojabochnia.pl\/?attachment_id=73562\" class=\"\"><img loading=\"lazy\" decoding=\"async\" width=\"100\" height=\"56\" src=\"https:\/\/www.mojabochnia.pl\/wp-content\/uploads\/2012\/06\/IMG_3954-120x67.jpg\" class=\"attachment-100x100 size-100x100\" alt=\"\" srcset=\"https:\/\/www.mojabochnia.pl\/wp-content\/uploads\/2012\/06\/IMG_3954-120x67.jpg 120w, https:\/\/www.mojabochnia.pl\/wp-content\/uploads\/2012\/06\/IMG_3954-468x263.jpg 468w, https:\/\/www.mojabochnia.pl\/wp-content\/uploads\/2012\/06\/IMG_3954-660x371.jpg 660w, https:\/\/www.mojabochnia.pl\/wp-content\/uploads\/2012\/06\/IMG_3954.jpg 800w\" sizes=\"auto, (max-width: 100px) 100vw, 100px\" \/><\/a><a href=\"https:\/\/www.mojabochnia.pl\/?attachment_id=73563\" class=\"\"><img loading=\"lazy\" decoding=\"async\" width=\"100\" height=\"56\" src=\"https:\/\/www.mojabochnia.pl\/wp-content\/uploads\/2012\/06\/IMG_3958-120x67.jpg\" class=\"attachment-100x100 size-100x100\" alt=\"\" srcset=\"https:\/\/www.mojabochnia.pl\/wp-content\/uploads\/2012\/06\/IMG_3958-120x67.jpg 120w, https:\/\/www.mojabochnia.pl\/wp-content\/uploads\/2012\/06\/IMG_3958-468x263.jpg 468w, https:\/\/www.mojabochnia.pl\/wp-content\/uploads\/2012\/06\/IMG_3958-660x371.jpg 660w, https:\/\/www.mojabochnia.pl\/wp-content\/uploads\/2012\/06\/IMG_3958.jpg 800w\" sizes=\"auto, (max-width: 100px) 100vw, 100px\" \/><\/a><a href=\"https:\/\/www.mojabochnia.pl\/?attachment_id=73564\" class=\"\"><img loading=\"lazy\" decoding=\"async\" width=\"100\" height=\"56\" src=\"https:\/\/www.mojabochnia.pl\/wp-content\/uploads\/2012\/06\/IMG_3960-120x67.jpg\" class=\"attachment-100x100 size-100x100\" alt=\"\" srcset=\"https:\/\/www.mojabochnia.pl\/wp-content\/uploads\/2012\/06\/IMG_3960-120x67.jpg 120w, https:\/\/www.mojabochnia.pl\/wp-content\/uploads\/2012\/06\/IMG_3960-468x263.jpg 468w, https:\/\/www.mojabochnia.pl\/wp-content\/uploads\/2012\/06\/IMG_3960-660x371.jpg 660w, https:\/\/www.mojabochnia.pl\/wp-content\/uploads\/2012\/06\/IMG_3960.jpg 800w\" sizes=\"auto, (max-width: 100px) 100vw, 100px\" \/><\/a><a href=\"https:\/\/www.mojabochnia.pl\/?attachment_id=73565\" class=\"\"><img loading=\"lazy\" decoding=\"async\" width=\"100\" height=\"56\" src=\"https:\/\/www.mojabochnia.pl\/wp-content\/uploads\/2012\/06\/IMG_3963-120x67.jpg\" class=\"attachment-100x100 size-100x100\" alt=\"\" srcset=\"https:\/\/www.mojabochnia.pl\/wp-content\/uploads\/2012\/06\/IMG_3963-120x67.jpg 120w, https:\/\/www.mojabochnia.pl\/wp-content\/uploads\/2012\/06\/IMG_3963-468x263.jpg 468w, https:\/\/www.mojabochnia.pl\/wp-content\/uploads\/2012\/06\/IMG_3963-660x371.jpg 660w, https:\/\/www.mojabochnia.pl\/wp-content\/uploads\/2012\/06\/IMG_3963.jpg 800w\" sizes=\"auto, (max-width: 100px) 100vw, 100px\" \/><\/a>\t    <\/div>\r\n\t    ","protected":false},"excerpt":{"rendered":"<p>Pierwsza dzia\u0142ka w Boche\u0144skiej Strefie Aktywno\u015bci Gospodarczej Bochni znalaz\u0142a kupca. Firma Werner Kenkel, kt\u00f3ra wygra\u0142a przetarg, zap\u0142aci za ni\u0105 7 mln z\u0142 z VAT i planuje zatrudni\u0107 ok. 100 os\u00f3b.<\/p>\n","protected":false},"author":4,"featured_media":0,"comment_status":"open","ping_status":"closed","sticky":true,"template":"","format":"standard","meta":{"_acf_changed":false,"footnotes":""},"categories":[5,6247,6246,6251,6250],"tags":[11093,17962,17259,17339,7781,18095,11092],"class_list":["post-73554","post","type-post","status-publish","format-standard","hentry","category-biezace-wydarzenia","category-fotogaleria","category-medium","category-polityka-i-wydarzenia","category-tematyka","tag-adam-kenkel","tag-bsag","tag-praca","tag-przetarg","tag-stefan-kolawinski","tag-strefa-gospodarcza","tag-werner-kenkel","main_tag-bsag"],"acf":[],"yoast_head":"<!-- This site is optimized with the Yoast SEO plugin v26.9 - https:\/\/yoast.com\/product\/yoast-seo-wordpress\/ -->\n<title>Werner Kenkel pierwszym kupcem nieruchomo\u015bci w Strefie Gospodarczej - mojabochnia.pl - portal informacyjny<\/title>\n<meta name=\"robots\" content=\"index, follow, max-snippet:-1, max-image-preview:large, max-video-preview:-1\" \/>\n<link rel=\"canonical\" href=\"https:\/\/www.mojabochnia.pl\/?p=73554\" \/>\n<meta property=\"og:locale\" content=\"pl_PL\" \/>\n<meta property=\"og:type\" content=\"article\" \/>\n<meta property=\"og:title\" content=\"Werner Kenkel pierwszym kupcem nieruchomo\u015bci w Strefie Gospodarczej - mojabochnia.pl - portal informacyjny\" \/>\n<meta property=\"og:description\" content=\"Pierwsza dzia\u0142ka w Boche\u0144skiej Strefie Aktywno\u015bci Gospodarczej Bochni znalaz\u0142a kupca. Firma Werner Kenkel, kt\u00f3ra wygra\u0142a przetarg, zap\u0142aci za ni\u0105 7 mln z\u0142 z VAT i planuje zatrudni\u0107 ok. 100 os\u00f3b.\" \/>\n<meta property=\"og:url\" content=\"https:\/\/www.mojabochnia.pl\/?p=73554\" \/>\n<meta property=\"og:site_name\" content=\"mojabochnia.pl - portal informacyjny\" \/>\n<meta property=\"article:publisher\" content=\"https:\/\/www.facebook.com\/mojabochnia\" \/>\n<meta property=\"article:published_time\" content=\"2012-06-20T12:29:16+00:00\" \/>\n<meta property=\"article:modified_time\" content=\"2012-06-21T07:42:45+00:00\" \/>\n<meta name=\"author\" content=\"Pawe\u0142 Michalczyk\" \/>\n<meta name=\"twitter:card\" content=\"summary_large_image\" \/>\n<meta name=\"twitter:label1\" content=\"Written by\" \/>\n\t<meta name=\"twitter:data1\" content=\"Pawe\u0142 Michalczyk\" \/>\n\t<meta name=\"twitter:label2\" content=\"Est. reading time\" \/>\n\t<meta name=\"twitter:data2\" content=\"4 minuty\" \/>\n<script type=\"application\/ld+json\" class=\"yoast-schema-graph\">{\"@context\":\"https:\/\/schema.org\",\"@graph\":[{\"@type\":\"Article\",\"@id\":\"https:\/\/www.mojabochnia.pl\/?p=73554#article\",\"isPartOf\":{\"@id\":\"https:\/\/www.mojabochnia.pl\/?p=73554\"},\"author\":{\"name\":\"Pawe\u0142 Michalczyk\",\"@id\":\"https:\/\/www.mojabochnia.pl\/#\/schema\/person\/ea042e4724a77627963f02166828ead4\"},\"headline\":\"Werner Kenkel pierwszym kupcem nieruchomo\u015bci w Strefie Gospodarczej\",\"datePublished\":\"2012-06-20T12:29:16+00:00\",\"dateModified\":\"2012-06-21T07:42:45+00:00\",\"mainEntityOfPage\":{\"@id\":\"https:\/\/www.mojabochnia.pl\/?p=73554\"},\"wordCount\":709,\"commentCount\":0,\"publisher\":{\"@id\":\"https:\/\/www.mojabochnia.pl\/#organization\"},\"keywords\":[\"adam kenkel\",\"bsag\",\"praca\",\"przetarg\",\"stefan kolawi\u0144ski\",\"strefa gospodarcza\",\"werner kenkel\"],\"articleSection\":[\"2_ostatnie\",\"fotogaleria\",\"Medium\",\"polityka i wydarzenia\",\"tematyka\"],\"inLanguage\":\"pl-PL\",\"potentialAction\":[{\"@type\":\"CommentAction\",\"name\":\"Comment\",\"target\":[\"https:\/\/www.mojabochnia.pl\/?p=73554#respond\"]}]},{\"@type\":\"WebPage\",\"@id\":\"https:\/\/www.mojabochnia.pl\/?p=73554\",\"url\":\"https:\/\/www.mojabochnia.pl\/?p=73554\",\"name\":\"Werner Kenkel pierwszym kupcem nieruchomo\u015bci w Strefie Gospodarczej - mojabochnia.pl - portal informacyjny\",\"isPartOf\":{\"@id\":\"https:\/\/www.mojabochnia.pl\/#website\"},\"datePublished\":\"2012-06-20T12:29:16+00:00\",\"dateModified\":\"2012-06-21T07:42:45+00:00\",\"breadcrumb\":{\"@id\":\"https:\/\/www.mojabochnia.pl\/?p=73554#breadcrumb\"},\"inLanguage\":\"pl-PL\",\"potentialAction\":[{\"@type\":\"ReadAction\",\"target\":[\"https:\/\/www.mojabochnia.pl\/?p=73554\"]}]},{\"@type\":\"BreadcrumbList\",\"@id\":\"https:\/\/www.mojabochnia.pl\/?p=73554#breadcrumb\",\"itemListElement\":[{\"@type\":\"ListItem\",\"position\":1,\"name\":\"Home\",\"item\":\"https:\/\/www.mojabochnia.pl\/\"},{\"@type\":\"ListItem\",\"position\":2,\"name\":\"Werner Kenkel pierwszym kupcem nieruchomo\u015bci w Strefie Gospodarczej\"}]},{\"@type\":\"WebSite\",\"@id\":\"https:\/\/www.mojabochnia.pl\/#website\",\"url\":\"https:\/\/www.mojabochnia.pl\/\",\"name\":\"mojabochnia.pl - portal informacyjny\",\"description\":\"mojaBochnia to portal informacyjny o Bochni. Codziennie o Bochni piszemy i pokazujemy najwa\u017cniejsze wydarzenia\",\"publisher\":{\"@id\":\"https:\/\/www.mojabochnia.pl\/#organization\"},\"potentialAction\":[{\"@type\":\"SearchAction\",\"target\":{\"@type\":\"EntryPoint\",\"urlTemplate\":\"https:\/\/www.mojabochnia.pl\/?s={search_term_string}\"},\"query-input\":{\"@type\":\"PropertyValueSpecification\",\"valueRequired\":true,\"valueName\":\"search_term_string\"}}],\"inLanguage\":\"pl-PL\"},{\"@type\":\"Organization\",\"@id\":\"https:\/\/www.mojabochnia.pl\/#organization\",\"name\":\"mojabochnia.pl - portal informacyjny\",\"url\":\"https:\/\/www.mojabochnia.pl\/\",\"logo\":{\"@type\":\"ImageObject\",\"inLanguage\":\"pl-PL\",\"@id\":\"https:\/\/www.mojabochnia.pl\/#\/schema\/logo\/image\/\",\"url\":\"https:\/\/www.mojabochnia.pl\/wp-content\/uploads\/2017\/08\/logo-mb-opt.png\",\"contentUrl\":\"https:\/\/www.mojabochnia.pl\/wp-content\/uploads\/2017\/08\/logo-mb-opt.png\",\"width\":250,\"height\":48,\"caption\":\"mojabochnia.pl - portal informacyjny\"},\"image\":{\"@id\":\"https:\/\/www.mojabochnia.pl\/#\/schema\/logo\/image\/\"},\"sameAs\":[\"https:\/\/www.facebook.com\/mojabochnia\"]},{\"@type\":\"Person\",\"@id\":\"https:\/\/www.mojabochnia.pl\/#\/schema\/person\/ea042e4724a77627963f02166828ead4\",\"name\":\"Pawe\u0142 Michalczyk\",\"url\":\"https:\/\/www.mojabochnia.pl\/?author=4\"}]}<\/script>\n<!-- \/ Yoast SEO plugin. -->","yoast_head_json":{"title":"Werner Kenkel pierwszym kupcem nieruchomo\u015bci w Strefie Gospodarczej - mojabochnia.pl - portal informacyjny","robots":{"index":"index","follow":"follow","max-snippet":"max-snippet:-1","max-image-preview":"max-image-preview:large","max-video-preview":"max-video-preview:-1"},"canonical":"https:\/\/www.mojabochnia.pl\/?p=73554","og_locale":"pl_PL","og_type":"article","og_title":"Werner Kenkel pierwszym kupcem nieruchomo\u015bci w Strefie Gospodarczej - mojabochnia.pl - portal informacyjny","og_description":"Pierwsza dzia\u0142ka w Boche\u0144skiej Strefie Aktywno\u015bci Gospodarczej Bochni znalaz\u0142a kupca. Firma Werner Kenkel, kt\u00f3ra wygra\u0142a przetarg, zap\u0142aci za ni\u0105 7 mln z\u0142 z VAT i planuje zatrudni\u0107 ok. 100 os\u00f3b.","og_url":"https:\/\/www.mojabochnia.pl\/?p=73554","og_site_name":"mojabochnia.pl - portal informacyjny","article_publisher":"https:\/\/www.facebook.com\/mojabochnia","article_published_time":"2012-06-20T12:29:16+00:00","article_modified_time":"2012-06-21T07:42:45+00:00","author":"Pawe\u0142 Michalczyk","twitter_card":"summary_large_image","twitter_misc":{"Written by":"Pawe\u0142 Michalczyk","Est. reading time":"4 minuty"},"schema":{"@context":"https:\/\/schema.org","@graph":[{"@type":"Article","@id":"https:\/\/www.mojabochnia.pl\/?p=73554#article","isPartOf":{"@id":"https:\/\/www.mojabochnia.pl\/?p=73554"},"author":{"name":"Pawe\u0142 Michalczyk","@id":"https:\/\/www.mojabochnia.pl\/#\/schema\/person\/ea042e4724a77627963f02166828ead4"},"headline":"Werner Kenkel pierwszym kupcem nieruchomo\u015bci w Strefie Gospodarczej","datePublished":"2012-06-20T12:29:16+00:00","dateModified":"2012-06-21T07:42:45+00:00","mainEntityOfPage":{"@id":"https:\/\/www.mojabochnia.pl\/?p=73554"},"wordCount":709,"commentCount":0,"publisher":{"@id":"https:\/\/www.mojabochnia.pl\/#organization"},"keywords":["adam kenkel","bsag","praca","przetarg","stefan kolawi\u0144ski","strefa gospodarcza","werner kenkel"],"articleSection":["2_ostatnie","fotogaleria","Medium","polityka i wydarzenia","tematyka"],"inLanguage":"pl-PL","potentialAction":[{"@type":"CommentAction","name":"Comment","target":["https:\/\/www.mojabochnia.pl\/?p=73554#respond"]}]},{"@type":"WebPage","@id":"https:\/\/www.mojabochnia.pl\/?p=73554","url":"https:\/\/www.mojabochnia.pl\/?p=73554","name":"Werner Kenkel pierwszym kupcem nieruchomo\u015bci w Strefie Gospodarczej - mojabochnia.pl - portal informacyjny","isPartOf":{"@id":"https:\/\/www.mojabochnia.pl\/#website"},"datePublished":"2012-06-20T12:29:16+00:00","dateModified":"2012-06-21T07:42:45+00:00","breadcrumb":{"@id":"https:\/\/www.mojabochnia.pl\/?p=73554#breadcrumb"},"inLanguage":"pl-PL","potentialAction":[{"@type":"ReadAction","target":["https:\/\/www.mojabochnia.pl\/?p=73554"]}]},{"@type":"BreadcrumbList","@id":"https:\/\/www.mojabochnia.pl\/?p=73554#breadcrumb","itemListElement":[{"@type":"ListItem","position":1,"name":"Home","item":"https:\/\/www.mojabochnia.pl\/"},{"@type":"ListItem","position":2,"name":"Werner Kenkel pierwszym kupcem nieruchomo\u015bci w Strefie Gospodarczej"}]},{"@type":"WebSite","@id":"https:\/\/www.mojabochnia.pl\/#website","url":"https:\/\/www.mojabochnia.pl\/","name":"mojabochnia.pl - portal informacyjny","description":"mojaBochnia to portal informacyjny o Bochni. Codziennie o Bochni piszemy i pokazujemy najwa\u017cniejsze wydarzenia","publisher":{"@id":"https:\/\/www.mojabochnia.pl\/#organization"},"potentialAction":[{"@type":"SearchAction","target":{"@type":"EntryPoint","urlTemplate":"https:\/\/www.mojabochnia.pl\/?s={search_term_string}"},"query-input":{"@type":"PropertyValueSpecification","valueRequired":true,"valueName":"search_term_string"}}],"inLanguage":"pl-PL"},{"@type":"Organization","@id":"https:\/\/www.mojabochnia.pl\/#organization","name":"mojabochnia.pl - portal informacyjny","url":"https:\/\/www.mojabochnia.pl\/","logo":{"@type":"ImageObject","inLanguage":"pl-PL","@id":"https:\/\/www.mojabochnia.pl\/#\/schema\/logo\/image\/","url":"https:\/\/www.mojabochnia.pl\/wp-content\/uploads\/2017\/08\/logo-mb-opt.png","contentUrl":"https:\/\/www.mojabochnia.pl\/wp-content\/uploads\/2017\/08\/logo-mb-opt.png","width":250,"height":48,"caption":"mojabochnia.pl - portal informacyjny"},"image":{"@id":"https:\/\/www.mojabochnia.pl\/#\/schema\/logo\/image\/"},"sameAs":["https:\/\/www.facebook.com\/mojabochnia"]},{"@type":"Person","@id":"https:\/\/www.mojabochnia.pl\/#\/schema\/person\/ea042e4724a77627963f02166828ead4","name":"Pawe\u0142 Michalczyk","url":"https:\/\/www.mojabochnia.pl\/?author=4"}]}},"_links":{"self":[{"href":"https:\/\/www.mojabochnia.pl\/index.php?rest_route=\/wp\/v2\/posts\/73554","targetHints":{"allow":["GET"]}}],"collection":[{"href":"https:\/\/www.mojabochnia.pl\/index.php?rest_route=\/wp\/v2\/posts"}],"about":[{"href":"https:\/\/www.mojabochnia.pl\/index.php?rest_route=\/wp\/v2\/types\/post"}],"author":[{"embeddable":true,"href":"https:\/\/www.mojabochnia.pl\/index.php?rest_route=\/wp\/v2\/users\/4"}],"replies":[{"embeddable":true,"href":"https:\/\/www.mojabochnia.pl\/index.php?rest_route=%2Fwp%2Fv2%2Fcomments&post=73554"}],"version-history":[{"count":15,"href":"https:\/\/www.mojabochnia.pl\/index.php?rest_route=\/wp\/v2\/posts\/73554\/revisions"}],"predecessor-version":[{"id":73574,"href":"https:\/\/www.mojabochnia.pl\/index.php?rest_route=\/wp\/v2\/posts\/73554\/revisions\/73574"}],"wp:attachment":[{"href":"https:\/\/www.mojabochnia.pl\/index.php?rest_route=%2Fwp%2Fv2%2Fmedia&parent=73554"}],"wp:term":[{"taxonomy":"category","embeddable":true,"href":"https:\/\/www.mojabochnia.pl\/index.php?rest_route=%2Fwp%2Fv2%2Fcategories&post=73554"},{"taxonomy":"post_tag","embeddable":true,"href":"https:\/\/www.mojabochnia.pl\/index.php?rest_route=%2Fwp%2Fv2%2Ftags&post=73554"}],"curies":[{"name":"wp","href":"https:\/\/api.w.org\/{rel}","templated":true}]}}