{"id":73545,"date":"2012-06-20T11:39:52","date_gmt":"2012-06-20T09:39:52","guid":{"rendered":"http:\/\/www.mojabochnia.pl\/?p=73545"},"modified":"2012-06-22T14:50:39","modified_gmt":"2012-06-22T12:50:39","slug":"lapanow-powstaje-klasa-wojskowa","status":"publish","type":"post","link":"https:\/\/www.mojabochnia.pl\/?p=73545","title":{"rendered":"\u0141apan\u00f3w: powstaje klasa wojskowa"},"content":{"rendered":"<p>Decyzj\u0105 Zarz\u0105du Powiatu Boche\u0144skiego we wrze\u015bniu br. w \u0142apanowskiej plac\u00f3wce o\u015bwiatowej rusza nowy kierunek, kt\u00f3ry przygotowywa\u0142 b\u0119dzie do podj\u0119cia studi\u00f3w wy\u017cszych m.in. na kierunku prawa i administracji, AWF, zarz\u0105dzaniu zasobami ludzkimi, szko\u0142ach oficerskich lub szko\u0142ach dla s\u0142u\u017cb mundurowych (policja, stra\u017c miejska, stra\u017c po\u017carna, etc.).<\/p>\n<p><em>To miejsce dla os\u00f3b ambitnych, zmotywowanych i otwartych na nowe do\u015bwiadczenia. Klasa wojskowa daje szanse na przygod\u0119 z armi\u0105 r\u00f3wnocze\u015bnie przygotowuj\u0105c ucznia do pracy w s\u0142u\u017cbach mundurowych. Jestem pe\u0142na wiary, \u017ce kierunek ten cieszy\u0142 b\u0119dzie si\u0119 du\u017cym zainteresowaniem w\u015br\u00f3d naszej m\u0142odzie\u017cy<\/em> &#8211; m\u00f3wi Dyrektor ZS w \u0141apanowie Maria Plewa.<\/p>\n<p>W cyklu nauczania przewidziano ceremonia\u0142 wojskowy, wiedz\u0119 nt. struktury polskich si\u0142 zbrojnych, szkolenia bojowe, \u0107wiczenia z terenoznawstwa, wyjazdy do jednostek wojskowych czy elementy samoobrony. M\u0142odzie\u017c uczestniczy\u0107 b\u0119dzie r\u00f3wnie\u017c  w uroczysto\u015bciach o charakterze patriotycznym organizowanych przez NIL.<\/p>\n<p>Przypomnijmy, \u017ce klasa ta opr\u00f3cz przedmiot\u00f3w specjalistycznych, b\u0119dzie r\u00f3wnie\u017c realizowa\u0142a program rozszerzony z j\u0119zyka angielskiego, niemieckiego i historii, gdy\u017c przedmioty te punktowane s\u0105 w procesie rekrutacji, np. na studia wojskowe.<\/p>\n<p>Absolwent klasy o tym profilu opanuje wiedz\u0119 i umiej\u0119tno\u015bci z zakresu udzielania pierwszej pomocy przedmedycznej, wiedz\u0119 i umiej\u0119tno\u015bci strzeleckie, analityczne dowodzenie zespo\u0142em jak r\u00f3wnie\u017c sprawno\u015b\u0107 fizyczn\u0105 w pokonywanie toru przeszk\u00f3d.<\/p>\n<p><em>Od   kilku lat obserwuje si\u0119 zainteresowanie kierunkami o profilach wojskowych st\u0105d te\u017c pomys\u0142 z utworzeniem takiej klasy. Odpowiadamy na zapotrzebowanie mieszka\u0144c\u00f3w naszego regionu r\u00f3wnocze\u015bnie stwarzaj\u0105c w ten spos\u00f3b szans\u0119 na rozw\u00f3j edukacyjny na terenie naszego powiatu. \u0141apanowskie LO jako jedyne w okolicy b\u0119dzie prekursorem takiego kierunku<\/em> &#8211; m\u00f3wi starosta boche\u0144ski Jacek Paj\u0105k.<\/p>\n<p>Jednostka Wojskowa NIL, z kt\u00f3r\u0105 podpisano porozumienie, powsta\u0142a 2 grudnia 2008 roku jako Jednostka Wsparcia Dowodzenia i Zabezpieczenia Wojsk Specjalnych. Jej zasadniczym zadaniem jest realizacja zada\u0144 wsparcia informacyjnego, dowodzenia i zabezpieczenia logistycznego operacji specjalnych prowadzonych przez Wojska Specjalne w kraju oraz poza jego granicami, w uk\u0142adzie narodowym i sojuszniczym.<\/p>\n<p>Zasadnicze obszary dzia\u0142alno\u015bci Jednostki Wojskowej NIL:<br \/>\n&#8211; organizowanie i realizowanie przedsi\u0119wzi\u0119\u0107 zwi\u0105zanych z systemem dowodzenia wojsk specjalnych,<br \/>\n&#8211; zabezpieczenie informacyjne operacji specjalnych poprzez wydzielenie element\u00f3w wsparcia dla zadaniowych zespo\u0142\u00f3w bojowych oraz komponent\u00f3w wojsk specjalnych,<br \/>\n&#8211; zabezpieczenie systemu dowodzenia i kierowania komponent\u00f3w wojsk specjalnych w misjach i operacjach realizowanych w ramach kontyngent\u00f3w i zobowi\u0105za\u0144 sojuszniczych,<br \/>\n&#8211; organizowanie systemu zabezpieczenia logistycznego na potrzeby funkcjonowania jednostek wojsk specjalnych oraz realizacji operacji specjalnych,<br \/>\n&#8211; zabezpieczenie finansowe i logistyczne jednostki oraz Dow\u00f3dztwa Wojsk Specjalnych,<br \/>\n&#8211; realizowanie zakup\u00f3w na potrzeby wojsk specjalnych.<\/p>\n","protected":false},"excerpt":{"rendered":"<p>W \u0141apanowie podpisano porozumienie o wsp\u00f3\u0142pracy z Jednostk\u0105 Wojskow\u0105 oraz Zespo\u0142em Szk\u00f3\u0142 im. Jana Paw\u0142a II. Wsp\u00f3lne dzia\u0142ania opiera\u0107 b\u0119d\u0105 si\u0119 na przygotowaniu wojskowo-obronnym dla m\u0142odzie\u017cy z klasy wojskowej Liceum Og\u00f3lnokszta\u0142c\u0105cego, wchodz\u0105cego w sk\u0142ad Zespo\u0142u Szk\u00f3\u0142. JW NIL reprezentowa\u0142 jej dow\u00f3dca p\u0142k Mariusz Skulimowski.<\/p>\n","protected":false},"author":8,"featured_media":0,"comment_status":"open","ping_status":"closed","sticky":false,"template":"","format":"standard","meta":{"_acf_changed":false,"footnotes":""},"categories":[5,6251,6250],"tags":[17136,3729,17821,17249,17502,5719],"class_list":["post-73545","post","type-post","status-publish","format-standard","hentry","category-biezace-wydarzenia","category-polityka-i-wydarzenia","category-tematyka","tag-jacek-pajak","tag-maria-plewa","tag-starostwo","tag-szkola","tag-wojsko","tag-zespol-szkol-im-jana-pawla-ii-w-lapanowie","main_tag-szkola"],"acf":[],"yoast_head":"<!-- This site is optimized with the Yoast SEO plugin v26.9 - https:\/\/yoast.com\/product\/yoast-seo-wordpress\/ -->\n<title>\u0141apan\u00f3w: powstaje klasa wojskowa - mojabochnia.pl - portal informacyjny<\/title>\n<meta name=\"robots\" content=\"index, follow, max-snippet:-1, max-image-preview:large, max-video-preview:-1\" \/>\n<link rel=\"canonical\" href=\"https:\/\/www.mojabochnia.pl\/?p=73545\" \/>\n<meta property=\"og:locale\" content=\"pl_PL\" \/>\n<meta property=\"og:type\" content=\"article\" \/>\n<meta property=\"og:title\" content=\"\u0141apan\u00f3w: powstaje klasa wojskowa - mojabochnia.pl - portal informacyjny\" \/>\n<meta property=\"og:description\" content=\"W \u0141apanowie podpisano porozumienie o wsp\u00f3\u0142pracy z Jednostk\u0105 Wojskow\u0105 oraz Zespo\u0142em Szk\u00f3\u0142 im. Jana Paw\u0142a II. Wsp\u00f3lne dzia\u0142ania opiera\u0107 b\u0119d\u0105 si\u0119 na przygotowaniu wojskowo-obronnym dla m\u0142odzie\u017cy z klasy wojskowej Liceum Og\u00f3lnokszta\u0142c\u0105cego, wchodz\u0105cego w sk\u0142ad Zespo\u0142u Szk\u00f3\u0142. JW NIL reprezentowa\u0142 jej dow\u00f3dca p\u0142k Mariusz Skulimowski.\" \/>\n<meta property=\"og:url\" content=\"https:\/\/www.mojabochnia.pl\/?p=73545\" \/>\n<meta property=\"og:site_name\" content=\"mojabochnia.pl - portal informacyjny\" \/>\n<meta property=\"article:publisher\" content=\"https:\/\/www.facebook.com\/mojabochnia\" \/>\n<meta property=\"article:published_time\" content=\"2012-06-20T09:39:52+00:00\" \/>\n<meta property=\"article:modified_time\" content=\"2012-06-22T12:50:39+00:00\" \/>\n<meta name=\"author\" content=\"informacja prasowa\" \/>\n<meta name=\"twitter:card\" content=\"summary_large_image\" \/>\n<meta name=\"twitter:label1\" content=\"Written by\" \/>\n\t<meta name=\"twitter:data1\" content=\"informacja prasowa\" \/>\n\t<meta name=\"twitter:label2\" content=\"Est. reading time\" \/>\n\t<meta name=\"twitter:data2\" content=\"2 minuty\" \/>\n<script type=\"application\/ld+json\" class=\"yoast-schema-graph\">{\"@context\":\"https:\/\/schema.org\",\"@graph\":[{\"@type\":\"Article\",\"@id\":\"https:\/\/www.mojabochnia.pl\/?p=73545#article\",\"isPartOf\":{\"@id\":\"https:\/\/www.mojabochnia.pl\/?p=73545\"},\"author\":{\"name\":\"informacja prasowa\",\"@id\":\"https:\/\/www.mojabochnia.pl\/#\/schema\/person\/9e15cf1bcb74043790f124a3130fe41e\"},\"headline\":\"\u0141apan\u00f3w: powstaje klasa wojskowa\",\"datePublished\":\"2012-06-20T09:39:52+00:00\",\"dateModified\":\"2012-06-22T12:50:39+00:00\",\"mainEntityOfPage\":{\"@id\":\"https:\/\/www.mojabochnia.pl\/?p=73545\"},\"wordCount\":455,\"commentCount\":0,\"publisher\":{\"@id\":\"https:\/\/www.mojabochnia.pl\/#organization\"},\"keywords\":[\"jacek paj\u0105k\",\"maria plewa\",\"starostwo\",\"szko\u0142a\",\"wojsko\",\"Zesp\u00f3\u0142 Szk\u00f3\u0142  im. Jana Paw\u0142a II w \u0141apanowie\"],\"articleSection\":[\"2_ostatnie\",\"polityka i wydarzenia\",\"tematyka\"],\"inLanguage\":\"pl-PL\",\"potentialAction\":[{\"@type\":\"CommentAction\",\"name\":\"Comment\",\"target\":[\"https:\/\/www.mojabochnia.pl\/?p=73545#respond\"]}]},{\"@type\":\"WebPage\",\"@id\":\"https:\/\/www.mojabochnia.pl\/?p=73545\",\"url\":\"https:\/\/www.mojabochnia.pl\/?p=73545\",\"name\":\"\u0141apan\u00f3w: powstaje klasa wojskowa - mojabochnia.pl - portal informacyjny\",\"isPartOf\":{\"@id\":\"https:\/\/www.mojabochnia.pl\/#website\"},\"datePublished\":\"2012-06-20T09:39:52+00:00\",\"dateModified\":\"2012-06-22T12:50:39+00:00\",\"breadcrumb\":{\"@id\":\"https:\/\/www.mojabochnia.pl\/?p=73545#breadcrumb\"},\"inLanguage\":\"pl-PL\",\"potentialAction\":[{\"@type\":\"ReadAction\",\"target\":[\"https:\/\/www.mojabochnia.pl\/?p=73545\"]}]},{\"@type\":\"BreadcrumbList\",\"@id\":\"https:\/\/www.mojabochnia.pl\/?p=73545#breadcrumb\",\"itemListElement\":[{\"@type\":\"ListItem\",\"position\":1,\"name\":\"Home\",\"item\":\"https:\/\/www.mojabochnia.pl\/\"},{\"@type\":\"ListItem\",\"position\":2,\"name\":\"\u0141apan\u00f3w: powstaje klasa wojskowa\"}]},{\"@type\":\"WebSite\",\"@id\":\"https:\/\/www.mojabochnia.pl\/#website\",\"url\":\"https:\/\/www.mojabochnia.pl\/\",\"name\":\"mojabochnia.pl - portal informacyjny\",\"description\":\"mojaBochnia to portal informacyjny o Bochni. Codziennie o Bochni piszemy i pokazujemy najwa\u017cniejsze wydarzenia\",\"publisher\":{\"@id\":\"https:\/\/www.mojabochnia.pl\/#organization\"},\"potentialAction\":[{\"@type\":\"SearchAction\",\"target\":{\"@type\":\"EntryPoint\",\"urlTemplate\":\"https:\/\/www.mojabochnia.pl\/?s={search_term_string}\"},\"query-input\":{\"@type\":\"PropertyValueSpecification\",\"valueRequired\":true,\"valueName\":\"search_term_string\"}}],\"inLanguage\":\"pl-PL\"},{\"@type\":\"Organization\",\"@id\":\"https:\/\/www.mojabochnia.pl\/#organization\",\"name\":\"mojabochnia.pl - portal informacyjny\",\"url\":\"https:\/\/www.mojabochnia.pl\/\",\"logo\":{\"@type\":\"ImageObject\",\"inLanguage\":\"pl-PL\",\"@id\":\"https:\/\/www.mojabochnia.pl\/#\/schema\/logo\/image\/\",\"url\":\"https:\/\/www.mojabochnia.pl\/wp-content\/uploads\/2017\/08\/logo-mb-opt.png\",\"contentUrl\":\"https:\/\/www.mojabochnia.pl\/wp-content\/uploads\/2017\/08\/logo-mb-opt.png\",\"width\":250,\"height\":48,\"caption\":\"mojabochnia.pl - portal informacyjny\"},\"image\":{\"@id\":\"https:\/\/www.mojabochnia.pl\/#\/schema\/logo\/image\/\"},\"sameAs\":[\"https:\/\/www.facebook.com\/mojabochnia\"]},{\"@type\":\"Person\",\"@id\":\"https:\/\/www.mojabochnia.pl\/#\/schema\/person\/9e15cf1bcb74043790f124a3130fe41e\",\"name\":\"informacja prasowa\",\"sameAs\":[\"http:\/\/\"],\"url\":\"https:\/\/www.mojabochnia.pl\/?author=8\"}]}<\/script>\n<!-- \/ Yoast SEO plugin. -->","yoast_head_json":{"title":"\u0141apan\u00f3w: powstaje klasa wojskowa - mojabochnia.pl - portal informacyjny","robots":{"index":"index","follow":"follow","max-snippet":"max-snippet:-1","max-image-preview":"max-image-preview:large","max-video-preview":"max-video-preview:-1"},"canonical":"https:\/\/www.mojabochnia.pl\/?p=73545","og_locale":"pl_PL","og_type":"article","og_title":"\u0141apan\u00f3w: powstaje klasa wojskowa - mojabochnia.pl - portal informacyjny","og_description":"W \u0141apanowie podpisano porozumienie o wsp\u00f3\u0142pracy z Jednostk\u0105 Wojskow\u0105 oraz Zespo\u0142em Szk\u00f3\u0142 im. Jana Paw\u0142a II. Wsp\u00f3lne dzia\u0142ania opiera\u0107 b\u0119d\u0105 si\u0119 na przygotowaniu wojskowo-obronnym dla m\u0142odzie\u017cy z klasy wojskowej Liceum Og\u00f3lnokszta\u0142c\u0105cego, wchodz\u0105cego w sk\u0142ad Zespo\u0142u Szk\u00f3\u0142. JW NIL reprezentowa\u0142 jej dow\u00f3dca p\u0142k Mariusz Skulimowski.","og_url":"https:\/\/www.mojabochnia.pl\/?p=73545","og_site_name":"mojabochnia.pl - portal informacyjny","article_publisher":"https:\/\/www.facebook.com\/mojabochnia","article_published_time":"2012-06-20T09:39:52+00:00","article_modified_time":"2012-06-22T12:50:39+00:00","author":"informacja prasowa","twitter_card":"summary_large_image","twitter_misc":{"Written by":"informacja prasowa","Est. reading time":"2 minuty"},"schema":{"@context":"https:\/\/schema.org","@graph":[{"@type":"Article","@id":"https:\/\/www.mojabochnia.pl\/?p=73545#article","isPartOf":{"@id":"https:\/\/www.mojabochnia.pl\/?p=73545"},"author":{"name":"informacja prasowa","@id":"https:\/\/www.mojabochnia.pl\/#\/schema\/person\/9e15cf1bcb74043790f124a3130fe41e"},"headline":"\u0141apan\u00f3w: powstaje klasa wojskowa","datePublished":"2012-06-20T09:39:52+00:00","dateModified":"2012-06-22T12:50:39+00:00","mainEntityOfPage":{"@id":"https:\/\/www.mojabochnia.pl\/?p=73545"},"wordCount":455,"commentCount":0,"publisher":{"@id":"https:\/\/www.mojabochnia.pl\/#organization"},"keywords":["jacek paj\u0105k","maria plewa","starostwo","szko\u0142a","wojsko","Zesp\u00f3\u0142 Szk\u00f3\u0142  im. Jana Paw\u0142a II w \u0141apanowie"],"articleSection":["2_ostatnie","polityka i wydarzenia","tematyka"],"inLanguage":"pl-PL","potentialAction":[{"@type":"CommentAction","name":"Comment","target":["https:\/\/www.mojabochnia.pl\/?p=73545#respond"]}]},{"@type":"WebPage","@id":"https:\/\/www.mojabochnia.pl\/?p=73545","url":"https:\/\/www.mojabochnia.pl\/?p=73545","name":"\u0141apan\u00f3w: powstaje klasa wojskowa - mojabochnia.pl - portal informacyjny","isPartOf":{"@id":"https:\/\/www.mojabochnia.pl\/#website"},"datePublished":"2012-06-20T09:39:52+00:00","dateModified":"2012-06-22T12:50:39+00:00","breadcrumb":{"@id":"https:\/\/www.mojabochnia.pl\/?p=73545#breadcrumb"},"inLanguage":"pl-PL","potentialAction":[{"@type":"ReadAction","target":["https:\/\/www.mojabochnia.pl\/?p=73545"]}]},{"@type":"BreadcrumbList","@id":"https:\/\/www.mojabochnia.pl\/?p=73545#breadcrumb","itemListElement":[{"@type":"ListItem","position":1,"name":"Home","item":"https:\/\/www.mojabochnia.pl\/"},{"@type":"ListItem","position":2,"name":"\u0141apan\u00f3w: powstaje klasa wojskowa"}]},{"@type":"WebSite","@id":"https:\/\/www.mojabochnia.pl\/#website","url":"https:\/\/www.mojabochnia.pl\/","name":"mojabochnia.pl - portal informacyjny","description":"mojaBochnia to portal informacyjny o Bochni. Codziennie o Bochni piszemy i pokazujemy najwa\u017cniejsze wydarzenia","publisher":{"@id":"https:\/\/www.mojabochnia.pl\/#organization"},"potentialAction":[{"@type":"SearchAction","target":{"@type":"EntryPoint","urlTemplate":"https:\/\/www.mojabochnia.pl\/?s={search_term_string}"},"query-input":{"@type":"PropertyValueSpecification","valueRequired":true,"valueName":"search_term_string"}}],"inLanguage":"pl-PL"},{"@type":"Organization","@id":"https:\/\/www.mojabochnia.pl\/#organization","name":"mojabochnia.pl - portal informacyjny","url":"https:\/\/www.mojabochnia.pl\/","logo":{"@type":"ImageObject","inLanguage":"pl-PL","@id":"https:\/\/www.mojabochnia.pl\/#\/schema\/logo\/image\/","url":"https:\/\/www.mojabochnia.pl\/wp-content\/uploads\/2017\/08\/logo-mb-opt.png","contentUrl":"https:\/\/www.mojabochnia.pl\/wp-content\/uploads\/2017\/08\/logo-mb-opt.png","width":250,"height":48,"caption":"mojabochnia.pl - portal informacyjny"},"image":{"@id":"https:\/\/www.mojabochnia.pl\/#\/schema\/logo\/image\/"},"sameAs":["https:\/\/www.facebook.com\/mojabochnia"]},{"@type":"Person","@id":"https:\/\/www.mojabochnia.pl\/#\/schema\/person\/9e15cf1bcb74043790f124a3130fe41e","name":"informacja prasowa","sameAs":["http:\/\/"],"url":"https:\/\/www.mojabochnia.pl\/?author=8"}]}},"_links":{"self":[{"href":"https:\/\/www.mojabochnia.pl\/index.php?rest_route=\/wp\/v2\/posts\/73545","targetHints":{"allow":["GET"]}}],"collection":[{"href":"https:\/\/www.mojabochnia.pl\/index.php?rest_route=\/wp\/v2\/posts"}],"about":[{"href":"https:\/\/www.mojabochnia.pl\/index.php?rest_route=\/wp\/v2\/types\/post"}],"author":[{"embeddable":true,"href":"https:\/\/www.mojabochnia.pl\/index.php?rest_route=\/wp\/v2\/users\/8"}],"replies":[{"embeddable":true,"href":"https:\/\/www.mojabochnia.pl\/index.php?rest_route=%2Fwp%2Fv2%2Fcomments&post=73545"}],"version-history":[{"count":5,"href":"https:\/\/www.mojabochnia.pl\/index.php?rest_route=\/wp\/v2\/posts\/73545\/revisions"}],"predecessor-version":[{"id":73674,"href":"https:\/\/www.mojabochnia.pl\/index.php?rest_route=\/wp\/v2\/posts\/73545\/revisions\/73674"}],"wp:attachment":[{"href":"https:\/\/www.mojabochnia.pl\/index.php?rest_route=%2Fwp%2Fv2%2Fmedia&parent=73545"}],"wp:term":[{"taxonomy":"category","embeddable":true,"href":"https:\/\/www.mojabochnia.pl\/index.php?rest_route=%2Fwp%2Fv2%2Fcategories&post=73545"},{"taxonomy":"post_tag","embeddable":true,"href":"https:\/\/www.mojabochnia.pl\/index.php?rest_route=%2Fwp%2Fv2%2Ftags&post=73545"}],"curies":[{"name":"wp","href":"https:\/\/api.w.org\/{rel}","templated":true}]}}