{"id":73376,"date":"2012-06-15T09:40:58","date_gmt":"2012-06-15T07:40:58","guid":{"rendered":"http:\/\/www.mojabochnia.pl\/?p=73376"},"modified":"2012-06-15T09:41:16","modified_gmt":"2012-06-15T07:41:16","slug":"gm-bochnia-wyplaty-nadgodzin-nauczycieli-z-opoznieniem","status":"publish","type":"post","link":"https:\/\/www.mojabochnia.pl\/?p=73376","title":{"rendered":"Gm. Bochnia: wyp\u0142aty za nadgodziny nauczycieli z op\u00f3\u017anieniem"},"content":{"rendered":"<p>Jak uda\u0142o nam si\u0119 ustali\u0107, nauczyciele s\u0105 proszeni przez dyrektor\u00f3w o podpisywanie ugody dotycz\u0105cej wyp\u0142aty za nadgodziny w danym miesi\u0105cu z op\u00f3\u017anieniem. Niekt\u00f3re osoby podpisywa\u0142y taki dokument dwa lub wi\u0119cej razy. <em>Jest to tzw. dobrowolny przymus, po prostu jest to dobrze widziane. Byli nauczyciele ze zwi\u0105zk\u00f3w zawodowych, kt\u00f3rzy na podpisanie ugody si\u0119 nie zgodzili<\/em> \u2013 m\u00f3wi jedna z nauczyciele w gm. Bochnia. Wed\u0142ug jej s\u0142\u00f3w, w ostatnim miesi\u0105cu w jej szkole ugody nie by\u0142y ju\u017c podpisywane.<\/p>\n<p><em>Ugody s\u0105 form\u0105 zdroworozs\u0105dkowego wyj\u015bcia z trudnej sytuacji finansowej. Jak pa\u0144stwo wiedz\u0105, zosta\u0142a obci\u0119ta prawie wszystkim samorz\u0105dom subwencja o\u015bwiatowa, z drugiej strony gmina Bochnia nie zamkn\u0119\u0142a ani jednej szko\u0142y<\/em> \u2013 wyja\u015bnia w\u00f3jt Jerzy Lysy. <\/p>\n<p>Podkre\u015bla, \u017ce podpisywane ugody nie oznaczaj\u0105 zaniechania wyp\u0142at, a jedynie ich op\u00f3\u017anienie. <em>W szpitalu jaki\u015b czas temu kilkaset os\u00f3b podpisywa\u0142o deklaracje, \u017ce rezygnuj\u0105 z cz\u0119\u015bci swojego wynagrodzenia. I jako\u015b wszyscy przyj\u0119li to do wiadomo\u015bci, bo sprawa by\u0142a powa\u017cna i dzi\u0119ki temu szpital prze\u017cy\u0142. U nas nie jest to zaniechanie tylko przesuni\u0119cie w terminie raptem o miesi\u0105c. Dawniej by\u0142a taka zasada, \u017ce kalendarzowy miesi\u0105c by\u0142 niedoko\u0144czony, kiedy wyp\u0142acali\u015bmy nadgodziny ju\u017c do ko\u0144ca miesi\u0105ca nie b\u0119d\u0105c Duchem \u015awi\u0119tym i nie wiedz\u0105c, ile kto b\u0119dzie przez te 3-4 dni tego danego miesi\u0105ca pracowa\u0142<\/em>.<\/p>\n<p>Wed\u0142ug w\u00f3jta zdecydowana wi\u0119kszo\u015b\u0107 nauczycieli przyj\u0119\u0142a sytuacj\u0119 ze zrozumieniem.<em> Jest kilka os\u00f3b, kt\u00f3re z tego powodu chcia\u0142yby zrobi\u0107 jak\u0105\u015b afer\u0119. Prosz\u0119 na to nie liczy\u0107, bo wszyscy, a szczeg\u00f3lnie spo\u0142ecze\u0144stwo, kt\u00f3re obserwuje dzia\u0142ania naszego samorz\u0105du, widzi \u017ce pieni\u0105dze nie s\u0105 marnotrawione, tylko staramy si\u0119 rozwi\u0105za\u0107 problem wynikaj\u0105cy z nadmiernej chyba sieci szkolnej<\/em>.<\/p>\n<p>Jerzy Lysy dodaje, \u017ce gmina prowadzi te\u017c w szko\u0142ach wiele zaj\u0119\u0107, wykraczaj\u0105cych poza ministerialny normatyw. <em>Z jednej strony wszyscy chcieliby mie\u0107 szko\u0142\u0119 z poszerzonym programem, nauczyciele chcieliby mie\u0107 prac\u0119, a z drugiej strony nie mo\u017cna niestety zrealizowa\u0107 wszystkich p\u0142atno\u015bci tak, jak realizowali\u015bmy to do tej pory. Do\u015b\u0107 powiedzie\u0107, \u017ce pewne kwoty finansowe dla gminy przychodz\u0105 teraz z du\u017cym p\u00f3\u017anieniem<\/em>. <\/p>\n","protected":false},"excerpt":{"rendered":"<p>Nauczyciele z gminy Bochnia dostaj\u0105 wyp\u0142at\u0119 za nadgodziny z op\u00f3\u017anieniem (nie dotyczy to podstawowej pensji, kt\u00f3r\u0105 dostaj\u0105 na czas). Pedagodzy s\u0105 zach\u0119cani do podpisywania ugody, w kt\u00f3rej zrzekaj\u0105 si\u0119 prawa do odsetek.<\/p>\n","protected":false},"author":4,"featured_media":0,"comment_status":"open","ping_status":"closed","sticky":true,"template":"","format":"standard","meta":{"_acf_changed":false,"footnotes":""},"categories":[5,6251,6250],"tags":[17225,17215,11079,17375,11080,17598],"class_list":["post-73376","post","type-post","status-publish","format-standard","hentry","category-biezace-wydarzenia","category-polityka-i-wydarzenia","category-tematyka","tag-gmina-bochnia","tag-jerzy-lysy","tag-nadgodziny","tag-nauczyciele","tag-odsetki","tag-pensja","main_tag-gmina-bochnia"],"acf":[],"yoast_head":"<!-- This site is optimized with the Yoast SEO plugin v26.9 - https:\/\/yoast.com\/product\/yoast-seo-wordpress\/ -->\n<title>Gm. Bochnia: wyp\u0142aty za nadgodziny nauczycieli z op\u00f3\u017anieniem - mojabochnia.pl - portal informacyjny<\/title>\n<meta name=\"robots\" content=\"index, follow, max-snippet:-1, max-image-preview:large, max-video-preview:-1\" \/>\n<link rel=\"canonical\" href=\"https:\/\/www.mojabochnia.pl\/?p=73376\" \/>\n<meta property=\"og:locale\" content=\"pl_PL\" \/>\n<meta property=\"og:type\" content=\"article\" \/>\n<meta property=\"og:title\" content=\"Gm. Bochnia: wyp\u0142aty za nadgodziny nauczycieli z op\u00f3\u017anieniem - mojabochnia.pl - portal informacyjny\" \/>\n<meta property=\"og:description\" content=\"Nauczyciele z gminy Bochnia dostaj\u0105 wyp\u0142at\u0119 za nadgodziny z op\u00f3\u017anieniem (nie dotyczy to podstawowej pensji, kt\u00f3r\u0105 dostaj\u0105 na czas). Pedagodzy s\u0105 zach\u0119cani do podpisywania ugody, w kt\u00f3rej zrzekaj\u0105 si\u0119 prawa do odsetek.\" \/>\n<meta property=\"og:url\" content=\"https:\/\/www.mojabochnia.pl\/?p=73376\" \/>\n<meta property=\"og:site_name\" content=\"mojabochnia.pl - portal informacyjny\" \/>\n<meta property=\"article:publisher\" content=\"https:\/\/www.facebook.com\/mojabochnia\" \/>\n<meta property=\"article:published_time\" content=\"2012-06-15T07:40:58+00:00\" \/>\n<meta property=\"article:modified_time\" content=\"2012-06-15T07:41:16+00:00\" \/>\n<meta name=\"author\" content=\"Pawe\u0142 Michalczyk\" \/>\n<meta name=\"twitter:card\" content=\"summary_large_image\" \/>\n<meta name=\"twitter:label1\" content=\"Written by\" \/>\n\t<meta name=\"twitter:data1\" content=\"Pawe\u0142 Michalczyk\" \/>\n\t<meta name=\"twitter:label2\" content=\"Est. reading time\" \/>\n\t<meta name=\"twitter:data2\" content=\"2 minuty\" \/>\n<script type=\"application\/ld+json\" class=\"yoast-schema-graph\">{\"@context\":\"https:\/\/schema.org\",\"@graph\":[{\"@type\":\"Article\",\"@id\":\"https:\/\/www.mojabochnia.pl\/?p=73376#article\",\"isPartOf\":{\"@id\":\"https:\/\/www.mojabochnia.pl\/?p=73376\"},\"author\":{\"name\":\"Pawe\u0142 Michalczyk\",\"@id\":\"https:\/\/www.mojabochnia.pl\/#\/schema\/person\/ea042e4724a77627963f02166828ead4\"},\"headline\":\"Gm. Bochnia: wyp\u0142aty za nadgodziny nauczycieli z op\u00f3\u017anieniem\",\"datePublished\":\"2012-06-15T07:40:58+00:00\",\"dateModified\":\"2012-06-15T07:41:16+00:00\",\"mainEntityOfPage\":{\"@id\":\"https:\/\/www.mojabochnia.pl\/?p=73376\"},\"wordCount\":398,\"commentCount\":0,\"publisher\":{\"@id\":\"https:\/\/www.mojabochnia.pl\/#organization\"},\"keywords\":[\"gmina bochnia\",\"jerzy lysy\",\"nadgodziny\",\"nauczyciele\",\"odsetki\",\"pensja\"],\"articleSection\":[\"2_ostatnie\",\"polityka i wydarzenia\",\"tematyka\"],\"inLanguage\":\"pl-PL\",\"potentialAction\":[{\"@type\":\"CommentAction\",\"name\":\"Comment\",\"target\":[\"https:\/\/www.mojabochnia.pl\/?p=73376#respond\"]}]},{\"@type\":\"WebPage\",\"@id\":\"https:\/\/www.mojabochnia.pl\/?p=73376\",\"url\":\"https:\/\/www.mojabochnia.pl\/?p=73376\",\"name\":\"Gm. Bochnia: wyp\u0142aty za nadgodziny nauczycieli z op\u00f3\u017anieniem - mojabochnia.pl - portal informacyjny\",\"isPartOf\":{\"@id\":\"https:\/\/www.mojabochnia.pl\/#website\"},\"datePublished\":\"2012-06-15T07:40:58+00:00\",\"dateModified\":\"2012-06-15T07:41:16+00:00\",\"breadcrumb\":{\"@id\":\"https:\/\/www.mojabochnia.pl\/?p=73376#breadcrumb\"},\"inLanguage\":\"pl-PL\",\"potentialAction\":[{\"@type\":\"ReadAction\",\"target\":[\"https:\/\/www.mojabochnia.pl\/?p=73376\"]}]},{\"@type\":\"BreadcrumbList\",\"@id\":\"https:\/\/www.mojabochnia.pl\/?p=73376#breadcrumb\",\"itemListElement\":[{\"@type\":\"ListItem\",\"position\":1,\"name\":\"Home\",\"item\":\"https:\/\/www.mojabochnia.pl\/\"},{\"@type\":\"ListItem\",\"position\":2,\"name\":\"Gm. Bochnia: wyp\u0142aty za nadgodziny nauczycieli z op\u00f3\u017anieniem\"}]},{\"@type\":\"WebSite\",\"@id\":\"https:\/\/www.mojabochnia.pl\/#website\",\"url\":\"https:\/\/www.mojabochnia.pl\/\",\"name\":\"mojabochnia.pl - portal informacyjny\",\"description\":\"mojaBochnia to portal informacyjny o Bochni. Codziennie o Bochni piszemy i pokazujemy najwa\u017cniejsze wydarzenia\",\"publisher\":{\"@id\":\"https:\/\/www.mojabochnia.pl\/#organization\"},\"potentialAction\":[{\"@type\":\"SearchAction\",\"target\":{\"@type\":\"EntryPoint\",\"urlTemplate\":\"https:\/\/www.mojabochnia.pl\/?s={search_term_string}\"},\"query-input\":{\"@type\":\"PropertyValueSpecification\",\"valueRequired\":true,\"valueName\":\"search_term_string\"}}],\"inLanguage\":\"pl-PL\"},{\"@type\":\"Organization\",\"@id\":\"https:\/\/www.mojabochnia.pl\/#organization\",\"name\":\"mojabochnia.pl - portal informacyjny\",\"url\":\"https:\/\/www.mojabochnia.pl\/\",\"logo\":{\"@type\":\"ImageObject\",\"inLanguage\":\"pl-PL\",\"@id\":\"https:\/\/www.mojabochnia.pl\/#\/schema\/logo\/image\/\",\"url\":\"https:\/\/www.mojabochnia.pl\/wp-content\/uploads\/2017\/08\/logo-mb-opt.png\",\"contentUrl\":\"https:\/\/www.mojabochnia.pl\/wp-content\/uploads\/2017\/08\/logo-mb-opt.png\",\"width\":250,\"height\":48,\"caption\":\"mojabochnia.pl - portal informacyjny\"},\"image\":{\"@id\":\"https:\/\/www.mojabochnia.pl\/#\/schema\/logo\/image\/\"},\"sameAs\":[\"https:\/\/www.facebook.com\/mojabochnia\"]},{\"@type\":\"Person\",\"@id\":\"https:\/\/www.mojabochnia.pl\/#\/schema\/person\/ea042e4724a77627963f02166828ead4\",\"name\":\"Pawe\u0142 Michalczyk\",\"url\":\"https:\/\/www.mojabochnia.pl\/?author=4\"}]}<\/script>\n<!-- \/ Yoast SEO plugin. -->","yoast_head_json":{"title":"Gm. Bochnia: wyp\u0142aty za nadgodziny nauczycieli z op\u00f3\u017anieniem - mojabochnia.pl - portal informacyjny","robots":{"index":"index","follow":"follow","max-snippet":"max-snippet:-1","max-image-preview":"max-image-preview:large","max-video-preview":"max-video-preview:-1"},"canonical":"https:\/\/www.mojabochnia.pl\/?p=73376","og_locale":"pl_PL","og_type":"article","og_title":"Gm. Bochnia: wyp\u0142aty za nadgodziny nauczycieli z op\u00f3\u017anieniem - mojabochnia.pl - portal informacyjny","og_description":"Nauczyciele z gminy Bochnia dostaj\u0105 wyp\u0142at\u0119 za nadgodziny z op\u00f3\u017anieniem (nie dotyczy to podstawowej pensji, kt\u00f3r\u0105 dostaj\u0105 na czas). Pedagodzy s\u0105 zach\u0119cani do podpisywania ugody, w kt\u00f3rej zrzekaj\u0105 si\u0119 prawa do odsetek.","og_url":"https:\/\/www.mojabochnia.pl\/?p=73376","og_site_name":"mojabochnia.pl - portal informacyjny","article_publisher":"https:\/\/www.facebook.com\/mojabochnia","article_published_time":"2012-06-15T07:40:58+00:00","article_modified_time":"2012-06-15T07:41:16+00:00","author":"Pawe\u0142 Michalczyk","twitter_card":"summary_large_image","twitter_misc":{"Written by":"Pawe\u0142 Michalczyk","Est. reading time":"2 minuty"},"schema":{"@context":"https:\/\/schema.org","@graph":[{"@type":"Article","@id":"https:\/\/www.mojabochnia.pl\/?p=73376#article","isPartOf":{"@id":"https:\/\/www.mojabochnia.pl\/?p=73376"},"author":{"name":"Pawe\u0142 Michalczyk","@id":"https:\/\/www.mojabochnia.pl\/#\/schema\/person\/ea042e4724a77627963f02166828ead4"},"headline":"Gm. Bochnia: wyp\u0142aty za nadgodziny nauczycieli z op\u00f3\u017anieniem","datePublished":"2012-06-15T07:40:58+00:00","dateModified":"2012-06-15T07:41:16+00:00","mainEntityOfPage":{"@id":"https:\/\/www.mojabochnia.pl\/?p=73376"},"wordCount":398,"commentCount":0,"publisher":{"@id":"https:\/\/www.mojabochnia.pl\/#organization"},"keywords":["gmina bochnia","jerzy lysy","nadgodziny","nauczyciele","odsetki","pensja"],"articleSection":["2_ostatnie","polityka i wydarzenia","tematyka"],"inLanguage":"pl-PL","potentialAction":[{"@type":"CommentAction","name":"Comment","target":["https:\/\/www.mojabochnia.pl\/?p=73376#respond"]}]},{"@type":"WebPage","@id":"https:\/\/www.mojabochnia.pl\/?p=73376","url":"https:\/\/www.mojabochnia.pl\/?p=73376","name":"Gm. Bochnia: wyp\u0142aty za nadgodziny nauczycieli z op\u00f3\u017anieniem - mojabochnia.pl - portal informacyjny","isPartOf":{"@id":"https:\/\/www.mojabochnia.pl\/#website"},"datePublished":"2012-06-15T07:40:58+00:00","dateModified":"2012-06-15T07:41:16+00:00","breadcrumb":{"@id":"https:\/\/www.mojabochnia.pl\/?p=73376#breadcrumb"},"inLanguage":"pl-PL","potentialAction":[{"@type":"ReadAction","target":["https:\/\/www.mojabochnia.pl\/?p=73376"]}]},{"@type":"BreadcrumbList","@id":"https:\/\/www.mojabochnia.pl\/?p=73376#breadcrumb","itemListElement":[{"@type":"ListItem","position":1,"name":"Home","item":"https:\/\/www.mojabochnia.pl\/"},{"@type":"ListItem","position":2,"name":"Gm. Bochnia: wyp\u0142aty za nadgodziny nauczycieli z op\u00f3\u017anieniem"}]},{"@type":"WebSite","@id":"https:\/\/www.mojabochnia.pl\/#website","url":"https:\/\/www.mojabochnia.pl\/","name":"mojabochnia.pl - portal informacyjny","description":"mojaBochnia to portal informacyjny o Bochni. Codziennie o Bochni piszemy i pokazujemy najwa\u017cniejsze wydarzenia","publisher":{"@id":"https:\/\/www.mojabochnia.pl\/#organization"},"potentialAction":[{"@type":"SearchAction","target":{"@type":"EntryPoint","urlTemplate":"https:\/\/www.mojabochnia.pl\/?s={search_term_string}"},"query-input":{"@type":"PropertyValueSpecification","valueRequired":true,"valueName":"search_term_string"}}],"inLanguage":"pl-PL"},{"@type":"Organization","@id":"https:\/\/www.mojabochnia.pl\/#organization","name":"mojabochnia.pl - portal informacyjny","url":"https:\/\/www.mojabochnia.pl\/","logo":{"@type":"ImageObject","inLanguage":"pl-PL","@id":"https:\/\/www.mojabochnia.pl\/#\/schema\/logo\/image\/","url":"https:\/\/www.mojabochnia.pl\/wp-content\/uploads\/2017\/08\/logo-mb-opt.png","contentUrl":"https:\/\/www.mojabochnia.pl\/wp-content\/uploads\/2017\/08\/logo-mb-opt.png","width":250,"height":48,"caption":"mojabochnia.pl - portal informacyjny"},"image":{"@id":"https:\/\/www.mojabochnia.pl\/#\/schema\/logo\/image\/"},"sameAs":["https:\/\/www.facebook.com\/mojabochnia"]},{"@type":"Person","@id":"https:\/\/www.mojabochnia.pl\/#\/schema\/person\/ea042e4724a77627963f02166828ead4","name":"Pawe\u0142 Michalczyk","url":"https:\/\/www.mojabochnia.pl\/?author=4"}]}},"_links":{"self":[{"href":"https:\/\/www.mojabochnia.pl\/index.php?rest_route=\/wp\/v2\/posts\/73376","targetHints":{"allow":["GET"]}}],"collection":[{"href":"https:\/\/www.mojabochnia.pl\/index.php?rest_route=\/wp\/v2\/posts"}],"about":[{"href":"https:\/\/www.mojabochnia.pl\/index.php?rest_route=\/wp\/v2\/types\/post"}],"author":[{"embeddable":true,"href":"https:\/\/www.mojabochnia.pl\/index.php?rest_route=\/wp\/v2\/users\/4"}],"replies":[{"embeddable":true,"href":"https:\/\/www.mojabochnia.pl\/index.php?rest_route=%2Fwp%2Fv2%2Fcomments&post=73376"}],"version-history":[{"count":4,"href":"https:\/\/www.mojabochnia.pl\/index.php?rest_route=\/wp\/v2\/posts\/73376\/revisions"}],"predecessor-version":[{"id":73380,"href":"https:\/\/www.mojabochnia.pl\/index.php?rest_route=\/wp\/v2\/posts\/73376\/revisions\/73380"}],"wp:attachment":[{"href":"https:\/\/www.mojabochnia.pl\/index.php?rest_route=%2Fwp%2Fv2%2Fmedia&parent=73376"}],"wp:term":[{"taxonomy":"category","embeddable":true,"href":"https:\/\/www.mojabochnia.pl\/index.php?rest_route=%2Fwp%2Fv2%2Fcategories&post=73376"},{"taxonomy":"post_tag","embeddable":true,"href":"https:\/\/www.mojabochnia.pl\/index.php?rest_route=%2Fwp%2Fv2%2Ftags&post=73376"}],"curies":[{"name":"wp","href":"https:\/\/api.w.org\/{rel}","templated":true}]}}