{"id":73349,"date":"2012-06-14T07:25:55","date_gmt":"2012-06-14T05:25:55","guid":{"rendered":"http:\/\/www.mojabochnia.pl\/?p=73349"},"modified":"2012-06-14T11:52:19","modified_gmt":"2012-06-14T09:52:19","slug":"damienice-most-wiszacy-uroczyscie-otwarty","status":"publish","type":"post","link":"https:\/\/www.mojabochnia.pl\/?p=73349","title":{"rendered":"Damienice: most wisz\u0105cy uroczy\u015bcie otwarty"},"content":{"rendered":"<p>Modernizacja obiektu wybudowanego w 1957 roku wykonana zosta\u0142a jesieni\u0105 2011 roku (I etap o warto\u015bci 1 mln 600 tys. z\u0142) oraz wiosn\u0105 bie\u017c\u0105cego roku (II etap o warto\u015bci 400 tys. z\u0142). Ca\u0142\u0105 inwestycj\u0119 przygotowa\u0142 i prowadzi\u0142 samorz\u0105d gminy Bochnia. Prace przebiega\u0142y bardzo sprawnie \u2013 przez wi\u0119kszo\u015b\u0107 okresu rob\u00f3t k\u0142adka by\u0142a czynna dla u\u017cytkownik\u00f3w. Wymieniono wszystkie liny no\u015bne, odnowiono i wzmocniono pylony (podpory po\u015brednie), wymieniono poszycie k\u0142adki oraz zamontowano o\u015bwietlenie obiektu. Projektantem mostu by\u0142 dr in\u017c. arch. Marcin Furtak, inspektorem nadzoru \u2013 in\u017c. Agnieszka Bronowska z UG Bochnia, a wykonawc\u0105 firma \u201eAlbud\u201d z Alwerni.<\/p>\n<p>Most wisz\u0105cy na Rabie jest jedn\u0105 z \u0142adniejszych budowli mostowych w Ma\u0142opolsce. Sk\u0142ada si\u0119 z 3 prz\u0119se\u0142, z kt\u00f3rych \u015brodkowe posiada d\u0142ugo\u015b\u0107 101 metr\u00f3w, a ca\u0142kowita d\u0142ugo\u015b\u0107 mostu wynosi 201 metr\u00f3w. Cz\u0119\u015b\u0107 no\u015bn\u0105 (wisz\u0105c\u0105) tworzy 10 lin stalowych, wspartych na 2 \u017celbetowych pylonach (podporach po\u015brednich) o wysoko\u015bci 18 metr\u00f3w ka\u017cdy. Iluminacj\u0119 mostu stanowi\u0105 4 w\u0105skostrumieniowe reflektory.<\/p>\n<p>Otwarcie mostu dokonali wsp\u00f3lnie burmistrz miasta Bochni \u2013 Stefan Kolawi\u0144ski i w\u00f3jt gminy Bochnia \u2013 Jerzy Lysy, kt\u00f3rzy w swoich wyst\u0105pieniach podkre\u015blili, \u017ce ten most \u0142\u0105czy dos\u0142ownie i w przeno\u015bni. Jest bowiem symbolem wsp\u00f3lnego dzia\u0142ania obu boche\u0144skich samorz\u0105d\u00f3w, kt\u00f3re zgodnie wyst\u0105pi\u0142y o \u015brodki dotacyjne z Ministerstwa Spraw Wewn\u0119trznych i Administracji.<\/p>\n<p>Burmistrz i w\u00f3jt w towarzystwie uroczej pary krakowiak\u00f3w: Kingi Gawlik i Norberta Kmiecika \u2013 uczni\u00f3w szko\u0142y podstawowej w Damienicach przeci\u0119li wst\u0119g\u0119. W g\u00f3r\u0119 polecia\u0142y bia\u0142o-czerwone baloniki, zagra\u0142a boche\u0144ska Orkiestra G\u00f3rnicza, a p\u00f3\u017aniej tu\u017c obok mostu\u2026 wystartowa\u0142y prawdziwe, ogromne, kolorowe balony. By\u0142y to statki powietrzne uczestnicz\u0105ce w XIX Krakowskich Zawodach Balonowych. Go\u015bcie i mieszka\u0144cy obserwowali ten spektakl z damienickich \u0142\u0105k, a tak\u017ce z nowo budowanego mostu.<\/p>\n<p>Uroczysto\u015b\u0107 zako\u0144czy\u0142a si\u0119 spotkaniem samorz\u0105dowym oraz wiejskim festynem, kt\u00f3ry trwa\u0142 a\u017c do bia\u0142ego rana.<\/p>\n\t  \r\n\t\r\n\t    <div class=\"mb-gallery\">\r\n\t    <a href=\"https:\/\/www.mojabochnia.pl\/?attachment_id=73351\" class=\"\"><img loading=\"lazy\" decoding=\"async\" width=\"100\" height=\"56\" src=\"https:\/\/www.mojabochnia.pl\/wp-content\/uploads\/2012\/06\/most_damienice_1-120x67.jpg\" class=\"attachment-100x100 size-100x100\" alt=\"\" srcset=\"https:\/\/www.mojabochnia.pl\/wp-content\/uploads\/2012\/06\/most_damienice_1-120x67.jpg 120w, https:\/\/www.mojabochnia.pl\/wp-content\/uploads\/2012\/06\/most_damienice_1-468x263.jpg 468w, https:\/\/www.mojabochnia.pl\/wp-content\/uploads\/2012\/06\/most_damienice_1-660x371.jpg 660w, https:\/\/www.mojabochnia.pl\/wp-content\/uploads\/2012\/06\/most_damienice_1.jpg 800w\" sizes=\"auto, (max-width: 100px) 100vw, 100px\" \/><\/a><a href=\"https:\/\/www.mojabochnia.pl\/?attachment_id=73352\" class=\"\"><img loading=\"lazy\" decoding=\"async\" width=\"100\" height=\"56\" src=\"https:\/\/www.mojabochnia.pl\/wp-content\/uploads\/2012\/06\/most_damienice_2-120x67.jpg\" class=\"attachment-100x100 size-100x100\" alt=\"\" srcset=\"https:\/\/www.mojabochnia.pl\/wp-content\/uploads\/2012\/06\/most_damienice_2-120x67.jpg 120w, https:\/\/www.mojabochnia.pl\/wp-content\/uploads\/2012\/06\/most_damienice_2-468x263.jpg 468w, https:\/\/www.mojabochnia.pl\/wp-content\/uploads\/2012\/06\/most_damienice_2-660x371.jpg 660w, https:\/\/www.mojabochnia.pl\/wp-content\/uploads\/2012\/06\/most_damienice_2.jpg 800w\" sizes=\"auto, (max-width: 100px) 100vw, 100px\" \/><\/a><a href=\"https:\/\/www.mojabochnia.pl\/?attachment_id=73353\" class=\"\"><img loading=\"lazy\" decoding=\"async\" width=\"100\" height=\"56\" src=\"https:\/\/www.mojabochnia.pl\/wp-content\/uploads\/2012\/06\/most_damienice_3-120x67.jpg\" class=\"attachment-100x100 size-100x100\" alt=\"\" srcset=\"https:\/\/www.mojabochnia.pl\/wp-content\/uploads\/2012\/06\/most_damienice_3-120x67.jpg 120w, https:\/\/www.mojabochnia.pl\/wp-content\/uploads\/2012\/06\/most_damienice_3-468x263.jpg 468w, https:\/\/www.mojabochnia.pl\/wp-content\/uploads\/2012\/06\/most_damienice_3-660x371.jpg 660w, https:\/\/www.mojabochnia.pl\/wp-content\/uploads\/2012\/06\/most_damienice_3.jpg 800w\" sizes=\"auto, (max-width: 100px) 100vw, 100px\" \/><\/a><a href=\"https:\/\/www.mojabochnia.pl\/?attachment_id=73354\" class=\"\"><img loading=\"lazy\" decoding=\"async\" width=\"100\" height=\"56\" src=\"https:\/\/www.mojabochnia.pl\/wp-content\/uploads\/2012\/06\/most_damienice_4-120x67.jpg\" class=\"attachment-100x100 size-100x100\" alt=\"\" srcset=\"https:\/\/www.mojabochnia.pl\/wp-content\/uploads\/2012\/06\/most_damienice_4-120x67.jpg 120w, https:\/\/www.mojabochnia.pl\/wp-content\/uploads\/2012\/06\/most_damienice_4-468x263.jpg 468w, https:\/\/www.mojabochnia.pl\/wp-content\/uploads\/2012\/06\/most_damienice_4-660x371.jpg 660w, https:\/\/www.mojabochnia.pl\/wp-content\/uploads\/2012\/06\/most_damienice_4.jpg 800w\" sizes=\"auto, (max-width: 100px) 100vw, 100px\" \/><\/a><a href=\"https:\/\/www.mojabochnia.pl\/?attachment_id=73355\" class=\"\"><img loading=\"lazy\" decoding=\"async\" width=\"100\" height=\"56\" src=\"https:\/\/www.mojabochnia.pl\/wp-content\/uploads\/2012\/06\/most_damienice_5-120x67.jpg\" class=\"attachment-100x100 size-100x100\" alt=\"\" srcset=\"https:\/\/www.mojabochnia.pl\/wp-content\/uploads\/2012\/06\/most_damienice_5-120x67.jpg 120w, https:\/\/www.mojabochnia.pl\/wp-content\/uploads\/2012\/06\/most_damienice_5-468x263.jpg 468w, https:\/\/www.mojabochnia.pl\/wp-content\/uploads\/2012\/06\/most_damienice_5-660x371.jpg 660w, https:\/\/www.mojabochnia.pl\/wp-content\/uploads\/2012\/06\/most_damienice_5.jpg 800w\" sizes=\"auto, (max-width: 100px) 100vw, 100px\" \/><\/a><a href=\"https:\/\/www.mojabochnia.pl\/?attachment_id=73356\" class=\"\"><img loading=\"lazy\" decoding=\"async\" width=\"100\" height=\"56\" src=\"https:\/\/www.mojabochnia.pl\/wp-content\/uploads\/2012\/06\/most_damienice_6-120x67.jpg\" class=\"attachment-100x100 size-100x100\" alt=\"\" srcset=\"https:\/\/www.mojabochnia.pl\/wp-content\/uploads\/2012\/06\/most_damienice_6-120x67.jpg 120w, https:\/\/www.mojabochnia.pl\/wp-content\/uploads\/2012\/06\/most_damienice_6-468x263.jpg 468w, https:\/\/www.mojabochnia.pl\/wp-content\/uploads\/2012\/06\/most_damienice_6-660x371.jpg 660w, https:\/\/www.mojabochnia.pl\/wp-content\/uploads\/2012\/06\/most_damienice_6.jpg 800w\" sizes=\"auto, (max-width: 100px) 100vw, 100px\" \/><\/a>\t    <\/div>\r\n\t    ","protected":false},"excerpt":{"rendered":"<p>Most wisz\u0105cy w Damienicach zosta\u0142 uroczy\u015bcie otwarty. Mia\u0142o to miejsce podczas XIX edycji Krakowskich Zawod\u00f3w Balonowych., kt\u00f3re startowa\u0142y tu\u017c obok odnowionej k\u0142adki.<\/p>\n","protected":false},"author":8,"featured_media":0,"comment_status":"open","ping_status":"closed","sticky":false,"template":"","format":"standard","meta":{"_acf_changed":false,"footnotes":""},"categories":[5,6247,6246,6251,6250],"tags":[17788,17219,7242,4853,17356,2988],"class_list":["post-73349","post","type-post","status-publish","format-standard","hentry","category-biezace-wydarzenia","category-fotogaleria","category-medium","category-polityka-i-wydarzenia","category-tematyka","tag-balony","tag-damienice","tag-kladka","tag-krakowskie-zawody-balonowe","tag-most","tag-most-wiszacy","main_tag-most"],"acf":[],"yoast_head":"<!-- This site is optimized with the Yoast SEO plugin v26.9 - https:\/\/yoast.com\/product\/yoast-seo-wordpress\/ -->\n<title>Damienice: most wisz\u0105cy uroczy\u015bcie otwarty - mojabochnia.pl - portal informacyjny<\/title>\n<meta name=\"robots\" content=\"index, follow, max-snippet:-1, max-image-preview:large, max-video-preview:-1\" \/>\n<link rel=\"canonical\" href=\"https:\/\/www.mojabochnia.pl\/?p=73349\" \/>\n<meta property=\"og:locale\" content=\"pl_PL\" \/>\n<meta property=\"og:type\" content=\"article\" \/>\n<meta property=\"og:title\" content=\"Damienice: most wisz\u0105cy uroczy\u015bcie otwarty - mojabochnia.pl - portal informacyjny\" \/>\n<meta property=\"og:description\" content=\"Most wisz\u0105cy w Damienicach zosta\u0142 uroczy\u015bcie otwarty. Mia\u0142o to miejsce podczas XIX edycji Krakowskich Zawod\u00f3w Balonowych., kt\u00f3re startowa\u0142y tu\u017c obok odnowionej k\u0142adki.\" \/>\n<meta property=\"og:url\" content=\"https:\/\/www.mojabochnia.pl\/?p=73349\" \/>\n<meta property=\"og:site_name\" content=\"mojabochnia.pl - portal informacyjny\" \/>\n<meta property=\"article:publisher\" content=\"https:\/\/www.facebook.com\/mojabochnia\" \/>\n<meta property=\"article:published_time\" content=\"2012-06-14T05:25:55+00:00\" \/>\n<meta property=\"article:modified_time\" content=\"2012-06-14T09:52:19+00:00\" \/>\n<meta name=\"author\" content=\"informacja prasowa\" \/>\n<meta name=\"twitter:card\" content=\"summary_large_image\" \/>\n<meta name=\"twitter:label1\" content=\"Written by\" \/>\n\t<meta name=\"twitter:data1\" content=\"informacja prasowa\" \/>\n\t<meta name=\"twitter:label2\" content=\"Est. reading time\" \/>\n\t<meta name=\"twitter:data2\" content=\"2 minuty\" \/>\n<script type=\"application\/ld+json\" class=\"yoast-schema-graph\">{\"@context\":\"https:\/\/schema.org\",\"@graph\":[{\"@type\":\"Article\",\"@id\":\"https:\/\/www.mojabochnia.pl\/?p=73349#article\",\"isPartOf\":{\"@id\":\"https:\/\/www.mojabochnia.pl\/?p=73349\"},\"author\":{\"name\":\"informacja prasowa\",\"@id\":\"https:\/\/www.mojabochnia.pl\/#\/schema\/person\/9e15cf1bcb74043790f124a3130fe41e\"},\"headline\":\"Damienice: most wisz\u0105cy uroczy\u015bcie otwarty\",\"datePublished\":\"2012-06-14T05:25:55+00:00\",\"dateModified\":\"2012-06-14T09:52:19+00:00\",\"mainEntityOfPage\":{\"@id\":\"https:\/\/www.mojabochnia.pl\/?p=73349\"},\"wordCount\":342,\"commentCount\":0,\"publisher\":{\"@id\":\"https:\/\/www.mojabochnia.pl\/#organization\"},\"keywords\":[\"balony\",\"damienice\",\"k\u0142adka\",\"krakowskie zawody balonowe\",\"most\",\"most wisz\u0105cy\"],\"articleSection\":[\"2_ostatnie\",\"fotogaleria\",\"Medium\",\"polityka i wydarzenia\",\"tematyka\"],\"inLanguage\":\"pl-PL\",\"potentialAction\":[{\"@type\":\"CommentAction\",\"name\":\"Comment\",\"target\":[\"https:\/\/www.mojabochnia.pl\/?p=73349#respond\"]}]},{\"@type\":\"WebPage\",\"@id\":\"https:\/\/www.mojabochnia.pl\/?p=73349\",\"url\":\"https:\/\/www.mojabochnia.pl\/?p=73349\",\"name\":\"Damienice: most wisz\u0105cy uroczy\u015bcie otwarty - mojabochnia.pl - portal informacyjny\",\"isPartOf\":{\"@id\":\"https:\/\/www.mojabochnia.pl\/#website\"},\"datePublished\":\"2012-06-14T05:25:55+00:00\",\"dateModified\":\"2012-06-14T09:52:19+00:00\",\"breadcrumb\":{\"@id\":\"https:\/\/www.mojabochnia.pl\/?p=73349#breadcrumb\"},\"inLanguage\":\"pl-PL\",\"potentialAction\":[{\"@type\":\"ReadAction\",\"target\":[\"https:\/\/www.mojabochnia.pl\/?p=73349\"]}]},{\"@type\":\"BreadcrumbList\",\"@id\":\"https:\/\/www.mojabochnia.pl\/?p=73349#breadcrumb\",\"itemListElement\":[{\"@type\":\"ListItem\",\"position\":1,\"name\":\"Home\",\"item\":\"https:\/\/www.mojabochnia.pl\/\"},{\"@type\":\"ListItem\",\"position\":2,\"name\":\"Damienice: most wisz\u0105cy uroczy\u015bcie otwarty\"}]},{\"@type\":\"WebSite\",\"@id\":\"https:\/\/www.mojabochnia.pl\/#website\",\"url\":\"https:\/\/www.mojabochnia.pl\/\",\"name\":\"mojabochnia.pl - portal informacyjny\",\"description\":\"mojaBochnia to portal informacyjny o Bochni. Codziennie o Bochni piszemy i pokazujemy najwa\u017cniejsze wydarzenia\",\"publisher\":{\"@id\":\"https:\/\/www.mojabochnia.pl\/#organization\"},\"potentialAction\":[{\"@type\":\"SearchAction\",\"target\":{\"@type\":\"EntryPoint\",\"urlTemplate\":\"https:\/\/www.mojabochnia.pl\/?s={search_term_string}\"},\"query-input\":{\"@type\":\"PropertyValueSpecification\",\"valueRequired\":true,\"valueName\":\"search_term_string\"}}],\"inLanguage\":\"pl-PL\"},{\"@type\":\"Organization\",\"@id\":\"https:\/\/www.mojabochnia.pl\/#organization\",\"name\":\"mojabochnia.pl - portal informacyjny\",\"url\":\"https:\/\/www.mojabochnia.pl\/\",\"logo\":{\"@type\":\"ImageObject\",\"inLanguage\":\"pl-PL\",\"@id\":\"https:\/\/www.mojabochnia.pl\/#\/schema\/logo\/image\/\",\"url\":\"https:\/\/www.mojabochnia.pl\/wp-content\/uploads\/2017\/08\/logo-mb-opt.png\",\"contentUrl\":\"https:\/\/www.mojabochnia.pl\/wp-content\/uploads\/2017\/08\/logo-mb-opt.png\",\"width\":250,\"height\":48,\"caption\":\"mojabochnia.pl - portal informacyjny\"},\"image\":{\"@id\":\"https:\/\/www.mojabochnia.pl\/#\/schema\/logo\/image\/\"},\"sameAs\":[\"https:\/\/www.facebook.com\/mojabochnia\"]},{\"@type\":\"Person\",\"@id\":\"https:\/\/www.mojabochnia.pl\/#\/schema\/person\/9e15cf1bcb74043790f124a3130fe41e\",\"name\":\"informacja prasowa\",\"sameAs\":[\"http:\/\/\"],\"url\":\"https:\/\/www.mojabochnia.pl\/?author=8\"}]}<\/script>\n<!-- \/ Yoast SEO plugin. -->","yoast_head_json":{"title":"Damienice: most wisz\u0105cy uroczy\u015bcie otwarty - mojabochnia.pl - portal informacyjny","robots":{"index":"index","follow":"follow","max-snippet":"max-snippet:-1","max-image-preview":"max-image-preview:large","max-video-preview":"max-video-preview:-1"},"canonical":"https:\/\/www.mojabochnia.pl\/?p=73349","og_locale":"pl_PL","og_type":"article","og_title":"Damienice: most wisz\u0105cy uroczy\u015bcie otwarty - mojabochnia.pl - portal informacyjny","og_description":"Most wisz\u0105cy w Damienicach zosta\u0142 uroczy\u015bcie otwarty. Mia\u0142o to miejsce podczas XIX edycji Krakowskich Zawod\u00f3w Balonowych., kt\u00f3re startowa\u0142y tu\u017c obok odnowionej k\u0142adki.","og_url":"https:\/\/www.mojabochnia.pl\/?p=73349","og_site_name":"mojabochnia.pl - portal informacyjny","article_publisher":"https:\/\/www.facebook.com\/mojabochnia","article_published_time":"2012-06-14T05:25:55+00:00","article_modified_time":"2012-06-14T09:52:19+00:00","author":"informacja prasowa","twitter_card":"summary_large_image","twitter_misc":{"Written by":"informacja prasowa","Est. reading time":"2 minuty"},"schema":{"@context":"https:\/\/schema.org","@graph":[{"@type":"Article","@id":"https:\/\/www.mojabochnia.pl\/?p=73349#article","isPartOf":{"@id":"https:\/\/www.mojabochnia.pl\/?p=73349"},"author":{"name":"informacja prasowa","@id":"https:\/\/www.mojabochnia.pl\/#\/schema\/person\/9e15cf1bcb74043790f124a3130fe41e"},"headline":"Damienice: most wisz\u0105cy uroczy\u015bcie otwarty","datePublished":"2012-06-14T05:25:55+00:00","dateModified":"2012-06-14T09:52:19+00:00","mainEntityOfPage":{"@id":"https:\/\/www.mojabochnia.pl\/?p=73349"},"wordCount":342,"commentCount":0,"publisher":{"@id":"https:\/\/www.mojabochnia.pl\/#organization"},"keywords":["balony","damienice","k\u0142adka","krakowskie zawody balonowe","most","most wisz\u0105cy"],"articleSection":["2_ostatnie","fotogaleria","Medium","polityka i wydarzenia","tematyka"],"inLanguage":"pl-PL","potentialAction":[{"@type":"CommentAction","name":"Comment","target":["https:\/\/www.mojabochnia.pl\/?p=73349#respond"]}]},{"@type":"WebPage","@id":"https:\/\/www.mojabochnia.pl\/?p=73349","url":"https:\/\/www.mojabochnia.pl\/?p=73349","name":"Damienice: most wisz\u0105cy uroczy\u015bcie otwarty - mojabochnia.pl - portal informacyjny","isPartOf":{"@id":"https:\/\/www.mojabochnia.pl\/#website"},"datePublished":"2012-06-14T05:25:55+00:00","dateModified":"2012-06-14T09:52:19+00:00","breadcrumb":{"@id":"https:\/\/www.mojabochnia.pl\/?p=73349#breadcrumb"},"inLanguage":"pl-PL","potentialAction":[{"@type":"ReadAction","target":["https:\/\/www.mojabochnia.pl\/?p=73349"]}]},{"@type":"BreadcrumbList","@id":"https:\/\/www.mojabochnia.pl\/?p=73349#breadcrumb","itemListElement":[{"@type":"ListItem","position":1,"name":"Home","item":"https:\/\/www.mojabochnia.pl\/"},{"@type":"ListItem","position":2,"name":"Damienice: most wisz\u0105cy uroczy\u015bcie otwarty"}]},{"@type":"WebSite","@id":"https:\/\/www.mojabochnia.pl\/#website","url":"https:\/\/www.mojabochnia.pl\/","name":"mojabochnia.pl - portal informacyjny","description":"mojaBochnia to portal informacyjny o Bochni. Codziennie o Bochni piszemy i pokazujemy najwa\u017cniejsze wydarzenia","publisher":{"@id":"https:\/\/www.mojabochnia.pl\/#organization"},"potentialAction":[{"@type":"SearchAction","target":{"@type":"EntryPoint","urlTemplate":"https:\/\/www.mojabochnia.pl\/?s={search_term_string}"},"query-input":{"@type":"PropertyValueSpecification","valueRequired":true,"valueName":"search_term_string"}}],"inLanguage":"pl-PL"},{"@type":"Organization","@id":"https:\/\/www.mojabochnia.pl\/#organization","name":"mojabochnia.pl - portal informacyjny","url":"https:\/\/www.mojabochnia.pl\/","logo":{"@type":"ImageObject","inLanguage":"pl-PL","@id":"https:\/\/www.mojabochnia.pl\/#\/schema\/logo\/image\/","url":"https:\/\/www.mojabochnia.pl\/wp-content\/uploads\/2017\/08\/logo-mb-opt.png","contentUrl":"https:\/\/www.mojabochnia.pl\/wp-content\/uploads\/2017\/08\/logo-mb-opt.png","width":250,"height":48,"caption":"mojabochnia.pl - portal informacyjny"},"image":{"@id":"https:\/\/www.mojabochnia.pl\/#\/schema\/logo\/image\/"},"sameAs":["https:\/\/www.facebook.com\/mojabochnia"]},{"@type":"Person","@id":"https:\/\/www.mojabochnia.pl\/#\/schema\/person\/9e15cf1bcb74043790f124a3130fe41e","name":"informacja prasowa","sameAs":["http:\/\/"],"url":"https:\/\/www.mojabochnia.pl\/?author=8"}]}},"_links":{"self":[{"href":"https:\/\/www.mojabochnia.pl\/index.php?rest_route=\/wp\/v2\/posts\/73349","targetHints":{"allow":["GET"]}}],"collection":[{"href":"https:\/\/www.mojabochnia.pl\/index.php?rest_route=\/wp\/v2\/posts"}],"about":[{"href":"https:\/\/www.mojabochnia.pl\/index.php?rest_route=\/wp\/v2\/types\/post"}],"author":[{"embeddable":true,"href":"https:\/\/www.mojabochnia.pl\/index.php?rest_route=\/wp\/v2\/users\/8"}],"replies":[{"embeddable":true,"href":"https:\/\/www.mojabochnia.pl\/index.php?rest_route=%2Fwp%2Fv2%2Fcomments&post=73349"}],"version-history":[{"count":5,"href":"https:\/\/www.mojabochnia.pl\/index.php?rest_route=\/wp\/v2\/posts\/73349\/revisions"}],"predecessor-version":[{"id":73360,"href":"https:\/\/www.mojabochnia.pl\/index.php?rest_route=\/wp\/v2\/posts\/73349\/revisions\/73360"}],"wp:attachment":[{"href":"https:\/\/www.mojabochnia.pl\/index.php?rest_route=%2Fwp%2Fv2%2Fmedia&parent=73349"}],"wp:term":[{"taxonomy":"category","embeddable":true,"href":"https:\/\/www.mojabochnia.pl\/index.php?rest_route=%2Fwp%2Fv2%2Fcategories&post=73349"},{"taxonomy":"post_tag","embeddable":true,"href":"https:\/\/www.mojabochnia.pl\/index.php?rest_route=%2Fwp%2Fv2%2Ftags&post=73349"}],"curies":[{"name":"wp","href":"https:\/\/api.w.org\/{rel}","templated":true}]}}