{"id":73320,"date":"2012-06-13T10:53:28","date_gmt":"2012-06-13T08:53:28","guid":{"rendered":"http:\/\/www.mojabochnia.pl\/?p=73320"},"modified":"2012-06-13T10:53:28","modified_gmt":"2012-06-13T08:53:28","slug":"dzien-dziecka-w-dziewinie-z-kropelka-krwi","status":"publish","type":"post","link":"https:\/\/www.mojabochnia.pl\/?p=73320","title":{"rendered":"Dzie\u0144 Dziecka w Dziewinie z kropelk\u0105 krwi"},"content":{"rendered":"<p>Wr\u0119czenia nagr\u00f3d i wyr\u00f3\u017cnie\u0144 dokona\u0142 W\u00f3jt Gminy Drwinia Jan Paj\u0105k. W kategorii wiekowej klas 0 \u2013 III nagrody za realizacj\u0119 plastyczn\u0105 has\u0142a \u201eDar krwi darem \u017cycia\u201d  otrzymali:  Weronika Zelek, Natalia Majta, Maria S\u0142omnicka, Amelia Gumu\u0142a i Maja Twardowska. Wyr\u00f3\u017cnienia wr\u0119czono Sabinie Sargra, Natalii Zelek, Annie G\u0142ogowskiej, Sylwii Pozna\u0144skiej  i Zuzannie Szczygie\u0142.  <\/p>\n<p>W kategorii wiekowej klas IV &#8211; VI za prac\u0119 pod has\u0142em \u201eMa\u0142a kropla krwi a znaczy tak wiele\u201d  nagrodzono: Urszul\u0119 K\u0119dziora, Dominika K\u0119dziora i King\u0119 Pozna\u0144sk\u0105,  a wyr\u00f3\u017cniono Gabriel\u0119 Majta, Katarzyn\u0119 Jag\u0142\u0119 i Weronik\u0119 Pozna\u0144sk\u0105. <\/p>\n<p>Prezes Klubu HDK PCK w Drwini pan Stefan Stycze\u0144 zapozna\u0142 licznie zebranych na szkolnym placu w Dziewinie uczestnik\u00f3w Festynu Rodzinnego z przygotowanymi propozycjami wsp\u00f3lnej zabawy. Najpierw przeprowadzono B\u0142yskawiczny Konkurs Wiedzy o Krwiodawstwie dla doros\u0142ych w kt\u00f3rym wzi\u0119\u0142o udzia\u0142 57 uczestnik\u00f3w. W drodze losowania wy\u0142oniono 4 zwyci\u0119zc\u00f3w. Kolejn\u0105 atrakcj\u0105 by\u0142 &#8222;Bieg po batonik&#8221; dla dzieci w wieku od 3 do 6 lat. Dzieci opr\u00f3cz s\u0142odko\u015bci odbiera\u0142y r\u00f3wnie\u017c baloniki z logo PCK. Ostatni\u0105 z atrakcji jak\u0105 przygotowano dla starszych dzieci by\u0142 konkurs rysunku na asfalcie pod has\u0142em \u201eKrew leczy i ratuje \u017cycie chorym dzieciom\u201d, kt\u00f3ry niestety zosta\u0142 przerwany przez deszcz. Ca\u0142o\u015b\u0107 zosta\u0142a uwie\u0144czona wypuszczeniem w niebo czerwonych balonik\u00f3w na zako\u0144czenie pikniku. <\/p>\n<p>Opisana promocja krwiodawstwa by\u0142a mo\u017cliwa dzi\u0119ki uprzejmo\u015bci i organizator\u00f3w Gminnego Dnia Dziecka i zaanga\u017cowaniu cz\u0142onk\u00f3w i wolontariuszy Klubu HDK, a byli to Stefan Stycze\u0144, Maria Klasa, Ma\u0142gorzata Paj\u0105k, Renata Uranowska, Barbara Makuch, Stanis\u0142aw Data, Anna Data, Renata Gucwa, Rafa\u0142 Stycze\u0144 i Leszek Machaj, kt\u00f3rych wspiera\u0142a sw\u0105 obecno\u015bci\u0105 sekretarz Zarz\u0105du Rejonowego PCK w Bochni Zofia Ku\u015bnierz. <\/p>\n<p>Do ca\u0142ej akcji promocyjnej do\u0142\u0105czyli druhowie z Ochotniczej Stra\u017cy Po\u017carnej w Dziewinie, uczestnicy VII edycji projektu pn. &#8222;Ognisty ratownik &#8211; gor\u0105ca krew&#8221; rozdaj\u0105c czerwone baloniki uczestnikom imprezy.  <\/p>\n<p>Zarz\u0105d Klubu HDK PCK w Drwini zaprasza na kolejny festyn po\u0142\u0105czony z AKCJ\u0104 KRWIODAWSTWA  w Zespole szk\u00f3\u0142 w Mikluszowicach 17 czerwca.<\/p>\n<p>Opracowanie<br \/>\nS. Stycze\u0144\/L. Machaj<\/p>\n\t  \r\n\t\r\n\t    <div class=\"mb-gallery\">\r\n\t    <a href=\"https:\/\/www.mojabochnia.pl\/?attachment_id=73322\" class=\"\"><img loading=\"lazy\" decoding=\"async\" width=\"100\" height=\"56\" src=\"https:\/\/www.mojabochnia.pl\/wp-content\/uploads\/2012\/06\/Bieg_po_batonik-120x67.jpg\" class=\"attachment-100x100 size-100x100\" alt=\"\" srcset=\"https:\/\/www.mojabochnia.pl\/wp-content\/uploads\/2012\/06\/Bieg_po_batonik-120x67.jpg 120w, https:\/\/www.mojabochnia.pl\/wp-content\/uploads\/2012\/06\/Bieg_po_batonik-468x263.jpg 468w, https:\/\/www.mojabochnia.pl\/wp-content\/uploads\/2012\/06\/Bieg_po_batonik-660x371.jpg 660w, https:\/\/www.mojabochnia.pl\/wp-content\/uploads\/2012\/06\/Bieg_po_batonik.jpg 800w\" sizes=\"auto, (max-width: 100px) 100vw, 100px\" \/><\/a><a href=\"https:\/\/www.mojabochnia.pl\/?attachment_id=73323\" class=\"\"><img loading=\"lazy\" decoding=\"async\" width=\"100\" height=\"56\" src=\"https:\/\/www.mojabochnia.pl\/wp-content\/uploads\/2012\/06\/nagrody-120x67.jpg\" class=\"attachment-100x100 size-100x100\" alt=\"\" srcset=\"https:\/\/www.mojabochnia.pl\/wp-content\/uploads\/2012\/06\/nagrody-120x67.jpg 120w, https:\/\/www.mojabochnia.pl\/wp-content\/uploads\/2012\/06\/nagrody-468x263.jpg 468w, https:\/\/www.mojabochnia.pl\/wp-content\/uploads\/2012\/06\/nagrody-660x371.jpg 660w, https:\/\/www.mojabochnia.pl\/wp-content\/uploads\/2012\/06\/nagrody.jpg 800w\" sizes=\"auto, (max-width: 100px) 100vw, 100px\" \/><\/a><a href=\"https:\/\/www.mojabochnia.pl\/?attachment_id=73324\" class=\"\"><img loading=\"lazy\" decoding=\"async\" width=\"100\" height=\"56\" src=\"https:\/\/www.mojabochnia.pl\/wp-content\/uploads\/2012\/06\/test_wiedzy-120x67.jpg\" class=\"attachment-100x100 size-100x100\" alt=\"\" srcset=\"https:\/\/www.mojabochnia.pl\/wp-content\/uploads\/2012\/06\/test_wiedzy-120x67.jpg 120w, https:\/\/www.mojabochnia.pl\/wp-content\/uploads\/2012\/06\/test_wiedzy-468x263.jpg 468w, https:\/\/www.mojabochnia.pl\/wp-content\/uploads\/2012\/06\/test_wiedzy-660x371.jpg 660w, https:\/\/www.mojabochnia.pl\/wp-content\/uploads\/2012\/06\/test_wiedzy.jpg 800w\" sizes=\"auto, (max-width: 100px) 100vw, 100px\" \/><\/a><a href=\"https:\/\/www.mojabochnia.pl\/?attachment_id=73325\" class=\"\"><img loading=\"lazy\" decoding=\"async\" width=\"100\" height=\"56\" src=\"https:\/\/www.mojabochnia.pl\/wp-content\/uploads\/2012\/06\/wyroznienia-120x67.jpg\" class=\"attachment-100x100 size-100x100\" alt=\"\" srcset=\"https:\/\/www.mojabochnia.pl\/wp-content\/uploads\/2012\/06\/wyroznienia-120x67.jpg 120w, https:\/\/www.mojabochnia.pl\/wp-content\/uploads\/2012\/06\/wyroznienia-468x263.jpg 468w, https:\/\/www.mojabochnia.pl\/wp-content\/uploads\/2012\/06\/wyroznienia-660x371.jpg 660w, https:\/\/www.mojabochnia.pl\/wp-content\/uploads\/2012\/06\/wyroznienia.jpg 800w\" sizes=\"auto, (max-width: 100px) 100vw, 100px\" \/><\/a>\t    <\/div>\r\n\t    ","protected":false},"excerpt":{"rendered":"<p>3 czerwca w Dziewinie \u015bwi\u0119towano Gminny Dzie\u0144 Dziecka. Do obchod\u00f3w w\u0142\u0105czy\u0142 si\u0119 r\u00f3wnie\u017c Gminny Klub Honorowych Dawc\u00f3w Krwi PCK w Drwini. Podczas Pikniku Rodzinnego wyeksponowano nagrodzone i wyr\u00f3\u017cnione prace w konkursie plastycznym maj\u0105cym na celu propagowanie tej szlachetnej inicjatywy w\u015br\u00f3d uczni\u00f3w Szk\u00f3\u0142 Podstawowych w Drwini, Dziewinie, Grobli i Mikluszowicach.<\/p>\n","protected":false},"author":8,"featured_media":0,"comment_status":"open","ping_status":"closed","sticky":false,"template":"","format":"standard","meta":{"_acf_changed":false,"footnotes":""},"categories":[5,6247,6246,6251,6250],"tags":[17214,17326,17703,709,8043,17718,17196],"class_list":["post-73320","post","type-post","status-publish","format-standard","hentry","category-biezace-wydarzenia","category-fotogaleria","category-medium","category-polityka-i-wydarzenia","category-tematyka","tag-drwinia","tag-dzieci","tag-dzien-dziecka","tag-dziewin","tag-jan-pajak","tag-krew","tag-krwiodawstwo","main_tag-krew"],"acf":[],"yoast_head":"<!-- This site is optimized with the Yoast SEO plugin v26.9 - https:\/\/yoast.com\/product\/yoast-seo-wordpress\/ -->\n<title>Dzie\u0144 Dziecka w Dziewinie z kropelk\u0105 krwi  - mojabochnia.pl - portal informacyjny<\/title>\n<meta name=\"robots\" content=\"index, follow, max-snippet:-1, max-image-preview:large, max-video-preview:-1\" \/>\n<link rel=\"canonical\" href=\"https:\/\/www.mojabochnia.pl\/?p=73320\" \/>\n<meta property=\"og:locale\" content=\"pl_PL\" \/>\n<meta property=\"og:type\" content=\"article\" \/>\n<meta property=\"og:title\" content=\"Dzie\u0144 Dziecka w Dziewinie z kropelk\u0105 krwi  - mojabochnia.pl - portal informacyjny\" \/>\n<meta property=\"og:description\" content=\"3 czerwca w Dziewinie \u015bwi\u0119towano Gminny Dzie\u0144 Dziecka. Do obchod\u00f3w w\u0142\u0105czy\u0142 si\u0119 r\u00f3wnie\u017c Gminny Klub Honorowych Dawc\u00f3w Krwi PCK w Drwini. Podczas Pikniku Rodzinnego wyeksponowano nagrodzone i wyr\u00f3\u017cnione prace w konkursie plastycznym maj\u0105cym na celu propagowanie tej szlachetnej inicjatywy w\u015br\u00f3d uczni\u00f3w Szk\u00f3\u0142 Podstawowych w Drwini, Dziewinie, Grobli i Mikluszowicach.\" \/>\n<meta property=\"og:url\" content=\"https:\/\/www.mojabochnia.pl\/?p=73320\" \/>\n<meta property=\"og:site_name\" content=\"mojabochnia.pl - portal informacyjny\" \/>\n<meta property=\"article:publisher\" content=\"https:\/\/www.facebook.com\/mojabochnia\" \/>\n<meta property=\"article:published_time\" content=\"2012-06-13T08:53:28+00:00\" \/>\n<meta name=\"author\" content=\"informacja prasowa\" \/>\n<meta name=\"twitter:card\" content=\"summary_large_image\" \/>\n<meta name=\"twitter:label1\" content=\"Written by\" \/>\n\t<meta name=\"twitter:data1\" content=\"informacja prasowa\" \/>\n\t<meta name=\"twitter:label2\" content=\"Est. reading time\" \/>\n\t<meta name=\"twitter:data2\" content=\"2 minuty\" \/>\n<script type=\"application\/ld+json\" class=\"yoast-schema-graph\">{\"@context\":\"https:\/\/schema.org\",\"@graph\":[{\"@type\":\"Article\",\"@id\":\"https:\/\/www.mojabochnia.pl\/?p=73320#article\",\"isPartOf\":{\"@id\":\"https:\/\/www.mojabochnia.pl\/?p=73320\"},\"author\":{\"name\":\"informacja prasowa\",\"@id\":\"https:\/\/www.mojabochnia.pl\/#\/schema\/person\/9e15cf1bcb74043790f124a3130fe41e\"},\"headline\":\"Dzie\u0144 Dziecka w Dziewinie z kropelk\u0105 krwi\",\"datePublished\":\"2012-06-13T08:53:28+00:00\",\"mainEntityOfPage\":{\"@id\":\"https:\/\/www.mojabochnia.pl\/?p=73320\"},\"wordCount\":368,\"commentCount\":0,\"publisher\":{\"@id\":\"https:\/\/www.mojabochnia.pl\/#organization\"},\"keywords\":[\"Drwinia\",\"dzieci\",\"dzie\u0144 dziecka\",\"dziewin\",\"jan paj\u0105k\",\"krew\",\"krwiodawstwo\"],\"articleSection\":[\"2_ostatnie\",\"fotogaleria\",\"Medium\",\"polityka i wydarzenia\",\"tematyka\"],\"inLanguage\":\"pl-PL\",\"potentialAction\":[{\"@type\":\"CommentAction\",\"name\":\"Comment\",\"target\":[\"https:\/\/www.mojabochnia.pl\/?p=73320#respond\"]}]},{\"@type\":\"WebPage\",\"@id\":\"https:\/\/www.mojabochnia.pl\/?p=73320\",\"url\":\"https:\/\/www.mojabochnia.pl\/?p=73320\",\"name\":\"Dzie\u0144 Dziecka w Dziewinie z kropelk\u0105 krwi - mojabochnia.pl - portal informacyjny\",\"isPartOf\":{\"@id\":\"https:\/\/www.mojabochnia.pl\/#website\"},\"datePublished\":\"2012-06-13T08:53:28+00:00\",\"breadcrumb\":{\"@id\":\"https:\/\/www.mojabochnia.pl\/?p=73320#breadcrumb\"},\"inLanguage\":\"pl-PL\",\"potentialAction\":[{\"@type\":\"ReadAction\",\"target\":[\"https:\/\/www.mojabochnia.pl\/?p=73320\"]}]},{\"@type\":\"BreadcrumbList\",\"@id\":\"https:\/\/www.mojabochnia.pl\/?p=73320#breadcrumb\",\"itemListElement\":[{\"@type\":\"ListItem\",\"position\":1,\"name\":\"Home\",\"item\":\"https:\/\/www.mojabochnia.pl\/\"},{\"@type\":\"ListItem\",\"position\":2,\"name\":\"Dzie\u0144 Dziecka w Dziewinie z kropelk\u0105 krwi\"}]},{\"@type\":\"WebSite\",\"@id\":\"https:\/\/www.mojabochnia.pl\/#website\",\"url\":\"https:\/\/www.mojabochnia.pl\/\",\"name\":\"mojabochnia.pl - portal informacyjny\",\"description\":\"mojaBochnia to portal informacyjny o Bochni. Codziennie o Bochni piszemy i pokazujemy najwa\u017cniejsze wydarzenia\",\"publisher\":{\"@id\":\"https:\/\/www.mojabochnia.pl\/#organization\"},\"potentialAction\":[{\"@type\":\"SearchAction\",\"target\":{\"@type\":\"EntryPoint\",\"urlTemplate\":\"https:\/\/www.mojabochnia.pl\/?s={search_term_string}\"},\"query-input\":{\"@type\":\"PropertyValueSpecification\",\"valueRequired\":true,\"valueName\":\"search_term_string\"}}],\"inLanguage\":\"pl-PL\"},{\"@type\":\"Organization\",\"@id\":\"https:\/\/www.mojabochnia.pl\/#organization\",\"name\":\"mojabochnia.pl - portal informacyjny\",\"url\":\"https:\/\/www.mojabochnia.pl\/\",\"logo\":{\"@type\":\"ImageObject\",\"inLanguage\":\"pl-PL\",\"@id\":\"https:\/\/www.mojabochnia.pl\/#\/schema\/logo\/image\/\",\"url\":\"https:\/\/www.mojabochnia.pl\/wp-content\/uploads\/2017\/08\/logo-mb-opt.png\",\"contentUrl\":\"https:\/\/www.mojabochnia.pl\/wp-content\/uploads\/2017\/08\/logo-mb-opt.png\",\"width\":250,\"height\":48,\"caption\":\"mojabochnia.pl - portal informacyjny\"},\"image\":{\"@id\":\"https:\/\/www.mojabochnia.pl\/#\/schema\/logo\/image\/\"},\"sameAs\":[\"https:\/\/www.facebook.com\/mojabochnia\"]},{\"@type\":\"Person\",\"@id\":\"https:\/\/www.mojabochnia.pl\/#\/schema\/person\/9e15cf1bcb74043790f124a3130fe41e\",\"name\":\"informacja prasowa\",\"sameAs\":[\"http:\/\/\"],\"url\":\"https:\/\/www.mojabochnia.pl\/?author=8\"}]}<\/script>\n<!-- \/ Yoast SEO plugin. -->","yoast_head_json":{"title":"Dzie\u0144 Dziecka w Dziewinie z kropelk\u0105 krwi  - mojabochnia.pl - portal informacyjny","robots":{"index":"index","follow":"follow","max-snippet":"max-snippet:-1","max-image-preview":"max-image-preview:large","max-video-preview":"max-video-preview:-1"},"canonical":"https:\/\/www.mojabochnia.pl\/?p=73320","og_locale":"pl_PL","og_type":"article","og_title":"Dzie\u0144 Dziecka w Dziewinie z kropelk\u0105 krwi  - mojabochnia.pl - portal informacyjny","og_description":"3 czerwca w Dziewinie \u015bwi\u0119towano Gminny Dzie\u0144 Dziecka. Do obchod\u00f3w w\u0142\u0105czy\u0142 si\u0119 r\u00f3wnie\u017c Gminny Klub Honorowych Dawc\u00f3w Krwi PCK w Drwini. Podczas Pikniku Rodzinnego wyeksponowano nagrodzone i wyr\u00f3\u017cnione prace w konkursie plastycznym maj\u0105cym na celu propagowanie tej szlachetnej inicjatywy w\u015br\u00f3d uczni\u00f3w Szk\u00f3\u0142 Podstawowych w Drwini, Dziewinie, Grobli i Mikluszowicach.","og_url":"https:\/\/www.mojabochnia.pl\/?p=73320","og_site_name":"mojabochnia.pl - portal informacyjny","article_publisher":"https:\/\/www.facebook.com\/mojabochnia","article_published_time":"2012-06-13T08:53:28+00:00","author":"informacja prasowa","twitter_card":"summary_large_image","twitter_misc":{"Written by":"informacja prasowa","Est. reading time":"2 minuty"},"schema":{"@context":"https:\/\/schema.org","@graph":[{"@type":"Article","@id":"https:\/\/www.mojabochnia.pl\/?p=73320#article","isPartOf":{"@id":"https:\/\/www.mojabochnia.pl\/?p=73320"},"author":{"name":"informacja prasowa","@id":"https:\/\/www.mojabochnia.pl\/#\/schema\/person\/9e15cf1bcb74043790f124a3130fe41e"},"headline":"Dzie\u0144 Dziecka w Dziewinie z kropelk\u0105 krwi","datePublished":"2012-06-13T08:53:28+00:00","mainEntityOfPage":{"@id":"https:\/\/www.mojabochnia.pl\/?p=73320"},"wordCount":368,"commentCount":0,"publisher":{"@id":"https:\/\/www.mojabochnia.pl\/#organization"},"keywords":["Drwinia","dzieci","dzie\u0144 dziecka","dziewin","jan paj\u0105k","krew","krwiodawstwo"],"articleSection":["2_ostatnie","fotogaleria","Medium","polityka i wydarzenia","tematyka"],"inLanguage":"pl-PL","potentialAction":[{"@type":"CommentAction","name":"Comment","target":["https:\/\/www.mojabochnia.pl\/?p=73320#respond"]}]},{"@type":"WebPage","@id":"https:\/\/www.mojabochnia.pl\/?p=73320","url":"https:\/\/www.mojabochnia.pl\/?p=73320","name":"Dzie\u0144 Dziecka w Dziewinie z kropelk\u0105 krwi - mojabochnia.pl - portal informacyjny","isPartOf":{"@id":"https:\/\/www.mojabochnia.pl\/#website"},"datePublished":"2012-06-13T08:53:28+00:00","breadcrumb":{"@id":"https:\/\/www.mojabochnia.pl\/?p=73320#breadcrumb"},"inLanguage":"pl-PL","potentialAction":[{"@type":"ReadAction","target":["https:\/\/www.mojabochnia.pl\/?p=73320"]}]},{"@type":"BreadcrumbList","@id":"https:\/\/www.mojabochnia.pl\/?p=73320#breadcrumb","itemListElement":[{"@type":"ListItem","position":1,"name":"Home","item":"https:\/\/www.mojabochnia.pl\/"},{"@type":"ListItem","position":2,"name":"Dzie\u0144 Dziecka w Dziewinie z kropelk\u0105 krwi"}]},{"@type":"WebSite","@id":"https:\/\/www.mojabochnia.pl\/#website","url":"https:\/\/www.mojabochnia.pl\/","name":"mojabochnia.pl - portal informacyjny","description":"mojaBochnia to portal informacyjny o Bochni. Codziennie o Bochni piszemy i pokazujemy najwa\u017cniejsze wydarzenia","publisher":{"@id":"https:\/\/www.mojabochnia.pl\/#organization"},"potentialAction":[{"@type":"SearchAction","target":{"@type":"EntryPoint","urlTemplate":"https:\/\/www.mojabochnia.pl\/?s={search_term_string}"},"query-input":{"@type":"PropertyValueSpecification","valueRequired":true,"valueName":"search_term_string"}}],"inLanguage":"pl-PL"},{"@type":"Organization","@id":"https:\/\/www.mojabochnia.pl\/#organization","name":"mojabochnia.pl - portal informacyjny","url":"https:\/\/www.mojabochnia.pl\/","logo":{"@type":"ImageObject","inLanguage":"pl-PL","@id":"https:\/\/www.mojabochnia.pl\/#\/schema\/logo\/image\/","url":"https:\/\/www.mojabochnia.pl\/wp-content\/uploads\/2017\/08\/logo-mb-opt.png","contentUrl":"https:\/\/www.mojabochnia.pl\/wp-content\/uploads\/2017\/08\/logo-mb-opt.png","width":250,"height":48,"caption":"mojabochnia.pl - portal informacyjny"},"image":{"@id":"https:\/\/www.mojabochnia.pl\/#\/schema\/logo\/image\/"},"sameAs":["https:\/\/www.facebook.com\/mojabochnia"]},{"@type":"Person","@id":"https:\/\/www.mojabochnia.pl\/#\/schema\/person\/9e15cf1bcb74043790f124a3130fe41e","name":"informacja prasowa","sameAs":["http:\/\/"],"url":"https:\/\/www.mojabochnia.pl\/?author=8"}]}},"_links":{"self":[{"href":"https:\/\/www.mojabochnia.pl\/index.php?rest_route=\/wp\/v2\/posts\/73320","targetHints":{"allow":["GET"]}}],"collection":[{"href":"https:\/\/www.mojabochnia.pl\/index.php?rest_route=\/wp\/v2\/posts"}],"about":[{"href":"https:\/\/www.mojabochnia.pl\/index.php?rest_route=\/wp\/v2\/types\/post"}],"author":[{"embeddable":true,"href":"https:\/\/www.mojabochnia.pl\/index.php?rest_route=\/wp\/v2\/users\/8"}],"replies":[{"embeddable":true,"href":"https:\/\/www.mojabochnia.pl\/index.php?rest_route=%2Fwp%2Fv2%2Fcomments&post=73320"}],"version-history":[{"count":2,"href":"https:\/\/www.mojabochnia.pl\/index.php?rest_route=\/wp\/v2\/posts\/73320\/revisions"}],"predecessor-version":[{"id":73326,"href":"https:\/\/www.mojabochnia.pl\/index.php?rest_route=\/wp\/v2\/posts\/73320\/revisions\/73326"}],"wp:attachment":[{"href":"https:\/\/www.mojabochnia.pl\/index.php?rest_route=%2Fwp%2Fv2%2Fmedia&parent=73320"}],"wp:term":[{"taxonomy":"category","embeddable":true,"href":"https:\/\/www.mojabochnia.pl\/index.php?rest_route=%2Fwp%2Fv2%2Fcategories&post=73320"},{"taxonomy":"post_tag","embeddable":true,"href":"https:\/\/www.mojabochnia.pl\/index.php?rest_route=%2Fwp%2Fv2%2Ftags&post=73320"}],"curies":[{"name":"wp","href":"https:\/\/api.w.org\/{rel}","templated":true}]}}