{"id":73237,"date":"2012-06-13T13:15:27","date_gmt":"2012-06-13T11:15:27","guid":{"rendered":"http:\/\/www.mojabochnia.pl\/?p=73237"},"modified":"2012-06-13T13:14:57","modified_gmt":"2012-06-13T11:14:57","slug":"w-piatek-ingres-biskupa-andrzeja-jeza","status":"publish","type":"post","link":"https:\/\/www.mojabochnia.pl\/?p=73237","title":{"rendered":"W pi\u0105tek ingres biskupa Andrzeja Je\u017ca"},"content":{"rendered":"<p>Sw\u00f3j udzia\u0142 potwierdzili m.in. kard. Stanis\u0142aw Dziwisz metropolita krakowski, kard. Kazimierz Nycz metropolita warszawski, abp Wiktor Skworc metropolita katowicki, abp Stanis\u0142aw Budzik metropolita lubelski, bp Wojciech Polak sekretarz generalny KEP. B\u0119d\u0105 r\u00f3wnie\u017c go\u015bcie z zagranicy, w\u015br\u00f3d nich biskup pomocniczy ze Spiskiej Kapitu\u0142y na S\u0142owacji, bp Antoni Bonifacy Reimann z wikariatu apostolskiego \u00d1uflo de Ch\u00e1vez w Boliwii.<\/p>\n<p>W uroczysto\u015bci b\u0119d\u0105 te\u017c uczestniczy\u0107 m.in. kap\u0142ani z ca\u0142ej diecezji tarnowskiej, siostry zakonne i klerycy oraz parlamentarzy\u015bci, w\u0142adze samorz\u0105dowe, rektorzy, pracownicy wy\u017cszych uczelni, a tak\u017ce diecezjanie.<\/p>\n<p>Godzin\u0119 wcze\u015bniej, w domu biskupa tarnowskiego przy ul. Mo\u015bcickiego odb\u0119dzie si\u0119 kanoniczne obj\u0119cie diecezji przez biskupa nominata. Zgodnie z przepisami Kodeksu Prawa Kanonicznego, dokona si\u0119 to poprzez okazanie Kolegium Konsultor\u00f3w pisma apostolskiego mianuj\u0105cego bpa Andrzeja Je\u017ca biskupem tarnowskim. Po sprawdzeniu autentyczno\u015bci przedstawionego dokumentu kanclerz kurii sporz\u0105dzi protok\u00f3\u0142, kt\u00f3ry zostanie podpisany przez bpa Je\u017ca oraz cz\u0142onk\u00f3w Kolegium Konsultor\u00f3w.<\/p>\n<p>Bp Wies\u0142aw Lechowicz administrator diecezji zaprasza wszystkich wiernych do udzia\u0142u w ingresie. Prosi te\u017c o modlitw\u0119 w intencji nowego biskupa tarnowskiego.<\/p>\n<p>Szczeg\u00f3lne zaproszenie, biskup kieruje do wiernych z Limanowej \u2013 rodzinnej miejscowo\u015bci biskupa Andrzeja Je\u017ca, a tak\u017ce do mieszka\u0144c\u00f3w Kro\u015bcienka, Wierzchos\u0142awic, Tarnowa\u2013Mo\u015bcic i Nowego S\u0105cza, gdzie wcze\u015bniej pracowa\u0142 biskup Je\u017c, jako wikariusz i proboszcz.<\/p>\n<p>Ingres jest pierwszym oficjalnym wej\u015bciem biskupa do jego ko\u015bcio\u0142a, czyli ko\u015bcio\u0142a katedralnego. Rozpocznie si\u0119 on od procesji do katedry. Przy drzwiach \u015bwi\u0105tyni nowy biskup zostanie powitany przez ks. Stanis\u0142awa Salaterskiego, proboszcza parafii katedralnej. Nast\u0119pnie uda si\u0119 na kr\u00f3tk\u0105 modlitw\u0119 do kaplicy Naj\u015bwi\u0119tszego Sakramentu.<\/p>\n<p>Przed rozpocz\u0119ciem liturgii nuncjusz apostolski w Polsce abp Celestino Migliore odczyta pismo nominacyjne papie\u017ca Benedykta XVI. Wr\u0119czy tak\u017ce biskupowi pastora\u0142 &#8211; symbol w\u0142adzy pasterskiej.<\/p>\n<p>Kolejnym widocznym znakiem obj\u0119cia urz\u0119du pasterskiego b\u0119dzie zaj\u0119cie miejsca na katedrze biskupiej, na kt\u00f3r\u0105 wprowadzi biskupa Je\u017ca nuncjusz apostolski.<\/p>\n<p>P\u00f3\u017aniej nast\u0105pi homagium \u2013 czyli znak czci, szacunku i pos\u0142usze\u0144stwa. Z\u0142o\u017c\u0105 je bp Wies\u0142aw Lechowicz oraz bp W\u0142adys\u0142aw Bobowski, przedstawiciele prezbiterium tarnowskiego, w tym tak\u017ce kurii oraz seminarium duchownego, Wydzia\u0142u Teologicznego, os\u00f3b \u017cycia konsekrowanego i wierni \u015bwieccy.<\/p>\n<p>Nast\u0119pnie bp Andrzej Je\u017c b\u0119dzie przewodniczy\u0142 Mszy \u015bw., podczas kt\u00f3rej wyg\u0142osi homili\u0119.<\/p>\n<p>Po modlitwie po komunii gratulacje i \u017cyczenia z\u0142o\u017c\u0105 m.in.: przedstawiciele Episkopatu Polski, duchowie\u0144stwa, os\u00f3b konsekrowanych, wiernych \u015bwieckich oraz w\u0142adz samorz\u0105dowych.<\/p>\n<p>Na zako\u0144czenie liturgii nowy biskup tarnowski skieruje podzi\u0119kowania i udzieli zgromadzonym b\u0142ogos\u0142awie\u0144stwa.<\/p>\n<p>Po kanonicznym obj\u0119ciu diecezji oraz ingresie biskup Andrzej Je\u017c nabywa wszystkie prawa i obowi\u0105zki zwi\u0105zane z powierzonym mu przez Ojca \u015awi\u0119tego urz\u0119dem biskupa tarnowskiego.<\/p>\n<p>Msz\u0119 \u015bw. po\u0142\u0105czon\u0105 z ingresem bp. Andrzeja Je\u017ca do tarnowskiej katedry b\u0119d\u0105 transmitowa\u0107 Radio RDN Ma\u0142opolska, RDN Nowy S\u0105cz, Radio Maryja oraz Telewizja Trwam.<\/p>\n<p>Ojciec \u015awi\u0119ty Benedykt XVI mianowa\u0142 12 maja br. biskupem diecezji tarnowskiej dotychczasowego jej biskupa pomocniczego Andrzeja Je\u017ca. Historycznej wagi temu wydarzeniu przysparza fakt, \u017ce po raz pierwszy w dziejach diecezji jej biskupem zosta\u0142 kap\u0142an wywodz\u0105cy si\u0119 z duchowie\u0144stwa tarnowskiego.<\/p>\n<p><strong>Wa\u017cne informacje<\/strong><\/p>\n<p>W pi\u0105tek, od samego rana nie b\u0119dzie mo\u017cna parkowa\u0107 na Placu Katedralnym. Natomiast parkingi w Wy\u017cszym Seminarium Duchownym zarezerwowane zosta\u0142y dla ksi\u0119\u017cy biskup\u00f3w oraz go\u015bci spoza diecezji.<\/p>\n<p>Parkingi dla samochod\u00f3w osobowych b\u0119d\u0105 przy Urz\u0119dzie Wojew\u00f3dzkim oraz przy ul. Pi\u0142sudskiego (przy WSD). Autokary mog\u0105 parkowa\u0107 nieco dalej &#8211; na tzw. Kap\u0142an\u00f3wce, przy parafii pw. Matki Bo\u017cej Fatimskiej.<\/p>\n","protected":false},"excerpt":{"rendered":"<p>W pi\u0105tek, 15 czerwca, w uroczysto\u015b\u0107 Naj\u015bwi\u0119tszego Serca Pana Jezusa, odb\u0119dzie si\u0119 ingres biskupa tarnowskiego Andrzeja Je\u017ca do bazyliki katedralnej. Msza \u015bw. rozpocznie si\u0119 o godzinie 11.00. Do Tarnowa ma przyjecha\u0107 abp Celestino Migliore nuncjusz apostolski w Polsce, a tak\u017ce kardyna\u0142owie i biskupi z ca\u0142ej Polski. <\/p>\n","protected":false},"author":8,"featured_media":0,"comment_status":"open","ping_status":"closed","sticky":false,"template":"","format":"standard","meta":{"_acf_changed":false,"footnotes":""},"categories":[5,6250,1342],"tags":[17708,17998,286,572,11068,3021],"class_list":["post-73237","post","type-post","status-publish","format-standard","hentry","category-biezace-wydarzenia","category-tematyka","category-zycie-religijne","tag-biskup","tag-bp-andrzej-jez","tag-bp-wiktor-skworc","tag-diecezja-tarnowska","tag-ingres","tag-katedra","main_tag-bp-andrzej-jez"],"acf":[],"yoast_head":"<!-- This site is optimized with the Yoast SEO plugin v26.9 - https:\/\/yoast.com\/product\/yoast-seo-wordpress\/ -->\n<title>W pi\u0105tek ingres biskupa Andrzeja Je\u017ca - mojabochnia.pl - portal informacyjny<\/title>\n<meta name=\"robots\" content=\"index, follow, max-snippet:-1, max-image-preview:large, max-video-preview:-1\" \/>\n<link rel=\"canonical\" href=\"https:\/\/www.mojabochnia.pl\/?p=73237\" \/>\n<meta property=\"og:locale\" content=\"pl_PL\" \/>\n<meta property=\"og:type\" content=\"article\" \/>\n<meta property=\"og:title\" content=\"W pi\u0105tek ingres biskupa Andrzeja Je\u017ca - mojabochnia.pl - portal informacyjny\" \/>\n<meta property=\"og:description\" content=\"W pi\u0105tek, 15 czerwca, w uroczysto\u015b\u0107 Naj\u015bwi\u0119tszego Serca Pana Jezusa, odb\u0119dzie si\u0119 ingres biskupa tarnowskiego Andrzeja Je\u017ca do bazyliki katedralnej. Msza \u015bw. rozpocznie si\u0119 o godzinie 11.00. Do Tarnowa ma przyjecha\u0107 abp Celestino Migliore nuncjusz apostolski w Polsce, a tak\u017ce kardyna\u0142owie i biskupi z ca\u0142ej Polski.\" \/>\n<meta property=\"og:url\" content=\"https:\/\/www.mojabochnia.pl\/?p=73237\" \/>\n<meta property=\"og:site_name\" content=\"mojabochnia.pl - portal informacyjny\" \/>\n<meta property=\"article:publisher\" content=\"https:\/\/www.facebook.com\/mojabochnia\" \/>\n<meta property=\"article:published_time\" content=\"2012-06-13T11:15:27+00:00\" \/>\n<meta name=\"author\" content=\"informacja prasowa\" \/>\n<meta name=\"twitter:card\" content=\"summary_large_image\" \/>\n<meta name=\"twitter:label1\" content=\"Written by\" \/>\n\t<meta name=\"twitter:data1\" content=\"informacja prasowa\" \/>\n\t<meta name=\"twitter:label2\" content=\"Est. reading time\" \/>\n\t<meta name=\"twitter:data2\" content=\"3 minuty\" \/>\n<script type=\"application\/ld+json\" class=\"yoast-schema-graph\">{\"@context\":\"https:\/\/schema.org\",\"@graph\":[{\"@type\":\"Article\",\"@id\":\"https:\/\/www.mojabochnia.pl\/?p=73237#article\",\"isPartOf\":{\"@id\":\"https:\/\/www.mojabochnia.pl\/?p=73237\"},\"author\":{\"name\":\"informacja prasowa\",\"@id\":\"https:\/\/www.mojabochnia.pl\/#\/schema\/person\/9e15cf1bcb74043790f124a3130fe41e\"},\"headline\":\"W pi\u0105tek ingres biskupa Andrzeja Je\u017ca\",\"datePublished\":\"2012-06-13T11:15:27+00:00\",\"mainEntityOfPage\":{\"@id\":\"https:\/\/www.mojabochnia.pl\/?p=73237\"},\"wordCount\":640,\"commentCount\":0,\"publisher\":{\"@id\":\"https:\/\/www.mojabochnia.pl\/#organization\"},\"keywords\":[\"biskup\",\"bp andrzej je\u017c\",\"bp wiktor skworc\",\"diecezja tarnowska\",\"ingres\",\"katedra\"],\"articleSection\":[\"2_ostatnie\",\"tematyka\",\"\u017bycie religijne\"],\"inLanguage\":\"pl-PL\",\"potentialAction\":[{\"@type\":\"CommentAction\",\"name\":\"Comment\",\"target\":[\"https:\/\/www.mojabochnia.pl\/?p=73237#respond\"]}]},{\"@type\":\"WebPage\",\"@id\":\"https:\/\/www.mojabochnia.pl\/?p=73237\",\"url\":\"https:\/\/www.mojabochnia.pl\/?p=73237\",\"name\":\"W pi\u0105tek ingres biskupa Andrzeja Je\u017ca - mojabochnia.pl - portal informacyjny\",\"isPartOf\":{\"@id\":\"https:\/\/www.mojabochnia.pl\/#website\"},\"datePublished\":\"2012-06-13T11:15:27+00:00\",\"breadcrumb\":{\"@id\":\"https:\/\/www.mojabochnia.pl\/?p=73237#breadcrumb\"},\"inLanguage\":\"pl-PL\",\"potentialAction\":[{\"@type\":\"ReadAction\",\"target\":[\"https:\/\/www.mojabochnia.pl\/?p=73237\"]}]},{\"@type\":\"BreadcrumbList\",\"@id\":\"https:\/\/www.mojabochnia.pl\/?p=73237#breadcrumb\",\"itemListElement\":[{\"@type\":\"ListItem\",\"position\":1,\"name\":\"Home\",\"item\":\"https:\/\/www.mojabochnia.pl\/\"},{\"@type\":\"ListItem\",\"position\":2,\"name\":\"W pi\u0105tek ingres biskupa Andrzeja Je\u017ca\"}]},{\"@type\":\"WebSite\",\"@id\":\"https:\/\/www.mojabochnia.pl\/#website\",\"url\":\"https:\/\/www.mojabochnia.pl\/\",\"name\":\"mojabochnia.pl - portal informacyjny\",\"description\":\"mojaBochnia to portal informacyjny o Bochni. Codziennie o Bochni piszemy i pokazujemy najwa\u017cniejsze wydarzenia\",\"publisher\":{\"@id\":\"https:\/\/www.mojabochnia.pl\/#organization\"},\"potentialAction\":[{\"@type\":\"SearchAction\",\"target\":{\"@type\":\"EntryPoint\",\"urlTemplate\":\"https:\/\/www.mojabochnia.pl\/?s={search_term_string}\"},\"query-input\":{\"@type\":\"PropertyValueSpecification\",\"valueRequired\":true,\"valueName\":\"search_term_string\"}}],\"inLanguage\":\"pl-PL\"},{\"@type\":\"Organization\",\"@id\":\"https:\/\/www.mojabochnia.pl\/#organization\",\"name\":\"mojabochnia.pl - portal informacyjny\",\"url\":\"https:\/\/www.mojabochnia.pl\/\",\"logo\":{\"@type\":\"ImageObject\",\"inLanguage\":\"pl-PL\",\"@id\":\"https:\/\/www.mojabochnia.pl\/#\/schema\/logo\/image\/\",\"url\":\"https:\/\/www.mojabochnia.pl\/wp-content\/uploads\/2017\/08\/logo-mb-opt.png\",\"contentUrl\":\"https:\/\/www.mojabochnia.pl\/wp-content\/uploads\/2017\/08\/logo-mb-opt.png\",\"width\":250,\"height\":48,\"caption\":\"mojabochnia.pl - portal informacyjny\"},\"image\":{\"@id\":\"https:\/\/www.mojabochnia.pl\/#\/schema\/logo\/image\/\"},\"sameAs\":[\"https:\/\/www.facebook.com\/mojabochnia\"]},{\"@type\":\"Person\",\"@id\":\"https:\/\/www.mojabochnia.pl\/#\/schema\/person\/9e15cf1bcb74043790f124a3130fe41e\",\"name\":\"informacja prasowa\",\"sameAs\":[\"http:\/\/\"],\"url\":\"https:\/\/www.mojabochnia.pl\/?author=8\"}]}<\/script>\n<!-- \/ Yoast SEO plugin. -->","yoast_head_json":{"title":"W pi\u0105tek ingres biskupa Andrzeja Je\u017ca - mojabochnia.pl - portal informacyjny","robots":{"index":"index","follow":"follow","max-snippet":"max-snippet:-1","max-image-preview":"max-image-preview:large","max-video-preview":"max-video-preview:-1"},"canonical":"https:\/\/www.mojabochnia.pl\/?p=73237","og_locale":"pl_PL","og_type":"article","og_title":"W pi\u0105tek ingres biskupa Andrzeja Je\u017ca - mojabochnia.pl - portal informacyjny","og_description":"W pi\u0105tek, 15 czerwca, w uroczysto\u015b\u0107 Naj\u015bwi\u0119tszego Serca Pana Jezusa, odb\u0119dzie si\u0119 ingres biskupa tarnowskiego Andrzeja Je\u017ca do bazyliki katedralnej. Msza \u015bw. rozpocznie si\u0119 o godzinie 11.00. Do Tarnowa ma przyjecha\u0107 abp Celestino Migliore nuncjusz apostolski w Polsce, a tak\u017ce kardyna\u0142owie i biskupi z ca\u0142ej Polski.","og_url":"https:\/\/www.mojabochnia.pl\/?p=73237","og_site_name":"mojabochnia.pl - portal informacyjny","article_publisher":"https:\/\/www.facebook.com\/mojabochnia","article_published_time":"2012-06-13T11:15:27+00:00","author":"informacja prasowa","twitter_card":"summary_large_image","twitter_misc":{"Written by":"informacja prasowa","Est. reading time":"3 minuty"},"schema":{"@context":"https:\/\/schema.org","@graph":[{"@type":"Article","@id":"https:\/\/www.mojabochnia.pl\/?p=73237#article","isPartOf":{"@id":"https:\/\/www.mojabochnia.pl\/?p=73237"},"author":{"name":"informacja prasowa","@id":"https:\/\/www.mojabochnia.pl\/#\/schema\/person\/9e15cf1bcb74043790f124a3130fe41e"},"headline":"W pi\u0105tek ingres biskupa Andrzeja Je\u017ca","datePublished":"2012-06-13T11:15:27+00:00","mainEntityOfPage":{"@id":"https:\/\/www.mojabochnia.pl\/?p=73237"},"wordCount":640,"commentCount":0,"publisher":{"@id":"https:\/\/www.mojabochnia.pl\/#organization"},"keywords":["biskup","bp andrzej je\u017c","bp wiktor skworc","diecezja tarnowska","ingres","katedra"],"articleSection":["2_ostatnie","tematyka","\u017bycie religijne"],"inLanguage":"pl-PL","potentialAction":[{"@type":"CommentAction","name":"Comment","target":["https:\/\/www.mojabochnia.pl\/?p=73237#respond"]}]},{"@type":"WebPage","@id":"https:\/\/www.mojabochnia.pl\/?p=73237","url":"https:\/\/www.mojabochnia.pl\/?p=73237","name":"W pi\u0105tek ingres biskupa Andrzeja Je\u017ca - mojabochnia.pl - portal informacyjny","isPartOf":{"@id":"https:\/\/www.mojabochnia.pl\/#website"},"datePublished":"2012-06-13T11:15:27+00:00","breadcrumb":{"@id":"https:\/\/www.mojabochnia.pl\/?p=73237#breadcrumb"},"inLanguage":"pl-PL","potentialAction":[{"@type":"ReadAction","target":["https:\/\/www.mojabochnia.pl\/?p=73237"]}]},{"@type":"BreadcrumbList","@id":"https:\/\/www.mojabochnia.pl\/?p=73237#breadcrumb","itemListElement":[{"@type":"ListItem","position":1,"name":"Home","item":"https:\/\/www.mojabochnia.pl\/"},{"@type":"ListItem","position":2,"name":"W pi\u0105tek ingres biskupa Andrzeja Je\u017ca"}]},{"@type":"WebSite","@id":"https:\/\/www.mojabochnia.pl\/#website","url":"https:\/\/www.mojabochnia.pl\/","name":"mojabochnia.pl - portal informacyjny","description":"mojaBochnia to portal informacyjny o Bochni. Codziennie o Bochni piszemy i pokazujemy najwa\u017cniejsze wydarzenia","publisher":{"@id":"https:\/\/www.mojabochnia.pl\/#organization"},"potentialAction":[{"@type":"SearchAction","target":{"@type":"EntryPoint","urlTemplate":"https:\/\/www.mojabochnia.pl\/?s={search_term_string}"},"query-input":{"@type":"PropertyValueSpecification","valueRequired":true,"valueName":"search_term_string"}}],"inLanguage":"pl-PL"},{"@type":"Organization","@id":"https:\/\/www.mojabochnia.pl\/#organization","name":"mojabochnia.pl - portal informacyjny","url":"https:\/\/www.mojabochnia.pl\/","logo":{"@type":"ImageObject","inLanguage":"pl-PL","@id":"https:\/\/www.mojabochnia.pl\/#\/schema\/logo\/image\/","url":"https:\/\/www.mojabochnia.pl\/wp-content\/uploads\/2017\/08\/logo-mb-opt.png","contentUrl":"https:\/\/www.mojabochnia.pl\/wp-content\/uploads\/2017\/08\/logo-mb-opt.png","width":250,"height":48,"caption":"mojabochnia.pl - portal informacyjny"},"image":{"@id":"https:\/\/www.mojabochnia.pl\/#\/schema\/logo\/image\/"},"sameAs":["https:\/\/www.facebook.com\/mojabochnia"]},{"@type":"Person","@id":"https:\/\/www.mojabochnia.pl\/#\/schema\/person\/9e15cf1bcb74043790f124a3130fe41e","name":"informacja prasowa","sameAs":["http:\/\/"],"url":"https:\/\/www.mojabochnia.pl\/?author=8"}]}},"_links":{"self":[{"href":"https:\/\/www.mojabochnia.pl\/index.php?rest_route=\/wp\/v2\/posts\/73237","targetHints":{"allow":["GET"]}}],"collection":[{"href":"https:\/\/www.mojabochnia.pl\/index.php?rest_route=\/wp\/v2\/posts"}],"about":[{"href":"https:\/\/www.mojabochnia.pl\/index.php?rest_route=\/wp\/v2\/types\/post"}],"author":[{"embeddable":true,"href":"https:\/\/www.mojabochnia.pl\/index.php?rest_route=\/wp\/v2\/users\/8"}],"replies":[{"embeddable":true,"href":"https:\/\/www.mojabochnia.pl\/index.php?rest_route=%2Fwp%2Fv2%2Fcomments&post=73237"}],"version-history":[{"count":9,"href":"https:\/\/www.mojabochnia.pl\/index.php?rest_route=\/wp\/v2\/posts\/73237\/revisions"}],"predecessor-version":[{"id":73348,"href":"https:\/\/www.mojabochnia.pl\/index.php?rest_route=\/wp\/v2\/posts\/73237\/revisions\/73348"}],"wp:attachment":[{"href":"https:\/\/www.mojabochnia.pl\/index.php?rest_route=%2Fwp%2Fv2%2Fmedia&parent=73237"}],"wp:term":[{"taxonomy":"category","embeddable":true,"href":"https:\/\/www.mojabochnia.pl\/index.php?rest_route=%2Fwp%2Fv2%2Fcategories&post=73237"},{"taxonomy":"post_tag","embeddable":true,"href":"https:\/\/www.mojabochnia.pl\/index.php?rest_route=%2Fwp%2Fv2%2Ftags&post=73237"}],"curies":[{"name":"wp","href":"https:\/\/api.w.org\/{rel}","templated":true}]}}