{"id":72968,"date":"2012-06-08T08:45:23","date_gmt":"2012-06-08T06:45:23","guid":{"rendered":"http:\/\/www.mojabochnia.pl\/?p=72968"},"modified":"2012-06-06T21:03:22","modified_gmt":"2012-06-06T19:03:22","slug":"podwyzszona-masa-ciala-dolegliwoscia-bochnian","status":"publish","type":"post","link":"https:\/\/www.mojabochnia.pl\/?p=72968","title":{"rendered":"Podwy\u017cszona masa cia\u0142a dolegliwo\u015bci\u0105 bochnian"},"content":{"rendered":"<p>27 maja z inicjatywy Jacka Paj\u0105ka starosty boche\u0144skiego i Stefana Kolawi\u0144skiego burmistrza Bochni, przy Szkole Podstawowej Nr 2 przeprowadzono akcj\u0119 \u201eBia\u0142a niedziela\u201d. W salach lekcyjnych i w specjalnie ustawionym namiocie, piel\u0119gniarki z boche\u0144skiej przychodni i uznani lekarze: lek. med. Anna Kosturek i lek. med. Marek Kania, bezp\u0142atnie wykonywali badania i udzielali porad lekarskich.<\/p>\n<p>Akcja cieszy\u0142a si\u0119 du\u017cym zainteresowaniem mieszka\u0144c\u00f3w, uczestnicz\u0105cych w tym czasie w Parafialnym Dniu Dziecka. Bochnianie ch\u0119tnie sprawdzali poziom ci\u015bnienia t\u0119tniczego i poziom cukru w krwi. Specjali\u015bci na miejscu obliczali BMI i udzielali porad z zakresu dostosowania diety do wynik\u00f3w bada\u0144. Lekarze Anna Kosturek i Marek Kania udzielali bardziej szczeg\u00f3\u0142owych porad lekarskich. <\/p>\n<p>Z okazji wykonania bada\u0144 skorzystali sami inicjatorzy akcji Jacek Paj\u0105k starosta boche\u0144ski i Stefan Kolawi\u0144ski burmistrz Bochni. Og\u00f3\u0142em lekarze i piel\u0119gniarki wykonali ponad 700 bada\u0144 i udzielili porad. Ratownicy uczyli ch\u0119tnych zasad udzielania pierwszej pomocy, prowadzili \u0107wiczenia na fantomie. Spo\u015br\u00f3d wszystkich, kt\u00f3rzy przeszli szkolenie, wybrali troje dzieci i troje doros\u0142ych, kt\u00f3rzy otrzymali nagrody: dzieci \u2013 od burmistrza Bochni, doro\u015bli \u2013 od starosty boche\u0144skiego.<\/p>\n<p>Dla najm\u0142odszych nie lada atrakcj\u0105 by\u0142a mo\u017cliwo\u015b\u0107 zasiadni\u0119cia za kierownic\u0105 karetki pogotowia.<\/p>\n<p>Spo\u015br\u00f3d wszystkich przebadanych 11% mia\u0142o nieprawid\u0142owy poziom cukru we krwi a 33% podwy\u017cszone ci\u015bnienie. Niestety a\u017c u 57% przebadanych wyst\u0105pi\u0142 podniesiony wska\u017anik masy cia\u0142a (BMI).<\/p>\n<p>BMI (ang. Body Mass Index) to wsp\u00f3\u0142czynnik masy cia\u0142a, kt\u00f3ry oblicza si\u0119 dziel\u0105c mas\u0119 cia\u0142a (podan\u0105 w kilogramach) przez wzrost podniesiony do kwadratu (podany w metrach). Kalkulator BMI zosta\u0142 opracowany na podstawie danych opublikowanych przez \u015awiatow\u0105 Organizacj\u0119 Zdrowia.<br \/>\nBMI s\u0142u\u017cy g\u0142\u00f3wnie do oceniania ryzyka wyst\u0105pienia gro\u017anych chor\u00f3b: mia\u017cd\u017cycy, choroby niedokrwiennej serca, udaru m\u00f3zgu, czy nawet nowotwor\u00f3w. Wi\u0119kszo\u015b\u0107 tych chor\u00f3b ma swoje \u017ar\u00f3d\u0142o w oty\u0142o\u015bci i w\u0142a\u015bnie dlatego kalkulator BMI to tak wa\u017cne narz\u0119dzie, kt\u00f3re pozwala w \u0142atwy spos\u00f3b obliczy\u0107 sw\u00f3j wska\u017anik masy cia\u0142a. Im wy\u017cszy wsp\u00f3\u0142czynnik BMI, tym wi\u0119ksze ryzyko zapadni\u0119cia na rozmaite schorzenia.<\/p>\n<p>Sk\u0142adamy serdeczne podzi\u0119kowania dla lek. med. Anny Kosturek i lek. med. Marka Kanii oraz piel\u0119gniarek z miejskiej przychodni przy ul. Floris 22 z Pani\u0105 Wand\u0105 Cupa\u0142, kt\u00f3rzy po\u015bwi\u0119cili sw\u00f3j prywatny czas, aby prowadzi\u0107 profilaktyk\u0119 prozdrowotn\u0105 w\u015br\u00f3d mieszka\u0144c\u00f3w Bochni.<\/p>\n","protected":false},"excerpt":{"rendered":"<p>11% badanych mia\u0142o nieprawid\u0142owy poziom cukru we krwi, 33% podwy\u017cszone ci\u015bnienie, a a\u017c u 57% os\u00f3b wyst\u0105pi\u0142 podniesiony wska\u017anik masy cia\u0142a (BMI) &#8211; to wyniki niedawno przeprowadzonej akcji Bia\u0142a Niedziela w Bochni.<\/p>\n","protected":false},"author":13,"featured_media":0,"comment_status":"open","ping_status":"closed","sticky":false,"template":"","format":"standard","meta":{"_acf_changed":false,"footnotes":""},"categories":[5,6251,6250],"tags":[2021,17782,11021,1688,17302],"class_list":["post-72968","post","type-post","status-publish","format-standard","hentry","category-biezace-wydarzenia","category-polityka-i-wydarzenia","category-tematyka","tag-anna-kosturek","tag-badanie","tag-biala-niedziela","tag-marek-kania","tag-zdrowie","main_tag-zdrowie"],"acf":[],"yoast_head":"<!-- This site is optimized with the Yoast SEO plugin v26.9 - https:\/\/yoast.com\/product\/yoast-seo-wordpress\/ -->\n<title>Podwy\u017cszona masa cia\u0142a dolegliwo\u015bci\u0105 bochnian - mojabochnia.pl - portal informacyjny<\/title>\n<meta name=\"robots\" content=\"index, follow, max-snippet:-1, max-image-preview:large, max-video-preview:-1\" \/>\n<link rel=\"canonical\" href=\"https:\/\/www.mojabochnia.pl\/?p=72968\" \/>\n<meta property=\"og:locale\" content=\"pl_PL\" \/>\n<meta property=\"og:type\" content=\"article\" \/>\n<meta property=\"og:title\" content=\"Podwy\u017cszona masa cia\u0142a dolegliwo\u015bci\u0105 bochnian - mojabochnia.pl - portal informacyjny\" \/>\n<meta property=\"og:description\" content=\"11% badanych mia\u0142o nieprawid\u0142owy poziom cukru we krwi, 33% podwy\u017cszone ci\u015bnienie, a a\u017c u 57% os\u00f3b wyst\u0105pi\u0142 podniesiony wska\u017anik masy cia\u0142a (BMI) - to wyniki niedawno przeprowadzonej akcji Bia\u0142a Niedziela w Bochni.\" \/>\n<meta property=\"og:url\" content=\"https:\/\/www.mojabochnia.pl\/?p=72968\" \/>\n<meta property=\"og:site_name\" content=\"mojabochnia.pl - portal informacyjny\" \/>\n<meta property=\"article:publisher\" content=\"https:\/\/www.facebook.com\/mojabochnia\" \/>\n<meta property=\"article:published_time\" content=\"2012-06-08T06:45:23+00:00\" \/>\n<meta name=\"author\" content=\"redakcja\" \/>\n<meta name=\"twitter:card\" content=\"summary_large_image\" \/>\n<meta name=\"twitter:label1\" content=\"Written by\" \/>\n\t<meta name=\"twitter:data1\" content=\"redakcja\" \/>\n\t<meta name=\"twitter:label2\" content=\"Est. reading time\" \/>\n\t<meta name=\"twitter:data2\" content=\"2 minuty\" \/>\n<script type=\"application\/ld+json\" class=\"yoast-schema-graph\">{\"@context\":\"https:\/\/schema.org\",\"@graph\":[{\"@type\":\"Article\",\"@id\":\"https:\/\/www.mojabochnia.pl\/?p=72968#article\",\"isPartOf\":{\"@id\":\"https:\/\/www.mojabochnia.pl\/?p=72968\"},\"author\":{\"name\":\"redakcja\",\"@id\":\"https:\/\/www.mojabochnia.pl\/#\/schema\/person\/7e2f20ead9902216a3384f13606c0ab7\"},\"headline\":\"Podwy\u017cszona masa cia\u0142a dolegliwo\u015bci\u0105 bochnian\",\"datePublished\":\"2012-06-08T06:45:23+00:00\",\"mainEntityOfPage\":{\"@id\":\"https:\/\/www.mojabochnia.pl\/?p=72968\"},\"wordCount\":424,\"commentCount\":0,\"publisher\":{\"@id\":\"https:\/\/www.mojabochnia.pl\/#organization\"},\"keywords\":[\"anna kosturek\",\"badanie\",\"bia\u0142a niedziela\",\"marek kania\",\"zdrowie\"],\"articleSection\":[\"2_ostatnie\",\"polityka i wydarzenia\",\"tematyka\"],\"inLanguage\":\"pl-PL\",\"potentialAction\":[{\"@type\":\"CommentAction\",\"name\":\"Comment\",\"target\":[\"https:\/\/www.mojabochnia.pl\/?p=72968#respond\"]}]},{\"@type\":\"WebPage\",\"@id\":\"https:\/\/www.mojabochnia.pl\/?p=72968\",\"url\":\"https:\/\/www.mojabochnia.pl\/?p=72968\",\"name\":\"Podwy\u017cszona masa cia\u0142a dolegliwo\u015bci\u0105 bochnian - mojabochnia.pl - portal informacyjny\",\"isPartOf\":{\"@id\":\"https:\/\/www.mojabochnia.pl\/#website\"},\"datePublished\":\"2012-06-08T06:45:23+00:00\",\"breadcrumb\":{\"@id\":\"https:\/\/www.mojabochnia.pl\/?p=72968#breadcrumb\"},\"inLanguage\":\"pl-PL\",\"potentialAction\":[{\"@type\":\"ReadAction\",\"target\":[\"https:\/\/www.mojabochnia.pl\/?p=72968\"]}]},{\"@type\":\"BreadcrumbList\",\"@id\":\"https:\/\/www.mojabochnia.pl\/?p=72968#breadcrumb\",\"itemListElement\":[{\"@type\":\"ListItem\",\"position\":1,\"name\":\"Home\",\"item\":\"https:\/\/www.mojabochnia.pl\/\"},{\"@type\":\"ListItem\",\"position\":2,\"name\":\"Podwy\u017cszona masa cia\u0142a dolegliwo\u015bci\u0105 bochnian\"}]},{\"@type\":\"WebSite\",\"@id\":\"https:\/\/www.mojabochnia.pl\/#website\",\"url\":\"https:\/\/www.mojabochnia.pl\/\",\"name\":\"mojabochnia.pl - portal informacyjny\",\"description\":\"mojaBochnia to portal informacyjny o Bochni. Codziennie o Bochni piszemy i pokazujemy najwa\u017cniejsze wydarzenia\",\"publisher\":{\"@id\":\"https:\/\/www.mojabochnia.pl\/#organization\"},\"potentialAction\":[{\"@type\":\"SearchAction\",\"target\":{\"@type\":\"EntryPoint\",\"urlTemplate\":\"https:\/\/www.mojabochnia.pl\/?s={search_term_string}\"},\"query-input\":{\"@type\":\"PropertyValueSpecification\",\"valueRequired\":true,\"valueName\":\"search_term_string\"}}],\"inLanguage\":\"pl-PL\"},{\"@type\":\"Organization\",\"@id\":\"https:\/\/www.mojabochnia.pl\/#organization\",\"name\":\"mojabochnia.pl - portal informacyjny\",\"url\":\"https:\/\/www.mojabochnia.pl\/\",\"logo\":{\"@type\":\"ImageObject\",\"inLanguage\":\"pl-PL\",\"@id\":\"https:\/\/www.mojabochnia.pl\/#\/schema\/logo\/image\/\",\"url\":\"https:\/\/www.mojabochnia.pl\/wp-content\/uploads\/2017\/08\/logo-mb-opt.png\",\"contentUrl\":\"https:\/\/www.mojabochnia.pl\/wp-content\/uploads\/2017\/08\/logo-mb-opt.png\",\"width\":250,\"height\":48,\"caption\":\"mojabochnia.pl - portal informacyjny\"},\"image\":{\"@id\":\"https:\/\/www.mojabochnia.pl\/#\/schema\/logo\/image\/\"},\"sameAs\":[\"https:\/\/www.facebook.com\/mojabochnia\"]},{\"@type\":\"Person\",\"@id\":\"https:\/\/www.mojabochnia.pl\/#\/schema\/person\/7e2f20ead9902216a3384f13606c0ab7\",\"name\":\"redakcja\",\"sameAs\":[\"http:\/\/\"],\"url\":\"https:\/\/www.mojabochnia.pl\/?author=13\"}]}<\/script>\n<!-- \/ Yoast SEO plugin. -->","yoast_head_json":{"title":"Podwy\u017cszona masa cia\u0142a dolegliwo\u015bci\u0105 bochnian - mojabochnia.pl - portal informacyjny","robots":{"index":"index","follow":"follow","max-snippet":"max-snippet:-1","max-image-preview":"max-image-preview:large","max-video-preview":"max-video-preview:-1"},"canonical":"https:\/\/www.mojabochnia.pl\/?p=72968","og_locale":"pl_PL","og_type":"article","og_title":"Podwy\u017cszona masa cia\u0142a dolegliwo\u015bci\u0105 bochnian - mojabochnia.pl - portal informacyjny","og_description":"11% badanych mia\u0142o nieprawid\u0142owy poziom cukru we krwi, 33% podwy\u017cszone ci\u015bnienie, a a\u017c u 57% os\u00f3b wyst\u0105pi\u0142 podniesiony wska\u017anik masy cia\u0142a (BMI) - to wyniki niedawno przeprowadzonej akcji Bia\u0142a Niedziela w Bochni.","og_url":"https:\/\/www.mojabochnia.pl\/?p=72968","og_site_name":"mojabochnia.pl - portal informacyjny","article_publisher":"https:\/\/www.facebook.com\/mojabochnia","article_published_time":"2012-06-08T06:45:23+00:00","author":"redakcja","twitter_card":"summary_large_image","twitter_misc":{"Written by":"redakcja","Est. reading time":"2 minuty"},"schema":{"@context":"https:\/\/schema.org","@graph":[{"@type":"Article","@id":"https:\/\/www.mojabochnia.pl\/?p=72968#article","isPartOf":{"@id":"https:\/\/www.mojabochnia.pl\/?p=72968"},"author":{"name":"redakcja","@id":"https:\/\/www.mojabochnia.pl\/#\/schema\/person\/7e2f20ead9902216a3384f13606c0ab7"},"headline":"Podwy\u017cszona masa cia\u0142a dolegliwo\u015bci\u0105 bochnian","datePublished":"2012-06-08T06:45:23+00:00","mainEntityOfPage":{"@id":"https:\/\/www.mojabochnia.pl\/?p=72968"},"wordCount":424,"commentCount":0,"publisher":{"@id":"https:\/\/www.mojabochnia.pl\/#organization"},"keywords":["anna kosturek","badanie","bia\u0142a niedziela","marek kania","zdrowie"],"articleSection":["2_ostatnie","polityka i wydarzenia","tematyka"],"inLanguage":"pl-PL","potentialAction":[{"@type":"CommentAction","name":"Comment","target":["https:\/\/www.mojabochnia.pl\/?p=72968#respond"]}]},{"@type":"WebPage","@id":"https:\/\/www.mojabochnia.pl\/?p=72968","url":"https:\/\/www.mojabochnia.pl\/?p=72968","name":"Podwy\u017cszona masa cia\u0142a dolegliwo\u015bci\u0105 bochnian - mojabochnia.pl - portal informacyjny","isPartOf":{"@id":"https:\/\/www.mojabochnia.pl\/#website"},"datePublished":"2012-06-08T06:45:23+00:00","breadcrumb":{"@id":"https:\/\/www.mojabochnia.pl\/?p=72968#breadcrumb"},"inLanguage":"pl-PL","potentialAction":[{"@type":"ReadAction","target":["https:\/\/www.mojabochnia.pl\/?p=72968"]}]},{"@type":"BreadcrumbList","@id":"https:\/\/www.mojabochnia.pl\/?p=72968#breadcrumb","itemListElement":[{"@type":"ListItem","position":1,"name":"Home","item":"https:\/\/www.mojabochnia.pl\/"},{"@type":"ListItem","position":2,"name":"Podwy\u017cszona masa cia\u0142a dolegliwo\u015bci\u0105 bochnian"}]},{"@type":"WebSite","@id":"https:\/\/www.mojabochnia.pl\/#website","url":"https:\/\/www.mojabochnia.pl\/","name":"mojabochnia.pl - portal informacyjny","description":"mojaBochnia to portal informacyjny o Bochni. Codziennie o Bochni piszemy i pokazujemy najwa\u017cniejsze wydarzenia","publisher":{"@id":"https:\/\/www.mojabochnia.pl\/#organization"},"potentialAction":[{"@type":"SearchAction","target":{"@type":"EntryPoint","urlTemplate":"https:\/\/www.mojabochnia.pl\/?s={search_term_string}"},"query-input":{"@type":"PropertyValueSpecification","valueRequired":true,"valueName":"search_term_string"}}],"inLanguage":"pl-PL"},{"@type":"Organization","@id":"https:\/\/www.mojabochnia.pl\/#organization","name":"mojabochnia.pl - portal informacyjny","url":"https:\/\/www.mojabochnia.pl\/","logo":{"@type":"ImageObject","inLanguage":"pl-PL","@id":"https:\/\/www.mojabochnia.pl\/#\/schema\/logo\/image\/","url":"https:\/\/www.mojabochnia.pl\/wp-content\/uploads\/2017\/08\/logo-mb-opt.png","contentUrl":"https:\/\/www.mojabochnia.pl\/wp-content\/uploads\/2017\/08\/logo-mb-opt.png","width":250,"height":48,"caption":"mojabochnia.pl - portal informacyjny"},"image":{"@id":"https:\/\/www.mojabochnia.pl\/#\/schema\/logo\/image\/"},"sameAs":["https:\/\/www.facebook.com\/mojabochnia"]},{"@type":"Person","@id":"https:\/\/www.mojabochnia.pl\/#\/schema\/person\/7e2f20ead9902216a3384f13606c0ab7","name":"redakcja","sameAs":["http:\/\/"],"url":"https:\/\/www.mojabochnia.pl\/?author=13"}]}},"_links":{"self":[{"href":"https:\/\/www.mojabochnia.pl\/index.php?rest_route=\/wp\/v2\/posts\/72968","targetHints":{"allow":["GET"]}}],"collection":[{"href":"https:\/\/www.mojabochnia.pl\/index.php?rest_route=\/wp\/v2\/posts"}],"about":[{"href":"https:\/\/www.mojabochnia.pl\/index.php?rest_route=\/wp\/v2\/types\/post"}],"author":[{"embeddable":true,"href":"https:\/\/www.mojabochnia.pl\/index.php?rest_route=\/wp\/v2\/users\/13"}],"replies":[{"embeddable":true,"href":"https:\/\/www.mojabochnia.pl\/index.php?rest_route=%2Fwp%2Fv2%2Fcomments&post=72968"}],"version-history":[{"count":2,"href":"https:\/\/www.mojabochnia.pl\/index.php?rest_route=\/wp\/v2\/posts\/72968\/revisions"}],"predecessor-version":[{"id":72970,"href":"https:\/\/www.mojabochnia.pl\/index.php?rest_route=\/wp\/v2\/posts\/72968\/revisions\/72970"}],"wp:attachment":[{"href":"https:\/\/www.mojabochnia.pl\/index.php?rest_route=%2Fwp%2Fv2%2Fmedia&parent=72968"}],"wp:term":[{"taxonomy":"category","embeddable":true,"href":"https:\/\/www.mojabochnia.pl\/index.php?rest_route=%2Fwp%2Fv2%2Fcategories&post=72968"},{"taxonomy":"post_tag","embeddable":true,"href":"https:\/\/www.mojabochnia.pl\/index.php?rest_route=%2Fwp%2Fv2%2Ftags&post=72968"}],"curies":[{"name":"wp","href":"https:\/\/api.w.org\/{rel}","templated":true}]}}