{"id":72744,"date":"2012-06-06T07:16:41","date_gmt":"2012-06-06T05:16:41","guid":{"rendered":"http:\/\/www.mojabochnia.pl\/?p=72744"},"modified":"2012-06-05T21:07:27","modified_gmt":"2012-06-05T19:07:27","slug":"28-mln-zl-z-ue-dla-lipnicy-na-przedszkole-i-gimnazjum","status":"publish","type":"post","link":"https:\/\/www.mojabochnia.pl\/?p=72744","title":{"rendered":"2,8 mln z\u0142 z UE dla Lipnicy na przedszkole i gimnazjum"},"content":{"rendered":"<p>To bardzo wa\u017cne dla lipnickiego samorz\u0105du wydarzenie sfinalizowa\u0142o ponad p\u00f3\u0142roczn\u0105 prac\u0119 nad aktualizacj\u0105 wniosku, rozpocz\u0119t\u0105 tu\u017c po podj\u0119ciu przez Zarz\u0105d Wojew\u00f3dztwa w dniu 27 wrze\u015bnia 2011 roku uchwa\u0142y, dzi\u0119ki kt\u00f3rej gmina otrzyma na to zadanie ok. 2 mln 800 tysi\u0119cy z\u0142otych dotacji. Warto\u015b\u0107 ca\u0142ego zadania przekracza kwot\u0119 4 milion\u00f3w z\u0142otych. Dofinansowanie projektu \u201eBudowa budynku przedszkola oraz gimnazjum wraz z przewi\u0105zk\u0105 \u0142\u0105cz\u0105c\u0105 Zesp\u00f3\u0142 Szk\u00f3\u0142 oraz infrastruktur\u0105 techniczn\u0105 w Lipnicy Murowanej\u201d zosta\u0142o przyznane w ramach Osi Priorytetowej 6 &#8211; Sp\u00f3jno\u015b\u0107 Mi\u0119dzyregionalna, Dzia\u0142anie 6.2B Infrastruktura Spo\u0142eczna, w tym edukacyjna i sportowa, Ma\u0142opolskiego Regionalnego Programu Operacyjnego na lata 2007 \u2013 2013 wsp\u00f3\u0142finansowanego z Europejskiego Funduszu Rozwoju Regionalnego.<\/p>\n<p><em>Dzi\u0119ki wprowadzonym zmianom w projekcie oraz we wniosku aplikacyjnym, kt\u00f3re w pe\u0142ni zosta\u0142y zaakceptowane przez Zarz\u0105d Wojew\u00f3dztwa, uda nam si\u0119 rozwi\u0105za\u0107 dwa powa\u017cne problemy. Do ko\u0144ca 2013 roku w obecnym budynku przedszkola, SANEPID warunkowo do u\u017cytku dopu\u015bci\u0142 kuchnie i sto\u0142\u00f3wk\u0119. Jeszcze w poprzedniej kadencji zamkni\u0119ty zosta\u0142 budynek gimnazjum a warunki w jakich obecnie uczy si\u0119 lipnicka m\u0142odzie\u017c oraz dzieci przedszkolne, daleko odbiegaj\u0105 od obowi\u0105zuj\u0105cych standard\u00f3w.<br \/>\nJestem przekonany, \u017ce dzisiejsze wydarzenie poprawi nastroje dzieci i ich rodzic\u00f3w, a za ok. 2 lata pozwoli na nauk\u0119 i zabaw\u0119 w nowoczesnych oraz komfortowych warunkach.<\/p>\n<p>Szczeg\u00f3lne podzi\u0119kowania kieruj\u0119 do Zarz\u0105du Wojew\u00f3dztwa za przyznanie dofinansowania oraz akceptacj\u0119 postulowanych przez nas zmian w zakresie rzeczowym i finansowym, co zosta\u0142o wyra\u017cone w przyj\u0119tych uchwa\u0142ach Zarz\u0105du z dnia 1 grudnia 2011 roku oraz 27 kwietnia 2012 roku.<br \/>\nDzi\u0119kuj\u0119 radnym obecnej kadencji, szczeg\u00f3lnie tym, kt\u00f3rzy nie tracili wiary w mo\u017cliwo\u015b\u0107 pozyskania dotacji w trudnym momencie, gdy zapad\u0142a decyzja o rezygnacji z rozpocz\u0119cia inwestycji. W poprzedniej kadencji starania o uzyskanie dotacji zako\u0144czy\u0142y si\u0119 fiaskiem a inwestycja mia\u0142a by\u0107 realizowana w 100% z kredytu, na co Gmina nie mog\u0142a sobie pozwoli\u0107. Cieszymy si\u0119 wsp\u00f3lnie, \u017ce jedno z najwi\u0119kszych zobowi\u0105za\u0144 jakie wzi\u0119li\u015bmy na swoje barki wchodzi w zaawansowan\u0105 faz\u0119 realizacji<\/em> &#8211; m\u00f3wi w\u00f3jt gminy Tomasz Gromala.<\/p>\n<p>Na zako\u0144czenie Cz\u0142onek Zarz\u0105du Stanis\u0142aw Sorys, W\u00f3jt Gminy oraz Skarbnik odebrali wykonane przez przedszkolak\u00f3w z najm\u0142odszej grupy rysunki, b\u0119d\u0105ce wizj\u0105 nowego obiektu przedszkola jako pami\u0105tka podpisania umowy. Uroczysto\u015b\u0107 odby\u0142a si\u0119 w Domu Ludowym w Lipnicy Dolnej, \u015bwiadkami tego wa\u017cnego wydarzenia byli radni Gminy Lipnica Murowana, so\u0142tysi, pracownicy Urz\u0119du Gminy, dyrektorzy i kierownicy w tym dyrektor Publicznego Przedszkola oraz wicedyrektor Zespo\u0142u Szk\u00f3\u0142 w Lipnicy Murowanej wraz z dzie\u0107mi i przedstawicielami samorz\u0105du uczniowskiego, a tak\u017ce przedstawiciele rady rodzic\u00f3w.<\/p>\n\t  \r\n\t\r\n\t    <div class=\"mb-gallery\">\r\n\t    <a href=\"https:\/\/www.mojabochnia.pl\/?attachment_id=72746\" class=\"\"><img loading=\"lazy\" decoding=\"async\" width=\"100\" height=\"56\" src=\"https:\/\/www.mojabochnia.pl\/wp-content\/uploads\/2012\/06\/DSCF8786-120x67.jpg\" class=\"attachment-100x100 size-100x100\" alt=\"\" srcset=\"https:\/\/www.mojabochnia.pl\/wp-content\/uploads\/2012\/06\/DSCF8786-120x67.jpg 120w, https:\/\/www.mojabochnia.pl\/wp-content\/uploads\/2012\/06\/DSCF8786-468x263.jpg 468w, https:\/\/www.mojabochnia.pl\/wp-content\/uploads\/2012\/06\/DSCF8786-660x371.jpg 660w, https:\/\/www.mojabochnia.pl\/wp-content\/uploads\/2012\/06\/DSCF8786.jpg 800w\" sizes=\"auto, (max-width: 100px) 100vw, 100px\" \/><\/a><a href=\"https:\/\/www.mojabochnia.pl\/?attachment_id=72747\" class=\"\"><img loading=\"lazy\" decoding=\"async\" width=\"100\" height=\"56\" src=\"https:\/\/www.mojabochnia.pl\/wp-content\/uploads\/2012\/06\/DSCF8787-120x67.jpg\" class=\"attachment-100x100 size-100x100\" alt=\"\" srcset=\"https:\/\/www.mojabochnia.pl\/wp-content\/uploads\/2012\/06\/DSCF8787-120x67.jpg 120w, https:\/\/www.mojabochnia.pl\/wp-content\/uploads\/2012\/06\/DSCF8787-468x263.jpg 468w, https:\/\/www.mojabochnia.pl\/wp-content\/uploads\/2012\/06\/DSCF8787-660x371.jpg 660w, https:\/\/www.mojabochnia.pl\/wp-content\/uploads\/2012\/06\/DSCF8787.jpg 800w\" sizes=\"auto, (max-width: 100px) 100vw, 100px\" \/><\/a><a href=\"https:\/\/www.mojabochnia.pl\/?attachment_id=72748\" class=\"\"><img loading=\"lazy\" decoding=\"async\" width=\"100\" height=\"56\" src=\"https:\/\/www.mojabochnia.pl\/wp-content\/uploads\/2012\/06\/DSCF8795-120x67.jpg\" class=\"attachment-100x100 size-100x100\" alt=\"\" srcset=\"https:\/\/www.mojabochnia.pl\/wp-content\/uploads\/2012\/06\/DSCF8795-120x67.jpg 120w, https:\/\/www.mojabochnia.pl\/wp-content\/uploads\/2012\/06\/DSCF8795-468x263.jpg 468w, https:\/\/www.mojabochnia.pl\/wp-content\/uploads\/2012\/06\/DSCF8795-660x371.jpg 660w, https:\/\/www.mojabochnia.pl\/wp-content\/uploads\/2012\/06\/DSCF8795.jpg 800w\" sizes=\"auto, (max-width: 100px) 100vw, 100px\" \/><\/a><a href=\"https:\/\/www.mojabochnia.pl\/?attachment_id=72749\" class=\"\"><img loading=\"lazy\" decoding=\"async\" width=\"100\" height=\"56\" src=\"https:\/\/www.mojabochnia.pl\/wp-content\/uploads\/2012\/06\/DSCF8799-120x67.jpg\" class=\"attachment-100x100 size-100x100\" alt=\"\" srcset=\"https:\/\/www.mojabochnia.pl\/wp-content\/uploads\/2012\/06\/DSCF8799-120x67.jpg 120w, https:\/\/www.mojabochnia.pl\/wp-content\/uploads\/2012\/06\/DSCF8799-468x263.jpg 468w, https:\/\/www.mojabochnia.pl\/wp-content\/uploads\/2012\/06\/DSCF8799-660x371.jpg 660w, https:\/\/www.mojabochnia.pl\/wp-content\/uploads\/2012\/06\/DSCF8799.jpg 800w\" sizes=\"auto, (max-width: 100px) 100vw, 100px\" \/><\/a><a href=\"https:\/\/www.mojabochnia.pl\/?attachment_id=72750\" class=\"\"><img loading=\"lazy\" decoding=\"async\" width=\"100\" height=\"56\" src=\"https:\/\/www.mojabochnia.pl\/wp-content\/uploads\/2012\/06\/DSCF8804-120x67.jpg\" class=\"attachment-100x100 size-100x100\" alt=\"\" srcset=\"https:\/\/www.mojabochnia.pl\/wp-content\/uploads\/2012\/06\/DSCF8804-120x67.jpg 120w, https:\/\/www.mojabochnia.pl\/wp-content\/uploads\/2012\/06\/DSCF8804-468x263.jpg 468w, https:\/\/www.mojabochnia.pl\/wp-content\/uploads\/2012\/06\/DSCF8804-660x371.jpg 660w, https:\/\/www.mojabochnia.pl\/wp-content\/uploads\/2012\/06\/DSCF8804.jpg 800w\" sizes=\"auto, (max-width: 100px) 100vw, 100px\" \/><\/a><a href=\"https:\/\/www.mojabochnia.pl\/?attachment_id=72751\" class=\"\"><img loading=\"lazy\" decoding=\"async\" width=\"100\" height=\"56\" src=\"https:\/\/www.mojabochnia.pl\/wp-content\/uploads\/2012\/06\/DSCF8809-120x67.jpg\" class=\"attachment-100x100 size-100x100\" alt=\"\" srcset=\"https:\/\/www.mojabochnia.pl\/wp-content\/uploads\/2012\/06\/DSCF8809-120x67.jpg 120w, https:\/\/www.mojabochnia.pl\/wp-content\/uploads\/2012\/06\/DSCF8809-468x263.jpg 468w, https:\/\/www.mojabochnia.pl\/wp-content\/uploads\/2012\/06\/DSCF8809-660x371.jpg 660w, https:\/\/www.mojabochnia.pl\/wp-content\/uploads\/2012\/06\/DSCF8809.jpg 800w\" sizes=\"auto, (max-width: 100px) 100vw, 100px\" \/><\/a><a href=\"https:\/\/www.mojabochnia.pl\/?attachment_id=72752\" class=\"\"><img loading=\"lazy\" decoding=\"async\" width=\"100\" height=\"56\" src=\"https:\/\/www.mojabochnia.pl\/wp-content\/uploads\/2012\/06\/DSCF8811-120x67.jpg\" class=\"attachment-100x100 size-100x100\" alt=\"\" srcset=\"https:\/\/www.mojabochnia.pl\/wp-content\/uploads\/2012\/06\/DSCF8811-120x67.jpg 120w, https:\/\/www.mojabochnia.pl\/wp-content\/uploads\/2012\/06\/DSCF8811-468x263.jpg 468w, https:\/\/www.mojabochnia.pl\/wp-content\/uploads\/2012\/06\/DSCF8811-660x371.jpg 660w, https:\/\/www.mojabochnia.pl\/wp-content\/uploads\/2012\/06\/DSCF8811.jpg 800w\" sizes=\"auto, (max-width: 100px) 100vw, 100px\" \/><\/a><a href=\"https:\/\/www.mojabochnia.pl\/?attachment_id=72753\" class=\"\"><img loading=\"lazy\" decoding=\"async\" width=\"100\" height=\"56\" src=\"https:\/\/www.mojabochnia.pl\/wp-content\/uploads\/2012\/06\/DSCF8813-120x67.jpg\" class=\"attachment-100x100 size-100x100\" alt=\"\" srcset=\"https:\/\/www.mojabochnia.pl\/wp-content\/uploads\/2012\/06\/DSCF8813-120x67.jpg 120w, https:\/\/www.mojabochnia.pl\/wp-content\/uploads\/2012\/06\/DSCF8813-468x263.jpg 468w, https:\/\/www.mojabochnia.pl\/wp-content\/uploads\/2012\/06\/DSCF8813-660x371.jpg 660w, https:\/\/www.mojabochnia.pl\/wp-content\/uploads\/2012\/06\/DSCF8813.jpg 800w\" sizes=\"auto, (max-width: 100px) 100vw, 100px\" \/><\/a>\t    <\/div>\r\n\t    ","protected":false},"excerpt":{"rendered":"<p>4 czerwca Cz\u0142onek Zarz\u0105du Wojew\u00f3dztwa Ma\u0142opolskiego Stanis\u0142aw Sorys i W\u00f3jt Gminy Lipnica Murowana Tomasz Gromala dokonali uroczystego podpisania umowy o dofinansowanie zadania budowy przedszkola i gimnazjum w Lipnicy Murowanej.<\/p>\n","protected":false},"author":8,"featured_media":0,"comment_status":"open","ping_status":"closed","sticky":false,"template":"","format":"standard","meta":{"_acf_changed":false,"footnotes":""},"categories":[5,6247,6246,6251,6250],"tags":[17253,17423,17125,17279,3893,17474],"class_list":["post-72744","post","type-post","status-publish","format-standard","hentry","category-biezace-wydarzenia","category-fotogaleria","category-medium","category-polityka-i-wydarzenia","category-tematyka","tag-dotacja","tag-gimnazjum","tag-lipnica","tag-przedszkole","tag-stanislaw-sorys","tag-tomasz-gromala","main_tag-lipnica-murowana"],"acf":[],"yoast_head":"<!-- This site is optimized with the Yoast SEO plugin v26.9 - https:\/\/yoast.com\/product\/yoast-seo-wordpress\/ -->\n<title>2,8 mln z\u0142 z UE dla Lipnicy na przedszkole i gimnazjum  - mojabochnia.pl - portal informacyjny<\/title>\n<meta name=\"robots\" content=\"index, follow, max-snippet:-1, max-image-preview:large, max-video-preview:-1\" \/>\n<link rel=\"canonical\" href=\"https:\/\/www.mojabochnia.pl\/?p=72744\" \/>\n<meta property=\"og:locale\" content=\"pl_PL\" \/>\n<meta property=\"og:type\" content=\"article\" \/>\n<meta property=\"og:title\" content=\"2,8 mln z\u0142 z UE dla Lipnicy na przedszkole i gimnazjum  - mojabochnia.pl - portal informacyjny\" \/>\n<meta property=\"og:description\" content=\"4 czerwca Cz\u0142onek Zarz\u0105du Wojew\u00f3dztwa Ma\u0142opolskiego Stanis\u0142aw Sorys i W\u00f3jt Gminy Lipnica Murowana Tomasz Gromala dokonali uroczystego podpisania umowy o dofinansowanie zadania budowy przedszkola i gimnazjum w Lipnicy Murowanej.\" \/>\n<meta property=\"og:url\" content=\"https:\/\/www.mojabochnia.pl\/?p=72744\" \/>\n<meta property=\"og:site_name\" content=\"mojabochnia.pl - portal informacyjny\" \/>\n<meta property=\"article:publisher\" content=\"https:\/\/www.facebook.com\/mojabochnia\" \/>\n<meta property=\"article:published_time\" content=\"2012-06-06T05:16:41+00:00\" \/>\n<meta name=\"author\" content=\"informacja prasowa\" \/>\n<meta name=\"twitter:card\" content=\"summary_large_image\" \/>\n<meta name=\"twitter:label1\" content=\"Written by\" \/>\n\t<meta name=\"twitter:data1\" content=\"informacja prasowa\" \/>\n\t<meta name=\"twitter:label2\" content=\"Est. reading time\" \/>\n\t<meta name=\"twitter:data2\" content=\"2 minuty\" \/>\n<script type=\"application\/ld+json\" class=\"yoast-schema-graph\">{\"@context\":\"https:\/\/schema.org\",\"@graph\":[{\"@type\":\"Article\",\"@id\":\"https:\/\/www.mojabochnia.pl\/?p=72744#article\",\"isPartOf\":{\"@id\":\"https:\/\/www.mojabochnia.pl\/?p=72744\"},\"author\":{\"name\":\"informacja prasowa\",\"@id\":\"https:\/\/www.mojabochnia.pl\/#\/schema\/person\/9e15cf1bcb74043790f124a3130fe41e\"},\"headline\":\"2,8 mln z\u0142 z UE dla Lipnicy na przedszkole i gimnazjum\",\"datePublished\":\"2012-06-06T05:16:41+00:00\",\"mainEntityOfPage\":{\"@id\":\"https:\/\/www.mojabochnia.pl\/?p=72744\"},\"wordCount\":466,\"commentCount\":0,\"publisher\":{\"@id\":\"https:\/\/www.mojabochnia.pl\/#organization\"},\"keywords\":[\"dotacja\",\"gimnazjum\",\"Lipnica Murowana\",\"przedszkole\",\"stanis\u0142aw sorys\",\"tomasz gromala\"],\"articleSection\":[\"2_ostatnie\",\"fotogaleria\",\"Medium\",\"polityka i wydarzenia\",\"tematyka\"],\"inLanguage\":\"pl-PL\",\"potentialAction\":[{\"@type\":\"CommentAction\",\"name\":\"Comment\",\"target\":[\"https:\/\/www.mojabochnia.pl\/?p=72744#respond\"]}]},{\"@type\":\"WebPage\",\"@id\":\"https:\/\/www.mojabochnia.pl\/?p=72744\",\"url\":\"https:\/\/www.mojabochnia.pl\/?p=72744\",\"name\":\"2,8 mln z\u0142 z UE dla Lipnicy na przedszkole i gimnazjum - mojabochnia.pl - portal informacyjny\",\"isPartOf\":{\"@id\":\"https:\/\/www.mojabochnia.pl\/#website\"},\"datePublished\":\"2012-06-06T05:16:41+00:00\",\"breadcrumb\":{\"@id\":\"https:\/\/www.mojabochnia.pl\/?p=72744#breadcrumb\"},\"inLanguage\":\"pl-PL\",\"potentialAction\":[{\"@type\":\"ReadAction\",\"target\":[\"https:\/\/www.mojabochnia.pl\/?p=72744\"]}]},{\"@type\":\"BreadcrumbList\",\"@id\":\"https:\/\/www.mojabochnia.pl\/?p=72744#breadcrumb\",\"itemListElement\":[{\"@type\":\"ListItem\",\"position\":1,\"name\":\"Home\",\"item\":\"https:\/\/www.mojabochnia.pl\/\"},{\"@type\":\"ListItem\",\"position\":2,\"name\":\"2,8 mln z\u0142 z UE dla Lipnicy na przedszkole i gimnazjum\"}]},{\"@type\":\"WebSite\",\"@id\":\"https:\/\/www.mojabochnia.pl\/#website\",\"url\":\"https:\/\/www.mojabochnia.pl\/\",\"name\":\"mojabochnia.pl - portal informacyjny\",\"description\":\"mojaBochnia to portal informacyjny o Bochni. Codziennie o Bochni piszemy i pokazujemy najwa\u017cniejsze wydarzenia\",\"publisher\":{\"@id\":\"https:\/\/www.mojabochnia.pl\/#organization\"},\"potentialAction\":[{\"@type\":\"SearchAction\",\"target\":{\"@type\":\"EntryPoint\",\"urlTemplate\":\"https:\/\/www.mojabochnia.pl\/?s={search_term_string}\"},\"query-input\":{\"@type\":\"PropertyValueSpecification\",\"valueRequired\":true,\"valueName\":\"search_term_string\"}}],\"inLanguage\":\"pl-PL\"},{\"@type\":\"Organization\",\"@id\":\"https:\/\/www.mojabochnia.pl\/#organization\",\"name\":\"mojabochnia.pl - portal informacyjny\",\"url\":\"https:\/\/www.mojabochnia.pl\/\",\"logo\":{\"@type\":\"ImageObject\",\"inLanguage\":\"pl-PL\",\"@id\":\"https:\/\/www.mojabochnia.pl\/#\/schema\/logo\/image\/\",\"url\":\"https:\/\/www.mojabochnia.pl\/wp-content\/uploads\/2017\/08\/logo-mb-opt.png\",\"contentUrl\":\"https:\/\/www.mojabochnia.pl\/wp-content\/uploads\/2017\/08\/logo-mb-opt.png\",\"width\":250,\"height\":48,\"caption\":\"mojabochnia.pl - portal informacyjny\"},\"image\":{\"@id\":\"https:\/\/www.mojabochnia.pl\/#\/schema\/logo\/image\/\"},\"sameAs\":[\"https:\/\/www.facebook.com\/mojabochnia\"]},{\"@type\":\"Person\",\"@id\":\"https:\/\/www.mojabochnia.pl\/#\/schema\/person\/9e15cf1bcb74043790f124a3130fe41e\",\"name\":\"informacja prasowa\",\"sameAs\":[\"http:\/\/\"],\"url\":\"https:\/\/www.mojabochnia.pl\/?author=8\"}]}<\/script>\n<!-- \/ Yoast SEO plugin. -->","yoast_head_json":{"title":"2,8 mln z\u0142 z UE dla Lipnicy na przedszkole i gimnazjum  - mojabochnia.pl - portal informacyjny","robots":{"index":"index","follow":"follow","max-snippet":"max-snippet:-1","max-image-preview":"max-image-preview:large","max-video-preview":"max-video-preview:-1"},"canonical":"https:\/\/www.mojabochnia.pl\/?p=72744","og_locale":"pl_PL","og_type":"article","og_title":"2,8 mln z\u0142 z UE dla Lipnicy na przedszkole i gimnazjum  - mojabochnia.pl - portal informacyjny","og_description":"4 czerwca Cz\u0142onek Zarz\u0105du Wojew\u00f3dztwa Ma\u0142opolskiego Stanis\u0142aw Sorys i W\u00f3jt Gminy Lipnica Murowana Tomasz Gromala dokonali uroczystego podpisania umowy o dofinansowanie zadania budowy przedszkola i gimnazjum w Lipnicy Murowanej.","og_url":"https:\/\/www.mojabochnia.pl\/?p=72744","og_site_name":"mojabochnia.pl - portal informacyjny","article_publisher":"https:\/\/www.facebook.com\/mojabochnia","article_published_time":"2012-06-06T05:16:41+00:00","author":"informacja prasowa","twitter_card":"summary_large_image","twitter_misc":{"Written by":"informacja prasowa","Est. reading time":"2 minuty"},"schema":{"@context":"https:\/\/schema.org","@graph":[{"@type":"Article","@id":"https:\/\/www.mojabochnia.pl\/?p=72744#article","isPartOf":{"@id":"https:\/\/www.mojabochnia.pl\/?p=72744"},"author":{"name":"informacja prasowa","@id":"https:\/\/www.mojabochnia.pl\/#\/schema\/person\/9e15cf1bcb74043790f124a3130fe41e"},"headline":"2,8 mln z\u0142 z UE dla Lipnicy na przedszkole i gimnazjum","datePublished":"2012-06-06T05:16:41+00:00","mainEntityOfPage":{"@id":"https:\/\/www.mojabochnia.pl\/?p=72744"},"wordCount":466,"commentCount":0,"publisher":{"@id":"https:\/\/www.mojabochnia.pl\/#organization"},"keywords":["dotacja","gimnazjum","Lipnica Murowana","przedszkole","stanis\u0142aw sorys","tomasz gromala"],"articleSection":["2_ostatnie","fotogaleria","Medium","polityka i wydarzenia","tematyka"],"inLanguage":"pl-PL","potentialAction":[{"@type":"CommentAction","name":"Comment","target":["https:\/\/www.mojabochnia.pl\/?p=72744#respond"]}]},{"@type":"WebPage","@id":"https:\/\/www.mojabochnia.pl\/?p=72744","url":"https:\/\/www.mojabochnia.pl\/?p=72744","name":"2,8 mln z\u0142 z UE dla Lipnicy na przedszkole i gimnazjum - mojabochnia.pl - portal informacyjny","isPartOf":{"@id":"https:\/\/www.mojabochnia.pl\/#website"},"datePublished":"2012-06-06T05:16:41+00:00","breadcrumb":{"@id":"https:\/\/www.mojabochnia.pl\/?p=72744#breadcrumb"},"inLanguage":"pl-PL","potentialAction":[{"@type":"ReadAction","target":["https:\/\/www.mojabochnia.pl\/?p=72744"]}]},{"@type":"BreadcrumbList","@id":"https:\/\/www.mojabochnia.pl\/?p=72744#breadcrumb","itemListElement":[{"@type":"ListItem","position":1,"name":"Home","item":"https:\/\/www.mojabochnia.pl\/"},{"@type":"ListItem","position":2,"name":"2,8 mln z\u0142 z UE dla Lipnicy na przedszkole i gimnazjum"}]},{"@type":"WebSite","@id":"https:\/\/www.mojabochnia.pl\/#website","url":"https:\/\/www.mojabochnia.pl\/","name":"mojabochnia.pl - portal informacyjny","description":"mojaBochnia to portal informacyjny o Bochni. Codziennie o Bochni piszemy i pokazujemy najwa\u017cniejsze wydarzenia","publisher":{"@id":"https:\/\/www.mojabochnia.pl\/#organization"},"potentialAction":[{"@type":"SearchAction","target":{"@type":"EntryPoint","urlTemplate":"https:\/\/www.mojabochnia.pl\/?s={search_term_string}"},"query-input":{"@type":"PropertyValueSpecification","valueRequired":true,"valueName":"search_term_string"}}],"inLanguage":"pl-PL"},{"@type":"Organization","@id":"https:\/\/www.mojabochnia.pl\/#organization","name":"mojabochnia.pl - portal informacyjny","url":"https:\/\/www.mojabochnia.pl\/","logo":{"@type":"ImageObject","inLanguage":"pl-PL","@id":"https:\/\/www.mojabochnia.pl\/#\/schema\/logo\/image\/","url":"https:\/\/www.mojabochnia.pl\/wp-content\/uploads\/2017\/08\/logo-mb-opt.png","contentUrl":"https:\/\/www.mojabochnia.pl\/wp-content\/uploads\/2017\/08\/logo-mb-opt.png","width":250,"height":48,"caption":"mojabochnia.pl - portal informacyjny"},"image":{"@id":"https:\/\/www.mojabochnia.pl\/#\/schema\/logo\/image\/"},"sameAs":["https:\/\/www.facebook.com\/mojabochnia"]},{"@type":"Person","@id":"https:\/\/www.mojabochnia.pl\/#\/schema\/person\/9e15cf1bcb74043790f124a3130fe41e","name":"informacja prasowa","sameAs":["http:\/\/"],"url":"https:\/\/www.mojabochnia.pl\/?author=8"}]}},"_links":{"self":[{"href":"https:\/\/www.mojabochnia.pl\/index.php?rest_route=\/wp\/v2\/posts\/72744","targetHints":{"allow":["GET"]}}],"collection":[{"href":"https:\/\/www.mojabochnia.pl\/index.php?rest_route=\/wp\/v2\/posts"}],"about":[{"href":"https:\/\/www.mojabochnia.pl\/index.php?rest_route=\/wp\/v2\/types\/post"}],"author":[{"embeddable":true,"href":"https:\/\/www.mojabochnia.pl\/index.php?rest_route=\/wp\/v2\/users\/8"}],"replies":[{"embeddable":true,"href":"https:\/\/www.mojabochnia.pl\/index.php?rest_route=%2Fwp%2Fv2%2Fcomments&post=72744"}],"version-history":[{"count":3,"href":"https:\/\/www.mojabochnia.pl\/index.php?rest_route=\/wp\/v2\/posts\/72744\/revisions"}],"predecessor-version":[{"id":72755,"href":"https:\/\/www.mojabochnia.pl\/index.php?rest_route=\/wp\/v2\/posts\/72744\/revisions\/72755"}],"wp:attachment":[{"href":"https:\/\/www.mojabochnia.pl\/index.php?rest_route=%2Fwp%2Fv2%2Fmedia&parent=72744"}],"wp:term":[{"taxonomy":"category","embeddable":true,"href":"https:\/\/www.mojabochnia.pl\/index.php?rest_route=%2Fwp%2Fv2%2Fcategories&post=72744"},{"taxonomy":"post_tag","embeddable":true,"href":"https:\/\/www.mojabochnia.pl\/index.php?rest_route=%2Fwp%2Fv2%2Ftags&post=72744"}],"curies":[{"name":"wp","href":"https:\/\/api.w.org\/{rel}","templated":true}]}}