{"id":72741,"date":"2012-06-05T20:57:24","date_gmt":"2012-06-05T18:57:24","guid":{"rendered":"http:\/\/www.mojabochnia.pl\/?p=72741"},"modified":"2012-06-05T20:57:24","modified_gmt":"2012-06-05T18:57:24","slug":"starosta-pisze-do-mieszkancow-damienic-ws-chodnika","status":"publish","type":"post","link":"https:\/\/www.mojabochnia.pl\/?p=72741","title":{"rendered":"Starosta pisze do mieszka\u0144c\u00f3w Damienic ws. chodnika"},"content":{"rendered":"<p><strong>Oto tre\u015b\u0107 listu, jaki starosta skierowa\u0142 do mieszka\u0144c\u00f3w Damienic:<\/strong><\/p>\n<p><em>Szanowni Pa\u0144stwo, <\/p>\n<p>kieruj\u0119 do Pa\u0144stwa ten list, poniewa\u017c publicznie formu\u0142owane s\u0105 nieprawdziwe zarzuty, i\u017c kwestia bezpiecze\u0144stwa w ruchu drogowym, zw\u0142aszcza ruchu pieszych w obr\u0119bie miejscowo\u015bci Damienice jest marginalizowana ze strony Powiatu. Zdecydowanie pragn\u0119 zaprzeczy\u0107 takim stwierdzeniom, na dow\u00f3d czego przedstawiam aktualne zaawansowanie i perspektyw\u0119 inwestycyjn\u0105 dla zadania dotycz\u0105cego budowy chodnika w miejscowo\u015bci Damienice. <\/p>\n<p>Starostwo Powiatowe w Bochni posiada dokumentacj\u0119 techniczn\u0105 na budow\u0119 ok. 1 700 metr\u00f3w chodnika przy drodze powiatowej K 2006 Prosz\u00f3wki \u2013 K\u0142aj tj. od Warsztat\u00f3w Terapii Zaj\u0119ciowej do Damienic. W tym roku zbudowali\u015bmy chodnik na d\u0142ugo\u015bci 150 metr\u00f3w. Na posiedzeniu w dniu 17 maja 2012 r. Zarz\u0105d Powiatu w Bochni podj\u0105\u0142 decyzj\u0119, i\u017c rokrocznie b\u0119dzie wyst\u0119powa\u0142 do Rady Powiatu w Bochni o zabezpieczenie w bud\u017cecie \u015brodk\u00f3w z przeznaczeniem na budow\u0119 w\/w chodnika w kwotach pozwalaj\u0105cych na jego realizacj\u0119 na d\u0142ugo\u015bci co najmniej takiej, jak ta w roku 2012. <\/p>\n<p>Pragn\u0119 podkre\u015bli\u0107, i\u017c Powiat Boche\u0144ski podj\u0105\u0142 si\u0119 samodzielnie sfinansowa\u0107 budow\u0119 oczekiwanego przez Pa\u0144stwa chodnika. Troska o Wasze \u017cycie i bezpiecze\u0144stwo powi\u0105zana z konieczno\u015bci\u0105 zapewnienia bezpiecze\u0144stwa w ruchu drogowym spowodowa\u0142y, i\u017c zrobiono dla Pa\u0144stwa odst\u0119pstwo od wypracowanego i zaakceptowanego modelu, gdzie realizacj\u0119 zadania drogowego przy drogach powiatowych uzale\u017cniono od wsparcia \u015brodkami z bud\u017cetu pa\u0144stwa, UE czy te\u017c samorz\u0105du gminnego. Warunki budowy chodnika w miejscowo\u015bciach Prosz\u00f3wki i Damienice maj\u0105 charakter wyj\u0105tkowy, potwierdzaj\u0105cy, i\u017c Starosta Boche\u0144ski i Zarz\u0105d Powiatu szczeg\u00f3lnie intensywnie anga\u017cuj\u0105 si\u0119 w rozwi\u0105zanie Pa\u0144stwa problemu. Tego samego za\u015b nie mo\u017cna powiedzie\u0107 o zaanga\u017cowaniu w to przedsi\u0119wzi\u0119cie Gminy Bochnia i jej reprezentanta W\u00f3jta Jerzego Lysego. <\/p>\n<p>Pozostawiam bez odpowiedzi pytanie: dlaczego W\u00f3jt nie wykazuje gotowo\u015bci do wsparcia finansowego i rzeczowego umo\u017cliwiaj\u0105cego budow\u0119 chodnika w Damienicach oraz Prosz\u00f3wkach? Znacznego wsparcia finansowego (ponad trzysta tysi\u0119cy z\u0142otych) W\u00f3jt Gminy Bochnia udzieli\u0142 w 2011 roku, kiedy Starostwo Powiatowe w Bochni wykona\u0142o m.in. nawierzchni\u0119 i umocni\u0142o pobocza oraz wyczy\u015bci\u0142o rowy w Nieszkowicach Wielkich, Zawadzie i Nieprze\u015bni, wyremontowa\u0142o r\u00f3wnie\u017c skrzy\u017cowanie, wybudowa\u0142o chodnik z kanalizacj\u0105 oraz now\u0105 nawierzchni\u0119 w Zawadzie. Czy\u017cby zatem mieszka\u0144cy Prosz\u00f3wek i Damienic nie zas\u0142ugiwali na pomoc ze strony Pana W\u00f3jta, jakiej udzieli\u0142 mieszka\u0144com innych so\u0142ectw w gminie? Dlaczego Gmina Bochnia w jednych so\u0142ectwach anga\u017cuje si\u0119 w budow\u0119 chodnik\u00f3w, a w innych &#8211; jak chocia\u017cby w Waszej \u2013 ju\u017c nie? To Pa\u0144stwo musicie wp\u0142yn\u0105\u0107 na gospodarza Gminy, by zmieni\u0142 swoje dotychczasowe nastawienie dla tego wa\u017cnego zadania. <\/p>\n<p>Postulowana przez Pa\u0144stwa budowa jest uzasadniona i zapewniam, \u017ce pomimo braku zaanga\u017cowania W\u00f3jta Gminy Bochnia w temacie realizacji budowy chodnika w Damienicach, do\u0142o\u017c\u0119 wszelkich stara\u0144, aby doprowadzi\u0107 to przedsi\u0119wzi\u0119cie do skutecznej realizacji, tak aby poruszanie si\u0119 po tej miejscowo\u015bci by\u0142o dla Pa\u0144stwa bezpieczne i wygodne. Jednocze\u015bnie zaznaczam, \u017ce w przypadku woli wsp\u00f3\u0142pracy W\u00f3jta Gminy Bochnia uda\u0142oby si\u0119 zrealizowa\u0107 wi\u0119kszy zakres inwestycyjny w Pa\u0144stwa miejscowo\u015bci, tak jak ma to miejsce w pozosta\u0142ych gminach Powiatu Boche\u0144skiego. <\/p>\n<p>Z powa\u017caniem<br \/>\nJacek Paj\u0105k<br \/>\nStarosta Boche\u0144ski<\/em><\/p>\n","protected":false},"excerpt":{"rendered":"<p>Do skrzynek pocztowych mieszka\u0144c\u00f3w Damienic (gmina Bochnia) trafi\u0142y nietypowe przesy\u0142ki: listy od starosty Jacka Paj\u0105ka. Ma to zwi\u0105zek z problemem chodnika, jakiego tamtejsza spo\u0142eczno\u015b\u0107 domaga si\u0119 za pomoc\u0105 transparentu.<\/p>\n","protected":false},"author":4,"featured_media":0,"comment_status":"open","ping_status":"closed","sticky":false,"template":"","format":"standard","meta":{"_acf_changed":false,"footnotes":""},"categories":[5,6251,6250],"tags":[7048,17527,17219,17136,17494],"class_list":["post-72741","post","type-post","status-publish","format-standard","hentry","category-biezace-wydarzenia","category-polityka-i-wydarzenia","category-tematyka","tag-baner","tag-chodnik","tag-damienice","tag-jacek-pajak","tag-starosta","main_tag-chodnik"],"acf":[],"yoast_head":"<!-- This site is optimized with the Yoast SEO plugin v26.9 - https:\/\/yoast.com\/product\/yoast-seo-wordpress\/ -->\n<title>Starosta pisze do mieszka\u0144c\u00f3w Damienic ws. chodnika - mojabochnia.pl - portal informacyjny<\/title>\n<meta name=\"robots\" content=\"index, follow, max-snippet:-1, max-image-preview:large, max-video-preview:-1\" \/>\n<link rel=\"canonical\" href=\"https:\/\/www.mojabochnia.pl\/?p=72741\" \/>\n<meta property=\"og:locale\" content=\"pl_PL\" \/>\n<meta property=\"og:type\" content=\"article\" \/>\n<meta property=\"og:title\" content=\"Starosta pisze do mieszka\u0144c\u00f3w Damienic ws. chodnika - mojabochnia.pl - portal informacyjny\" \/>\n<meta property=\"og:description\" content=\"Do skrzynek pocztowych mieszka\u0144c\u00f3w Damienic (gmina Bochnia) trafi\u0142y nietypowe przesy\u0142ki: listy od starosty Jacka Paj\u0105ka. Ma to zwi\u0105zek z problemem chodnika, jakiego tamtejsza spo\u0142eczno\u015b\u0107 domaga si\u0119 za pomoc\u0105 transparentu.\" \/>\n<meta property=\"og:url\" content=\"https:\/\/www.mojabochnia.pl\/?p=72741\" \/>\n<meta property=\"og:site_name\" content=\"mojabochnia.pl - portal informacyjny\" \/>\n<meta property=\"article:publisher\" content=\"https:\/\/www.facebook.com\/mojabochnia\" \/>\n<meta property=\"article:published_time\" content=\"2012-06-05T18:57:24+00:00\" \/>\n<meta name=\"author\" content=\"Pawe\u0142 Michalczyk\" \/>\n<meta name=\"twitter:card\" content=\"summary_large_image\" \/>\n<meta name=\"twitter:label1\" content=\"Written by\" \/>\n\t<meta name=\"twitter:data1\" content=\"Pawe\u0142 Michalczyk\" \/>\n\t<meta name=\"twitter:label2\" content=\"Est. reading time\" \/>\n\t<meta name=\"twitter:data2\" content=\"3 minuty\" \/>\n<script type=\"application\/ld+json\" class=\"yoast-schema-graph\">{\"@context\":\"https:\/\/schema.org\",\"@graph\":[{\"@type\":\"Article\",\"@id\":\"https:\/\/www.mojabochnia.pl\/?p=72741#article\",\"isPartOf\":{\"@id\":\"https:\/\/www.mojabochnia.pl\/?p=72741\"},\"author\":{\"name\":\"Pawe\u0142 Michalczyk\",\"@id\":\"https:\/\/www.mojabochnia.pl\/#\/schema\/person\/ea042e4724a77627963f02166828ead4\"},\"headline\":\"Starosta pisze do mieszka\u0144c\u00f3w Damienic ws. chodnika\",\"datePublished\":\"2012-06-05T18:57:24+00:00\",\"mainEntityOfPage\":{\"@id\":\"https:\/\/www.mojabochnia.pl\/?p=72741\"},\"wordCount\":570,\"commentCount\":0,\"publisher\":{\"@id\":\"https:\/\/www.mojabochnia.pl\/#organization\"},\"keywords\":[\"baner\",\"chodnik\",\"damienice\",\"jacek paj\u0105k\",\"starosta\"],\"articleSection\":[\"2_ostatnie\",\"polityka i wydarzenia\",\"tematyka\"],\"inLanguage\":\"pl-PL\",\"potentialAction\":[{\"@type\":\"CommentAction\",\"name\":\"Comment\",\"target\":[\"https:\/\/www.mojabochnia.pl\/?p=72741#respond\"]}]},{\"@type\":\"WebPage\",\"@id\":\"https:\/\/www.mojabochnia.pl\/?p=72741\",\"url\":\"https:\/\/www.mojabochnia.pl\/?p=72741\",\"name\":\"Starosta pisze do mieszka\u0144c\u00f3w Damienic ws. chodnika - mojabochnia.pl - portal informacyjny\",\"isPartOf\":{\"@id\":\"https:\/\/www.mojabochnia.pl\/#website\"},\"datePublished\":\"2012-06-05T18:57:24+00:00\",\"breadcrumb\":{\"@id\":\"https:\/\/www.mojabochnia.pl\/?p=72741#breadcrumb\"},\"inLanguage\":\"pl-PL\",\"potentialAction\":[{\"@type\":\"ReadAction\",\"target\":[\"https:\/\/www.mojabochnia.pl\/?p=72741\"]}]},{\"@type\":\"BreadcrumbList\",\"@id\":\"https:\/\/www.mojabochnia.pl\/?p=72741#breadcrumb\",\"itemListElement\":[{\"@type\":\"ListItem\",\"position\":1,\"name\":\"Home\",\"item\":\"https:\/\/www.mojabochnia.pl\/\"},{\"@type\":\"ListItem\",\"position\":2,\"name\":\"Starosta pisze do mieszka\u0144c\u00f3w Damienic ws. chodnika\"}]},{\"@type\":\"WebSite\",\"@id\":\"https:\/\/www.mojabochnia.pl\/#website\",\"url\":\"https:\/\/www.mojabochnia.pl\/\",\"name\":\"mojabochnia.pl - portal informacyjny\",\"description\":\"mojaBochnia to portal informacyjny o Bochni. Codziennie o Bochni piszemy i pokazujemy najwa\u017cniejsze wydarzenia\",\"publisher\":{\"@id\":\"https:\/\/www.mojabochnia.pl\/#organization\"},\"potentialAction\":[{\"@type\":\"SearchAction\",\"target\":{\"@type\":\"EntryPoint\",\"urlTemplate\":\"https:\/\/www.mojabochnia.pl\/?s={search_term_string}\"},\"query-input\":{\"@type\":\"PropertyValueSpecification\",\"valueRequired\":true,\"valueName\":\"search_term_string\"}}],\"inLanguage\":\"pl-PL\"},{\"@type\":\"Organization\",\"@id\":\"https:\/\/www.mojabochnia.pl\/#organization\",\"name\":\"mojabochnia.pl - portal informacyjny\",\"url\":\"https:\/\/www.mojabochnia.pl\/\",\"logo\":{\"@type\":\"ImageObject\",\"inLanguage\":\"pl-PL\",\"@id\":\"https:\/\/www.mojabochnia.pl\/#\/schema\/logo\/image\/\",\"url\":\"https:\/\/www.mojabochnia.pl\/wp-content\/uploads\/2017\/08\/logo-mb-opt.png\",\"contentUrl\":\"https:\/\/www.mojabochnia.pl\/wp-content\/uploads\/2017\/08\/logo-mb-opt.png\",\"width\":250,\"height\":48,\"caption\":\"mojabochnia.pl - portal informacyjny\"},\"image\":{\"@id\":\"https:\/\/www.mojabochnia.pl\/#\/schema\/logo\/image\/\"},\"sameAs\":[\"https:\/\/www.facebook.com\/mojabochnia\"]},{\"@type\":\"Person\",\"@id\":\"https:\/\/www.mojabochnia.pl\/#\/schema\/person\/ea042e4724a77627963f02166828ead4\",\"name\":\"Pawe\u0142 Michalczyk\",\"url\":\"https:\/\/www.mojabochnia.pl\/?author=4\"}]}<\/script>\n<!-- \/ Yoast SEO plugin. -->","yoast_head_json":{"title":"Starosta pisze do mieszka\u0144c\u00f3w Damienic ws. chodnika - mojabochnia.pl - portal informacyjny","robots":{"index":"index","follow":"follow","max-snippet":"max-snippet:-1","max-image-preview":"max-image-preview:large","max-video-preview":"max-video-preview:-1"},"canonical":"https:\/\/www.mojabochnia.pl\/?p=72741","og_locale":"pl_PL","og_type":"article","og_title":"Starosta pisze do mieszka\u0144c\u00f3w Damienic ws. chodnika - mojabochnia.pl - portal informacyjny","og_description":"Do skrzynek pocztowych mieszka\u0144c\u00f3w Damienic (gmina Bochnia) trafi\u0142y nietypowe przesy\u0142ki: listy od starosty Jacka Paj\u0105ka. Ma to zwi\u0105zek z problemem chodnika, jakiego tamtejsza spo\u0142eczno\u015b\u0107 domaga si\u0119 za pomoc\u0105 transparentu.","og_url":"https:\/\/www.mojabochnia.pl\/?p=72741","og_site_name":"mojabochnia.pl - portal informacyjny","article_publisher":"https:\/\/www.facebook.com\/mojabochnia","article_published_time":"2012-06-05T18:57:24+00:00","author":"Pawe\u0142 Michalczyk","twitter_card":"summary_large_image","twitter_misc":{"Written by":"Pawe\u0142 Michalczyk","Est. reading time":"3 minuty"},"schema":{"@context":"https:\/\/schema.org","@graph":[{"@type":"Article","@id":"https:\/\/www.mojabochnia.pl\/?p=72741#article","isPartOf":{"@id":"https:\/\/www.mojabochnia.pl\/?p=72741"},"author":{"name":"Pawe\u0142 Michalczyk","@id":"https:\/\/www.mojabochnia.pl\/#\/schema\/person\/ea042e4724a77627963f02166828ead4"},"headline":"Starosta pisze do mieszka\u0144c\u00f3w Damienic ws. chodnika","datePublished":"2012-06-05T18:57:24+00:00","mainEntityOfPage":{"@id":"https:\/\/www.mojabochnia.pl\/?p=72741"},"wordCount":570,"commentCount":0,"publisher":{"@id":"https:\/\/www.mojabochnia.pl\/#organization"},"keywords":["baner","chodnik","damienice","jacek paj\u0105k","starosta"],"articleSection":["2_ostatnie","polityka i wydarzenia","tematyka"],"inLanguage":"pl-PL","potentialAction":[{"@type":"CommentAction","name":"Comment","target":["https:\/\/www.mojabochnia.pl\/?p=72741#respond"]}]},{"@type":"WebPage","@id":"https:\/\/www.mojabochnia.pl\/?p=72741","url":"https:\/\/www.mojabochnia.pl\/?p=72741","name":"Starosta pisze do mieszka\u0144c\u00f3w Damienic ws. chodnika - mojabochnia.pl - portal informacyjny","isPartOf":{"@id":"https:\/\/www.mojabochnia.pl\/#website"},"datePublished":"2012-06-05T18:57:24+00:00","breadcrumb":{"@id":"https:\/\/www.mojabochnia.pl\/?p=72741#breadcrumb"},"inLanguage":"pl-PL","potentialAction":[{"@type":"ReadAction","target":["https:\/\/www.mojabochnia.pl\/?p=72741"]}]},{"@type":"BreadcrumbList","@id":"https:\/\/www.mojabochnia.pl\/?p=72741#breadcrumb","itemListElement":[{"@type":"ListItem","position":1,"name":"Home","item":"https:\/\/www.mojabochnia.pl\/"},{"@type":"ListItem","position":2,"name":"Starosta pisze do mieszka\u0144c\u00f3w Damienic ws. chodnika"}]},{"@type":"WebSite","@id":"https:\/\/www.mojabochnia.pl\/#website","url":"https:\/\/www.mojabochnia.pl\/","name":"mojabochnia.pl - portal informacyjny","description":"mojaBochnia to portal informacyjny o Bochni. Codziennie o Bochni piszemy i pokazujemy najwa\u017cniejsze wydarzenia","publisher":{"@id":"https:\/\/www.mojabochnia.pl\/#organization"},"potentialAction":[{"@type":"SearchAction","target":{"@type":"EntryPoint","urlTemplate":"https:\/\/www.mojabochnia.pl\/?s={search_term_string}"},"query-input":{"@type":"PropertyValueSpecification","valueRequired":true,"valueName":"search_term_string"}}],"inLanguage":"pl-PL"},{"@type":"Organization","@id":"https:\/\/www.mojabochnia.pl\/#organization","name":"mojabochnia.pl - portal informacyjny","url":"https:\/\/www.mojabochnia.pl\/","logo":{"@type":"ImageObject","inLanguage":"pl-PL","@id":"https:\/\/www.mojabochnia.pl\/#\/schema\/logo\/image\/","url":"https:\/\/www.mojabochnia.pl\/wp-content\/uploads\/2017\/08\/logo-mb-opt.png","contentUrl":"https:\/\/www.mojabochnia.pl\/wp-content\/uploads\/2017\/08\/logo-mb-opt.png","width":250,"height":48,"caption":"mojabochnia.pl - portal informacyjny"},"image":{"@id":"https:\/\/www.mojabochnia.pl\/#\/schema\/logo\/image\/"},"sameAs":["https:\/\/www.facebook.com\/mojabochnia"]},{"@type":"Person","@id":"https:\/\/www.mojabochnia.pl\/#\/schema\/person\/ea042e4724a77627963f02166828ead4","name":"Pawe\u0142 Michalczyk","url":"https:\/\/www.mojabochnia.pl\/?author=4"}]}},"_links":{"self":[{"href":"https:\/\/www.mojabochnia.pl\/index.php?rest_route=\/wp\/v2\/posts\/72741","targetHints":{"allow":["GET"]}}],"collection":[{"href":"https:\/\/www.mojabochnia.pl\/index.php?rest_route=\/wp\/v2\/posts"}],"about":[{"href":"https:\/\/www.mojabochnia.pl\/index.php?rest_route=\/wp\/v2\/types\/post"}],"author":[{"embeddable":true,"href":"https:\/\/www.mojabochnia.pl\/index.php?rest_route=\/wp\/v2\/users\/4"}],"replies":[{"embeddable":true,"href":"https:\/\/www.mojabochnia.pl\/index.php?rest_route=%2Fwp%2Fv2%2Fcomments&post=72741"}],"version-history":[{"count":2,"href":"https:\/\/www.mojabochnia.pl\/index.php?rest_route=\/wp\/v2\/posts\/72741\/revisions"}],"predecessor-version":[{"id":72743,"href":"https:\/\/www.mojabochnia.pl\/index.php?rest_route=\/wp\/v2\/posts\/72741\/revisions\/72743"}],"wp:attachment":[{"href":"https:\/\/www.mojabochnia.pl\/index.php?rest_route=%2Fwp%2Fv2%2Fmedia&parent=72741"}],"wp:term":[{"taxonomy":"category","embeddable":true,"href":"https:\/\/www.mojabochnia.pl\/index.php?rest_route=%2Fwp%2Fv2%2Fcategories&post=72741"},{"taxonomy":"post_tag","embeddable":true,"href":"https:\/\/www.mojabochnia.pl\/index.php?rest_route=%2Fwp%2Fv2%2Ftags&post=72741"}],"curies":[{"name":"wp","href":"https:\/\/api.w.org\/{rel}","templated":true}]}}