{"id":71811,"date":"2012-05-30T09:25:48","date_gmt":"2012-05-30T07:25:48","guid":{"rendered":"http:\/\/www.mojabochnia.pl\/?p=71811"},"modified":"2012-05-29T23:09:44","modified_gmt":"2012-05-29T21:09:44","slug":"dzien-dziecka-w-kinie-regis","status":"publish","type":"post","link":"https:\/\/www.mojabochnia.pl\/?p=71811","title":{"rendered":"Dzie\u0144 Dziecka w Kinie Regis"},"content":{"rendered":"<p>Tych zupe\u0142nie najm\u0142odszych tj. przedszkolak\u00f3w i uczni\u00f3w pierwszych klas szko\u0142y podstawowej kino zaprasza na animacj\u0119 GORYL \u015aNIE\u017bEK W BARCELONIE, seanse o godz. 11.00 i 14.00. Tych nieco starszych, m\u0142odzie\u017c i \u201eprawie\u201d doros\u0142ych na film KR\u00d3LEWNA \u015aNIE\u017bKA I \u0141OWCA \/premiera\/ o godz. 15.45, 18.00, 20.15. Na oba filmy mo\u017cna si\u0119 r\u00f3wnie\u017c wybra\u0107 w zorganizowanych grupach \u2013 dodatkowe seanse seanse 8.30 (Kr\u00f3lewna&#8230;) i 11.00 (Goryl&#8230;)<br \/>\nTylko tego dnia tj. 1 czerwca &#8211; bilety w cenie 10 z\u0142 (zar\u00f3wno dla dzieci, jak i opiekun\u00f3w). Ilo\u015b\u0107 miejsc ograniczona! Tradycyjnie przed seansami dzieci  zostan\u0105 obdarowane drobnymi s\u0142odyczami.<\/p>\n<p>Rezerwacje indywidualne pod numerem 14 611 69 35 w.27 (od godziny 14.00).<br \/>\nRezerwacje grupowe pod numerem 14 611 69 01 (w godzinach: 8.00 &#8211; 16.00).<\/p>\n<p><strong>Opisy film\u00f3w:<\/strong><\/p>\n<p>GORYL \u015aNIE\u017bEK W BARCELONIE<br \/>\nAndr\u00e9s G. Schaer<br \/>\nHiszpania; 90 min<br \/>\npolski dubbing<\/p>\n<p>Najnowszy familijny hit studia Filmax, kt\u00f3re ma na koncie takie przeboje, jak &#8222;Stefan Malutki&#8221; , &#8222;Don Chichot&#8221;, &#8222;Mysi agenci&#8221;.<\/p>\n<p>Bohaterem filmu jest wyj\u0105tkowy mieszkaniec ogrodu zoologicznego &#8211; jedyny bia\u0142y goryl na \u015bwiecie. Jego g\u0119ste, \u015bnie\u017cne futro wywo\u0142uje zachwyt wszystkich dzieci, ale dla innych cz\u0142ekokszta\u0142tnych lokator\u00f3w zoo ma\u0142piszon-albinos jest \u017ar\u00f3d\u0142em wstydu. Odtr\u0105cony i wyszydzany przez swoich ziomk\u00f3w, dzielny bia\u0142y gorylek postanawia wyruszy\u0107 w sekretn\u0105 misj\u0119 do samego serca wielkiego miasta, gdzie rezyduje wszechw\u0142adna wr\u00f3\u017cka, kt\u00f3ra jako jedyna mo\u017ce przemieni\u0107 go w zwyk\u0142ego goryla. Tak rozpoczyna si\u0119 niezwyk\u0142a przygoda sprytnej ma\u0142pki oraz towarzysz\u0105cego jej przyjaciela &#8211; weso\u0142ej czerwonej pandy. \u015acigani przez k\u0142usownik\u00f3w, wywo\u0142aj\u0105 w metropolii prawdziwe bia\u0142e szale\u0144stwo!<\/p>\n<p>Za wizualn\u0105 stron\u0119 przyg\u00f3d bia\u0142ego goryla w wielkim mie\u015bcie odpowiada Silvia Steinbrecht, autorka dekoracji do takich widowisk, jak &#8222;Pachnid\u0142o: Historia mordercy&#8221; i &#8222;Sahara&#8221;.<\/p>\n<p>du\u017ca sala<br \/>\n25-30 maja: godz. 14.15 i 16.00<br \/>\n1 czerwca 11.00 i 14.00<br \/>\n2-6 czerwca: godz. 14.00<br \/>\nb.o. <\/p>\n<p>KR\u00d3LEWNA \u015aNIE\u017bKA I \u0141OWCA<br \/>\nRupert Sanders<br \/>\nU.S.A.: 115 min<\/p>\n<p>Kristen Stewart, Charlize Theron, Chris Hemsworth, Sam Claflin i inni<br \/>\nDawno, dawno temu, w odleg\u0142ej krainie \u017cy\u0142a z\u0142a kr\u00f3lowa, kt\u00f3ra poleci\u0142a swemu my\u015bliwemu zg\u0142adzi\u0107 jedyn\u0105 niewiast\u0119 pi\u0119kniejsz\u0105 od niej samej. Nie spodziewa\u0142a si\u0119 jednak, \u017ce podw\u0142adny sprzeciwi si\u0119 jej rozkazom i zamiast zabi\u0107 Kr\u00f3lewn\u0119 \u015anie\u017ck\u0119&#8230;nauczy j\u0105 sztuki wojny. Niezwyk\u0142e nowe wcielenie legendarnej ba\u015bni autorstwa Joe Rotha. Jedna z najbardziej oczekiwanych premier roku.<\/p>\n<p>W roli Kr\u00f3lewny wyst\u0119puje gwiazda Sagi &#8222;Zmierzch&#8221; &#8211; Kristen Stewart.<\/p>\n<p>du\u017ca sala<br \/>\n1-6 czerwca: godz. 15.45, 18.00, 20.15<br \/>\n8-13 czerwca: godz. 15.00, 17.30, 20.00<br \/>\n12 lat.<\/p>\n","protected":false},"excerpt":{"rendered":"<p>Mimo rozpoczynaj\u0105cych si\u0119 ju\u017c 1 czerwca Dni Bochni &#8211; Kino Regis zaprasza dzieci i m\u0142odzie\u017c na specjalnie dedykowane seanse: GORYL \u015aNIE\u017bEK W BARCELONIE oraz KR\u00d3LEWNA \u015aNIE\u017bKA I \u0141OWCA.<\/p>\n","protected":false},"author":8,"featured_media":0,"comment_status":"open","ping_status":"closed","sticky":false,"template":"","format":"standard","meta":{"_acf_changed":false,"footnotes":""},"categories":[5,92,6250],"tags":[17326,17703,17289,17263,17444],"class_list":["post-71811","post","type-post","status-publish","format-standard","hentry","category-biezace-wydarzenia","category-kultura","category-tematyka","tag-dzieci","tag-dzien-dziecka","tag-kino","tag-kino-regis","tag-mdk","main_tag-kino-regis"],"acf":[],"yoast_head":"<!-- This site is optimized with the Yoast SEO plugin v26.9 - https:\/\/yoast.com\/product\/yoast-seo-wordpress\/ -->\n<title>Dzie\u0144 Dziecka w Kinie Regis - mojabochnia.pl - portal informacyjny<\/title>\n<meta name=\"robots\" content=\"index, follow, max-snippet:-1, max-image-preview:large, max-video-preview:-1\" \/>\n<link rel=\"canonical\" href=\"https:\/\/www.mojabochnia.pl\/?p=71811\" \/>\n<meta property=\"og:locale\" content=\"pl_PL\" \/>\n<meta property=\"og:type\" content=\"article\" \/>\n<meta property=\"og:title\" content=\"Dzie\u0144 Dziecka w Kinie Regis - mojabochnia.pl - portal informacyjny\" \/>\n<meta property=\"og:description\" content=\"Mimo rozpoczynaj\u0105cych si\u0119 ju\u017c 1 czerwca Dni Bochni - Kino Regis zaprasza dzieci i m\u0142odzie\u017c na specjalnie dedykowane seanse: GORYL \u015aNIE\u017bEK W BARCELONIE oraz KR\u00d3LEWNA \u015aNIE\u017bKA I \u0141OWCA.\" \/>\n<meta property=\"og:url\" content=\"https:\/\/www.mojabochnia.pl\/?p=71811\" \/>\n<meta property=\"og:site_name\" content=\"mojabochnia.pl - portal informacyjny\" \/>\n<meta property=\"article:publisher\" content=\"https:\/\/www.facebook.com\/mojabochnia\" \/>\n<meta property=\"article:published_time\" content=\"2012-05-30T07:25:48+00:00\" \/>\n<meta name=\"author\" content=\"informacja prasowa\" \/>\n<meta name=\"twitter:card\" content=\"summary_large_image\" \/>\n<meta name=\"twitter:label1\" content=\"Written by\" \/>\n\t<meta name=\"twitter:data1\" content=\"informacja prasowa\" \/>\n\t<meta name=\"twitter:label2\" content=\"Est. reading time\" \/>\n\t<meta name=\"twitter:data2\" content=\"2 minuty\" \/>\n<script type=\"application\/ld+json\" class=\"yoast-schema-graph\">{\"@context\":\"https:\/\/schema.org\",\"@graph\":[{\"@type\":\"Article\",\"@id\":\"https:\/\/www.mojabochnia.pl\/?p=71811#article\",\"isPartOf\":{\"@id\":\"https:\/\/www.mojabochnia.pl\/?p=71811\"},\"author\":{\"name\":\"informacja prasowa\",\"@id\":\"https:\/\/www.mojabochnia.pl\/#\/schema\/person\/9e15cf1bcb74043790f124a3130fe41e\"},\"headline\":\"Dzie\u0144 Dziecka w Kinie Regis\",\"datePublished\":\"2012-05-30T07:25:48+00:00\",\"mainEntityOfPage\":{\"@id\":\"https:\/\/www.mojabochnia.pl\/?p=71811\"},\"wordCount\":420,\"commentCount\":0,\"publisher\":{\"@id\":\"https:\/\/www.mojabochnia.pl\/#organization\"},\"keywords\":[\"dzieci\",\"dzie\u0144 dziecka\",\"Kino\",\"kino regis\",\"MDK\"],\"articleSection\":[\"2_ostatnie\",\"kultura\",\"tematyka\"],\"inLanguage\":\"pl-PL\",\"potentialAction\":[{\"@type\":\"CommentAction\",\"name\":\"Comment\",\"target\":[\"https:\/\/www.mojabochnia.pl\/?p=71811#respond\"]}]},{\"@type\":\"WebPage\",\"@id\":\"https:\/\/www.mojabochnia.pl\/?p=71811\",\"url\":\"https:\/\/www.mojabochnia.pl\/?p=71811\",\"name\":\"Dzie\u0144 Dziecka w Kinie Regis - mojabochnia.pl - portal informacyjny\",\"isPartOf\":{\"@id\":\"https:\/\/www.mojabochnia.pl\/#website\"},\"datePublished\":\"2012-05-30T07:25:48+00:00\",\"breadcrumb\":{\"@id\":\"https:\/\/www.mojabochnia.pl\/?p=71811#breadcrumb\"},\"inLanguage\":\"pl-PL\",\"potentialAction\":[{\"@type\":\"ReadAction\",\"target\":[\"https:\/\/www.mojabochnia.pl\/?p=71811\"]}]},{\"@type\":\"BreadcrumbList\",\"@id\":\"https:\/\/www.mojabochnia.pl\/?p=71811#breadcrumb\",\"itemListElement\":[{\"@type\":\"ListItem\",\"position\":1,\"name\":\"Home\",\"item\":\"https:\/\/www.mojabochnia.pl\/\"},{\"@type\":\"ListItem\",\"position\":2,\"name\":\"Dzie\u0144 Dziecka w Kinie Regis\"}]},{\"@type\":\"WebSite\",\"@id\":\"https:\/\/www.mojabochnia.pl\/#website\",\"url\":\"https:\/\/www.mojabochnia.pl\/\",\"name\":\"mojabochnia.pl - portal informacyjny\",\"description\":\"mojaBochnia to portal informacyjny o Bochni. Codziennie o Bochni piszemy i pokazujemy najwa\u017cniejsze wydarzenia\",\"publisher\":{\"@id\":\"https:\/\/www.mojabochnia.pl\/#organization\"},\"potentialAction\":[{\"@type\":\"SearchAction\",\"target\":{\"@type\":\"EntryPoint\",\"urlTemplate\":\"https:\/\/www.mojabochnia.pl\/?s={search_term_string}\"},\"query-input\":{\"@type\":\"PropertyValueSpecification\",\"valueRequired\":true,\"valueName\":\"search_term_string\"}}],\"inLanguage\":\"pl-PL\"},{\"@type\":\"Organization\",\"@id\":\"https:\/\/www.mojabochnia.pl\/#organization\",\"name\":\"mojabochnia.pl - portal informacyjny\",\"url\":\"https:\/\/www.mojabochnia.pl\/\",\"logo\":{\"@type\":\"ImageObject\",\"inLanguage\":\"pl-PL\",\"@id\":\"https:\/\/www.mojabochnia.pl\/#\/schema\/logo\/image\/\",\"url\":\"https:\/\/www.mojabochnia.pl\/wp-content\/uploads\/2017\/08\/logo-mb-opt.png\",\"contentUrl\":\"https:\/\/www.mojabochnia.pl\/wp-content\/uploads\/2017\/08\/logo-mb-opt.png\",\"width\":250,\"height\":48,\"caption\":\"mojabochnia.pl - portal informacyjny\"},\"image\":{\"@id\":\"https:\/\/www.mojabochnia.pl\/#\/schema\/logo\/image\/\"},\"sameAs\":[\"https:\/\/www.facebook.com\/mojabochnia\"]},{\"@type\":\"Person\",\"@id\":\"https:\/\/www.mojabochnia.pl\/#\/schema\/person\/9e15cf1bcb74043790f124a3130fe41e\",\"name\":\"informacja prasowa\",\"sameAs\":[\"http:\/\/\"],\"url\":\"https:\/\/www.mojabochnia.pl\/?author=8\"}]}<\/script>\n<!-- \/ Yoast SEO plugin. -->","yoast_head_json":{"title":"Dzie\u0144 Dziecka w Kinie Regis - mojabochnia.pl - portal informacyjny","robots":{"index":"index","follow":"follow","max-snippet":"max-snippet:-1","max-image-preview":"max-image-preview:large","max-video-preview":"max-video-preview:-1"},"canonical":"https:\/\/www.mojabochnia.pl\/?p=71811","og_locale":"pl_PL","og_type":"article","og_title":"Dzie\u0144 Dziecka w Kinie Regis - mojabochnia.pl - portal informacyjny","og_description":"Mimo rozpoczynaj\u0105cych si\u0119 ju\u017c 1 czerwca Dni Bochni - Kino Regis zaprasza dzieci i m\u0142odzie\u017c na specjalnie dedykowane seanse: GORYL \u015aNIE\u017bEK W BARCELONIE oraz KR\u00d3LEWNA \u015aNIE\u017bKA I \u0141OWCA.","og_url":"https:\/\/www.mojabochnia.pl\/?p=71811","og_site_name":"mojabochnia.pl - portal informacyjny","article_publisher":"https:\/\/www.facebook.com\/mojabochnia","article_published_time":"2012-05-30T07:25:48+00:00","author":"informacja prasowa","twitter_card":"summary_large_image","twitter_misc":{"Written by":"informacja prasowa","Est. reading time":"2 minuty"},"schema":{"@context":"https:\/\/schema.org","@graph":[{"@type":"Article","@id":"https:\/\/www.mojabochnia.pl\/?p=71811#article","isPartOf":{"@id":"https:\/\/www.mojabochnia.pl\/?p=71811"},"author":{"name":"informacja prasowa","@id":"https:\/\/www.mojabochnia.pl\/#\/schema\/person\/9e15cf1bcb74043790f124a3130fe41e"},"headline":"Dzie\u0144 Dziecka w Kinie Regis","datePublished":"2012-05-30T07:25:48+00:00","mainEntityOfPage":{"@id":"https:\/\/www.mojabochnia.pl\/?p=71811"},"wordCount":420,"commentCount":0,"publisher":{"@id":"https:\/\/www.mojabochnia.pl\/#organization"},"keywords":["dzieci","dzie\u0144 dziecka","Kino","kino regis","MDK"],"articleSection":["2_ostatnie","kultura","tematyka"],"inLanguage":"pl-PL","potentialAction":[{"@type":"CommentAction","name":"Comment","target":["https:\/\/www.mojabochnia.pl\/?p=71811#respond"]}]},{"@type":"WebPage","@id":"https:\/\/www.mojabochnia.pl\/?p=71811","url":"https:\/\/www.mojabochnia.pl\/?p=71811","name":"Dzie\u0144 Dziecka w Kinie Regis - mojabochnia.pl - portal informacyjny","isPartOf":{"@id":"https:\/\/www.mojabochnia.pl\/#website"},"datePublished":"2012-05-30T07:25:48+00:00","breadcrumb":{"@id":"https:\/\/www.mojabochnia.pl\/?p=71811#breadcrumb"},"inLanguage":"pl-PL","potentialAction":[{"@type":"ReadAction","target":["https:\/\/www.mojabochnia.pl\/?p=71811"]}]},{"@type":"BreadcrumbList","@id":"https:\/\/www.mojabochnia.pl\/?p=71811#breadcrumb","itemListElement":[{"@type":"ListItem","position":1,"name":"Home","item":"https:\/\/www.mojabochnia.pl\/"},{"@type":"ListItem","position":2,"name":"Dzie\u0144 Dziecka w Kinie Regis"}]},{"@type":"WebSite","@id":"https:\/\/www.mojabochnia.pl\/#website","url":"https:\/\/www.mojabochnia.pl\/","name":"mojabochnia.pl - portal informacyjny","description":"mojaBochnia to portal informacyjny o Bochni. Codziennie o Bochni piszemy i pokazujemy najwa\u017cniejsze wydarzenia","publisher":{"@id":"https:\/\/www.mojabochnia.pl\/#organization"},"potentialAction":[{"@type":"SearchAction","target":{"@type":"EntryPoint","urlTemplate":"https:\/\/www.mojabochnia.pl\/?s={search_term_string}"},"query-input":{"@type":"PropertyValueSpecification","valueRequired":true,"valueName":"search_term_string"}}],"inLanguage":"pl-PL"},{"@type":"Organization","@id":"https:\/\/www.mojabochnia.pl\/#organization","name":"mojabochnia.pl - portal informacyjny","url":"https:\/\/www.mojabochnia.pl\/","logo":{"@type":"ImageObject","inLanguage":"pl-PL","@id":"https:\/\/www.mojabochnia.pl\/#\/schema\/logo\/image\/","url":"https:\/\/www.mojabochnia.pl\/wp-content\/uploads\/2017\/08\/logo-mb-opt.png","contentUrl":"https:\/\/www.mojabochnia.pl\/wp-content\/uploads\/2017\/08\/logo-mb-opt.png","width":250,"height":48,"caption":"mojabochnia.pl - portal informacyjny"},"image":{"@id":"https:\/\/www.mojabochnia.pl\/#\/schema\/logo\/image\/"},"sameAs":["https:\/\/www.facebook.com\/mojabochnia"]},{"@type":"Person","@id":"https:\/\/www.mojabochnia.pl\/#\/schema\/person\/9e15cf1bcb74043790f124a3130fe41e","name":"informacja prasowa","sameAs":["http:\/\/"],"url":"https:\/\/www.mojabochnia.pl\/?author=8"}]}},"_links":{"self":[{"href":"https:\/\/www.mojabochnia.pl\/index.php?rest_route=\/wp\/v2\/posts\/71811","targetHints":{"allow":["GET"]}}],"collection":[{"href":"https:\/\/www.mojabochnia.pl\/index.php?rest_route=\/wp\/v2\/posts"}],"about":[{"href":"https:\/\/www.mojabochnia.pl\/index.php?rest_route=\/wp\/v2\/types\/post"}],"author":[{"embeddable":true,"href":"https:\/\/www.mojabochnia.pl\/index.php?rest_route=\/wp\/v2\/users\/8"}],"replies":[{"embeddable":true,"href":"https:\/\/www.mojabochnia.pl\/index.php?rest_route=%2Fwp%2Fv2%2Fcomments&post=71811"}],"version-history":[{"count":4,"href":"https:\/\/www.mojabochnia.pl\/index.php?rest_route=\/wp\/v2\/posts\/71811\/revisions"}],"predecessor-version":[{"id":71854,"href":"https:\/\/www.mojabochnia.pl\/index.php?rest_route=\/wp\/v2\/posts\/71811\/revisions\/71854"}],"wp:attachment":[{"href":"https:\/\/www.mojabochnia.pl\/index.php?rest_route=%2Fwp%2Fv2%2Fmedia&parent=71811"}],"wp:term":[{"taxonomy":"category","embeddable":true,"href":"https:\/\/www.mojabochnia.pl\/index.php?rest_route=%2Fwp%2Fv2%2Fcategories&post=71811"},{"taxonomy":"post_tag","embeddable":true,"href":"https:\/\/www.mojabochnia.pl\/index.php?rest_route=%2Fwp%2Fv2%2Ftags&post=71811"}],"curies":[{"name":"wp","href":"https:\/\/api.w.org\/{rel}","templated":true}]}}