{"id":70949,"date":"2012-05-16T12:01:25","date_gmt":"2012-05-16T10:01:25","guid":{"rendered":"http:\/\/www.mojabochnia.pl\/?p=70949"},"modified":"2012-05-21T10:30:55","modified_gmt":"2012-05-21T08:30:55","slug":"damienice-walcza-o-chodnik-banerem-bedzie-blokada","status":"publish","type":"post","link":"https:\/\/www.mojabochnia.pl\/?p=70949","title":{"rendered":"Damienice: walcz\u0105 o chodnik banerem. B\u0119dzie blokada?"},"content":{"rendered":"<p>Mieszka\u0144cy m\u00f3wi\u0105, \u017ce zw\u0142aszcza w weekendy ruch przez Damienice jest nie do zniesienia. Kierowcy jad\u0105cy z autostrady omijaj\u0105 korek w \u0141apczycy i wybieraj\u0105 alternatywny przejazd w\u0142a\u015bnie przez t\u0119 miejscowo\u015b\u0107. <\/p>\n<p><em>Dzieci w og\u00f3le nie mog\u0105 przej\u015b\u0107 na drug\u0105 stron\u0119 drogi do szko\u0142y. Ci\u0119\u017car\u00f3wka przeje\u017cd\u017ca i dziecko praktycznie jest porywane z wiatrem. Naprawd\u0119 jest bardzo, bardzo niebezpiecznie<\/em> \u2013 m\u00f3wi jedna z mieszkanek. <\/p>\n<p>Uczniowie miejscowej szko\u0142y przyznaj\u0105, \u017ce nie jest im \u0142atwo pokonywa\u0107 drog\u0119 z domu do szko\u0142y. <em>Szczeg\u00f3lnie jak wracamy ze szko\u0142y, ludzie jad\u0105 z pracy i jest bardzo niebezpiecznie. Pog\u0142\u0119biono jeszcze teraz rowy i w og\u00f3le nie ma pobocza, \u017ceby przej\u015b\u0107<\/em> \u2013 skar\u017cy si\u0119 jedna z uczennic.  <\/p>\n<p><em>Na odcinku od Prosz\u00f3wek do Stanis\u0142awic jest konieczno\u015b\u0107 budowy chodnika. Jest bardzo w\u0105sko, a nat\u0119\u017cenie ruchu jest ogromne. W Stanis\u0142awicach by\u0142y ze 2 potr\u0105cenia \u015bmiertelne <\/em>\u2013 m\u00f3wi pan W\u0142adys\u0142aw.<\/p>\n<p><em>U\u017cytkownikami s\u0105 dzieci dochodz\u0105ce do szko\u0142y w Damienicach, rowerzy\u015bci. Sama nieraz je\u017cd\u017c\u0119 z dusz\u0105 na ramieniu do Prosz\u00f3wek, dlatego \u017ce kierowcy je\u017cd\u017c\u0105 szybko, wyprzedzaj\u0105 na trzeciego, jest bardzo niebezpiecznie. Poboczy nie ma, po obu stronach drogi s\u0105 do\u015b\u0107 g\u0142\u0119bokie rowy. Ruch jest nie do zniesienia, jak \u015bwiat\u0142a z autostrady puszczaj\u0105, to ca\u0142e sznury samochod\u00f3w jad\u0105. Czy musi doj\u015b\u0107 do tragedii, \u017ceby kto\u015b si\u0119 nad nami zlitowa\u0142?<\/em> \u2013 zastanawia si\u0119 Bo\u017cena Wo\u017aniak, so\u0142tys Damienic.<\/p>\n<p>Wiele wskazuje na to, \u017ce blokada drogi powiatowej jest tylko kwesti\u0105 czasu. <em>Mieszka\u0144cy s\u0105 doprowadzeni do tego, \u017ce je\u017celi starostwo nic w tej kwestii nie zrobi, s\u0105 zdesperowani i powiedzieli \u017ce wyjd\u0105 na drog\u0119<\/em> &#8211; dodaje so\u0142tys. <\/p>\n<p>Tomasz Ca\u0142ka, wicestarosta boche\u0144ski, zapewnia \u017ce trwaj\u0105 przygotowania do budowy chodnika. <em>Zlecili\u015bmy wykonanie dokumentacji projektowej na ponad 1,6 km chodnika od Warsztat\u00f3w Terapii Zaj\u0119ciowej w Prosz\u00f3wkach do jednego ze skrzy\u017cowa\u0144 na Damienice<\/em>. Na razie wybudowano 150 m chodnika.<\/p>\n<p>Wicestarosta dodaje jednak, \u017ce w bud\u017cecie powiatu nie ma pieni\u0119dzy na ten cel. Wed\u0142ug jego szacunk\u00f3w chodzi nawet o 1,5 mln z\u0142. Dlatego w\u0142adze powiatu chc\u0105, \u017ceby do inwestycji do\u0142o\u017cy\u0142a si\u0119 gmina Bochnia, na terenie kt\u00f3rej le\u017c\u0105 Damienice. <em>Zawsze by\u0142y deklaracje, poruszane na wielu zebraniach, \u017ce w\u00f3jt gminy Bochnia jest zainteresowany dalsz\u0105 realizacje tego chodnika. Dlatego nie jest dla nas zrozumia\u0142e, dlaczego w\u00f3jt nie chce do\u0142o\u017cy\u0107 si\u0119 do jego realizacji, jak to robi\u0105 inni w\u00f3jtowie<\/em> \u2013 dodaje Tomasz Ca\u0142ka.<\/p>\n<p>W\u00f3jt Jerzy Lysy wyja\u015bnia, \u017ce gmina Bochnia jesieni\u0105 wyst\u0105pi\u0142a o przej\u0119cie dr\u00f3g powiatowych na swoim terenie. Spotka\u0142a si\u0119 jednak z odmow\u0105. <em>W tym kontek\u015bcie narzekania starosty, \u017ce nie dajemy mu gminnych pieni\u0119dzy na jego drogi jawi\u0105 si\u0119 jako ponury \u017cart. Zachowuje si\u0119, jak pies ogrodnika: sam nie jest w stanie ze\u017cre\u0107 problemu, jakim s\u0105 niew\u0105tpliwie drogi powiatowe, a jednocze\u015bnie nie pozwala gminom przej\u0105\u0107 tych dr\u00f3g. Rozumiem, \u017ce w kontek\u015bcie jest jedna wielka obawa: po prostu wszystkie gminy z czasem odbior\u0105 te drogi i inne kompetencje i oka\u017ce si\u0119, \u017ce powiaty s\u0105 nikomu niepotrzebne. A prosz\u0119 pami\u0119ta\u0107, powiat boche\u0144ski to w tej chwili blisko 200 os\u00f3b zatrudnionych w samym urz\u0119dzie<\/em> \u2013 m\u00f3wi w\u00f3jt. <\/p>\n<p>W\u00f3jt dodaje, \u017ce gmina wielokrotnie deklarowa\u0142a dofinansowanie budowy chodnika w Damienicach. <em>Nasze wnioski \u0142\u0105cznie z deklaracjami finansowymi sp\u0142ywa\u0142y od 5-6 lat. Co roku s\u0105 one bagatelizowane, wr\u0119cz m\u00f3wi\u0105c kolokwialnie olewane. Nie chodzi o to, ze samorz\u0105d gminy mo\u017ce mie\u0107 z tego tytu\u0142u pretensje. To ludzie maj\u0105 ogromne pretensje. Uwa\u017cam, \u017ce jakikolwiek protest w tej chwili tam by si\u0119 odby\u0142, to b\u0119dzie on protestem s\u0142usznym. I my ten protest popieramy<\/em> \u2013 dodaje Jerzy Lysy.<\/p>\n<p>Mieszka\u0144cy Damienic maj\u0105 nadziej\u0119, \u017ce w\u0142adze powiatu oraz gminy dojd\u0105 do porozumienia. <em>Nie wiem, o co chodzi, o to kto jest wa\u017cniejszy? Bo ma drog\u0119? A cierpi kto? Ten, kt\u00f3rego dotyczy spraw<\/em>a \u2013 konkluduje mieszkanka Damienic. <\/p>\n\t  \r\n\t\r\n\t    <div class=\"mb-gallery\">\r\n\t    <a href=\"https:\/\/www.mojabochnia.pl\/?attachment_id=70951\" class=\"\"><img loading=\"lazy\" decoding=\"async\" width=\"100\" height=\"56\" src=\"https:\/\/www.mojabochnia.pl\/wp-content\/uploads\/2012\/05\/IMG_9930-120x67.jpg\" class=\"attachment-100x100 size-100x100\" alt=\"\" srcset=\"https:\/\/www.mojabochnia.pl\/wp-content\/uploads\/2012\/05\/IMG_9930-120x67.jpg 120w, https:\/\/www.mojabochnia.pl\/wp-content\/uploads\/2012\/05\/IMG_9930-468x263.jpg 468w, https:\/\/www.mojabochnia.pl\/wp-content\/uploads\/2012\/05\/IMG_9930-660x371.jpg 660w, https:\/\/www.mojabochnia.pl\/wp-content\/uploads\/2012\/05\/IMG_9930.jpg 800w\" sizes=\"auto, (max-width: 100px) 100vw, 100px\" \/><\/a><a href=\"https:\/\/www.mojabochnia.pl\/?attachment_id=70952\" class=\"\"><img loading=\"lazy\" decoding=\"async\" width=\"100\" height=\"56\" src=\"https:\/\/www.mojabochnia.pl\/wp-content\/uploads\/2012\/05\/IMG_9931-120x67.jpg\" class=\"attachment-100x100 size-100x100\" alt=\"\" srcset=\"https:\/\/www.mojabochnia.pl\/wp-content\/uploads\/2012\/05\/IMG_9931-120x67.jpg 120w, https:\/\/www.mojabochnia.pl\/wp-content\/uploads\/2012\/05\/IMG_9931-468x263.jpg 468w, https:\/\/www.mojabochnia.pl\/wp-content\/uploads\/2012\/05\/IMG_9931-660x371.jpg 660w, https:\/\/www.mojabochnia.pl\/wp-content\/uploads\/2012\/05\/IMG_9931.jpg 800w\" sizes=\"auto, (max-width: 100px) 100vw, 100px\" \/><\/a><a href=\"https:\/\/www.mojabochnia.pl\/?attachment_id=70953\" class=\"\"><img loading=\"lazy\" decoding=\"async\" width=\"100\" height=\"56\" src=\"https:\/\/www.mojabochnia.pl\/wp-content\/uploads\/2012\/05\/IMG_9934-120x67.jpg\" class=\"attachment-100x100 size-100x100\" alt=\"\" srcset=\"https:\/\/www.mojabochnia.pl\/wp-content\/uploads\/2012\/05\/IMG_9934-120x67.jpg 120w, https:\/\/www.mojabochnia.pl\/wp-content\/uploads\/2012\/05\/IMG_9934-468x263.jpg 468w, https:\/\/www.mojabochnia.pl\/wp-content\/uploads\/2012\/05\/IMG_9934-660x371.jpg 660w, https:\/\/www.mojabochnia.pl\/wp-content\/uploads\/2012\/05\/IMG_9934.jpg 800w\" sizes=\"auto, (max-width: 100px) 100vw, 100px\" \/><\/a><a href=\"https:\/\/www.mojabochnia.pl\/?attachment_id=70954\" class=\"\"><img loading=\"lazy\" decoding=\"async\" width=\"100\" height=\"56\" src=\"https:\/\/www.mojabochnia.pl\/wp-content\/uploads\/2012\/05\/IMG_9937-120x67.jpg\" class=\"attachment-100x100 size-100x100\" alt=\"\" srcset=\"https:\/\/www.mojabochnia.pl\/wp-content\/uploads\/2012\/05\/IMG_9937-120x67.jpg 120w, https:\/\/www.mojabochnia.pl\/wp-content\/uploads\/2012\/05\/IMG_9937-468x263.jpg 468w, https:\/\/www.mojabochnia.pl\/wp-content\/uploads\/2012\/05\/IMG_9937-660x371.jpg 660w, https:\/\/www.mojabochnia.pl\/wp-content\/uploads\/2012\/05\/IMG_9937.jpg 800w\" sizes=\"auto, (max-width: 100px) 100vw, 100px\" \/><\/a>\t    <\/div>\r\n\t    ","protected":false},"excerpt":{"rendered":"<p>Mieszka\u0144cy Damienic (gm. Bochnia) gro\u017c\u0105 blokad\u0105 drogi. W ten spos\u00f3b walcz\u0105 o budow\u0119 chodnika. O tym, \u017ce s\u0105 zdesperowani \u015bwiadczy baner z napisem \u201eChcemy chodnika, nie starosty polityka\u201d. <\/p>\n","protected":false},"author":4,"featured_media":0,"comment_status":"open","ping_status":"closed","sticky":true,"template":"","format":"standard","meta":{"_acf_changed":false,"footnotes":""},"categories":[5,6247,6246,6251,6250],"tags":[7048,17527,17219,17136,17215,17494,17493],"class_list":["post-70949","post","type-post","status-publish","format-standard","hentry","category-biezace-wydarzenia","category-fotogaleria","category-medium","category-polityka-i-wydarzenia","category-tematyka","tag-baner","tag-chodnik","tag-damienice","tag-jacek-pajak","tag-jerzy-lysy","tag-starosta","tag-wojt","main_tag-chodnik"],"acf":[],"yoast_head":"<!-- This site is optimized with the Yoast SEO plugin v26.9 - https:\/\/yoast.com\/product\/yoast-seo-wordpress\/ -->\n<title>Damienice: walcz\u0105 o chodnik banerem. B\u0119dzie blokada? - mojabochnia.pl - portal informacyjny<\/title>\n<meta name=\"robots\" content=\"index, follow, max-snippet:-1, max-image-preview:large, max-video-preview:-1\" \/>\n<link rel=\"canonical\" href=\"https:\/\/www.mojabochnia.pl\/?p=70949\" \/>\n<meta property=\"og:locale\" content=\"pl_PL\" \/>\n<meta property=\"og:type\" content=\"article\" \/>\n<meta property=\"og:title\" content=\"Damienice: walcz\u0105 o chodnik banerem. B\u0119dzie blokada? - mojabochnia.pl - portal informacyjny\" \/>\n<meta property=\"og:description\" content=\"Mieszka\u0144cy Damienic (gm. Bochnia) gro\u017c\u0105 blokad\u0105 drogi. W ten spos\u00f3b walcz\u0105 o budow\u0119 chodnika. O tym, \u017ce s\u0105 zdesperowani \u015bwiadczy baner z napisem \u201eChcemy chodnika, nie starosty polityka\u201d.\" \/>\n<meta property=\"og:url\" content=\"https:\/\/www.mojabochnia.pl\/?p=70949\" \/>\n<meta property=\"og:site_name\" content=\"mojabochnia.pl - portal informacyjny\" \/>\n<meta property=\"article:publisher\" content=\"https:\/\/www.facebook.com\/mojabochnia\" \/>\n<meta property=\"article:published_time\" content=\"2012-05-16T10:01:25+00:00\" \/>\n<meta property=\"article:modified_time\" content=\"2012-05-21T08:30:55+00:00\" \/>\n<meta name=\"author\" content=\"Pawe\u0142 Michalczyk\" \/>\n<meta name=\"twitter:card\" content=\"summary_large_image\" \/>\n<meta name=\"twitter:label1\" content=\"Written by\" \/>\n\t<meta name=\"twitter:data1\" content=\"Pawe\u0142 Michalczyk\" \/>\n\t<meta name=\"twitter:label2\" content=\"Est. reading time\" \/>\n\t<meta name=\"twitter:data2\" content=\"3 minuty\" \/>\n<script type=\"application\/ld+json\" class=\"yoast-schema-graph\">{\"@context\":\"https:\/\/schema.org\",\"@graph\":[{\"@type\":\"Article\",\"@id\":\"https:\/\/www.mojabochnia.pl\/?p=70949#article\",\"isPartOf\":{\"@id\":\"https:\/\/www.mojabochnia.pl\/?p=70949\"},\"author\":{\"name\":\"Pawe\u0142 Michalczyk\",\"@id\":\"https:\/\/www.mojabochnia.pl\/#\/schema\/person\/ea042e4724a77627963f02166828ead4\"},\"headline\":\"Damienice: walcz\u0105 o chodnik banerem. B\u0119dzie blokada?\",\"datePublished\":\"2012-05-16T10:01:25+00:00\",\"dateModified\":\"2012-05-21T08:30:55+00:00\",\"mainEntityOfPage\":{\"@id\":\"https:\/\/www.mojabochnia.pl\/?p=70949\"},\"wordCount\":687,\"commentCount\":0,\"publisher\":{\"@id\":\"https:\/\/www.mojabochnia.pl\/#organization\"},\"keywords\":[\"baner\",\"chodnik\",\"damienice\",\"jacek paj\u0105k\",\"jerzy lysy\",\"starosta\",\"w\u00f3jt\"],\"articleSection\":[\"2_ostatnie\",\"fotogaleria\",\"Medium\",\"polityka i wydarzenia\",\"tematyka\"],\"inLanguage\":\"pl-PL\",\"potentialAction\":[{\"@type\":\"CommentAction\",\"name\":\"Comment\",\"target\":[\"https:\/\/www.mojabochnia.pl\/?p=70949#respond\"]}]},{\"@type\":\"WebPage\",\"@id\":\"https:\/\/www.mojabochnia.pl\/?p=70949\",\"url\":\"https:\/\/www.mojabochnia.pl\/?p=70949\",\"name\":\"Damienice: walcz\u0105 o chodnik banerem. B\u0119dzie blokada? - mojabochnia.pl - portal informacyjny\",\"isPartOf\":{\"@id\":\"https:\/\/www.mojabochnia.pl\/#website\"},\"datePublished\":\"2012-05-16T10:01:25+00:00\",\"dateModified\":\"2012-05-21T08:30:55+00:00\",\"breadcrumb\":{\"@id\":\"https:\/\/www.mojabochnia.pl\/?p=70949#breadcrumb\"},\"inLanguage\":\"pl-PL\",\"potentialAction\":[{\"@type\":\"ReadAction\",\"target\":[\"https:\/\/www.mojabochnia.pl\/?p=70949\"]}]},{\"@type\":\"BreadcrumbList\",\"@id\":\"https:\/\/www.mojabochnia.pl\/?p=70949#breadcrumb\",\"itemListElement\":[{\"@type\":\"ListItem\",\"position\":1,\"name\":\"Home\",\"item\":\"https:\/\/www.mojabochnia.pl\/\"},{\"@type\":\"ListItem\",\"position\":2,\"name\":\"Damienice: walcz\u0105 o chodnik banerem. B\u0119dzie blokada?\"}]},{\"@type\":\"WebSite\",\"@id\":\"https:\/\/www.mojabochnia.pl\/#website\",\"url\":\"https:\/\/www.mojabochnia.pl\/\",\"name\":\"mojabochnia.pl - portal informacyjny\",\"description\":\"mojaBochnia to portal informacyjny o Bochni. Codziennie o Bochni piszemy i pokazujemy najwa\u017cniejsze wydarzenia\",\"publisher\":{\"@id\":\"https:\/\/www.mojabochnia.pl\/#organization\"},\"potentialAction\":[{\"@type\":\"SearchAction\",\"target\":{\"@type\":\"EntryPoint\",\"urlTemplate\":\"https:\/\/www.mojabochnia.pl\/?s={search_term_string}\"},\"query-input\":{\"@type\":\"PropertyValueSpecification\",\"valueRequired\":true,\"valueName\":\"search_term_string\"}}],\"inLanguage\":\"pl-PL\"},{\"@type\":\"Organization\",\"@id\":\"https:\/\/www.mojabochnia.pl\/#organization\",\"name\":\"mojabochnia.pl - portal informacyjny\",\"url\":\"https:\/\/www.mojabochnia.pl\/\",\"logo\":{\"@type\":\"ImageObject\",\"inLanguage\":\"pl-PL\",\"@id\":\"https:\/\/www.mojabochnia.pl\/#\/schema\/logo\/image\/\",\"url\":\"https:\/\/www.mojabochnia.pl\/wp-content\/uploads\/2017\/08\/logo-mb-opt.png\",\"contentUrl\":\"https:\/\/www.mojabochnia.pl\/wp-content\/uploads\/2017\/08\/logo-mb-opt.png\",\"width\":250,\"height\":48,\"caption\":\"mojabochnia.pl - portal informacyjny\"},\"image\":{\"@id\":\"https:\/\/www.mojabochnia.pl\/#\/schema\/logo\/image\/\"},\"sameAs\":[\"https:\/\/www.facebook.com\/mojabochnia\"]},{\"@type\":\"Person\",\"@id\":\"https:\/\/www.mojabochnia.pl\/#\/schema\/person\/ea042e4724a77627963f02166828ead4\",\"name\":\"Pawe\u0142 Michalczyk\",\"url\":\"https:\/\/www.mojabochnia.pl\/?author=4\"}]}<\/script>\n<!-- \/ Yoast SEO plugin. -->","yoast_head_json":{"title":"Damienice: walcz\u0105 o chodnik banerem. B\u0119dzie blokada? - mojabochnia.pl - portal informacyjny","robots":{"index":"index","follow":"follow","max-snippet":"max-snippet:-1","max-image-preview":"max-image-preview:large","max-video-preview":"max-video-preview:-1"},"canonical":"https:\/\/www.mojabochnia.pl\/?p=70949","og_locale":"pl_PL","og_type":"article","og_title":"Damienice: walcz\u0105 o chodnik banerem. B\u0119dzie blokada? - mojabochnia.pl - portal informacyjny","og_description":"Mieszka\u0144cy Damienic (gm. Bochnia) gro\u017c\u0105 blokad\u0105 drogi. W ten spos\u00f3b walcz\u0105 o budow\u0119 chodnika. O tym, \u017ce s\u0105 zdesperowani \u015bwiadczy baner z napisem \u201eChcemy chodnika, nie starosty polityka\u201d.","og_url":"https:\/\/www.mojabochnia.pl\/?p=70949","og_site_name":"mojabochnia.pl - portal informacyjny","article_publisher":"https:\/\/www.facebook.com\/mojabochnia","article_published_time":"2012-05-16T10:01:25+00:00","article_modified_time":"2012-05-21T08:30:55+00:00","author":"Pawe\u0142 Michalczyk","twitter_card":"summary_large_image","twitter_misc":{"Written by":"Pawe\u0142 Michalczyk","Est. reading time":"3 minuty"},"schema":{"@context":"https:\/\/schema.org","@graph":[{"@type":"Article","@id":"https:\/\/www.mojabochnia.pl\/?p=70949#article","isPartOf":{"@id":"https:\/\/www.mojabochnia.pl\/?p=70949"},"author":{"name":"Pawe\u0142 Michalczyk","@id":"https:\/\/www.mojabochnia.pl\/#\/schema\/person\/ea042e4724a77627963f02166828ead4"},"headline":"Damienice: walcz\u0105 o chodnik banerem. B\u0119dzie blokada?","datePublished":"2012-05-16T10:01:25+00:00","dateModified":"2012-05-21T08:30:55+00:00","mainEntityOfPage":{"@id":"https:\/\/www.mojabochnia.pl\/?p=70949"},"wordCount":687,"commentCount":0,"publisher":{"@id":"https:\/\/www.mojabochnia.pl\/#organization"},"keywords":["baner","chodnik","damienice","jacek paj\u0105k","jerzy lysy","starosta","w\u00f3jt"],"articleSection":["2_ostatnie","fotogaleria","Medium","polityka i wydarzenia","tematyka"],"inLanguage":"pl-PL","potentialAction":[{"@type":"CommentAction","name":"Comment","target":["https:\/\/www.mojabochnia.pl\/?p=70949#respond"]}]},{"@type":"WebPage","@id":"https:\/\/www.mojabochnia.pl\/?p=70949","url":"https:\/\/www.mojabochnia.pl\/?p=70949","name":"Damienice: walcz\u0105 o chodnik banerem. B\u0119dzie blokada? - mojabochnia.pl - portal informacyjny","isPartOf":{"@id":"https:\/\/www.mojabochnia.pl\/#website"},"datePublished":"2012-05-16T10:01:25+00:00","dateModified":"2012-05-21T08:30:55+00:00","breadcrumb":{"@id":"https:\/\/www.mojabochnia.pl\/?p=70949#breadcrumb"},"inLanguage":"pl-PL","potentialAction":[{"@type":"ReadAction","target":["https:\/\/www.mojabochnia.pl\/?p=70949"]}]},{"@type":"BreadcrumbList","@id":"https:\/\/www.mojabochnia.pl\/?p=70949#breadcrumb","itemListElement":[{"@type":"ListItem","position":1,"name":"Home","item":"https:\/\/www.mojabochnia.pl\/"},{"@type":"ListItem","position":2,"name":"Damienice: walcz\u0105 o chodnik banerem. B\u0119dzie blokada?"}]},{"@type":"WebSite","@id":"https:\/\/www.mojabochnia.pl\/#website","url":"https:\/\/www.mojabochnia.pl\/","name":"mojabochnia.pl - portal informacyjny","description":"mojaBochnia to portal informacyjny o Bochni. Codziennie o Bochni piszemy i pokazujemy najwa\u017cniejsze wydarzenia","publisher":{"@id":"https:\/\/www.mojabochnia.pl\/#organization"},"potentialAction":[{"@type":"SearchAction","target":{"@type":"EntryPoint","urlTemplate":"https:\/\/www.mojabochnia.pl\/?s={search_term_string}"},"query-input":{"@type":"PropertyValueSpecification","valueRequired":true,"valueName":"search_term_string"}}],"inLanguage":"pl-PL"},{"@type":"Organization","@id":"https:\/\/www.mojabochnia.pl\/#organization","name":"mojabochnia.pl - portal informacyjny","url":"https:\/\/www.mojabochnia.pl\/","logo":{"@type":"ImageObject","inLanguage":"pl-PL","@id":"https:\/\/www.mojabochnia.pl\/#\/schema\/logo\/image\/","url":"https:\/\/www.mojabochnia.pl\/wp-content\/uploads\/2017\/08\/logo-mb-opt.png","contentUrl":"https:\/\/www.mojabochnia.pl\/wp-content\/uploads\/2017\/08\/logo-mb-opt.png","width":250,"height":48,"caption":"mojabochnia.pl - portal informacyjny"},"image":{"@id":"https:\/\/www.mojabochnia.pl\/#\/schema\/logo\/image\/"},"sameAs":["https:\/\/www.facebook.com\/mojabochnia"]},{"@type":"Person","@id":"https:\/\/www.mojabochnia.pl\/#\/schema\/person\/ea042e4724a77627963f02166828ead4","name":"Pawe\u0142 Michalczyk","url":"https:\/\/www.mojabochnia.pl\/?author=4"}]}},"_links":{"self":[{"href":"https:\/\/www.mojabochnia.pl\/index.php?rest_route=\/wp\/v2\/posts\/70949","targetHints":{"allow":["GET"]}}],"collection":[{"href":"https:\/\/www.mojabochnia.pl\/index.php?rest_route=\/wp\/v2\/posts"}],"about":[{"href":"https:\/\/www.mojabochnia.pl\/index.php?rest_route=\/wp\/v2\/types\/post"}],"author":[{"embeddable":true,"href":"https:\/\/www.mojabochnia.pl\/index.php?rest_route=\/wp\/v2\/users\/4"}],"replies":[{"embeddable":true,"href":"https:\/\/www.mojabochnia.pl\/index.php?rest_route=%2Fwp%2Fv2%2Fcomments&post=70949"}],"version-history":[{"count":10,"href":"https:\/\/www.mojabochnia.pl\/index.php?rest_route=\/wp\/v2\/posts\/70949\/revisions"}],"predecessor-version":[{"id":71183,"href":"https:\/\/www.mojabochnia.pl\/index.php?rest_route=\/wp\/v2\/posts\/70949\/revisions\/71183"}],"wp:attachment":[{"href":"https:\/\/www.mojabochnia.pl\/index.php?rest_route=%2Fwp%2Fv2%2Fmedia&parent=70949"}],"wp:term":[{"taxonomy":"category","embeddable":true,"href":"https:\/\/www.mojabochnia.pl\/index.php?rest_route=%2Fwp%2Fv2%2Fcategories&post=70949"},{"taxonomy":"post_tag","embeddable":true,"href":"https:\/\/www.mojabochnia.pl\/index.php?rest_route=%2Fwp%2Fv2%2Ftags&post=70949"}],"curies":[{"name":"wp","href":"https:\/\/api.w.org\/{rel}","templated":true}]}}