{"id":70942,"date":"2012-05-15T09:56:20","date_gmt":"2012-05-15T07:56:20","guid":{"rendered":"http:\/\/www.mojabochnia.pl\/?p=70942"},"modified":"2012-05-16T09:37:23","modified_gmt":"2012-05-16T07:37:23","slug":"powiat-dostanie-kase-na-kolejny-most","status":"publish","type":"post","link":"https:\/\/www.mojabochnia.pl\/?p=70942","title":{"rendered":"Powiat dostanie kas\u0119 na kolejny most"},"content":{"rendered":"<p>W tym roku to ju\u017c trzecia rz\u0105dowa dotacja, kt\u00f3r\u0105 dostanie powiat boche\u0144ski. Ich \u0142\u0105czna wysoko\u015b\u0107 to ponad 7 mln z\u0142.<\/p>\n<p><em>Zakres prac obejmowa\u0142 b\u0119dzie rozbi\u00f3rk\u0119 istniej\u0105cego mostu, budow\u0119 nowego wraz z przebudow\u0105 dojazd\u00f3w. Powstanie kanalizacja deszczowa, umocniony zostanie tak\u017ce potok Podkos\u00f3wka. Inwestycja ta obejmuje tak\u017ce budow\u0119 chodnika wraz z przebudow\u0105 istniej\u0105cych zjazd\u00f3w i budow\u0105 mur\u00f3w oporowych <\/em>&#8211; m\u00f3wi Adam Korta Dyrektor Powiatowego Zarz\u0105du Dr\u00f3g.<\/p>\n<p>Przetarg na inwestycj\u0119 zako\u0144czy si\u0119 w przysz\u0142ym tygodniu, termin jej wykonania to listopad tego roku.<\/p>\n<p><em>W ubieg\u0142ej kadencji uda\u0142o nam si\u0119 zmodernizowa\u0107 i wybudowa\u0107 23 obiekty mostowe za ponad 13 mln z\u0142, w tej kadencji zmodernizowany zosta\u0142  most w Kamionnej oraz \u017begocinie za prawie 6 mln z\u0142. W  trakcie realizacji, poniewa\u017c czekamy na zako\u0144czenie post\u0119powania przetargowego, jest modernizacja mostu w Kobylcu, Bogucicach oraz Lipnicy G\u00f3rnej<\/em> &#8211; wylicza Jacek Paj\u0105k starosta boche\u0144ski.<\/p>\n<p>Pe\u0142na nazwa projektu na mo\u015bcie w Bytomsku to &#8222;Rozbi\u00f3rka istniej\u0105cego mostu i budow\u0119 nowego drogowego obiektu in\u017cynierskiego wraz z budow\u0105 chodnika dla pieszych i przebudow\u0105 dojazd\u00f3w do mostu w ci\u0105gu drogi powiatowej nr 2075 K Lipnica Murowana-\u017begocina w miejscowo\u015bci Bytomsko&#8221;.<\/p>\n","protected":false},"excerpt":{"rendered":"<p>W Bytomsku (gm. \u017begocina) powstanie nowy most wraz z drogami dojazdowymi i chodnikiem. Powiat boche\u0144ski dostanie pieni\u0105dze na inwestycj\u0119 z Ministerstwa Transportu, Budownictwa i Gospodarki Morskiej.<\/p>\n","protected":false},"author":4,"featured_media":0,"comment_status":"open","ping_status":"closed","sticky":false,"template":"","format":"standard","meta":{"_acf_changed":false,"footnotes":""},"categories":[5,6251,6250],"tags":[17884,427,17136,10994,17356,17398,2401,17300,17115],"class_list":["post-70942","post","type-post","status-publish","format-standard","hentry","category-biezace-wydarzenia","category-polityka-i-wydarzenia","category-tematyka","tag-adam-korta","tag-bytomsko","tag-jacek-pajak","tag-ministerstwo-transportu","tag-most","tag-powiat","tag-promesa","tag-remont","tag-zegocina","main_tag-most"],"acf":[],"yoast_head":"<!-- This site is optimized with the Yoast SEO plugin v26.9 - https:\/\/yoast.com\/product\/yoast-seo-wordpress\/ -->\n<title>Powiat dostanie kas\u0119 na kolejny most - mojabochnia.pl - portal informacyjny<\/title>\n<meta name=\"robots\" content=\"index, follow, max-snippet:-1, max-image-preview:large, max-video-preview:-1\" \/>\n<link rel=\"canonical\" href=\"https:\/\/www.mojabochnia.pl\/?p=70942\" \/>\n<meta property=\"og:locale\" content=\"pl_PL\" \/>\n<meta property=\"og:type\" content=\"article\" \/>\n<meta property=\"og:title\" content=\"Powiat dostanie kas\u0119 na kolejny most - mojabochnia.pl - portal informacyjny\" \/>\n<meta property=\"og:description\" content=\"W Bytomsku (gm. \u017begocina) powstanie nowy most wraz z drogami dojazdowymi i chodnikiem. Powiat boche\u0144ski dostanie pieni\u0105dze na inwestycj\u0119 z Ministerstwa Transportu, Budownictwa i Gospodarki Morskiej.\" \/>\n<meta property=\"og:url\" content=\"https:\/\/www.mojabochnia.pl\/?p=70942\" \/>\n<meta property=\"og:site_name\" content=\"mojabochnia.pl - portal informacyjny\" \/>\n<meta property=\"article:publisher\" content=\"https:\/\/www.facebook.com\/mojabochnia\" \/>\n<meta property=\"article:published_time\" content=\"2012-05-15T07:56:20+00:00\" \/>\n<meta property=\"article:modified_time\" content=\"2012-05-16T07:37:23+00:00\" \/>\n<meta name=\"author\" content=\"Pawe\u0142 Michalczyk\" \/>\n<meta name=\"twitter:card\" content=\"summary_large_image\" \/>\n<meta name=\"twitter:label1\" content=\"Written by\" \/>\n\t<meta name=\"twitter:data1\" content=\"Pawe\u0142 Michalczyk\" \/>\n\t<meta name=\"twitter:label2\" content=\"Est. reading time\" \/>\n\t<meta name=\"twitter:data2\" content=\"1 minuta\" \/>\n<script type=\"application\/ld+json\" class=\"yoast-schema-graph\">{\"@context\":\"https:\/\/schema.org\",\"@graph\":[{\"@type\":\"Article\",\"@id\":\"https:\/\/www.mojabochnia.pl\/?p=70942#article\",\"isPartOf\":{\"@id\":\"https:\/\/www.mojabochnia.pl\/?p=70942\"},\"author\":{\"name\":\"Pawe\u0142 Michalczyk\",\"@id\":\"https:\/\/www.mojabochnia.pl\/#\/schema\/person\/ea042e4724a77627963f02166828ead4\"},\"headline\":\"Powiat dostanie kas\u0119 na kolejny most\",\"datePublished\":\"2012-05-15T07:56:20+00:00\",\"dateModified\":\"2012-05-16T07:37:23+00:00\",\"mainEntityOfPage\":{\"@id\":\"https:\/\/www.mojabochnia.pl\/?p=70942\"},\"wordCount\":210,\"commentCount\":0,\"publisher\":{\"@id\":\"https:\/\/www.mojabochnia.pl\/#organization\"},\"keywords\":[\"adam korta\",\"bytomsko\",\"jacek paj\u0105k\",\"ministerstwo transportu\",\"most\",\"powiat\",\"promesa\",\"remont\",\"\u017begocina\"],\"articleSection\":[\"2_ostatnie\",\"polityka i wydarzenia\",\"tematyka\"],\"inLanguage\":\"pl-PL\",\"potentialAction\":[{\"@type\":\"CommentAction\",\"name\":\"Comment\",\"target\":[\"https:\/\/www.mojabochnia.pl\/?p=70942#respond\"]}]},{\"@type\":\"WebPage\",\"@id\":\"https:\/\/www.mojabochnia.pl\/?p=70942\",\"url\":\"https:\/\/www.mojabochnia.pl\/?p=70942\",\"name\":\"Powiat dostanie kas\u0119 na kolejny most - mojabochnia.pl - portal informacyjny\",\"isPartOf\":{\"@id\":\"https:\/\/www.mojabochnia.pl\/#website\"},\"datePublished\":\"2012-05-15T07:56:20+00:00\",\"dateModified\":\"2012-05-16T07:37:23+00:00\",\"breadcrumb\":{\"@id\":\"https:\/\/www.mojabochnia.pl\/?p=70942#breadcrumb\"},\"inLanguage\":\"pl-PL\",\"potentialAction\":[{\"@type\":\"ReadAction\",\"target\":[\"https:\/\/www.mojabochnia.pl\/?p=70942\"]}]},{\"@type\":\"BreadcrumbList\",\"@id\":\"https:\/\/www.mojabochnia.pl\/?p=70942#breadcrumb\",\"itemListElement\":[{\"@type\":\"ListItem\",\"position\":1,\"name\":\"Home\",\"item\":\"https:\/\/www.mojabochnia.pl\/\"},{\"@type\":\"ListItem\",\"position\":2,\"name\":\"Powiat dostanie kas\u0119 na kolejny most\"}]},{\"@type\":\"WebSite\",\"@id\":\"https:\/\/www.mojabochnia.pl\/#website\",\"url\":\"https:\/\/www.mojabochnia.pl\/\",\"name\":\"mojabochnia.pl - portal informacyjny\",\"description\":\"mojaBochnia to portal informacyjny o Bochni. Codziennie o Bochni piszemy i pokazujemy najwa\u017cniejsze wydarzenia\",\"publisher\":{\"@id\":\"https:\/\/www.mojabochnia.pl\/#organization\"},\"potentialAction\":[{\"@type\":\"SearchAction\",\"target\":{\"@type\":\"EntryPoint\",\"urlTemplate\":\"https:\/\/www.mojabochnia.pl\/?s={search_term_string}\"},\"query-input\":{\"@type\":\"PropertyValueSpecification\",\"valueRequired\":true,\"valueName\":\"search_term_string\"}}],\"inLanguage\":\"pl-PL\"},{\"@type\":\"Organization\",\"@id\":\"https:\/\/www.mojabochnia.pl\/#organization\",\"name\":\"mojabochnia.pl - portal informacyjny\",\"url\":\"https:\/\/www.mojabochnia.pl\/\",\"logo\":{\"@type\":\"ImageObject\",\"inLanguage\":\"pl-PL\",\"@id\":\"https:\/\/www.mojabochnia.pl\/#\/schema\/logo\/image\/\",\"url\":\"https:\/\/www.mojabochnia.pl\/wp-content\/uploads\/2017\/08\/logo-mb-opt.png\",\"contentUrl\":\"https:\/\/www.mojabochnia.pl\/wp-content\/uploads\/2017\/08\/logo-mb-opt.png\",\"width\":250,\"height\":48,\"caption\":\"mojabochnia.pl - portal informacyjny\"},\"image\":{\"@id\":\"https:\/\/www.mojabochnia.pl\/#\/schema\/logo\/image\/\"},\"sameAs\":[\"https:\/\/www.facebook.com\/mojabochnia\"]},{\"@type\":\"Person\",\"@id\":\"https:\/\/www.mojabochnia.pl\/#\/schema\/person\/ea042e4724a77627963f02166828ead4\",\"name\":\"Pawe\u0142 Michalczyk\",\"url\":\"https:\/\/www.mojabochnia.pl\/?author=4\"}]}<\/script>\n<!-- \/ Yoast SEO plugin. -->","yoast_head_json":{"title":"Powiat dostanie kas\u0119 na kolejny most - mojabochnia.pl - portal informacyjny","robots":{"index":"index","follow":"follow","max-snippet":"max-snippet:-1","max-image-preview":"max-image-preview:large","max-video-preview":"max-video-preview:-1"},"canonical":"https:\/\/www.mojabochnia.pl\/?p=70942","og_locale":"pl_PL","og_type":"article","og_title":"Powiat dostanie kas\u0119 na kolejny most - mojabochnia.pl - portal informacyjny","og_description":"W Bytomsku (gm. \u017begocina) powstanie nowy most wraz z drogami dojazdowymi i chodnikiem. Powiat boche\u0144ski dostanie pieni\u0105dze na inwestycj\u0119 z Ministerstwa Transportu, Budownictwa i Gospodarki Morskiej.","og_url":"https:\/\/www.mojabochnia.pl\/?p=70942","og_site_name":"mojabochnia.pl - portal informacyjny","article_publisher":"https:\/\/www.facebook.com\/mojabochnia","article_published_time":"2012-05-15T07:56:20+00:00","article_modified_time":"2012-05-16T07:37:23+00:00","author":"Pawe\u0142 Michalczyk","twitter_card":"summary_large_image","twitter_misc":{"Written by":"Pawe\u0142 Michalczyk","Est. reading time":"1 minuta"},"schema":{"@context":"https:\/\/schema.org","@graph":[{"@type":"Article","@id":"https:\/\/www.mojabochnia.pl\/?p=70942#article","isPartOf":{"@id":"https:\/\/www.mojabochnia.pl\/?p=70942"},"author":{"name":"Pawe\u0142 Michalczyk","@id":"https:\/\/www.mojabochnia.pl\/#\/schema\/person\/ea042e4724a77627963f02166828ead4"},"headline":"Powiat dostanie kas\u0119 na kolejny most","datePublished":"2012-05-15T07:56:20+00:00","dateModified":"2012-05-16T07:37:23+00:00","mainEntityOfPage":{"@id":"https:\/\/www.mojabochnia.pl\/?p=70942"},"wordCount":210,"commentCount":0,"publisher":{"@id":"https:\/\/www.mojabochnia.pl\/#organization"},"keywords":["adam korta","bytomsko","jacek paj\u0105k","ministerstwo transportu","most","powiat","promesa","remont","\u017begocina"],"articleSection":["2_ostatnie","polityka i wydarzenia","tematyka"],"inLanguage":"pl-PL","potentialAction":[{"@type":"CommentAction","name":"Comment","target":["https:\/\/www.mojabochnia.pl\/?p=70942#respond"]}]},{"@type":"WebPage","@id":"https:\/\/www.mojabochnia.pl\/?p=70942","url":"https:\/\/www.mojabochnia.pl\/?p=70942","name":"Powiat dostanie kas\u0119 na kolejny most - mojabochnia.pl - portal informacyjny","isPartOf":{"@id":"https:\/\/www.mojabochnia.pl\/#website"},"datePublished":"2012-05-15T07:56:20+00:00","dateModified":"2012-05-16T07:37:23+00:00","breadcrumb":{"@id":"https:\/\/www.mojabochnia.pl\/?p=70942#breadcrumb"},"inLanguage":"pl-PL","potentialAction":[{"@type":"ReadAction","target":["https:\/\/www.mojabochnia.pl\/?p=70942"]}]},{"@type":"BreadcrumbList","@id":"https:\/\/www.mojabochnia.pl\/?p=70942#breadcrumb","itemListElement":[{"@type":"ListItem","position":1,"name":"Home","item":"https:\/\/www.mojabochnia.pl\/"},{"@type":"ListItem","position":2,"name":"Powiat dostanie kas\u0119 na kolejny most"}]},{"@type":"WebSite","@id":"https:\/\/www.mojabochnia.pl\/#website","url":"https:\/\/www.mojabochnia.pl\/","name":"mojabochnia.pl - portal informacyjny","description":"mojaBochnia to portal informacyjny o Bochni. Codziennie o Bochni piszemy i pokazujemy najwa\u017cniejsze wydarzenia","publisher":{"@id":"https:\/\/www.mojabochnia.pl\/#organization"},"potentialAction":[{"@type":"SearchAction","target":{"@type":"EntryPoint","urlTemplate":"https:\/\/www.mojabochnia.pl\/?s={search_term_string}"},"query-input":{"@type":"PropertyValueSpecification","valueRequired":true,"valueName":"search_term_string"}}],"inLanguage":"pl-PL"},{"@type":"Organization","@id":"https:\/\/www.mojabochnia.pl\/#organization","name":"mojabochnia.pl - portal informacyjny","url":"https:\/\/www.mojabochnia.pl\/","logo":{"@type":"ImageObject","inLanguage":"pl-PL","@id":"https:\/\/www.mojabochnia.pl\/#\/schema\/logo\/image\/","url":"https:\/\/www.mojabochnia.pl\/wp-content\/uploads\/2017\/08\/logo-mb-opt.png","contentUrl":"https:\/\/www.mojabochnia.pl\/wp-content\/uploads\/2017\/08\/logo-mb-opt.png","width":250,"height":48,"caption":"mojabochnia.pl - portal informacyjny"},"image":{"@id":"https:\/\/www.mojabochnia.pl\/#\/schema\/logo\/image\/"},"sameAs":["https:\/\/www.facebook.com\/mojabochnia"]},{"@type":"Person","@id":"https:\/\/www.mojabochnia.pl\/#\/schema\/person\/ea042e4724a77627963f02166828ead4","name":"Pawe\u0142 Michalczyk","url":"https:\/\/www.mojabochnia.pl\/?author=4"}]}},"_links":{"self":[{"href":"https:\/\/www.mojabochnia.pl\/index.php?rest_route=\/wp\/v2\/posts\/70942","targetHints":{"allow":["GET"]}}],"collection":[{"href":"https:\/\/www.mojabochnia.pl\/index.php?rest_route=\/wp\/v2\/posts"}],"about":[{"href":"https:\/\/www.mojabochnia.pl\/index.php?rest_route=\/wp\/v2\/types\/post"}],"author":[{"embeddable":true,"href":"https:\/\/www.mojabochnia.pl\/index.php?rest_route=\/wp\/v2\/users\/4"}],"replies":[{"embeddable":true,"href":"https:\/\/www.mojabochnia.pl\/index.php?rest_route=%2Fwp%2Fv2%2Fcomments&post=70942"}],"version-history":[{"count":3,"href":"https:\/\/www.mojabochnia.pl\/index.php?rest_route=\/wp\/v2\/posts\/70942\/revisions"}],"predecessor-version":[{"id":70974,"href":"https:\/\/www.mojabochnia.pl\/index.php?rest_route=\/wp\/v2\/posts\/70942\/revisions\/70974"}],"wp:attachment":[{"href":"https:\/\/www.mojabochnia.pl\/index.php?rest_route=%2Fwp%2Fv2%2Fmedia&parent=70942"}],"wp:term":[{"taxonomy":"category","embeddable":true,"href":"https:\/\/www.mojabochnia.pl\/index.php?rest_route=%2Fwp%2Fv2%2Fcategories&post=70942"},{"taxonomy":"post_tag","embeddable":true,"href":"https:\/\/www.mojabochnia.pl\/index.php?rest_route=%2Fwp%2Fv2%2Ftags&post=70942"}],"curies":[{"name":"wp","href":"https:\/\/api.w.org\/{rel}","templated":true}]}}