{"id":70825,"date":"2012-05-13T11:32:06","date_gmt":"2012-05-13T09:32:06","guid":{"rendered":"http:\/\/www.mojabochnia.pl\/?p=70825"},"modified":"2012-05-13T11:34:09","modified_gmt":"2012-05-13T09:34:09","slug":"bp-andrzej-jez-nowym-ordynariuszem-tarnowskim","status":"publish","type":"post","link":"https:\/\/www.mojabochnia.pl\/?p=70825","title":{"rendered":"Bp Andrzej Je\u017c nowym ordynariuszem tarnowskim"},"content":{"rendered":"<p>Biskupem pomocniczym diecezji tarnowskiej \u00f3wczesnego proboszcza parafii pw. \u015bw. Ma\u0142gorzaty w Nowym S\u0105czu, ks. dr. Andrzeja Je\u017ca, Ojciec \u015awi\u0119ty mianowa\u0142 20 pa\u017adziernika 2009 r. Miesi\u0105c p\u00f3\u017aniej, 28 listopada, nominat przyj\u0105\u0142 sakr\u0119 biskupi\u0105 z r\u0105k biskupa tarnowskiego Wiktora Skworca, a sama uroczysto\u015b\u0107 odby\u0142a si\u0119 wyj\u0105tkowo nie w katedrze, a w Bazylice \u015bw. Ma\u0142gorzaty. <\/p>\n<p>\u201eAd laudem Trinitatis et Deiparae\u201d \u2013 Na chwa\u0142\u0119 Tr\u00f3jcy \u015awi\u0119tej i Bogurodzicy \u2013 te s\u0142owa wybra\u0142 bp Andrzej Je\u017c jako dewiz\u0119 w pos\u0142udze biskupiej. By\u0142 dziesi\u0105tym biskupem pomocniczym w historii diecezji tarnowskiej. Jako biskup pomocniczy pe\u0142ni\u0142 obowi\u0105zki wikariusza generalnego oraz moderatora kurii diecezjalnej w Tarnowie. 12 maja 2012 r. w po\u0142udnie Nuncjusz Apostolski w Polsce poinformowa\u0142, \u017ce Ojciec \u015awi\u0119ty Benedykt XVI mianowa\u0142 bp. Andrzeja Je\u017ca biskupem tarnowskim.<\/p>\n<p>Nowo mianowany ordynariusz ma 49 lat. Urodzi\u0142 si\u0119 3 maja 1963 r. w Limanowej. Po uko\u0144czeniu liceum, wst\u0105pi\u0142 do seminarium duchownego w Tarnowie. \u015awi\u0119cenia kap\u0142a\u0144skie otrzyma\u0142 z r\u0105k bp. Jerzego Ablewicza 12 czerwca 1988 r. Pracowa\u0142 jako wikariusz w parafii Kro\u015bcienko n. Dunajcem (1988-1991), a nast\u0119pnie w parafii Wierzchos\u0142awice (1991-1993). <\/p>\n<p>W roku 1993 zosta\u0142 skierowany na studia specjalistyczne w zakresie homiletyki na Akademii Teologii Katolickiej w Warszawie. Po uzyskaniu tytu\u0142u licencjata w roku 1996 zosta\u0142 mianowany ojcem duchownym w Wy\u017cszym Seminarium Duchownym w Tarnowie. Ponadto podj\u0105\u0142 wyk\u0142ady z homiletyki. W tym czasie rozpocz\u0105\u0142 r\u00f3wnie\u017c studia doktoranckie na Wydziale Teologicznym Papieskiej Akademii Teologicznej w Krakowie. W roku 2001 obroni\u0142 prac\u0119 doktorsk\u0105 z teologii dogmatycznej pt.: \u201eChristus communicator. Pr\u00f3ba zbudowania modelu chrystologicznego o teori\u0119 komunikacji interpersonalnej\u201d.<\/p>\n<p>Trzy lata p\u00f3\u017aniej, 21 sierpnia 2004 r., zosta\u0142 mianowany proboszczem parafii pw. Matki Bo\u017cej Kr\u00f3lowej Polski w Tarnowie-Mo\u015bcicach. Jednocze\u015bnie pe\u0142ni\u0142 urz\u0105d dziekana dekanatu Tarn\u00f3w-Zach\u00f3d i by\u0142 cz\u0142onkiem Rady ds. Formacji Duchowie\u0144stwa Diecezji Tarnowskiej. Biskup Tarnowski powierzy\u0142 mu 29 lipca 2007 r. urz\u0105d proboszcza parafii pw. \u015bw. Ma\u0142gorzaty w Nowym S\u0105czu, a nast\u0119pnie urz\u0105d dziekana dekanatu Nowy S\u0105cz \u2013 Centrum. Ponadto zosta\u0142 mianowany kanonikiem gremialnym i prepozytem Kapitu\u0142y Kolegiackiej w Nowym S\u0105czu. W roku 2008 zosta\u0142 powo\u0142any do Diecezjalnej Rady Duszpasterskiej.<\/p>\n<p>Decyzj\u0105 Ojca \u015awi\u0119tego Benedykta XVI w 2009 r. zosta\u0142 biskupem pomocniczym diecezji tarnowskiej, a trzy lata p\u00f3\u017aniej \u2013 biskupem diecezjalnym w Tarnowie.<\/p>\n<p>W ramach Konferencji Episkopatu Polski bp Andrzej Je\u017c jest cz\u0142onkiem Komisji Charytatywnej. <\/p>\n<p>\u0179r\u00f3d\u0142o: Biuro Prasowe KEP<\/p>\n","protected":false},"excerpt":{"rendered":"<p>Po niespe\u0142na trzech latach pos\u0142ugi biskupa pomocniczego w diecezji tarnowskiej bp Andrzej Je\u017c przejmie kierowanie diecezj\u0105. Benedykt XVI mianowa\u0142 go 12 maja biskupem tarnowskim.<\/p>\n","protected":false},"author":8,"featured_media":0,"comment_status":"open","ping_status":"closed","sticky":false,"template":"","format":"standard","meta":{"_acf_changed":false,"footnotes":""},"categories":[5,6250,1342],"tags":[17998,286,572,1618],"class_list":["post-70825","post","type-post","status-publish","format-standard","hentry","category-biezace-wydarzenia","category-tematyka","category-zycie-religijne","tag-bp-andrzej-jez","tag-bp-wiktor-skworc","tag-diecezja-tarnowska","tag-ordynariusz","main_tag-bp-andrzej-jez"],"acf":[],"yoast_head":"<!-- This site is optimized with the Yoast SEO plugin v26.9 - https:\/\/yoast.com\/product\/yoast-seo-wordpress\/ -->\n<title>Bp Andrzej Je\u017c nowym ordynariuszem tarnowskim - mojabochnia.pl - portal informacyjny<\/title>\n<meta name=\"robots\" content=\"index, follow, max-snippet:-1, max-image-preview:large, max-video-preview:-1\" \/>\n<link rel=\"canonical\" href=\"https:\/\/www.mojabochnia.pl\/?p=70825\" \/>\n<meta property=\"og:locale\" content=\"pl_PL\" \/>\n<meta property=\"og:type\" content=\"article\" \/>\n<meta property=\"og:title\" content=\"Bp Andrzej Je\u017c nowym ordynariuszem tarnowskim - mojabochnia.pl - portal informacyjny\" \/>\n<meta property=\"og:description\" content=\"Po niespe\u0142na trzech latach pos\u0142ugi biskupa pomocniczego w diecezji tarnowskiej bp Andrzej Je\u017c przejmie kierowanie diecezj\u0105. Benedykt XVI mianowa\u0142 go 12 maja biskupem tarnowskim.\" \/>\n<meta property=\"og:url\" content=\"https:\/\/www.mojabochnia.pl\/?p=70825\" \/>\n<meta property=\"og:site_name\" content=\"mojabochnia.pl - portal informacyjny\" \/>\n<meta property=\"article:publisher\" content=\"https:\/\/www.facebook.com\/mojabochnia\" \/>\n<meta property=\"article:published_time\" content=\"2012-05-13T09:32:06+00:00\" \/>\n<meta property=\"article:modified_time\" content=\"2012-05-13T09:34:09+00:00\" \/>\n<meta name=\"author\" content=\"informacja prasowa\" \/>\n<meta name=\"twitter:card\" content=\"summary_large_image\" \/>\n<meta name=\"twitter:label1\" content=\"Written by\" \/>\n\t<meta name=\"twitter:data1\" content=\"informacja prasowa\" \/>\n\t<meta name=\"twitter:label2\" content=\"Est. reading time\" \/>\n\t<meta name=\"twitter:data2\" content=\"2 minuty\" \/>\n<script type=\"application\/ld+json\" class=\"yoast-schema-graph\">{\"@context\":\"https:\/\/schema.org\",\"@graph\":[{\"@type\":\"Article\",\"@id\":\"https:\/\/www.mojabochnia.pl\/?p=70825#article\",\"isPartOf\":{\"@id\":\"https:\/\/www.mojabochnia.pl\/?p=70825\"},\"author\":{\"name\":\"informacja prasowa\",\"@id\":\"https:\/\/www.mojabochnia.pl\/#\/schema\/person\/9e15cf1bcb74043790f124a3130fe41e\"},\"headline\":\"Bp Andrzej Je\u017c nowym ordynariuszem tarnowskim\",\"datePublished\":\"2012-05-13T09:32:06+00:00\",\"dateModified\":\"2012-05-13T09:34:09+00:00\",\"mainEntityOfPage\":{\"@id\":\"https:\/\/www.mojabochnia.pl\/?p=70825\"},\"wordCount\":404,\"commentCount\":0,\"publisher\":{\"@id\":\"https:\/\/www.mojabochnia.pl\/#organization\"},\"keywords\":[\"bp andrzej je\u017c\",\"bp wiktor skworc\",\"diecezja tarnowska\",\"ordynariusz\"],\"articleSection\":[\"2_ostatnie\",\"tematyka\",\"\u017bycie religijne\"],\"inLanguage\":\"pl-PL\",\"potentialAction\":[{\"@type\":\"CommentAction\",\"name\":\"Comment\",\"target\":[\"https:\/\/www.mojabochnia.pl\/?p=70825#respond\"]}]},{\"@type\":\"WebPage\",\"@id\":\"https:\/\/www.mojabochnia.pl\/?p=70825\",\"url\":\"https:\/\/www.mojabochnia.pl\/?p=70825\",\"name\":\"Bp Andrzej Je\u017c nowym ordynariuszem tarnowskim - mojabochnia.pl - portal informacyjny\",\"isPartOf\":{\"@id\":\"https:\/\/www.mojabochnia.pl\/#website\"},\"datePublished\":\"2012-05-13T09:32:06+00:00\",\"dateModified\":\"2012-05-13T09:34:09+00:00\",\"breadcrumb\":{\"@id\":\"https:\/\/www.mojabochnia.pl\/?p=70825#breadcrumb\"},\"inLanguage\":\"pl-PL\",\"potentialAction\":[{\"@type\":\"ReadAction\",\"target\":[\"https:\/\/www.mojabochnia.pl\/?p=70825\"]}]},{\"@type\":\"BreadcrumbList\",\"@id\":\"https:\/\/www.mojabochnia.pl\/?p=70825#breadcrumb\",\"itemListElement\":[{\"@type\":\"ListItem\",\"position\":1,\"name\":\"Home\",\"item\":\"https:\/\/www.mojabochnia.pl\/\"},{\"@type\":\"ListItem\",\"position\":2,\"name\":\"Bp Andrzej Je\u017c nowym ordynariuszem tarnowskim\"}]},{\"@type\":\"WebSite\",\"@id\":\"https:\/\/www.mojabochnia.pl\/#website\",\"url\":\"https:\/\/www.mojabochnia.pl\/\",\"name\":\"mojabochnia.pl - portal informacyjny\",\"description\":\"mojaBochnia to portal informacyjny o Bochni. Codziennie o Bochni piszemy i pokazujemy najwa\u017cniejsze wydarzenia\",\"publisher\":{\"@id\":\"https:\/\/www.mojabochnia.pl\/#organization\"},\"potentialAction\":[{\"@type\":\"SearchAction\",\"target\":{\"@type\":\"EntryPoint\",\"urlTemplate\":\"https:\/\/www.mojabochnia.pl\/?s={search_term_string}\"},\"query-input\":{\"@type\":\"PropertyValueSpecification\",\"valueRequired\":true,\"valueName\":\"search_term_string\"}}],\"inLanguage\":\"pl-PL\"},{\"@type\":\"Organization\",\"@id\":\"https:\/\/www.mojabochnia.pl\/#organization\",\"name\":\"mojabochnia.pl - portal informacyjny\",\"url\":\"https:\/\/www.mojabochnia.pl\/\",\"logo\":{\"@type\":\"ImageObject\",\"inLanguage\":\"pl-PL\",\"@id\":\"https:\/\/www.mojabochnia.pl\/#\/schema\/logo\/image\/\",\"url\":\"https:\/\/www.mojabochnia.pl\/wp-content\/uploads\/2017\/08\/logo-mb-opt.png\",\"contentUrl\":\"https:\/\/www.mojabochnia.pl\/wp-content\/uploads\/2017\/08\/logo-mb-opt.png\",\"width\":250,\"height\":48,\"caption\":\"mojabochnia.pl - portal informacyjny\"},\"image\":{\"@id\":\"https:\/\/www.mojabochnia.pl\/#\/schema\/logo\/image\/\"},\"sameAs\":[\"https:\/\/www.facebook.com\/mojabochnia\"]},{\"@type\":\"Person\",\"@id\":\"https:\/\/www.mojabochnia.pl\/#\/schema\/person\/9e15cf1bcb74043790f124a3130fe41e\",\"name\":\"informacja prasowa\",\"sameAs\":[\"http:\/\/\"],\"url\":\"https:\/\/www.mojabochnia.pl\/?author=8\"}]}<\/script>\n<!-- \/ Yoast SEO plugin. -->","yoast_head_json":{"title":"Bp Andrzej Je\u017c nowym ordynariuszem tarnowskim - mojabochnia.pl - portal informacyjny","robots":{"index":"index","follow":"follow","max-snippet":"max-snippet:-1","max-image-preview":"max-image-preview:large","max-video-preview":"max-video-preview:-1"},"canonical":"https:\/\/www.mojabochnia.pl\/?p=70825","og_locale":"pl_PL","og_type":"article","og_title":"Bp Andrzej Je\u017c nowym ordynariuszem tarnowskim - mojabochnia.pl - portal informacyjny","og_description":"Po niespe\u0142na trzech latach pos\u0142ugi biskupa pomocniczego w diecezji tarnowskiej bp Andrzej Je\u017c przejmie kierowanie diecezj\u0105. Benedykt XVI mianowa\u0142 go 12 maja biskupem tarnowskim.","og_url":"https:\/\/www.mojabochnia.pl\/?p=70825","og_site_name":"mojabochnia.pl - portal informacyjny","article_publisher":"https:\/\/www.facebook.com\/mojabochnia","article_published_time":"2012-05-13T09:32:06+00:00","article_modified_time":"2012-05-13T09:34:09+00:00","author":"informacja prasowa","twitter_card":"summary_large_image","twitter_misc":{"Written by":"informacja prasowa","Est. reading time":"2 minuty"},"schema":{"@context":"https:\/\/schema.org","@graph":[{"@type":"Article","@id":"https:\/\/www.mojabochnia.pl\/?p=70825#article","isPartOf":{"@id":"https:\/\/www.mojabochnia.pl\/?p=70825"},"author":{"name":"informacja prasowa","@id":"https:\/\/www.mojabochnia.pl\/#\/schema\/person\/9e15cf1bcb74043790f124a3130fe41e"},"headline":"Bp Andrzej Je\u017c nowym ordynariuszem tarnowskim","datePublished":"2012-05-13T09:32:06+00:00","dateModified":"2012-05-13T09:34:09+00:00","mainEntityOfPage":{"@id":"https:\/\/www.mojabochnia.pl\/?p=70825"},"wordCount":404,"commentCount":0,"publisher":{"@id":"https:\/\/www.mojabochnia.pl\/#organization"},"keywords":["bp andrzej je\u017c","bp wiktor skworc","diecezja tarnowska","ordynariusz"],"articleSection":["2_ostatnie","tematyka","\u017bycie religijne"],"inLanguage":"pl-PL","potentialAction":[{"@type":"CommentAction","name":"Comment","target":["https:\/\/www.mojabochnia.pl\/?p=70825#respond"]}]},{"@type":"WebPage","@id":"https:\/\/www.mojabochnia.pl\/?p=70825","url":"https:\/\/www.mojabochnia.pl\/?p=70825","name":"Bp Andrzej Je\u017c nowym ordynariuszem tarnowskim - mojabochnia.pl - portal informacyjny","isPartOf":{"@id":"https:\/\/www.mojabochnia.pl\/#website"},"datePublished":"2012-05-13T09:32:06+00:00","dateModified":"2012-05-13T09:34:09+00:00","breadcrumb":{"@id":"https:\/\/www.mojabochnia.pl\/?p=70825#breadcrumb"},"inLanguage":"pl-PL","potentialAction":[{"@type":"ReadAction","target":["https:\/\/www.mojabochnia.pl\/?p=70825"]}]},{"@type":"BreadcrumbList","@id":"https:\/\/www.mojabochnia.pl\/?p=70825#breadcrumb","itemListElement":[{"@type":"ListItem","position":1,"name":"Home","item":"https:\/\/www.mojabochnia.pl\/"},{"@type":"ListItem","position":2,"name":"Bp Andrzej Je\u017c nowym ordynariuszem tarnowskim"}]},{"@type":"WebSite","@id":"https:\/\/www.mojabochnia.pl\/#website","url":"https:\/\/www.mojabochnia.pl\/","name":"mojabochnia.pl - portal informacyjny","description":"mojaBochnia to portal informacyjny o Bochni. Codziennie o Bochni piszemy i pokazujemy najwa\u017cniejsze wydarzenia","publisher":{"@id":"https:\/\/www.mojabochnia.pl\/#organization"},"potentialAction":[{"@type":"SearchAction","target":{"@type":"EntryPoint","urlTemplate":"https:\/\/www.mojabochnia.pl\/?s={search_term_string}"},"query-input":{"@type":"PropertyValueSpecification","valueRequired":true,"valueName":"search_term_string"}}],"inLanguage":"pl-PL"},{"@type":"Organization","@id":"https:\/\/www.mojabochnia.pl\/#organization","name":"mojabochnia.pl - portal informacyjny","url":"https:\/\/www.mojabochnia.pl\/","logo":{"@type":"ImageObject","inLanguage":"pl-PL","@id":"https:\/\/www.mojabochnia.pl\/#\/schema\/logo\/image\/","url":"https:\/\/www.mojabochnia.pl\/wp-content\/uploads\/2017\/08\/logo-mb-opt.png","contentUrl":"https:\/\/www.mojabochnia.pl\/wp-content\/uploads\/2017\/08\/logo-mb-opt.png","width":250,"height":48,"caption":"mojabochnia.pl - portal informacyjny"},"image":{"@id":"https:\/\/www.mojabochnia.pl\/#\/schema\/logo\/image\/"},"sameAs":["https:\/\/www.facebook.com\/mojabochnia"]},{"@type":"Person","@id":"https:\/\/www.mojabochnia.pl\/#\/schema\/person\/9e15cf1bcb74043790f124a3130fe41e","name":"informacja prasowa","sameAs":["http:\/\/"],"url":"https:\/\/www.mojabochnia.pl\/?author=8"}]}},"_links":{"self":[{"href":"https:\/\/www.mojabochnia.pl\/index.php?rest_route=\/wp\/v2\/posts\/70825","targetHints":{"allow":["GET"]}}],"collection":[{"href":"https:\/\/www.mojabochnia.pl\/index.php?rest_route=\/wp\/v2\/posts"}],"about":[{"href":"https:\/\/www.mojabochnia.pl\/index.php?rest_route=\/wp\/v2\/types\/post"}],"author":[{"embeddable":true,"href":"https:\/\/www.mojabochnia.pl\/index.php?rest_route=\/wp\/v2\/users\/8"}],"replies":[{"embeddable":true,"href":"https:\/\/www.mojabochnia.pl\/index.php?rest_route=%2Fwp%2Fv2%2Fcomments&post=70825"}],"version-history":[{"count":3,"href":"https:\/\/www.mojabochnia.pl\/index.php?rest_route=\/wp\/v2\/posts\/70825\/revisions"}],"predecessor-version":[{"id":70829,"href":"https:\/\/www.mojabochnia.pl\/index.php?rest_route=\/wp\/v2\/posts\/70825\/revisions\/70829"}],"wp:attachment":[{"href":"https:\/\/www.mojabochnia.pl\/index.php?rest_route=%2Fwp%2Fv2%2Fmedia&parent=70825"}],"wp:term":[{"taxonomy":"category","embeddable":true,"href":"https:\/\/www.mojabochnia.pl\/index.php?rest_route=%2Fwp%2Fv2%2Fcategories&post=70825"},{"taxonomy":"post_tag","embeddable":true,"href":"https:\/\/www.mojabochnia.pl\/index.php?rest_route=%2Fwp%2Fv2%2Ftags&post=70825"}],"curies":[{"name":"wp","href":"https:\/\/api.w.org\/{rel}","templated":true}]}}