{"id":70674,"date":"2012-05-13T07:31:07","date_gmt":"2012-05-13T05:31:07","guid":{"rendered":"http:\/\/www.mojabochnia.pl\/?p=70674"},"modified":"2012-06-11T10:19:05","modified_gmt":"2012-06-11T08:19:05","slug":"andrzej-falkowski-bochenskie-bobry","status":"publish","type":"post","link":"https:\/\/www.mojabochnia.pl\/?p=70674","title":{"rendered":"Andrzej Falkowski: Boche\u0144skie bobry"},"content":{"rendered":"<p>My\u015bl\u0119, \u017ce w ka\u017cdym z nas jest troch\u0119 odkrywcy, podr\u00f3\u017cnika i badacza, wystarczy t\u0119 cz\u0105stk\u0119 dopu\u015bci\u0107 do g\u0142osu. Tak wi\u0119c zapraszam do odkrywania tajemnic przyrody. W tym celu udajemy si\u0119 w najbli\u017csz\u0105 okolic\u0119, mo\u017ce nad Rab\u0119?  <\/p>\n<p>Przy odrobinie szcz\u0119\u015bcia i cierpliwo\u015bci czeka nas wiele ciekawych spotka\u0144 ze zwierz\u0119tami, jakie zamieszkuj\u0105 okolic\u0119 rzeki. Dlaczego akurat na pocz\u0105tek wybra\u0142em bobra? Sam nie wiem, mo\u017ce dlatego \u017ce zwierz ciekawy i wart uwagi, a mo\u017ce dlatego \u017ce dla mnie jako fotografa przyrody (amatora) to w\u0142a\u015bnie b\u00f3br pod wzgl\u0119dem technicznym  ustawi\u0142 poprzeczk\u0119 bardzo wysoko. <\/p>\n<p>Jak zapewne wielu z Was wie b\u00f3br to skryte zwierz\u0119 i w zasadzie prowadzi nocny tryb \u017cycia, ale&#8230; jest wiosna i jest to czas, kiedy mo\u017cna zobaczy\u0107 je w ci\u0105gu dnia, a dok\u0142adniej to o \u015bwicie lub tu\u017c po zachodzie s\u0142o\u0144ca. Warto po drodze dok\u0142adnie si\u0119 rozgl\u0105da\u0107 i cz\u0119sto si\u0119 zatrzymywa\u0107, aby zlustrowa\u0107 najbli\u017csze otoczenie, nagle okazuje si\u0119, \u017ce \u015bwiat wok\u00f3\u0142 nas t\u0119tni \u017cyciem i mo\u017cna przegapi\u0107 co\u015b takiego :-) <\/p>\n<p><strong>Tokuj\u0105ce ba\u017canty<\/strong><br \/>\n<figure id=\"attachment_70677\" aria-describedby=\"caption-attachment-70677\" style=\"width: 800px\" class=\"wp-caption alignnone\"><a onclick=\"javascript:pageTracker._trackPageview('\/downloads\/wp-content\/uploads\/2012\/05\/bazanty-toki_66.jpg');\"  href=\"http:\/\/www.mojabochnia.pl\/wp-content\/uploads\/2012\/05\/bazanty-toki_66.jpg\"><img loading=\"lazy\" decoding=\"async\" src=\"http:\/\/www.mojabochnia.pl\/wp-content\/uploads\/2012\/05\/bazanty-toki_66.jpg\" alt=\"\" title=\"Tokuj\u0105ce ba\u017canty\" width=\"800\" height=\"450\" class=\"size-full wp-image-70677\" srcset=\"https:\/\/www.mojabochnia.pl\/wp-content\/uploads\/2012\/05\/bazanty-toki_66.jpg 800w, https:\/\/www.mojabochnia.pl\/wp-content\/uploads\/2012\/05\/bazanty-toki_66-120x67.jpg 120w, https:\/\/www.mojabochnia.pl\/wp-content\/uploads\/2012\/05\/bazanty-toki_66-468x263.jpg 468w, https:\/\/www.mojabochnia.pl\/wp-content\/uploads\/2012\/05\/bazanty-toki_66-660x371.jpg 660w\" sizes=\"auto, (max-width: 800px) 100vw, 800px\" \/><\/a><figcaption id=\"caption-attachment-70677\" class=\"wp-caption-text\">Andrzej Falkowski<\/figcaption><\/figure><\/p>\n<figure id=\"attachment_70676\" aria-describedby=\"caption-attachment-70676\" style=\"width: 800px\" class=\"wp-caption alignnone\"><a onclick=\"javascript:pageTracker._trackPageview('\/downloads\/wp-content\/uploads\/2012\/05\/bazanty-toki_06.jpg');\"  href=\"http:\/\/www.mojabochnia.pl\/wp-content\/uploads\/2012\/05\/bazanty-toki_06.jpg\"><img loading=\"lazy\" decoding=\"async\" src=\"http:\/\/www.mojabochnia.pl\/wp-content\/uploads\/2012\/05\/bazanty-toki_06.jpg\" alt=\"\" title=\"Tokuj\u0105ce ba\u017canty\" width=\"800\" height=\"450\" class=\"size-full wp-image-70676\" srcset=\"https:\/\/www.mojabochnia.pl\/wp-content\/uploads\/2012\/05\/bazanty-toki_06.jpg 800w, https:\/\/www.mojabochnia.pl\/wp-content\/uploads\/2012\/05\/bazanty-toki_06-120x67.jpg 120w, https:\/\/www.mojabochnia.pl\/wp-content\/uploads\/2012\/05\/bazanty-toki_06-468x263.jpg 468w, https:\/\/www.mojabochnia.pl\/wp-content\/uploads\/2012\/05\/bazanty-toki_06-660x371.jpg 660w\" sizes=\"auto, (max-width: 800px) 100vw, 800px\" \/><\/a><figcaption id=\"caption-attachment-70676\" class=\"wp-caption-text\">Andrzej Falkowski<\/figcaption><\/figure>\n<p>Ba\u017canty z pewno\u015bci\u0105 zas\u0142uguj\u0105 na uwag\u0119, poniewa\u017c zapewniaj\u0105 pi\u0119kne widowisko, lecz idziemy dalej nad sam\u0105 rzek\u0119 powoli krok za krokiem, aby czego\u015b nie przegapi\u0107&#8230; Jeste\u015bmy nad rzek\u0105, siadamy wygodnie i rozkoszujemy si\u0119 widowiskiem, jakie w nagrod\u0119 za cierpliwo\u015b\u0107 przygotowa\u0142a dla nas natura. <\/p>\n<p><strong>Tracz nurog\u0119\u015b z m\u0142odymi<\/strong><br \/>\n<figure id=\"attachment_70685\" aria-describedby=\"caption-attachment-70685\" style=\"width: 800px\" class=\"wp-caption alignnone\"><a onclick=\"javascript:pageTracker._trackPageview('\/downloads\/wp-content\/uploads\/2012\/05\/Tracz_43.jpg');\"  href=\"http:\/\/www.mojabochnia.pl\/wp-content\/uploads\/2012\/05\/Tracz_43.jpg\"><img loading=\"lazy\" decoding=\"async\" src=\"http:\/\/www.mojabochnia.pl\/wp-content\/uploads\/2012\/05\/Tracz_43.jpg\" alt=\"\" title=\"Tracz nurog\u0119\u015b z m\u0142odymi\" width=\"800\" height=\"450\" class=\"size-full wp-image-70685\" srcset=\"https:\/\/www.mojabochnia.pl\/wp-content\/uploads\/2012\/05\/Tracz_43.jpg 800w, https:\/\/www.mojabochnia.pl\/wp-content\/uploads\/2012\/05\/Tracz_43-120x67.jpg 120w, https:\/\/www.mojabochnia.pl\/wp-content\/uploads\/2012\/05\/Tracz_43-468x263.jpg 468w, https:\/\/www.mojabochnia.pl\/wp-content\/uploads\/2012\/05\/Tracz_43-660x371.jpg 660w\" sizes=\"auto, (max-width: 800px) 100vw, 800px\" \/><\/a><figcaption id=\"caption-attachment-70685\" class=\"wp-caption-text\">Andrzej Falkowski<\/figcaption><\/figure><\/p>\n<p>Ale, ale &#8230;mia\u0142o by\u0107 o bobrach. Wiem, ale  przecie\u017c  jest dopiero godzina 18.00  wi\u0119c czas oczekiwania wype\u0142niamy sobie obserwuj\u0105c na przeciwleg\u0142ym brzegu sarn\u0119, kt\u00f3ra objada si\u0119 p\u0119dami wierzby.<\/p>\n<figure id=\"attachment_70686\" aria-describedby=\"caption-attachment-70686\" style=\"width: 800px\" class=\"wp-caption alignnone\"><a onclick=\"javascript:pageTracker._trackPageview('\/downloads\/wp-content\/uploads\/2012\/05\/sarna_10.jpg');\"  href=\"http:\/\/www.mojabochnia.pl\/wp-content\/uploads\/2012\/05\/sarna_10.jpg\"><img loading=\"lazy\" decoding=\"async\" src=\"http:\/\/www.mojabochnia.pl\/wp-content\/uploads\/2012\/05\/sarna_10.jpg\" alt=\"\" title=\"Sarna objada si\u0119 p\u0119dami wierzby\" width=\"800\" height=\"450\" class=\"size-full wp-image-70686\" srcset=\"https:\/\/www.mojabochnia.pl\/wp-content\/uploads\/2012\/05\/sarna_10.jpg 800w, https:\/\/www.mojabochnia.pl\/wp-content\/uploads\/2012\/05\/sarna_10-120x67.jpg 120w, https:\/\/www.mojabochnia.pl\/wp-content\/uploads\/2012\/05\/sarna_10-468x263.jpg 468w, https:\/\/www.mojabochnia.pl\/wp-content\/uploads\/2012\/05\/sarna_10-660x371.jpg 660w\" sizes=\"auto, (max-width: 800px) 100vw, 800px\" \/><\/a><figcaption id=\"caption-attachment-70686\" class=\"wp-caption-text\">Andrzej Falkowski<\/figcaption><\/figure>\n<p>Pomimo dziel\u0105cej nas rzeki, nie uszed\u0142 jej uwagi trzask migawki aparatu, lecz uzna\u0142a \u017ce nie ma zagro\u017cenia i spokojnie zaj\u0119\u0142a si\u0119  kolacj\u0105. A je\u015b\u0107 musi sporo, poniewa\u017c jest ci\u0119\u017carna i wkr\u00f3tce wyda na \u015bwiat \u015bliczne sarenkowe maluchy. Godzina 19.00 &#8211; doczekali\u0119my si\u0119, jest nagroda za cierpliwo\u015b\u0107 &#8211; s\u0105 bobry. Ale zawsze jest jakie\u015b ale :-). Robi si\u0119 ciemnawo i ze \u015bwiat\u0142em ci\u0119\u017cko, dlatego wcze\u015bniej pisa\u0142em \u017ce bobry to spore wyzwanie dla fotografa, lecz nie zra\u017cam si\u0119 tym i poddaj\u0119 Waszej ocenie to, co uda\u0142o si\u0119 w kadrze uwieczni\u0107. <\/p>\n<figure id=\"attachment_70684\" aria-describedby=\"caption-attachment-70684\" style=\"width: 800px\" class=\"wp-caption alignnone\"><a onclick=\"javascript:pageTracker._trackPageview('\/downloads\/wp-content\/uploads\/2012\/05\/bobr974.jpg');\"  href=\"http:\/\/www.mojabochnia.pl\/wp-content\/uploads\/2012\/05\/bobr974.jpg\"><img loading=\"lazy\" decoding=\"async\" src=\"http:\/\/www.mojabochnia.pl\/wp-content\/uploads\/2012\/05\/bobr974.jpg\" alt=\"\" title=\"B\u00f3br nad Rab\u0105\" width=\"800\" height=\"450\" class=\"size-full wp-image-70684\" srcset=\"https:\/\/www.mojabochnia.pl\/wp-content\/uploads\/2012\/05\/bobr974.jpg 800w, https:\/\/www.mojabochnia.pl\/wp-content\/uploads\/2012\/05\/bobr974-120x67.jpg 120w, https:\/\/www.mojabochnia.pl\/wp-content\/uploads\/2012\/05\/bobr974-468x263.jpg 468w, https:\/\/www.mojabochnia.pl\/wp-content\/uploads\/2012\/05\/bobr974-660x371.jpg 660w\" sizes=\"auto, (max-width: 800px) 100vw, 800px\" \/><\/a><figcaption id=\"caption-attachment-70684\" class=\"wp-caption-text\">Andrzej Falkowski<\/figcaption><\/figure>\n<figure id=\"attachment_70682\" aria-describedby=\"caption-attachment-70682\" style=\"width: 800px\" class=\"wp-caption alignnone\"><a onclick=\"javascript:pageTracker._trackPageview('\/downloads\/wp-content\/uploads\/2012\/05\/bobr50.jpg');\"  href=\"http:\/\/www.mojabochnia.pl\/wp-content\/uploads\/2012\/05\/bobr50.jpg\"><img loading=\"lazy\" decoding=\"async\" src=\"http:\/\/www.mojabochnia.pl\/wp-content\/uploads\/2012\/05\/bobr50.jpg\" alt=\"\" title=\"B\u00f3br nad Rab\u0105\" width=\"800\" height=\"450\" class=\"size-full wp-image-70682\" srcset=\"https:\/\/www.mojabochnia.pl\/wp-content\/uploads\/2012\/05\/bobr50.jpg 800w, https:\/\/www.mojabochnia.pl\/wp-content\/uploads\/2012\/05\/bobr50-120x67.jpg 120w, https:\/\/www.mojabochnia.pl\/wp-content\/uploads\/2012\/05\/bobr50-468x263.jpg 468w, https:\/\/www.mojabochnia.pl\/wp-content\/uploads\/2012\/05\/bobr50-660x371.jpg 660w\" sizes=\"auto, (max-width: 800px) 100vw, 800px\" \/><\/a><figcaption id=\"caption-attachment-70682\" class=\"wp-caption-text\">Andrzej Falkowski<\/figcaption><\/figure>\n<figure id=\"attachment_70681\" aria-describedby=\"caption-attachment-70681\" style=\"width: 800px\" class=\"wp-caption alignnone\"><a onclick=\"javascript:pageTracker._trackPageview('\/downloads\/wp-content\/uploads\/2012\/05\/bobr34.jpg');\"  href=\"http:\/\/www.mojabochnia.pl\/wp-content\/uploads\/2012\/05\/bobr34.jpg\"><img loading=\"lazy\" decoding=\"async\" src=\"http:\/\/www.mojabochnia.pl\/wp-content\/uploads\/2012\/05\/bobr34.jpg\" alt=\"\" title=\"B\u00f3br nad Rab\u0105\" width=\"800\" height=\"450\" class=\"size-full wp-image-70681\" srcset=\"https:\/\/www.mojabochnia.pl\/wp-content\/uploads\/2012\/05\/bobr34.jpg 800w, https:\/\/www.mojabochnia.pl\/wp-content\/uploads\/2012\/05\/bobr34-120x67.jpg 120w, https:\/\/www.mojabochnia.pl\/wp-content\/uploads\/2012\/05\/bobr34-468x263.jpg 468w, https:\/\/www.mojabochnia.pl\/wp-content\/uploads\/2012\/05\/bobr34-660x371.jpg 660w\" sizes=\"auto, (max-width: 800px) 100vw, 800px\" \/><\/a><figcaption id=\"caption-attachment-70681\" class=\"wp-caption-text\">Andrzej Falkowski<\/figcaption><\/figure>\n<figure id=\"attachment_70680\" aria-describedby=\"caption-attachment-70680\" style=\"width: 800px\" class=\"wp-caption alignnone\"><a onclick=\"javascript:pageTracker._trackPageview('\/downloads\/wp-content\/uploads\/2012\/05\/bobr17.jpg');\"  href=\"http:\/\/www.mojabochnia.pl\/wp-content\/uploads\/2012\/05\/bobr17.jpg\"><img loading=\"lazy\" decoding=\"async\" src=\"http:\/\/www.mojabochnia.pl\/wp-content\/uploads\/2012\/05\/bobr17.jpg\" alt=\"\" title=\"B\u00f3br nad Rab\u0105\" width=\"800\" height=\"450\" class=\"size-full wp-image-70680\" srcset=\"https:\/\/www.mojabochnia.pl\/wp-content\/uploads\/2012\/05\/bobr17.jpg 800w, https:\/\/www.mojabochnia.pl\/wp-content\/uploads\/2012\/05\/bobr17-120x67.jpg 120w, https:\/\/www.mojabochnia.pl\/wp-content\/uploads\/2012\/05\/bobr17-468x263.jpg 468w, https:\/\/www.mojabochnia.pl\/wp-content\/uploads\/2012\/05\/bobr17-660x371.jpg 660w\" sizes=\"auto, (max-width: 800px) 100vw, 800px\" \/><\/a><figcaption id=\"caption-attachment-70680\" class=\"wp-caption-text\">Andrzej Falkowski<\/figcaption><\/figure>\n<figure id=\"attachment_70679\" aria-describedby=\"caption-attachment-70679\" style=\"width: 800px\" class=\"wp-caption alignnone\"><a onclick=\"javascript:pageTracker._trackPageview('\/downloads\/wp-content\/uploads\/2012\/05\/bobr10.jpg');\"  href=\"http:\/\/www.mojabochnia.pl\/wp-content\/uploads\/2012\/05\/bobr10.jpg\"><img loading=\"lazy\" decoding=\"async\" src=\"http:\/\/www.mojabochnia.pl\/wp-content\/uploads\/2012\/05\/bobr10.jpg\" alt=\"\" title=\"B\u00f3br nad Rab\u0105\" width=\"800\" height=\"450\" class=\"size-full wp-image-70679\" srcset=\"https:\/\/www.mojabochnia.pl\/wp-content\/uploads\/2012\/05\/bobr10.jpg 800w, https:\/\/www.mojabochnia.pl\/wp-content\/uploads\/2012\/05\/bobr10-120x67.jpg 120w, https:\/\/www.mojabochnia.pl\/wp-content\/uploads\/2012\/05\/bobr10-468x263.jpg 468w, https:\/\/www.mojabochnia.pl\/wp-content\/uploads\/2012\/05\/bobr10-660x371.jpg 660w\" sizes=\"auto, (max-width: 800px) 100vw, 800px\" \/><\/a><figcaption id=\"caption-attachment-70679\" class=\"wp-caption-text\">Andrzej Falkowski<\/figcaption><\/figure>\n<figure id=\"attachment_70678\" aria-describedby=\"caption-attachment-70678\" style=\"width: 800px\" class=\"wp-caption alignnone\"><a onclick=\"javascript:pageTracker._trackPageview('\/downloads\/wp-content\/uploads\/2012\/05\/bobr_03.jpg');\"  href=\"http:\/\/www.mojabochnia.pl\/wp-content\/uploads\/2012\/05\/bobr_03.jpg\"><img loading=\"lazy\" decoding=\"async\" src=\"http:\/\/www.mojabochnia.pl\/wp-content\/uploads\/2012\/05\/bobr_03.jpg\" alt=\"\" title=\"B\u00f3br nad Rab\u0105\" width=\"800\" height=\"450\" class=\"size-full wp-image-70678\" srcset=\"https:\/\/www.mojabochnia.pl\/wp-content\/uploads\/2012\/05\/bobr_03.jpg 800w, https:\/\/www.mojabochnia.pl\/wp-content\/uploads\/2012\/05\/bobr_03-120x67.jpg 120w, https:\/\/www.mojabochnia.pl\/wp-content\/uploads\/2012\/05\/bobr_03-468x263.jpg 468w, https:\/\/www.mojabochnia.pl\/wp-content\/uploads\/2012\/05\/bobr_03-660x371.jpg 660w\" sizes=\"auto, (max-width: 800px) 100vw, 800px\" \/><\/a><figcaption id=\"caption-attachment-70678\" class=\"wp-caption-text\">Andrzej Falkowski<\/figcaption><\/figure>\n\t  \r\n\t\r\n\t    <div class=\"mb-gallery\">\r\n\t    <a href=\"https:\/\/www.mojabochnia.pl\/?attachment_id=70676\" class=\"\"><img loading=\"lazy\" decoding=\"async\" width=\"100\" height=\"56\" src=\"https:\/\/www.mojabochnia.pl\/wp-content\/uploads\/2012\/05\/bazanty-toki_06-120x67.jpg\" class=\"attachment-100x100 size-100x100\" alt=\"\" srcset=\"https:\/\/www.mojabochnia.pl\/wp-content\/uploads\/2012\/05\/bazanty-toki_06-120x67.jpg 120w, https:\/\/www.mojabochnia.pl\/wp-content\/uploads\/2012\/05\/bazanty-toki_06-468x263.jpg 468w, https:\/\/www.mojabochnia.pl\/wp-content\/uploads\/2012\/05\/bazanty-toki_06-660x371.jpg 660w, https:\/\/www.mojabochnia.pl\/wp-content\/uploads\/2012\/05\/bazanty-toki_06.jpg 800w\" sizes=\"auto, (max-width: 100px) 100vw, 100px\" \/><\/a><a href=\"https:\/\/www.mojabochnia.pl\/?attachment_id=70677\" class=\"\"><img loading=\"lazy\" decoding=\"async\" width=\"100\" height=\"56\" src=\"https:\/\/www.mojabochnia.pl\/wp-content\/uploads\/2012\/05\/bazanty-toki_66-120x67.jpg\" class=\"attachment-100x100 size-100x100\" alt=\"\" srcset=\"https:\/\/www.mojabochnia.pl\/wp-content\/uploads\/2012\/05\/bazanty-toki_66-120x67.jpg 120w, https:\/\/www.mojabochnia.pl\/wp-content\/uploads\/2012\/05\/bazanty-toki_66-468x263.jpg 468w, https:\/\/www.mojabochnia.pl\/wp-content\/uploads\/2012\/05\/bazanty-toki_66-660x371.jpg 660w, https:\/\/www.mojabochnia.pl\/wp-content\/uploads\/2012\/05\/bazanty-toki_66.jpg 800w\" sizes=\"auto, (max-width: 100px) 100vw, 100px\" \/><\/a><a href=\"https:\/\/www.mojabochnia.pl\/?attachment_id=70678\" class=\"\"><img loading=\"lazy\" decoding=\"async\" width=\"100\" height=\"56\" src=\"https:\/\/www.mojabochnia.pl\/wp-content\/uploads\/2012\/05\/bobr_03-120x67.jpg\" class=\"attachment-100x100 size-100x100\" alt=\"\" srcset=\"https:\/\/www.mojabochnia.pl\/wp-content\/uploads\/2012\/05\/bobr_03-120x67.jpg 120w, https:\/\/www.mojabochnia.pl\/wp-content\/uploads\/2012\/05\/bobr_03-468x263.jpg 468w, https:\/\/www.mojabochnia.pl\/wp-content\/uploads\/2012\/05\/bobr_03-660x371.jpg 660w, https:\/\/www.mojabochnia.pl\/wp-content\/uploads\/2012\/05\/bobr_03.jpg 800w\" sizes=\"auto, (max-width: 100px) 100vw, 100px\" \/><\/a><a href=\"https:\/\/www.mojabochnia.pl\/?attachment_id=70679\" class=\"\"><img loading=\"lazy\" decoding=\"async\" width=\"100\" height=\"56\" src=\"https:\/\/www.mojabochnia.pl\/wp-content\/uploads\/2012\/05\/bobr10-120x67.jpg\" class=\"attachment-100x100 size-100x100\" alt=\"\" srcset=\"https:\/\/www.mojabochnia.pl\/wp-content\/uploads\/2012\/05\/bobr10-120x67.jpg 120w, https:\/\/www.mojabochnia.pl\/wp-content\/uploads\/2012\/05\/bobr10-468x263.jpg 468w, https:\/\/www.mojabochnia.pl\/wp-content\/uploads\/2012\/05\/bobr10-660x371.jpg 660w, https:\/\/www.mojabochnia.pl\/wp-content\/uploads\/2012\/05\/bobr10.jpg 800w\" sizes=\"auto, (max-width: 100px) 100vw, 100px\" \/><\/a><a href=\"https:\/\/www.mojabochnia.pl\/?attachment_id=70680\" class=\"\"><img loading=\"lazy\" decoding=\"async\" width=\"100\" height=\"56\" src=\"https:\/\/www.mojabochnia.pl\/wp-content\/uploads\/2012\/05\/bobr17-120x67.jpg\" class=\"attachment-100x100 size-100x100\" alt=\"\" srcset=\"https:\/\/www.mojabochnia.pl\/wp-content\/uploads\/2012\/05\/bobr17-120x67.jpg 120w, https:\/\/www.mojabochnia.pl\/wp-content\/uploads\/2012\/05\/bobr17-468x263.jpg 468w, https:\/\/www.mojabochnia.pl\/wp-content\/uploads\/2012\/05\/bobr17-660x371.jpg 660w, https:\/\/www.mojabochnia.pl\/wp-content\/uploads\/2012\/05\/bobr17.jpg 800w\" sizes=\"auto, (max-width: 100px) 100vw, 100px\" \/><\/a><a href=\"https:\/\/www.mojabochnia.pl\/?attachment_id=70681\" class=\"\"><img loading=\"lazy\" decoding=\"async\" width=\"100\" height=\"56\" src=\"https:\/\/www.mojabochnia.pl\/wp-content\/uploads\/2012\/05\/bobr34-120x67.jpg\" class=\"attachment-100x100 size-100x100\" alt=\"\" srcset=\"https:\/\/www.mojabochnia.pl\/wp-content\/uploads\/2012\/05\/bobr34-120x67.jpg 120w, https:\/\/www.mojabochnia.pl\/wp-content\/uploads\/2012\/05\/bobr34-468x263.jpg 468w, https:\/\/www.mojabochnia.pl\/wp-content\/uploads\/2012\/05\/bobr34-660x371.jpg 660w, https:\/\/www.mojabochnia.pl\/wp-content\/uploads\/2012\/05\/bobr34.jpg 800w\" sizes=\"auto, (max-width: 100px) 100vw, 100px\" \/><\/a><a href=\"https:\/\/www.mojabochnia.pl\/?attachment_id=70682\" class=\"\"><img loading=\"lazy\" decoding=\"async\" width=\"100\" height=\"56\" src=\"https:\/\/www.mojabochnia.pl\/wp-content\/uploads\/2012\/05\/bobr50-120x67.jpg\" class=\"attachment-100x100 size-100x100\" alt=\"\" srcset=\"https:\/\/www.mojabochnia.pl\/wp-content\/uploads\/2012\/05\/bobr50-120x67.jpg 120w, https:\/\/www.mojabochnia.pl\/wp-content\/uploads\/2012\/05\/bobr50-468x263.jpg 468w, https:\/\/www.mojabochnia.pl\/wp-content\/uploads\/2012\/05\/bobr50-660x371.jpg 660w, https:\/\/www.mojabochnia.pl\/wp-content\/uploads\/2012\/05\/bobr50.jpg 800w\" sizes=\"auto, (max-width: 100px) 100vw, 100px\" \/><\/a><a href=\"https:\/\/www.mojabochnia.pl\/?attachment_id=70683\" class=\"\"><img loading=\"lazy\" decoding=\"async\" width=\"100\" height=\"56\" src=\"https:\/\/www.mojabochnia.pl\/wp-content\/uploads\/2012\/05\/bobr90-120x67.jpg\" class=\"attachment-100x100 size-100x100\" alt=\"\" srcset=\"https:\/\/www.mojabochnia.pl\/wp-content\/uploads\/2012\/05\/bobr90-120x67.jpg 120w, https:\/\/www.mojabochnia.pl\/wp-content\/uploads\/2012\/05\/bobr90-468x263.jpg 468w, https:\/\/www.mojabochnia.pl\/wp-content\/uploads\/2012\/05\/bobr90-660x371.jpg 660w, https:\/\/www.mojabochnia.pl\/wp-content\/uploads\/2012\/05\/bobr90.jpg 800w\" sizes=\"auto, (max-width: 100px) 100vw, 100px\" \/><\/a><a href=\"https:\/\/www.mojabochnia.pl\/?attachment_id=70684\" class=\"\"><img loading=\"lazy\" decoding=\"async\" width=\"100\" height=\"56\" src=\"https:\/\/www.mojabochnia.pl\/wp-content\/uploads\/2012\/05\/bobr974-120x67.jpg\" class=\"attachment-100x100 size-100x100\" alt=\"\" srcset=\"https:\/\/www.mojabochnia.pl\/wp-content\/uploads\/2012\/05\/bobr974-120x67.jpg 120w, https:\/\/www.mojabochnia.pl\/wp-content\/uploads\/2012\/05\/bobr974-468x263.jpg 468w, https:\/\/www.mojabochnia.pl\/wp-content\/uploads\/2012\/05\/bobr974-660x371.jpg 660w, https:\/\/www.mojabochnia.pl\/wp-content\/uploads\/2012\/05\/bobr974.jpg 800w\" sizes=\"auto, (max-width: 100px) 100vw, 100px\" \/><\/a><a href=\"https:\/\/www.mojabochnia.pl\/?attachment_id=70685\" class=\"\"><img loading=\"lazy\" decoding=\"async\" width=\"100\" height=\"56\" src=\"https:\/\/www.mojabochnia.pl\/wp-content\/uploads\/2012\/05\/Tracz_43-120x67.jpg\" class=\"attachment-100x100 size-100x100\" alt=\"\" srcset=\"https:\/\/www.mojabochnia.pl\/wp-content\/uploads\/2012\/05\/Tracz_43-120x67.jpg 120w, https:\/\/www.mojabochnia.pl\/wp-content\/uploads\/2012\/05\/Tracz_43-468x263.jpg 468w, https:\/\/www.mojabochnia.pl\/wp-content\/uploads\/2012\/05\/Tracz_43-660x371.jpg 660w, https:\/\/www.mojabochnia.pl\/wp-content\/uploads\/2012\/05\/Tracz_43.jpg 800w\" sizes=\"auto, (max-width: 100px) 100vw, 100px\" \/><\/a><a href=\"https:\/\/www.mojabochnia.pl\/?attachment_id=70686\" class=\"\"><img loading=\"lazy\" decoding=\"async\" width=\"100\" height=\"56\" src=\"https:\/\/www.mojabochnia.pl\/wp-content\/uploads\/2012\/05\/sarna_10-120x67.jpg\" class=\"attachment-100x100 size-100x100\" alt=\"\" srcset=\"https:\/\/www.mojabochnia.pl\/wp-content\/uploads\/2012\/05\/sarna_10-120x67.jpg 120w, https:\/\/www.mojabochnia.pl\/wp-content\/uploads\/2012\/05\/sarna_10-468x263.jpg 468w, https:\/\/www.mojabochnia.pl\/wp-content\/uploads\/2012\/05\/sarna_10-660x371.jpg 660w, https:\/\/www.mojabochnia.pl\/wp-content\/uploads\/2012\/05\/sarna_10.jpg 800w\" sizes=\"auto, (max-width: 100px) 100vw, 100px\" \/><\/a>\t    <\/div>\r\n\t    ","protected":false},"excerpt":{"rendered":"<p>Czy zastanawiali\u015bcie si\u0119 kiedy\u015b nad bogactwem flory i fauny, jaka wyst\u0119puje w naszej okolicy? Z ca\u0142\u0105 pewno\u015bci\u0105 tak. Ka\u017cdy widuje sarenki, ptaszki, zaj\u0105czki (przewa\u017cnie uciekaj\u0105ce ).  :-) Aby naprawd\u0119 co\u015b zobaczy\u0107, trzeba na chwil\u0119 zwolni\u0107 szalone tempo \u017cycia, jakie narzuca nam wsp\u00f3\u0142czesny \u015bwiat. <\/p>\n","protected":false},"author":1,"featured_media":0,"comment_status":"open","ping_status":"closed","sticky":true,"template":"","format":"standard","meta":{"_acf_changed":false,"footnotes":""},"categories":[5,6247,6246,6251,6250],"tags":[10980,10983,10981,17795,17223,2714,10982,17205,17402],"class_list":["post-70674","post","type-post","status-publish","format-standard","hentry","category-biezace-wydarzenia","category-fotogaleria","category-medium","category-polityka-i-wydarzenia","category-tematyka","tag-andrzej-falkowski","tag-bazant","tag-bobr","tag-przyroda","tag-raba","tag-rzeka","tag-sarna","tag-turystyka","tag-woda","main_tag-przyroda"],"acf":[],"yoast_head":"<!-- This site is optimized with the Yoast SEO plugin v26.9 - https:\/\/yoast.com\/product\/yoast-seo-wordpress\/ -->\n<title>Andrzej Falkowski: Boche\u0144skie bobry - mojabochnia.pl - portal informacyjny<\/title>\n<meta name=\"robots\" content=\"index, follow, max-snippet:-1, max-image-preview:large, max-video-preview:-1\" \/>\n<link rel=\"canonical\" href=\"https:\/\/www.mojabochnia.pl\/?p=70674\" \/>\n<meta property=\"og:locale\" content=\"pl_PL\" \/>\n<meta property=\"og:type\" content=\"article\" \/>\n<meta property=\"og:title\" content=\"Andrzej Falkowski: Boche\u0144skie bobry - mojabochnia.pl - portal informacyjny\" \/>\n<meta property=\"og:description\" content=\"Czy zastanawiali\u015bcie si\u0119 kiedy\u015b nad bogactwem flory i fauny, jaka wyst\u0119puje w naszej okolicy? Z ca\u0142\u0105 pewno\u015bci\u0105 tak. Ka\u017cdy widuje sarenki, ptaszki, zaj\u0105czki (przewa\u017cnie uciekaj\u0105ce ). :-) Aby naprawd\u0119 co\u015b zobaczy\u0107, trzeba na chwil\u0119 zwolni\u0107 szalone tempo \u017cycia, jakie narzuca nam wsp\u00f3\u0142czesny \u015bwiat.\" \/>\n<meta property=\"og:url\" content=\"https:\/\/www.mojabochnia.pl\/?p=70674\" \/>\n<meta property=\"og:site_name\" content=\"mojabochnia.pl - portal informacyjny\" \/>\n<meta property=\"article:publisher\" content=\"https:\/\/www.facebook.com\/mojabochnia\" \/>\n<meta property=\"article:published_time\" content=\"2012-05-13T05:31:07+00:00\" \/>\n<meta property=\"article:modified_time\" content=\"2012-06-11T08:19:05+00:00\" \/>\n<meta property=\"og:image\" content=\"https:\/\/www.mojabochnia.pl\/wp-content\/uploads\/2012\/05\/bazanty-toki_66.jpg\" \/>\n\t<meta property=\"og:image:width\" content=\"800\" \/>\n\t<meta property=\"og:image:height\" content=\"450\" \/>\n\t<meta property=\"og:image:type\" content=\"image\/jpeg\" \/>\n<meta name=\"author\" content=\"administrator\" \/>\n<meta name=\"twitter:card\" content=\"summary_large_image\" \/>\n<meta name=\"twitter:label1\" content=\"Written by\" \/>\n\t<meta name=\"twitter:data1\" content=\"administrator\" \/>\n\t<meta name=\"twitter:label2\" content=\"Est. reading time\" \/>\n\t<meta name=\"twitter:data2\" content=\"2 minuty\" \/>\n<script type=\"application\/ld+json\" class=\"yoast-schema-graph\">{\"@context\":\"https:\/\/schema.org\",\"@graph\":[{\"@type\":\"Article\",\"@id\":\"https:\/\/www.mojabochnia.pl\/?p=70674#article\",\"isPartOf\":{\"@id\":\"https:\/\/www.mojabochnia.pl\/?p=70674\"},\"author\":{\"name\":\"administrator\",\"@id\":\"https:\/\/www.mojabochnia.pl\/#\/schema\/person\/c00e1f64e6fa0e6de6d410f2c340017f\"},\"headline\":\"Andrzej Falkowski: Boche\u0144skie bobry\",\"datePublished\":\"2012-05-13T05:31:07+00:00\",\"dateModified\":\"2012-06-11T08:19:05+00:00\",\"mainEntityOfPage\":{\"@id\":\"https:\/\/www.mojabochnia.pl\/?p=70674\"},\"wordCount\":487,\"commentCount\":0,\"publisher\":{\"@id\":\"https:\/\/www.mojabochnia.pl\/#organization\"},\"image\":{\"@id\":\"https:\/\/www.mojabochnia.pl\/?p=70674#primaryimage\"},\"thumbnailUrl\":\"http:\/\/www.mojabochnia.pl\/wp-content\/uploads\/2012\/05\/bazanty-toki_66.jpg\",\"keywords\":[\"andrzej falkowski\",\"ba\u017cant\",\"b\u00f3br\",\"przyroda\",\"raba\",\"rzeka\",\"sarna\",\"turystyka\",\"woda\"],\"articleSection\":[\"2_ostatnie\",\"fotogaleria\",\"Medium\",\"polityka i wydarzenia\",\"tematyka\"],\"inLanguage\":\"pl-PL\",\"potentialAction\":[{\"@type\":\"CommentAction\",\"name\":\"Comment\",\"target\":[\"https:\/\/www.mojabochnia.pl\/?p=70674#respond\"]}]},{\"@type\":\"WebPage\",\"@id\":\"https:\/\/www.mojabochnia.pl\/?p=70674\",\"url\":\"https:\/\/www.mojabochnia.pl\/?p=70674\",\"name\":\"Andrzej Falkowski: Boche\u0144skie bobry - mojabochnia.pl - portal informacyjny\",\"isPartOf\":{\"@id\":\"https:\/\/www.mojabochnia.pl\/#website\"},\"primaryImageOfPage\":{\"@id\":\"https:\/\/www.mojabochnia.pl\/?p=70674#primaryimage\"},\"image\":{\"@id\":\"https:\/\/www.mojabochnia.pl\/?p=70674#primaryimage\"},\"thumbnailUrl\":\"http:\/\/www.mojabochnia.pl\/wp-content\/uploads\/2012\/05\/bazanty-toki_66.jpg\",\"datePublished\":\"2012-05-13T05:31:07+00:00\",\"dateModified\":\"2012-06-11T08:19:05+00:00\",\"breadcrumb\":{\"@id\":\"https:\/\/www.mojabochnia.pl\/?p=70674#breadcrumb\"},\"inLanguage\":\"pl-PL\",\"potentialAction\":[{\"@type\":\"ReadAction\",\"target\":[\"https:\/\/www.mojabochnia.pl\/?p=70674\"]}]},{\"@type\":\"ImageObject\",\"inLanguage\":\"pl-PL\",\"@id\":\"https:\/\/www.mojabochnia.pl\/?p=70674#primaryimage\",\"url\":\"http:\/\/www.mojabochnia.pl\/wp-content\/uploads\/2012\/05\/bazanty-toki_66.jpg\",\"contentUrl\":\"http:\/\/www.mojabochnia.pl\/wp-content\/uploads\/2012\/05\/bazanty-toki_66.jpg\"},{\"@type\":\"BreadcrumbList\",\"@id\":\"https:\/\/www.mojabochnia.pl\/?p=70674#breadcrumb\",\"itemListElement\":[{\"@type\":\"ListItem\",\"position\":1,\"name\":\"Home\",\"item\":\"https:\/\/www.mojabochnia.pl\/\"},{\"@type\":\"ListItem\",\"position\":2,\"name\":\"Andrzej Falkowski: Boche\u0144skie bobry\"}]},{\"@type\":\"WebSite\",\"@id\":\"https:\/\/www.mojabochnia.pl\/#website\",\"url\":\"https:\/\/www.mojabochnia.pl\/\",\"name\":\"mojabochnia.pl - portal informacyjny\",\"description\":\"mojaBochnia to portal informacyjny o Bochni. Codziennie o Bochni piszemy i pokazujemy najwa\u017cniejsze wydarzenia\",\"publisher\":{\"@id\":\"https:\/\/www.mojabochnia.pl\/#organization\"},\"potentialAction\":[{\"@type\":\"SearchAction\",\"target\":{\"@type\":\"EntryPoint\",\"urlTemplate\":\"https:\/\/www.mojabochnia.pl\/?s={search_term_string}\"},\"query-input\":{\"@type\":\"PropertyValueSpecification\",\"valueRequired\":true,\"valueName\":\"search_term_string\"}}],\"inLanguage\":\"pl-PL\"},{\"@type\":\"Organization\",\"@id\":\"https:\/\/www.mojabochnia.pl\/#organization\",\"name\":\"mojabochnia.pl - portal informacyjny\",\"url\":\"https:\/\/www.mojabochnia.pl\/\",\"logo\":{\"@type\":\"ImageObject\",\"inLanguage\":\"pl-PL\",\"@id\":\"https:\/\/www.mojabochnia.pl\/#\/schema\/logo\/image\/\",\"url\":\"https:\/\/www.mojabochnia.pl\/wp-content\/uploads\/2017\/08\/logo-mb-opt.png\",\"contentUrl\":\"https:\/\/www.mojabochnia.pl\/wp-content\/uploads\/2017\/08\/logo-mb-opt.png\",\"width\":250,\"height\":48,\"caption\":\"mojabochnia.pl - portal informacyjny\"},\"image\":{\"@id\":\"https:\/\/www.mojabochnia.pl\/#\/schema\/logo\/image\/\"},\"sameAs\":[\"https:\/\/www.facebook.com\/mojabochnia\"]},{\"@type\":\"Person\",\"@id\":\"https:\/\/www.mojabochnia.pl\/#\/schema\/person\/c00e1f64e6fa0e6de6d410f2c340017f\",\"name\":\"administrator\",\"url\":\"https:\/\/www.mojabochnia.pl\/?author=1\"}]}<\/script>\n<!-- \/ Yoast SEO plugin. -->","yoast_head_json":{"title":"Andrzej Falkowski: Boche\u0144skie bobry - mojabochnia.pl - portal informacyjny","robots":{"index":"index","follow":"follow","max-snippet":"max-snippet:-1","max-image-preview":"max-image-preview:large","max-video-preview":"max-video-preview:-1"},"canonical":"https:\/\/www.mojabochnia.pl\/?p=70674","og_locale":"pl_PL","og_type":"article","og_title":"Andrzej Falkowski: Boche\u0144skie bobry - mojabochnia.pl - portal informacyjny","og_description":"Czy zastanawiali\u015bcie si\u0119 kiedy\u015b nad bogactwem flory i fauny, jaka wyst\u0119puje w naszej okolicy? Z ca\u0142\u0105 pewno\u015bci\u0105 tak. Ka\u017cdy widuje sarenki, ptaszki, zaj\u0105czki (przewa\u017cnie uciekaj\u0105ce ). :-) Aby naprawd\u0119 co\u015b zobaczy\u0107, trzeba na chwil\u0119 zwolni\u0107 szalone tempo \u017cycia, jakie narzuca nam wsp\u00f3\u0142czesny \u015bwiat.","og_url":"https:\/\/www.mojabochnia.pl\/?p=70674","og_site_name":"mojabochnia.pl - portal informacyjny","article_publisher":"https:\/\/www.facebook.com\/mojabochnia","article_published_time":"2012-05-13T05:31:07+00:00","article_modified_time":"2012-06-11T08:19:05+00:00","og_image":[{"width":800,"height":450,"url":"https:\/\/www.mojabochnia.pl\/wp-content\/uploads\/2012\/05\/bazanty-toki_66.jpg","type":"image\/jpeg"}],"author":"administrator","twitter_card":"summary_large_image","twitter_misc":{"Written by":"administrator","Est. reading time":"2 minuty"},"schema":{"@context":"https:\/\/schema.org","@graph":[{"@type":"Article","@id":"https:\/\/www.mojabochnia.pl\/?p=70674#article","isPartOf":{"@id":"https:\/\/www.mojabochnia.pl\/?p=70674"},"author":{"name":"administrator","@id":"https:\/\/www.mojabochnia.pl\/#\/schema\/person\/c00e1f64e6fa0e6de6d410f2c340017f"},"headline":"Andrzej Falkowski: Boche\u0144skie bobry","datePublished":"2012-05-13T05:31:07+00:00","dateModified":"2012-06-11T08:19:05+00:00","mainEntityOfPage":{"@id":"https:\/\/www.mojabochnia.pl\/?p=70674"},"wordCount":487,"commentCount":0,"publisher":{"@id":"https:\/\/www.mojabochnia.pl\/#organization"},"image":{"@id":"https:\/\/www.mojabochnia.pl\/?p=70674#primaryimage"},"thumbnailUrl":"http:\/\/www.mojabochnia.pl\/wp-content\/uploads\/2012\/05\/bazanty-toki_66.jpg","keywords":["andrzej falkowski","ba\u017cant","b\u00f3br","przyroda","raba","rzeka","sarna","turystyka","woda"],"articleSection":["2_ostatnie","fotogaleria","Medium","polityka i wydarzenia","tematyka"],"inLanguage":"pl-PL","potentialAction":[{"@type":"CommentAction","name":"Comment","target":["https:\/\/www.mojabochnia.pl\/?p=70674#respond"]}]},{"@type":"WebPage","@id":"https:\/\/www.mojabochnia.pl\/?p=70674","url":"https:\/\/www.mojabochnia.pl\/?p=70674","name":"Andrzej Falkowski: Boche\u0144skie bobry - mojabochnia.pl - portal informacyjny","isPartOf":{"@id":"https:\/\/www.mojabochnia.pl\/#website"},"primaryImageOfPage":{"@id":"https:\/\/www.mojabochnia.pl\/?p=70674#primaryimage"},"image":{"@id":"https:\/\/www.mojabochnia.pl\/?p=70674#primaryimage"},"thumbnailUrl":"http:\/\/www.mojabochnia.pl\/wp-content\/uploads\/2012\/05\/bazanty-toki_66.jpg","datePublished":"2012-05-13T05:31:07+00:00","dateModified":"2012-06-11T08:19:05+00:00","breadcrumb":{"@id":"https:\/\/www.mojabochnia.pl\/?p=70674#breadcrumb"},"inLanguage":"pl-PL","potentialAction":[{"@type":"ReadAction","target":["https:\/\/www.mojabochnia.pl\/?p=70674"]}]},{"@type":"ImageObject","inLanguage":"pl-PL","@id":"https:\/\/www.mojabochnia.pl\/?p=70674#primaryimage","url":"http:\/\/www.mojabochnia.pl\/wp-content\/uploads\/2012\/05\/bazanty-toki_66.jpg","contentUrl":"http:\/\/www.mojabochnia.pl\/wp-content\/uploads\/2012\/05\/bazanty-toki_66.jpg"},{"@type":"BreadcrumbList","@id":"https:\/\/www.mojabochnia.pl\/?p=70674#breadcrumb","itemListElement":[{"@type":"ListItem","position":1,"name":"Home","item":"https:\/\/www.mojabochnia.pl\/"},{"@type":"ListItem","position":2,"name":"Andrzej Falkowski: Boche\u0144skie bobry"}]},{"@type":"WebSite","@id":"https:\/\/www.mojabochnia.pl\/#website","url":"https:\/\/www.mojabochnia.pl\/","name":"mojabochnia.pl - portal informacyjny","description":"mojaBochnia to portal informacyjny o Bochni. Codziennie o Bochni piszemy i pokazujemy najwa\u017cniejsze wydarzenia","publisher":{"@id":"https:\/\/www.mojabochnia.pl\/#organization"},"potentialAction":[{"@type":"SearchAction","target":{"@type":"EntryPoint","urlTemplate":"https:\/\/www.mojabochnia.pl\/?s={search_term_string}"},"query-input":{"@type":"PropertyValueSpecification","valueRequired":true,"valueName":"search_term_string"}}],"inLanguage":"pl-PL"},{"@type":"Organization","@id":"https:\/\/www.mojabochnia.pl\/#organization","name":"mojabochnia.pl - portal informacyjny","url":"https:\/\/www.mojabochnia.pl\/","logo":{"@type":"ImageObject","inLanguage":"pl-PL","@id":"https:\/\/www.mojabochnia.pl\/#\/schema\/logo\/image\/","url":"https:\/\/www.mojabochnia.pl\/wp-content\/uploads\/2017\/08\/logo-mb-opt.png","contentUrl":"https:\/\/www.mojabochnia.pl\/wp-content\/uploads\/2017\/08\/logo-mb-opt.png","width":250,"height":48,"caption":"mojabochnia.pl - portal informacyjny"},"image":{"@id":"https:\/\/www.mojabochnia.pl\/#\/schema\/logo\/image\/"},"sameAs":["https:\/\/www.facebook.com\/mojabochnia"]},{"@type":"Person","@id":"https:\/\/www.mojabochnia.pl\/#\/schema\/person\/c00e1f64e6fa0e6de6d410f2c340017f","name":"administrator","url":"https:\/\/www.mojabochnia.pl\/?author=1"}]}},"_links":{"self":[{"href":"https:\/\/www.mojabochnia.pl\/index.php?rest_route=\/wp\/v2\/posts\/70674","targetHints":{"allow":["GET"]}}],"collection":[{"href":"https:\/\/www.mojabochnia.pl\/index.php?rest_route=\/wp\/v2\/posts"}],"about":[{"href":"https:\/\/www.mojabochnia.pl\/index.php?rest_route=\/wp\/v2\/types\/post"}],"author":[{"embeddable":true,"href":"https:\/\/www.mojabochnia.pl\/index.php?rest_route=\/wp\/v2\/users\/1"}],"replies":[{"embeddable":true,"href":"https:\/\/www.mojabochnia.pl\/index.php?rest_route=%2Fwp%2Fv2%2Fcomments&post=70674"}],"version-history":[{"count":17,"href":"https:\/\/www.mojabochnia.pl\/index.php?rest_route=\/wp\/v2\/posts\/70674\/revisions"}],"predecessor-version":[{"id":73185,"href":"https:\/\/www.mojabochnia.pl\/index.php?rest_route=\/wp\/v2\/posts\/70674\/revisions\/73185"}],"wp:attachment":[{"href":"https:\/\/www.mojabochnia.pl\/index.php?rest_route=%2Fwp%2Fv2%2Fmedia&parent=70674"}],"wp:term":[{"taxonomy":"category","embeddable":true,"href":"https:\/\/www.mojabochnia.pl\/index.php?rest_route=%2Fwp%2Fv2%2Fcategories&post=70674"},{"taxonomy":"post_tag","embeddable":true,"href":"https:\/\/www.mojabochnia.pl\/index.php?rest_route=%2Fwp%2Fv2%2Ftags&post=70674"}],"curies":[{"name":"wp","href":"https:\/\/api.w.org\/{rel}","templated":true}]}}