{"id":70668,"date":"2012-05-09T11:40:10","date_gmt":"2012-05-09T09:40:10","guid":{"rendered":"http:\/\/www.mojabochnia.pl\/?p=70668"},"modified":"2012-05-09T22:34:28","modified_gmt":"2012-05-09T20:34:28","slug":"sad-rejonowy-w-bochni-zachowa-niezaleznosc","status":"publish","type":"post","link":"https:\/\/www.mojabochnia.pl\/?p=70668","title":{"rendered":"S\u0105d Rejonowy w Bochni zachowa niezale\u017cno\u015b\u0107?"},"content":{"rendered":"<p><em>Pan minister w czasie spotkania powiedzia\u0142, \u017ce pracuj\u0105 dalej nad t\u0105 reform\u0105 reformy s\u0105downictwa, ale w tej chwili bior\u0105 pod uwag\u0119 wersj\u0119 zupe\u0142nie now\u0105, mianowicie zniesienie s\u0105d\u00f3w o ilo\u015bci etat\u00f3w do 10. W tych s\u0142owach jest nadzieja, bo reforma omija Bochni\u0119, Limanow\u0105, Wieliczk\u0119, Gorlice, Zakopane. Te wszystkie s\u0105dy przy tej koncepcji \u2013 gdyby si\u0119 osta\u0142a \u2013 zostaj\u0105<\/em> &#8211; m\u00f3wi Piotr Maziarz, prezes Sadu Rejonowego w Bochni. <\/p>\n<p>Reforma mia\u0142aby wej\u015b\u0107 w \u017cycie od 1 stycznia 2013 r. <em>Termin jest jasny, natomiast jaka koncepcja zwyci\u0119\u017cy, nie jest do ko\u0144ca jasne<\/em> &#8211; dodaje Piotr Maziarz.<\/p>\n","protected":false},"excerpt":{"rendered":"<p>Po spotkaniu prezes\u00f3w s\u0105d\u00f3w rejonowych z ministrem Jaros\u0142awem Gowinem pojawia si\u0119 cie\u0144 nadziei dla boche\u0144skiej wokandy. Je\u015bli obecnie rozpatrywana koncepcja przetrwa, S\u0105d ocaleje w obecnej strukturze. <\/p>\n","protected":false},"author":4,"featured_media":0,"comment_status":"open","ping_status":"closed","sticky":true,"template":"","format":"standard","meta":{"_acf_changed":false,"footnotes":""},"categories":[5,6251,6250],"tags":[7828,887,10534,17532,17340,17613],"class_list":["post-70668","post","type-post","status-publish","format-standard","hentry","category-biezace-wydarzenia","category-polityka-i-wydarzenia","category-tematyka","tag-jaroslaw-gowin","tag-minister-sprawiedliwosci","tag-piotr-maziarz","tag-reforma","tag-sad","tag-sad-rejonowy","main_tag-sad"],"acf":[],"yoast_head":"<!-- This site is optimized with the Yoast SEO plugin v26.9 - https:\/\/yoast.com\/product\/yoast-seo-wordpress\/ -->\n<title>S\u0105d Rejonowy w Bochni zachowa niezale\u017cno\u015b\u0107? - mojabochnia.pl - portal informacyjny<\/title>\n<meta name=\"robots\" content=\"index, follow, max-snippet:-1, max-image-preview:large, max-video-preview:-1\" \/>\n<link rel=\"canonical\" href=\"https:\/\/www.mojabochnia.pl\/?p=70668\" \/>\n<meta property=\"og:locale\" content=\"pl_PL\" \/>\n<meta property=\"og:type\" content=\"article\" \/>\n<meta property=\"og:title\" content=\"S\u0105d Rejonowy w Bochni zachowa niezale\u017cno\u015b\u0107? - mojabochnia.pl - portal informacyjny\" \/>\n<meta property=\"og:description\" content=\"Po spotkaniu prezes\u00f3w s\u0105d\u00f3w rejonowych z ministrem Jaros\u0142awem Gowinem pojawia si\u0119 cie\u0144 nadziei dla boche\u0144skiej wokandy. Je\u015bli obecnie rozpatrywana koncepcja przetrwa, S\u0105d ocaleje w obecnej strukturze.\" \/>\n<meta property=\"og:url\" content=\"https:\/\/www.mojabochnia.pl\/?p=70668\" \/>\n<meta property=\"og:site_name\" content=\"mojabochnia.pl - portal informacyjny\" \/>\n<meta property=\"article:publisher\" content=\"https:\/\/www.facebook.com\/mojabochnia\" \/>\n<meta property=\"article:published_time\" content=\"2012-05-09T09:40:10+00:00\" \/>\n<meta property=\"article:modified_time\" content=\"2012-05-09T20:34:28+00:00\" \/>\n<meta name=\"author\" content=\"Pawe\u0142 Michalczyk\" \/>\n<meta name=\"twitter:card\" content=\"summary_large_image\" \/>\n<meta name=\"twitter:label1\" content=\"Written by\" \/>\n\t<meta name=\"twitter:data1\" content=\"Pawe\u0142 Michalczyk\" \/>\n\t<meta name=\"twitter:label2\" content=\"Est. reading time\" \/>\n\t<meta name=\"twitter:data2\" content=\"1 minuta\" \/>\n<script type=\"application\/ld+json\" class=\"yoast-schema-graph\">{\"@context\":\"https:\/\/schema.org\",\"@graph\":[{\"@type\":\"Article\",\"@id\":\"https:\/\/www.mojabochnia.pl\/?p=70668#article\",\"isPartOf\":{\"@id\":\"https:\/\/www.mojabochnia.pl\/?p=70668\"},\"author\":{\"name\":\"Pawe\u0142 Michalczyk\",\"@id\":\"https:\/\/www.mojabochnia.pl\/#\/schema\/person\/ea042e4724a77627963f02166828ead4\"},\"headline\":\"S\u0105d Rejonowy w Bochni zachowa niezale\u017cno\u015b\u0107?\",\"datePublished\":\"2012-05-09T09:40:10+00:00\",\"dateModified\":\"2012-05-09T20:34:28+00:00\",\"mainEntityOfPage\":{\"@id\":\"https:\/\/www.mojabochnia.pl\/?p=70668\"},\"wordCount\":108,\"commentCount\":0,\"publisher\":{\"@id\":\"https:\/\/www.mojabochnia.pl\/#organization\"},\"keywords\":[\"jaros\u0142aw gowin\",\"minister sprawiedliwo\u015bci\",\"piotr maziarz\",\"reforma\",\"s\u0105d\",\"s\u0105d rejonowy\"],\"articleSection\":[\"2_ostatnie\",\"polityka i wydarzenia\",\"tematyka\"],\"inLanguage\":\"pl-PL\",\"potentialAction\":[{\"@type\":\"CommentAction\",\"name\":\"Comment\",\"target\":[\"https:\/\/www.mojabochnia.pl\/?p=70668#respond\"]}]},{\"@type\":\"WebPage\",\"@id\":\"https:\/\/www.mojabochnia.pl\/?p=70668\",\"url\":\"https:\/\/www.mojabochnia.pl\/?p=70668\",\"name\":\"S\u0105d Rejonowy w Bochni zachowa niezale\u017cno\u015b\u0107? - mojabochnia.pl - portal informacyjny\",\"isPartOf\":{\"@id\":\"https:\/\/www.mojabochnia.pl\/#website\"},\"datePublished\":\"2012-05-09T09:40:10+00:00\",\"dateModified\":\"2012-05-09T20:34:28+00:00\",\"breadcrumb\":{\"@id\":\"https:\/\/www.mojabochnia.pl\/?p=70668#breadcrumb\"},\"inLanguage\":\"pl-PL\",\"potentialAction\":[{\"@type\":\"ReadAction\",\"target\":[\"https:\/\/www.mojabochnia.pl\/?p=70668\"]}]},{\"@type\":\"BreadcrumbList\",\"@id\":\"https:\/\/www.mojabochnia.pl\/?p=70668#breadcrumb\",\"itemListElement\":[{\"@type\":\"ListItem\",\"position\":1,\"name\":\"Home\",\"item\":\"https:\/\/www.mojabochnia.pl\/\"},{\"@type\":\"ListItem\",\"position\":2,\"name\":\"S\u0105d Rejonowy w Bochni zachowa niezale\u017cno\u015b\u0107?\"}]},{\"@type\":\"WebSite\",\"@id\":\"https:\/\/www.mojabochnia.pl\/#website\",\"url\":\"https:\/\/www.mojabochnia.pl\/\",\"name\":\"mojabochnia.pl - portal informacyjny\",\"description\":\"mojaBochnia to portal informacyjny o Bochni. Codziennie o Bochni piszemy i pokazujemy najwa\u017cniejsze wydarzenia\",\"publisher\":{\"@id\":\"https:\/\/www.mojabochnia.pl\/#organization\"},\"potentialAction\":[{\"@type\":\"SearchAction\",\"target\":{\"@type\":\"EntryPoint\",\"urlTemplate\":\"https:\/\/www.mojabochnia.pl\/?s={search_term_string}\"},\"query-input\":{\"@type\":\"PropertyValueSpecification\",\"valueRequired\":true,\"valueName\":\"search_term_string\"}}],\"inLanguage\":\"pl-PL\"},{\"@type\":\"Organization\",\"@id\":\"https:\/\/www.mojabochnia.pl\/#organization\",\"name\":\"mojabochnia.pl - portal informacyjny\",\"url\":\"https:\/\/www.mojabochnia.pl\/\",\"logo\":{\"@type\":\"ImageObject\",\"inLanguage\":\"pl-PL\",\"@id\":\"https:\/\/www.mojabochnia.pl\/#\/schema\/logo\/image\/\",\"url\":\"https:\/\/www.mojabochnia.pl\/wp-content\/uploads\/2017\/08\/logo-mb-opt.png\",\"contentUrl\":\"https:\/\/www.mojabochnia.pl\/wp-content\/uploads\/2017\/08\/logo-mb-opt.png\",\"width\":250,\"height\":48,\"caption\":\"mojabochnia.pl - portal informacyjny\"},\"image\":{\"@id\":\"https:\/\/www.mojabochnia.pl\/#\/schema\/logo\/image\/\"},\"sameAs\":[\"https:\/\/www.facebook.com\/mojabochnia\"]},{\"@type\":\"Person\",\"@id\":\"https:\/\/www.mojabochnia.pl\/#\/schema\/person\/ea042e4724a77627963f02166828ead4\",\"name\":\"Pawe\u0142 Michalczyk\",\"url\":\"https:\/\/www.mojabochnia.pl\/?author=4\"}]}<\/script>\n<!-- \/ Yoast SEO plugin. -->","yoast_head_json":{"title":"S\u0105d Rejonowy w Bochni zachowa niezale\u017cno\u015b\u0107? - mojabochnia.pl - portal informacyjny","robots":{"index":"index","follow":"follow","max-snippet":"max-snippet:-1","max-image-preview":"max-image-preview:large","max-video-preview":"max-video-preview:-1"},"canonical":"https:\/\/www.mojabochnia.pl\/?p=70668","og_locale":"pl_PL","og_type":"article","og_title":"S\u0105d Rejonowy w Bochni zachowa niezale\u017cno\u015b\u0107? - mojabochnia.pl - portal informacyjny","og_description":"Po spotkaniu prezes\u00f3w s\u0105d\u00f3w rejonowych z ministrem Jaros\u0142awem Gowinem pojawia si\u0119 cie\u0144 nadziei dla boche\u0144skiej wokandy. Je\u015bli obecnie rozpatrywana koncepcja przetrwa, S\u0105d ocaleje w obecnej strukturze.","og_url":"https:\/\/www.mojabochnia.pl\/?p=70668","og_site_name":"mojabochnia.pl - portal informacyjny","article_publisher":"https:\/\/www.facebook.com\/mojabochnia","article_published_time":"2012-05-09T09:40:10+00:00","article_modified_time":"2012-05-09T20:34:28+00:00","author":"Pawe\u0142 Michalczyk","twitter_card":"summary_large_image","twitter_misc":{"Written by":"Pawe\u0142 Michalczyk","Est. reading time":"1 minuta"},"schema":{"@context":"https:\/\/schema.org","@graph":[{"@type":"Article","@id":"https:\/\/www.mojabochnia.pl\/?p=70668#article","isPartOf":{"@id":"https:\/\/www.mojabochnia.pl\/?p=70668"},"author":{"name":"Pawe\u0142 Michalczyk","@id":"https:\/\/www.mojabochnia.pl\/#\/schema\/person\/ea042e4724a77627963f02166828ead4"},"headline":"S\u0105d Rejonowy w Bochni zachowa niezale\u017cno\u015b\u0107?","datePublished":"2012-05-09T09:40:10+00:00","dateModified":"2012-05-09T20:34:28+00:00","mainEntityOfPage":{"@id":"https:\/\/www.mojabochnia.pl\/?p=70668"},"wordCount":108,"commentCount":0,"publisher":{"@id":"https:\/\/www.mojabochnia.pl\/#organization"},"keywords":["jaros\u0142aw gowin","minister sprawiedliwo\u015bci","piotr maziarz","reforma","s\u0105d","s\u0105d rejonowy"],"articleSection":["2_ostatnie","polityka i wydarzenia","tematyka"],"inLanguage":"pl-PL","potentialAction":[{"@type":"CommentAction","name":"Comment","target":["https:\/\/www.mojabochnia.pl\/?p=70668#respond"]}]},{"@type":"WebPage","@id":"https:\/\/www.mojabochnia.pl\/?p=70668","url":"https:\/\/www.mojabochnia.pl\/?p=70668","name":"S\u0105d Rejonowy w Bochni zachowa niezale\u017cno\u015b\u0107? - mojabochnia.pl - portal informacyjny","isPartOf":{"@id":"https:\/\/www.mojabochnia.pl\/#website"},"datePublished":"2012-05-09T09:40:10+00:00","dateModified":"2012-05-09T20:34:28+00:00","breadcrumb":{"@id":"https:\/\/www.mojabochnia.pl\/?p=70668#breadcrumb"},"inLanguage":"pl-PL","potentialAction":[{"@type":"ReadAction","target":["https:\/\/www.mojabochnia.pl\/?p=70668"]}]},{"@type":"BreadcrumbList","@id":"https:\/\/www.mojabochnia.pl\/?p=70668#breadcrumb","itemListElement":[{"@type":"ListItem","position":1,"name":"Home","item":"https:\/\/www.mojabochnia.pl\/"},{"@type":"ListItem","position":2,"name":"S\u0105d Rejonowy w Bochni zachowa niezale\u017cno\u015b\u0107?"}]},{"@type":"WebSite","@id":"https:\/\/www.mojabochnia.pl\/#website","url":"https:\/\/www.mojabochnia.pl\/","name":"mojabochnia.pl - portal informacyjny","description":"mojaBochnia to portal informacyjny o Bochni. Codziennie o Bochni piszemy i pokazujemy najwa\u017cniejsze wydarzenia","publisher":{"@id":"https:\/\/www.mojabochnia.pl\/#organization"},"potentialAction":[{"@type":"SearchAction","target":{"@type":"EntryPoint","urlTemplate":"https:\/\/www.mojabochnia.pl\/?s={search_term_string}"},"query-input":{"@type":"PropertyValueSpecification","valueRequired":true,"valueName":"search_term_string"}}],"inLanguage":"pl-PL"},{"@type":"Organization","@id":"https:\/\/www.mojabochnia.pl\/#organization","name":"mojabochnia.pl - portal informacyjny","url":"https:\/\/www.mojabochnia.pl\/","logo":{"@type":"ImageObject","inLanguage":"pl-PL","@id":"https:\/\/www.mojabochnia.pl\/#\/schema\/logo\/image\/","url":"https:\/\/www.mojabochnia.pl\/wp-content\/uploads\/2017\/08\/logo-mb-opt.png","contentUrl":"https:\/\/www.mojabochnia.pl\/wp-content\/uploads\/2017\/08\/logo-mb-opt.png","width":250,"height":48,"caption":"mojabochnia.pl - portal informacyjny"},"image":{"@id":"https:\/\/www.mojabochnia.pl\/#\/schema\/logo\/image\/"},"sameAs":["https:\/\/www.facebook.com\/mojabochnia"]},{"@type":"Person","@id":"https:\/\/www.mojabochnia.pl\/#\/schema\/person\/ea042e4724a77627963f02166828ead4","name":"Pawe\u0142 Michalczyk","url":"https:\/\/www.mojabochnia.pl\/?author=4"}]}},"_links":{"self":[{"href":"https:\/\/www.mojabochnia.pl\/index.php?rest_route=\/wp\/v2\/posts\/70668","targetHints":{"allow":["GET"]}}],"collection":[{"href":"https:\/\/www.mojabochnia.pl\/index.php?rest_route=\/wp\/v2\/posts"}],"about":[{"href":"https:\/\/www.mojabochnia.pl\/index.php?rest_route=\/wp\/v2\/types\/post"}],"author":[{"embeddable":true,"href":"https:\/\/www.mojabochnia.pl\/index.php?rest_route=\/wp\/v2\/users\/4"}],"replies":[{"embeddable":true,"href":"https:\/\/www.mojabochnia.pl\/index.php?rest_route=%2Fwp%2Fv2%2Fcomments&post=70668"}],"version-history":[{"count":3,"href":"https:\/\/www.mojabochnia.pl\/index.php?rest_route=\/wp\/v2\/posts\/70668\/revisions"}],"predecessor-version":[{"id":70715,"href":"https:\/\/www.mojabochnia.pl\/index.php?rest_route=\/wp\/v2\/posts\/70668\/revisions\/70715"}],"wp:attachment":[{"href":"https:\/\/www.mojabochnia.pl\/index.php?rest_route=%2Fwp%2Fv2%2Fmedia&parent=70668"}],"wp:term":[{"taxonomy":"category","embeddable":true,"href":"https:\/\/www.mojabochnia.pl\/index.php?rest_route=%2Fwp%2Fv2%2Fcategories&post=70668"},{"taxonomy":"post_tag","embeddable":true,"href":"https:\/\/www.mojabochnia.pl\/index.php?rest_route=%2Fwp%2Fv2%2Ftags&post=70668"}],"curies":[{"name":"wp","href":"https:\/\/api.w.org\/{rel}","templated":true}]}}