{"id":70656,"date":"2012-05-09T11:19:54","date_gmt":"2012-05-09T09:19:54","guid":{"rendered":"http:\/\/www.mojabochnia.pl\/?p=70656"},"modified":"2012-05-09T11:19:54","modified_gmt":"2012-05-09T09:19:54","slug":"mozna-zglaszac-dobrze-zasluzonych-dla-powiatu-bochenskiego","status":"publish","type":"post","link":"https:\/\/www.mojabochnia.pl\/?p=70656","title":{"rendered":"Mo\u017cna zg\u0142asza\u0107 &#8222;Dobrze Zas\u0142u\u017conych&#8221; dla Powiatu Boche\u0144skiego"},"content":{"rendered":"<p>Decyzj\u0119 o wr\u0119czeniu podejmuje Kapitu\u0142a powo\u0142ana przez Rad\u0119 Powiatu, a podstaw\u0105 jest wniosek z\u0142o\u017cony w urz\u0119dzie.<\/p>\n<p>Do tej pory nagrody &#8222;Bene Meritus dla Powiatu Boche\u0144skiego&#8221; otrzymali \u015bp. Janusz Kulig (2003), Zdzis\u0142awa Gnoi\u0144ska (2005), Ludmi\u0142a Gut, Jan Flasza (2006), \u015bp. Anna \u0141\u0119kawa (2008), Czes\u0142aw D\u017awigaj(2008), Uzdrowisko Kopalnia Soli Bochnia(2008), Cech Rzemios\u0142 R\u00f3\u017cnych (2008), ch\u00f3r Pueri Cantores Sancti Nicolai (2008) Adam Sosnowiec (2009) Piotr Janeczek (2009), ks. Stanis\u0142aw Jachym (2011), oraz Ochotnicze Stra\u017ce Po\u017carne z terenu Powiatu Boche\u0144skiego (2011).<\/p>\n<p><em>Aby doceni\u0107 prac\u0119 os\u00f3b szczeg\u00f3lnie zaanga\u017cowanych w  rozw\u00f3j Ziemi Boche\u0144skiej ju\u017c po raz 7 przyznane zostan\u0105 odznaczenia Bene Meritus dla Powiatu Boche\u0144skiego. Ju\u017c dzi\u015b zach\u0119cam do sk\u0142adania wniosk\u00f3w<\/em> &#8211; m\u00f3wi starosta boche\u0144ski Jacek Paj\u0105k<\/p>\n<p>W Kapitule zasiadaj\u0105 radni powiatu boche\u0144skiego, a od zesz\u0142ego roku wp\u0142yw na wr\u0119czenie tych nagr\u00f3d maj\u0105 tak\u017ce osoby uhonorowane w latach ubieg\u0142ych. Wnioski o przyznanie honorowego wyr\u00f3\u017cnienia mog\u0105 sk\u0142ada\u0107 osoby prawne, jednostki organizacyjne, instytucje, stowarzyszenia i organizacje spo\u0142eczno-polityczne. Wniosek o nadanie honorowego wyr\u00f3\u017cnienia powinien zawiera\u0107 wskazanie osoby potencjalnego nominata oraz opis jego zas\u0142ug dla rozwoju i promocji Powiatu Boche\u0144skiego. Wszelkich dodatkowych informacji udziela Biuro Promocji i Rozwoju Powiatu Starostwa Powiatowego w Bochni pod numerem tel. 014 615-37-73.<\/p>\n<p>Szczeg\u00f3\u0142owy regulamin, wniosek oraz lista os\u00f3b i instytucji nagrodzonych w latach ubieg\u0142ych dost\u0119pne s\u0105 na stronie www.powiat.bochnia.pl w zak\u0142adce Nasz Powiat.<\/p>\n","protected":false},"excerpt":{"rendered":"<p>Do 30 czerwca w Starostwie Powiatowym w Bochni mo\u017cna sk\u0142ada\u0107 wnioski o przyznanie nagrody Bene Meritus dla Powiatu Boche\u0144skiego. Odznaczenie wr\u0119czane jest od 2003 roku osobom i instytucjom, kt\u00f3re w spos\u00f3b szczeg\u00f3lny przyczyni\u0142y si\u0119 do rozwoju i promocji Powiatu Boche\u0144skiego. <\/p>\n","protected":false},"author":13,"featured_media":0,"comment_status":"open","ping_status":"closed","sticky":false,"template":"","format":"standard","meta":{"_acf_changed":false,"footnotes":""},"categories":[5,6251,6250],"tags":[17472,17136,4109,17299,17398,17494,17383],"class_list":["post-70656","post","type-post","status-publish","format-standard","hentry","category-biezace-wydarzenia","category-polityka-i-wydarzenia","category-tematyka","tag-bene-meritus","tag-jacek-pajak","tag-kapitula","tag-nagroda","tag-powiat","tag-starosta","tag-wyroznienie","main_tag-bene-meritus"],"acf":[],"yoast_head":"<!-- This site is optimized with the Yoast SEO plugin v26.9 - https:\/\/yoast.com\/product\/yoast-seo-wordpress\/ -->\n<title>Mo\u017cna zg\u0142asza\u0107 &quot;Dobrze Zas\u0142u\u017conych&quot; dla Powiatu Boche\u0144skiego - mojabochnia.pl - portal informacyjny<\/title>\n<meta name=\"robots\" content=\"index, follow, max-snippet:-1, max-image-preview:large, max-video-preview:-1\" \/>\n<link rel=\"canonical\" href=\"https:\/\/www.mojabochnia.pl\/?p=70656\" \/>\n<meta property=\"og:locale\" content=\"pl_PL\" \/>\n<meta property=\"og:type\" content=\"article\" \/>\n<meta property=\"og:title\" content=\"Mo\u017cna zg\u0142asza\u0107 &quot;Dobrze Zas\u0142u\u017conych&quot; dla Powiatu Boche\u0144skiego - mojabochnia.pl - portal informacyjny\" \/>\n<meta property=\"og:description\" content=\"Do 30 czerwca w Starostwie Powiatowym w Bochni mo\u017cna sk\u0142ada\u0107 wnioski o przyznanie nagrody Bene Meritus dla Powiatu Boche\u0144skiego. Odznaczenie wr\u0119czane jest od 2003 roku osobom i instytucjom, kt\u00f3re w spos\u00f3b szczeg\u00f3lny przyczyni\u0142y si\u0119 do rozwoju i promocji Powiatu Boche\u0144skiego.\" \/>\n<meta property=\"og:url\" content=\"https:\/\/www.mojabochnia.pl\/?p=70656\" \/>\n<meta property=\"og:site_name\" content=\"mojabochnia.pl - portal informacyjny\" \/>\n<meta property=\"article:publisher\" content=\"https:\/\/www.facebook.com\/mojabochnia\" \/>\n<meta property=\"article:published_time\" content=\"2012-05-09T09:19:54+00:00\" \/>\n<meta name=\"author\" content=\"redakcja\" \/>\n<meta name=\"twitter:card\" content=\"summary_large_image\" \/>\n<meta name=\"twitter:label1\" content=\"Written by\" \/>\n\t<meta name=\"twitter:data1\" content=\"redakcja\" \/>\n\t<meta name=\"twitter:label2\" content=\"Est. reading time\" \/>\n\t<meta name=\"twitter:data2\" content=\"1 minuta\" \/>\n<script type=\"application\/ld+json\" class=\"yoast-schema-graph\">{\"@context\":\"https:\/\/schema.org\",\"@graph\":[{\"@type\":\"Article\",\"@id\":\"https:\/\/www.mojabochnia.pl\/?p=70656#article\",\"isPartOf\":{\"@id\":\"https:\/\/www.mojabochnia.pl\/?p=70656\"},\"author\":{\"name\":\"redakcja\",\"@id\":\"https:\/\/www.mojabochnia.pl\/#\/schema\/person\/7e2f20ead9902216a3384f13606c0ab7\"},\"headline\":\"Mo\u017cna zg\u0142asza\u0107 &#8222;Dobrze Zas\u0142u\u017conych&#8221; dla Powiatu Boche\u0144skiego\",\"datePublished\":\"2012-05-09T09:19:54+00:00\",\"mainEntityOfPage\":{\"@id\":\"https:\/\/www.mojabochnia.pl\/?p=70656\"},\"wordCount\":261,\"commentCount\":0,\"publisher\":{\"@id\":\"https:\/\/www.mojabochnia.pl\/#organization\"},\"keywords\":[\"bene meritus\",\"jacek paj\u0105k\",\"kapitu\u0142a\",\"nagroda\",\"powiat\",\"starosta\",\"wyr\u00f3\u017cnienie\"],\"articleSection\":[\"2_ostatnie\",\"polityka i wydarzenia\",\"tematyka\"],\"inLanguage\":\"pl-PL\",\"potentialAction\":[{\"@type\":\"CommentAction\",\"name\":\"Comment\",\"target\":[\"https:\/\/www.mojabochnia.pl\/?p=70656#respond\"]}]},{\"@type\":\"WebPage\",\"@id\":\"https:\/\/www.mojabochnia.pl\/?p=70656\",\"url\":\"https:\/\/www.mojabochnia.pl\/?p=70656\",\"name\":\"Mo\u017cna zg\u0142asza\u0107 \\\"Dobrze Zas\u0142u\u017conych\\\" dla Powiatu Boche\u0144skiego - mojabochnia.pl - portal informacyjny\",\"isPartOf\":{\"@id\":\"https:\/\/www.mojabochnia.pl\/#website\"},\"datePublished\":\"2012-05-09T09:19:54+00:00\",\"breadcrumb\":{\"@id\":\"https:\/\/www.mojabochnia.pl\/?p=70656#breadcrumb\"},\"inLanguage\":\"pl-PL\",\"potentialAction\":[{\"@type\":\"ReadAction\",\"target\":[\"https:\/\/www.mojabochnia.pl\/?p=70656\"]}]},{\"@type\":\"BreadcrumbList\",\"@id\":\"https:\/\/www.mojabochnia.pl\/?p=70656#breadcrumb\",\"itemListElement\":[{\"@type\":\"ListItem\",\"position\":1,\"name\":\"Home\",\"item\":\"https:\/\/www.mojabochnia.pl\/\"},{\"@type\":\"ListItem\",\"position\":2,\"name\":\"Mo\u017cna zg\u0142asza\u0107 &#8222;Dobrze Zas\u0142u\u017conych&#8221; dla Powiatu Boche\u0144skiego\"}]},{\"@type\":\"WebSite\",\"@id\":\"https:\/\/www.mojabochnia.pl\/#website\",\"url\":\"https:\/\/www.mojabochnia.pl\/\",\"name\":\"mojabochnia.pl - portal informacyjny\",\"description\":\"mojaBochnia to portal informacyjny o Bochni. Codziennie o Bochni piszemy i pokazujemy najwa\u017cniejsze wydarzenia\",\"publisher\":{\"@id\":\"https:\/\/www.mojabochnia.pl\/#organization\"},\"potentialAction\":[{\"@type\":\"SearchAction\",\"target\":{\"@type\":\"EntryPoint\",\"urlTemplate\":\"https:\/\/www.mojabochnia.pl\/?s={search_term_string}\"},\"query-input\":{\"@type\":\"PropertyValueSpecification\",\"valueRequired\":true,\"valueName\":\"search_term_string\"}}],\"inLanguage\":\"pl-PL\"},{\"@type\":\"Organization\",\"@id\":\"https:\/\/www.mojabochnia.pl\/#organization\",\"name\":\"mojabochnia.pl - portal informacyjny\",\"url\":\"https:\/\/www.mojabochnia.pl\/\",\"logo\":{\"@type\":\"ImageObject\",\"inLanguage\":\"pl-PL\",\"@id\":\"https:\/\/www.mojabochnia.pl\/#\/schema\/logo\/image\/\",\"url\":\"https:\/\/www.mojabochnia.pl\/wp-content\/uploads\/2017\/08\/logo-mb-opt.png\",\"contentUrl\":\"https:\/\/www.mojabochnia.pl\/wp-content\/uploads\/2017\/08\/logo-mb-opt.png\",\"width\":250,\"height\":48,\"caption\":\"mojabochnia.pl - portal informacyjny\"},\"image\":{\"@id\":\"https:\/\/www.mojabochnia.pl\/#\/schema\/logo\/image\/\"},\"sameAs\":[\"https:\/\/www.facebook.com\/mojabochnia\"]},{\"@type\":\"Person\",\"@id\":\"https:\/\/www.mojabochnia.pl\/#\/schema\/person\/7e2f20ead9902216a3384f13606c0ab7\",\"name\":\"redakcja\",\"sameAs\":[\"http:\/\/\"],\"url\":\"https:\/\/www.mojabochnia.pl\/?author=13\"}]}<\/script>\n<!-- \/ Yoast SEO plugin. -->","yoast_head_json":{"title":"Mo\u017cna zg\u0142asza\u0107 \"Dobrze Zas\u0142u\u017conych\" dla Powiatu Boche\u0144skiego - mojabochnia.pl - portal informacyjny","robots":{"index":"index","follow":"follow","max-snippet":"max-snippet:-1","max-image-preview":"max-image-preview:large","max-video-preview":"max-video-preview:-1"},"canonical":"https:\/\/www.mojabochnia.pl\/?p=70656","og_locale":"pl_PL","og_type":"article","og_title":"Mo\u017cna zg\u0142asza\u0107 \"Dobrze Zas\u0142u\u017conych\" dla Powiatu Boche\u0144skiego - mojabochnia.pl - portal informacyjny","og_description":"Do 30 czerwca w Starostwie Powiatowym w Bochni mo\u017cna sk\u0142ada\u0107 wnioski o przyznanie nagrody Bene Meritus dla Powiatu Boche\u0144skiego. Odznaczenie wr\u0119czane jest od 2003 roku osobom i instytucjom, kt\u00f3re w spos\u00f3b szczeg\u00f3lny przyczyni\u0142y si\u0119 do rozwoju i promocji Powiatu Boche\u0144skiego.","og_url":"https:\/\/www.mojabochnia.pl\/?p=70656","og_site_name":"mojabochnia.pl - portal informacyjny","article_publisher":"https:\/\/www.facebook.com\/mojabochnia","article_published_time":"2012-05-09T09:19:54+00:00","author":"redakcja","twitter_card":"summary_large_image","twitter_misc":{"Written by":"redakcja","Est. reading time":"1 minuta"},"schema":{"@context":"https:\/\/schema.org","@graph":[{"@type":"Article","@id":"https:\/\/www.mojabochnia.pl\/?p=70656#article","isPartOf":{"@id":"https:\/\/www.mojabochnia.pl\/?p=70656"},"author":{"name":"redakcja","@id":"https:\/\/www.mojabochnia.pl\/#\/schema\/person\/7e2f20ead9902216a3384f13606c0ab7"},"headline":"Mo\u017cna zg\u0142asza\u0107 &#8222;Dobrze Zas\u0142u\u017conych&#8221; dla Powiatu Boche\u0144skiego","datePublished":"2012-05-09T09:19:54+00:00","mainEntityOfPage":{"@id":"https:\/\/www.mojabochnia.pl\/?p=70656"},"wordCount":261,"commentCount":0,"publisher":{"@id":"https:\/\/www.mojabochnia.pl\/#organization"},"keywords":["bene meritus","jacek paj\u0105k","kapitu\u0142a","nagroda","powiat","starosta","wyr\u00f3\u017cnienie"],"articleSection":["2_ostatnie","polityka i wydarzenia","tematyka"],"inLanguage":"pl-PL","potentialAction":[{"@type":"CommentAction","name":"Comment","target":["https:\/\/www.mojabochnia.pl\/?p=70656#respond"]}]},{"@type":"WebPage","@id":"https:\/\/www.mojabochnia.pl\/?p=70656","url":"https:\/\/www.mojabochnia.pl\/?p=70656","name":"Mo\u017cna zg\u0142asza\u0107 \"Dobrze Zas\u0142u\u017conych\" dla Powiatu Boche\u0144skiego - mojabochnia.pl - portal informacyjny","isPartOf":{"@id":"https:\/\/www.mojabochnia.pl\/#website"},"datePublished":"2012-05-09T09:19:54+00:00","breadcrumb":{"@id":"https:\/\/www.mojabochnia.pl\/?p=70656#breadcrumb"},"inLanguage":"pl-PL","potentialAction":[{"@type":"ReadAction","target":["https:\/\/www.mojabochnia.pl\/?p=70656"]}]},{"@type":"BreadcrumbList","@id":"https:\/\/www.mojabochnia.pl\/?p=70656#breadcrumb","itemListElement":[{"@type":"ListItem","position":1,"name":"Home","item":"https:\/\/www.mojabochnia.pl\/"},{"@type":"ListItem","position":2,"name":"Mo\u017cna zg\u0142asza\u0107 &#8222;Dobrze Zas\u0142u\u017conych&#8221; dla Powiatu Boche\u0144skiego"}]},{"@type":"WebSite","@id":"https:\/\/www.mojabochnia.pl\/#website","url":"https:\/\/www.mojabochnia.pl\/","name":"mojabochnia.pl - portal informacyjny","description":"mojaBochnia to portal informacyjny o Bochni. Codziennie o Bochni piszemy i pokazujemy najwa\u017cniejsze wydarzenia","publisher":{"@id":"https:\/\/www.mojabochnia.pl\/#organization"},"potentialAction":[{"@type":"SearchAction","target":{"@type":"EntryPoint","urlTemplate":"https:\/\/www.mojabochnia.pl\/?s={search_term_string}"},"query-input":{"@type":"PropertyValueSpecification","valueRequired":true,"valueName":"search_term_string"}}],"inLanguage":"pl-PL"},{"@type":"Organization","@id":"https:\/\/www.mojabochnia.pl\/#organization","name":"mojabochnia.pl - portal informacyjny","url":"https:\/\/www.mojabochnia.pl\/","logo":{"@type":"ImageObject","inLanguage":"pl-PL","@id":"https:\/\/www.mojabochnia.pl\/#\/schema\/logo\/image\/","url":"https:\/\/www.mojabochnia.pl\/wp-content\/uploads\/2017\/08\/logo-mb-opt.png","contentUrl":"https:\/\/www.mojabochnia.pl\/wp-content\/uploads\/2017\/08\/logo-mb-opt.png","width":250,"height":48,"caption":"mojabochnia.pl - portal informacyjny"},"image":{"@id":"https:\/\/www.mojabochnia.pl\/#\/schema\/logo\/image\/"},"sameAs":["https:\/\/www.facebook.com\/mojabochnia"]},{"@type":"Person","@id":"https:\/\/www.mojabochnia.pl\/#\/schema\/person\/7e2f20ead9902216a3384f13606c0ab7","name":"redakcja","sameAs":["http:\/\/"],"url":"https:\/\/www.mojabochnia.pl\/?author=13"}]}},"_links":{"self":[{"href":"https:\/\/www.mojabochnia.pl\/index.php?rest_route=\/wp\/v2\/posts\/70656","targetHints":{"allow":["GET"]}}],"collection":[{"href":"https:\/\/www.mojabochnia.pl\/index.php?rest_route=\/wp\/v2\/posts"}],"about":[{"href":"https:\/\/www.mojabochnia.pl\/index.php?rest_route=\/wp\/v2\/types\/post"}],"author":[{"embeddable":true,"href":"https:\/\/www.mojabochnia.pl\/index.php?rest_route=\/wp\/v2\/users\/13"}],"replies":[{"embeddable":true,"href":"https:\/\/www.mojabochnia.pl\/index.php?rest_route=%2Fwp%2Fv2%2Fcomments&post=70656"}],"version-history":[{"count":3,"href":"https:\/\/www.mojabochnia.pl\/index.php?rest_route=\/wp\/v2\/posts\/70656\/revisions"}],"predecessor-version":[{"id":70659,"href":"https:\/\/www.mojabochnia.pl\/index.php?rest_route=\/wp\/v2\/posts\/70656\/revisions\/70659"}],"wp:attachment":[{"href":"https:\/\/www.mojabochnia.pl\/index.php?rest_route=%2Fwp%2Fv2%2Fmedia&parent=70656"}],"wp:term":[{"taxonomy":"category","embeddable":true,"href":"https:\/\/www.mojabochnia.pl\/index.php?rest_route=%2Fwp%2Fv2%2Fcategories&post=70656"},{"taxonomy":"post_tag","embeddable":true,"href":"https:\/\/www.mojabochnia.pl\/index.php?rest_route=%2Fwp%2Fv2%2Ftags&post=70656"}],"curies":[{"name":"wp","href":"https:\/\/api.w.org\/{rel}","templated":true}]}}