{"id":70647,"date":"2012-05-08T21:43:14","date_gmt":"2012-05-08T19:43:14","guid":{"rendered":"http:\/\/www.mojabochnia.pl\/?p=70647"},"modified":"2012-05-08T21:43:14","modified_gmt":"2012-05-08T19:43:14","slug":"cerekiew-probowali-ukrasc-malucha","status":"publish","type":"post","link":"https:\/\/www.mojabochnia.pl\/?p=70647","title":{"rendered":"Cerekiew: pr\u00f3bowali ukra\u015b\u0107 &#8222;malucha&#8221;"},"content":{"rendered":"<p><em>Skierowany na miejsce patrol dzielnicowych zatrzyma\u0142 na \u201egor\u0105cym uczynku\u201d dw\u00f3ch mieszka\u0144c\u00f3w Bessowa, kt\u00f3rzy usi\u0142owali skra\u015b\u0107 wspomnianego Fiata. Poniewa\u017c \u201emaluch\u201d broni\u0142 si\u0119 przez zmian\u0105 w\u0142a\u015bciciela uda\u0142o im si\u0119 jedynie skra\u015b\u0107 radioodtwarzacz o warto\u015bci oko\u0142o 300 z\u0142. Policjanci zatrzymali niedosz\u0142ych amator\u00f3w przeja\u017cd\u017cki, kt\u00f3rych przewie\u017ali radiowozem do boche\u0144skiego aresztu<\/em> &#8211; podaje Leszek Machaj, oficer prasowy boche\u0144skiej policji.  <\/p>\n<p>27 i 28 latkowie odpowiedz\u0105 za kradzie\u017c z w\u0142amaniem, za co ustawodawca przewiduje kar\u0119 od roku do lat 10.  <\/p>\n","protected":false},"excerpt":{"rendered":"<p>7 maja oko\u0142o godz. 16.15 oficer dy\u017curny KPP w Bochni zosta\u0142 powiadomiony, \u017ce w Cerekwi (gm. Bochnia) kilku m\u0142odych m\u0119\u017cczyzn wykazuje podejrzane zainteresowanie zaparkowanym obok ko\u015bcio\u0142a fiatem 126 p. <\/p>\n","protected":false},"author":13,"featured_media":0,"comment_status":"closed","ping_status":"closed","sticky":false,"template":"","format":"standard","meta":{"_acf_changed":false,"footnotes":""},"categories":[5,6251,6250],"tags":[10979,17304,17238,10978,17155,17537],"class_list":["post-70647","post","type-post","status-publish","format-standard","hentry","category-biezace-wydarzenia","category-polityka-i-wydarzenia","category-tematyka","tag-fiat-126-p","tag-kradziez","tag-leszek-machaj","tag-maluch","tag-policja","tag-zlodziej","main_tag-policja"],"acf":[],"yoast_head":"<!-- This site is optimized with the Yoast SEO plugin v26.9 - https:\/\/yoast.com\/product\/yoast-seo-wordpress\/ -->\n<title>Cerekiew: pr\u00f3bowali ukra\u015b\u0107 &quot;malucha&quot; - mojabochnia.pl - portal informacyjny<\/title>\n<meta name=\"robots\" content=\"index, follow, max-snippet:-1, max-image-preview:large, max-video-preview:-1\" \/>\n<link rel=\"canonical\" href=\"https:\/\/www.mojabochnia.pl\/?p=70647\" \/>\n<meta property=\"og:locale\" content=\"pl_PL\" \/>\n<meta property=\"og:type\" content=\"article\" \/>\n<meta property=\"og:title\" content=\"Cerekiew: pr\u00f3bowali ukra\u015b\u0107 &quot;malucha&quot; - mojabochnia.pl - portal informacyjny\" \/>\n<meta property=\"og:description\" content=\"7 maja oko\u0142o godz. 16.15 oficer dy\u017curny KPP w Bochni zosta\u0142 powiadomiony, \u017ce w Cerekwi (gm. Bochnia) kilku m\u0142odych m\u0119\u017cczyzn wykazuje podejrzane zainteresowanie zaparkowanym obok ko\u015bcio\u0142a fiatem 126 p.\" \/>\n<meta property=\"og:url\" content=\"https:\/\/www.mojabochnia.pl\/?p=70647\" \/>\n<meta property=\"og:site_name\" content=\"mojabochnia.pl - portal informacyjny\" \/>\n<meta property=\"article:publisher\" content=\"https:\/\/www.facebook.com\/mojabochnia\" \/>\n<meta property=\"article:published_time\" content=\"2012-05-08T19:43:14+00:00\" \/>\n<meta name=\"author\" content=\"redakcja\" \/>\n<meta name=\"twitter:card\" content=\"summary_large_image\" \/>\n<meta name=\"twitter:label1\" content=\"Written by\" \/>\n\t<meta name=\"twitter:data1\" content=\"redakcja\" \/>\n<script type=\"application\/ld+json\" class=\"yoast-schema-graph\">{\"@context\":\"https:\/\/schema.org\",\"@graph\":[{\"@type\":\"Article\",\"@id\":\"https:\/\/www.mojabochnia.pl\/?p=70647#article\",\"isPartOf\":{\"@id\":\"https:\/\/www.mojabochnia.pl\/?p=70647\"},\"author\":{\"name\":\"redakcja\",\"@id\":\"https:\/\/www.mojabochnia.pl\/#\/schema\/person\/7e2f20ead9902216a3384f13606c0ab7\"},\"headline\":\"Cerekiew: pr\u00f3bowali ukra\u015b\u0107 &#8222;malucha&#8221;\",\"datePublished\":\"2012-05-08T19:43:14+00:00\",\"mainEntityOfPage\":{\"@id\":\"https:\/\/www.mojabochnia.pl\/?p=70647\"},\"wordCount\":94,\"publisher\":{\"@id\":\"https:\/\/www.mojabochnia.pl\/#organization\"},\"keywords\":[\"fiat 126 p\",\"kradzie\u017c\",\"leszek machaj\",\"maluch\",\"policja\",\"z\u0142odziej\"],\"articleSection\":[\"2_ostatnie\",\"polityka i wydarzenia\",\"tematyka\"],\"inLanguage\":\"pl-PL\"},{\"@type\":\"WebPage\",\"@id\":\"https:\/\/www.mojabochnia.pl\/?p=70647\",\"url\":\"https:\/\/www.mojabochnia.pl\/?p=70647\",\"name\":\"Cerekiew: pr\u00f3bowali ukra\u015b\u0107 \\\"malucha\\\" - mojabochnia.pl - portal informacyjny\",\"isPartOf\":{\"@id\":\"https:\/\/www.mojabochnia.pl\/#website\"},\"datePublished\":\"2012-05-08T19:43:14+00:00\",\"breadcrumb\":{\"@id\":\"https:\/\/www.mojabochnia.pl\/?p=70647#breadcrumb\"},\"inLanguage\":\"pl-PL\",\"potentialAction\":[{\"@type\":\"ReadAction\",\"target\":[\"https:\/\/www.mojabochnia.pl\/?p=70647\"]}]},{\"@type\":\"BreadcrumbList\",\"@id\":\"https:\/\/www.mojabochnia.pl\/?p=70647#breadcrumb\",\"itemListElement\":[{\"@type\":\"ListItem\",\"position\":1,\"name\":\"Home\",\"item\":\"https:\/\/www.mojabochnia.pl\/\"},{\"@type\":\"ListItem\",\"position\":2,\"name\":\"Cerekiew: pr\u00f3bowali ukra\u015b\u0107 &#8222;malucha&#8221;\"}]},{\"@type\":\"WebSite\",\"@id\":\"https:\/\/www.mojabochnia.pl\/#website\",\"url\":\"https:\/\/www.mojabochnia.pl\/\",\"name\":\"mojabochnia.pl - portal informacyjny\",\"description\":\"mojaBochnia to portal informacyjny o Bochni. Codziennie o Bochni piszemy i pokazujemy najwa\u017cniejsze wydarzenia\",\"publisher\":{\"@id\":\"https:\/\/www.mojabochnia.pl\/#organization\"},\"potentialAction\":[{\"@type\":\"SearchAction\",\"target\":{\"@type\":\"EntryPoint\",\"urlTemplate\":\"https:\/\/www.mojabochnia.pl\/?s={search_term_string}\"},\"query-input\":{\"@type\":\"PropertyValueSpecification\",\"valueRequired\":true,\"valueName\":\"search_term_string\"}}],\"inLanguage\":\"pl-PL\"},{\"@type\":\"Organization\",\"@id\":\"https:\/\/www.mojabochnia.pl\/#organization\",\"name\":\"mojabochnia.pl - portal informacyjny\",\"url\":\"https:\/\/www.mojabochnia.pl\/\",\"logo\":{\"@type\":\"ImageObject\",\"inLanguage\":\"pl-PL\",\"@id\":\"https:\/\/www.mojabochnia.pl\/#\/schema\/logo\/image\/\",\"url\":\"https:\/\/www.mojabochnia.pl\/wp-content\/uploads\/2017\/08\/logo-mb-opt.png\",\"contentUrl\":\"https:\/\/www.mojabochnia.pl\/wp-content\/uploads\/2017\/08\/logo-mb-opt.png\",\"width\":250,\"height\":48,\"caption\":\"mojabochnia.pl - portal informacyjny\"},\"image\":{\"@id\":\"https:\/\/www.mojabochnia.pl\/#\/schema\/logo\/image\/\"},\"sameAs\":[\"https:\/\/www.facebook.com\/mojabochnia\"]},{\"@type\":\"Person\",\"@id\":\"https:\/\/www.mojabochnia.pl\/#\/schema\/person\/7e2f20ead9902216a3384f13606c0ab7\",\"name\":\"redakcja\",\"sameAs\":[\"http:\/\/\"],\"url\":\"https:\/\/www.mojabochnia.pl\/?author=13\"}]}<\/script>\n<!-- \/ Yoast SEO plugin. -->","yoast_head_json":{"title":"Cerekiew: pr\u00f3bowali ukra\u015b\u0107 \"malucha\" - mojabochnia.pl - portal informacyjny","robots":{"index":"index","follow":"follow","max-snippet":"max-snippet:-1","max-image-preview":"max-image-preview:large","max-video-preview":"max-video-preview:-1"},"canonical":"https:\/\/www.mojabochnia.pl\/?p=70647","og_locale":"pl_PL","og_type":"article","og_title":"Cerekiew: pr\u00f3bowali ukra\u015b\u0107 \"malucha\" - mojabochnia.pl - portal informacyjny","og_description":"7 maja oko\u0142o godz. 16.15 oficer dy\u017curny KPP w Bochni zosta\u0142 powiadomiony, \u017ce w Cerekwi (gm. Bochnia) kilku m\u0142odych m\u0119\u017cczyzn wykazuje podejrzane zainteresowanie zaparkowanym obok ko\u015bcio\u0142a fiatem 126 p.","og_url":"https:\/\/www.mojabochnia.pl\/?p=70647","og_site_name":"mojabochnia.pl - portal informacyjny","article_publisher":"https:\/\/www.facebook.com\/mojabochnia","article_published_time":"2012-05-08T19:43:14+00:00","author":"redakcja","twitter_card":"summary_large_image","twitter_misc":{"Written by":"redakcja"},"schema":{"@context":"https:\/\/schema.org","@graph":[{"@type":"Article","@id":"https:\/\/www.mojabochnia.pl\/?p=70647#article","isPartOf":{"@id":"https:\/\/www.mojabochnia.pl\/?p=70647"},"author":{"name":"redakcja","@id":"https:\/\/www.mojabochnia.pl\/#\/schema\/person\/7e2f20ead9902216a3384f13606c0ab7"},"headline":"Cerekiew: pr\u00f3bowali ukra\u015b\u0107 &#8222;malucha&#8221;","datePublished":"2012-05-08T19:43:14+00:00","mainEntityOfPage":{"@id":"https:\/\/www.mojabochnia.pl\/?p=70647"},"wordCount":94,"publisher":{"@id":"https:\/\/www.mojabochnia.pl\/#organization"},"keywords":["fiat 126 p","kradzie\u017c","leszek machaj","maluch","policja","z\u0142odziej"],"articleSection":["2_ostatnie","polityka i wydarzenia","tematyka"],"inLanguage":"pl-PL"},{"@type":"WebPage","@id":"https:\/\/www.mojabochnia.pl\/?p=70647","url":"https:\/\/www.mojabochnia.pl\/?p=70647","name":"Cerekiew: pr\u00f3bowali ukra\u015b\u0107 \"malucha\" - mojabochnia.pl - portal informacyjny","isPartOf":{"@id":"https:\/\/www.mojabochnia.pl\/#website"},"datePublished":"2012-05-08T19:43:14+00:00","breadcrumb":{"@id":"https:\/\/www.mojabochnia.pl\/?p=70647#breadcrumb"},"inLanguage":"pl-PL","potentialAction":[{"@type":"ReadAction","target":["https:\/\/www.mojabochnia.pl\/?p=70647"]}]},{"@type":"BreadcrumbList","@id":"https:\/\/www.mojabochnia.pl\/?p=70647#breadcrumb","itemListElement":[{"@type":"ListItem","position":1,"name":"Home","item":"https:\/\/www.mojabochnia.pl\/"},{"@type":"ListItem","position":2,"name":"Cerekiew: pr\u00f3bowali ukra\u015b\u0107 &#8222;malucha&#8221;"}]},{"@type":"WebSite","@id":"https:\/\/www.mojabochnia.pl\/#website","url":"https:\/\/www.mojabochnia.pl\/","name":"mojabochnia.pl - portal informacyjny","description":"mojaBochnia to portal informacyjny o Bochni. Codziennie o Bochni piszemy i pokazujemy najwa\u017cniejsze wydarzenia","publisher":{"@id":"https:\/\/www.mojabochnia.pl\/#organization"},"potentialAction":[{"@type":"SearchAction","target":{"@type":"EntryPoint","urlTemplate":"https:\/\/www.mojabochnia.pl\/?s={search_term_string}"},"query-input":{"@type":"PropertyValueSpecification","valueRequired":true,"valueName":"search_term_string"}}],"inLanguage":"pl-PL"},{"@type":"Organization","@id":"https:\/\/www.mojabochnia.pl\/#organization","name":"mojabochnia.pl - portal informacyjny","url":"https:\/\/www.mojabochnia.pl\/","logo":{"@type":"ImageObject","inLanguage":"pl-PL","@id":"https:\/\/www.mojabochnia.pl\/#\/schema\/logo\/image\/","url":"https:\/\/www.mojabochnia.pl\/wp-content\/uploads\/2017\/08\/logo-mb-opt.png","contentUrl":"https:\/\/www.mojabochnia.pl\/wp-content\/uploads\/2017\/08\/logo-mb-opt.png","width":250,"height":48,"caption":"mojabochnia.pl - portal informacyjny"},"image":{"@id":"https:\/\/www.mojabochnia.pl\/#\/schema\/logo\/image\/"},"sameAs":["https:\/\/www.facebook.com\/mojabochnia"]},{"@type":"Person","@id":"https:\/\/www.mojabochnia.pl\/#\/schema\/person\/7e2f20ead9902216a3384f13606c0ab7","name":"redakcja","sameAs":["http:\/\/"],"url":"https:\/\/www.mojabochnia.pl\/?author=13"}]}},"_links":{"self":[{"href":"https:\/\/www.mojabochnia.pl\/index.php?rest_route=\/wp\/v2\/posts\/70647","targetHints":{"allow":["GET"]}}],"collection":[{"href":"https:\/\/www.mojabochnia.pl\/index.php?rest_route=\/wp\/v2\/posts"}],"about":[{"href":"https:\/\/www.mojabochnia.pl\/index.php?rest_route=\/wp\/v2\/types\/post"}],"author":[{"embeddable":true,"href":"https:\/\/www.mojabochnia.pl\/index.php?rest_route=\/wp\/v2\/users\/13"}],"replies":[{"embeddable":true,"href":"https:\/\/www.mojabochnia.pl\/index.php?rest_route=%2Fwp%2Fv2%2Fcomments&post=70647"}],"version-history":[{"count":2,"href":"https:\/\/www.mojabochnia.pl\/index.php?rest_route=\/wp\/v2\/posts\/70647\/revisions"}],"predecessor-version":[{"id":70650,"href":"https:\/\/www.mojabochnia.pl\/index.php?rest_route=\/wp\/v2\/posts\/70647\/revisions\/70650"}],"wp:attachment":[{"href":"https:\/\/www.mojabochnia.pl\/index.php?rest_route=%2Fwp%2Fv2%2Fmedia&parent=70647"}],"wp:term":[{"taxonomy":"category","embeddable":true,"href":"https:\/\/www.mojabochnia.pl\/index.php?rest_route=%2Fwp%2Fv2%2Fcategories&post=70647"},{"taxonomy":"post_tag","embeddable":true,"href":"https:\/\/www.mojabochnia.pl\/index.php?rest_route=%2Fwp%2Fv2%2Ftags&post=70647"}],"curies":[{"name":"wp","href":"https:\/\/api.w.org\/{rel}","templated":true}]}}