{"id":70621,"date":"2012-05-08T09:40:21","date_gmt":"2012-05-08T07:40:21","guid":{"rendered":"http:\/\/www.mojabochnia.pl\/?p=70621"},"modified":"2012-05-08T09:40:21","modified_gmt":"2012-05-08T07:40:21","slug":"%e2%80%9eliteratura-i-nowe-media%e2%80%9d-wyklad-piotra-mareckiego-w-bibliotece","status":"publish","type":"post","link":"https:\/\/www.mojabochnia.pl\/?p=70621","title":{"rendered":"\u201eLiteratura i nowe media\u201d &#8211; wyk\u0142ad Piotra Mareckiego w bibliotece"},"content":{"rendered":"<p>Dzie\u0144 ten b\u0119d\u0105cy \u015bwi\u0119tem ca\u0142ej spo\u0142eczno\u015bci bibliotekarskiej rozpoczyna obchody Tygodnia Bibliotek promowane w tym roku has\u0142em \u201eBiblioteka ci\u0105gle w grze!\u201d. Sk\u0142ania zawsze do refleksji nad zmianami zachodz\u0105cymi zawodzie bibliotekarza i spojrzenia na jego dokonania. Jest te\u017c  okazj\u0105 do integracji bibliotekarzy wszystkich typ\u00f3w bibliotek: publicznych, szkolnych, pedagogicznych i naukowych. W Polsce \u015bwi\u0119towany jest po raz 16. <\/p>\n<p>Podczas  boche\u0144skich obchod\u00f3w Dnia Bibliotekarza Biblioteka i Ko\u0142o SBP zapraszaj\u0105 na wyk\u0142ad dr Piotra Mareckiego &#8211; polonisty i filmoznawcy \u2013 pt. \u201eLiteratura i nowe media\u201d.  <\/p>\n<p>Dr Piotr Marecki, redaktor, wydawca, kulturoznawca oraz prezes Zarz\u0105du Fundacji Korporacja Ha!art jest adiunktem w katedrze Kultury Wsp\u00f3\u0142czesnej Instytutu Kultury UJ i dyrektorem Krakowskiej Szko\u0142y Scenariuszowej. Wsp\u00f3\u0142tw\u00f3rc\u0105 i redaktorem naczelnym interdyscyplinarnego magazynu o nowej kulturze &#8222;Ha!art&#8221;, organizatorem festiwali literackich i sesji naukowych. Zajmuje si\u0119 przede wszystkim wsp\u00f3\u0142czesnym kinem i literatur\u0105 oraz zwi\u0105zkami literatury z nowymi mediami. Jest wsp\u00f3\u0142autorem g\u0142o\u015bnej antologii o m\u0142odej literaturze polskiej &#8222;Tekstylia&#8221;, redaktorem s\u0142ownika m\u0142odej polskiej kultury &#8222;Tekstylia bis&#8221;, redaktorem ksi\u0105\u017cek o literaturze internetu, autorem tomu &#8222;Pospolite ruszenie&#8221; o polskich czasopismach kulturalnych ukazuj\u0105cych si\u0119 po 1989 roku. Jego felietony  o tematyce kulturalnej mo\u017cna przeczyta\u0107 w &#8222;Gazecie Wyborczej&#8221;.<\/p>\n<p>Biblioteka i Ko\u0142o SBP zapraszaj\u0105 bibliotekarzy, czytelnik\u00f3w i wszystkich mi\u0142o\u015bnik\u00f3w ksi\u0105\u017cki i kultury na spotkanie i wsp\u00f3ln\u0105 refleksj\u0119 o roli bibliotek w budowaniu dziedzictwa kulturowego. <\/p>\n<p>Spotkanie odb\u0119dzie si\u0119 dzisiaj o godz. 18.00 w sali klubu Biblioteki.<\/p>\n","protected":false},"excerpt":{"rendered":"<p>Powiatowa i Miejska Biblioteka Publiczna w Bochni oraz boche\u0144skie Ko\u0142o Stowarzyszenia Bibliotekarzy Polskich zapraszaj\u0105 dzisiaj na spotkanie z okazji Dnia Bibliotekarza. <\/p>\n","protected":false},"author":8,"featured_media":0,"comment_status":"open","ping_status":"closed","sticky":false,"template":"","format":"standard","meta":{"_acf_changed":false,"footnotes":""},"categories":[5,92,6250],"tags":[17162,3905,10975,17427],"class_list":["post-70621","post","type-post","status-publish","format-standard","hentry","category-biezace-wydarzenia","category-kultura","category-tematyka","tag-biblioteka","tag-dzien-bibliotekarza","tag-piotr-marecki","tag-wyklad","main_tag-bibliotka"],"acf":[],"yoast_head":"<!-- This site is optimized with the Yoast SEO plugin v26.9 - https:\/\/yoast.com\/product\/yoast-seo-wordpress\/ -->\n<title>\u201eLiteratura i nowe media\u201d - wyk\u0142ad Piotra Mareckiego w bibliotece - mojabochnia.pl - portal informacyjny<\/title>\n<meta name=\"robots\" content=\"index, follow, max-snippet:-1, max-image-preview:large, max-video-preview:-1\" \/>\n<link rel=\"canonical\" href=\"https:\/\/www.mojabochnia.pl\/?p=70621\" \/>\n<meta property=\"og:locale\" content=\"pl_PL\" \/>\n<meta property=\"og:type\" content=\"article\" \/>\n<meta property=\"og:title\" content=\"\u201eLiteratura i nowe media\u201d - wyk\u0142ad Piotra Mareckiego w bibliotece - mojabochnia.pl - portal informacyjny\" \/>\n<meta property=\"og:description\" content=\"Powiatowa i Miejska Biblioteka Publiczna w Bochni oraz boche\u0144skie Ko\u0142o Stowarzyszenia Bibliotekarzy Polskich zapraszaj\u0105 dzisiaj na spotkanie z okazji Dnia Bibliotekarza.\" \/>\n<meta property=\"og:url\" content=\"https:\/\/www.mojabochnia.pl\/?p=70621\" \/>\n<meta property=\"og:site_name\" content=\"mojabochnia.pl - portal informacyjny\" \/>\n<meta property=\"article:publisher\" content=\"https:\/\/www.facebook.com\/mojabochnia\" \/>\n<meta property=\"article:published_time\" content=\"2012-05-08T07:40:21+00:00\" \/>\n<meta name=\"author\" content=\"informacja prasowa\" \/>\n<meta name=\"twitter:card\" content=\"summary_large_image\" \/>\n<meta name=\"twitter:label1\" content=\"Written by\" \/>\n\t<meta name=\"twitter:data1\" content=\"informacja prasowa\" \/>\n\t<meta name=\"twitter:label2\" content=\"Est. reading time\" \/>\n\t<meta name=\"twitter:data2\" content=\"1 minuta\" \/>\n<script type=\"application\/ld+json\" class=\"yoast-schema-graph\">{\"@context\":\"https:\/\/schema.org\",\"@graph\":[{\"@type\":\"Article\",\"@id\":\"https:\/\/www.mojabochnia.pl\/?p=70621#article\",\"isPartOf\":{\"@id\":\"https:\/\/www.mojabochnia.pl\/?p=70621\"},\"author\":{\"name\":\"informacja prasowa\",\"@id\":\"https:\/\/www.mojabochnia.pl\/#\/schema\/person\/9e15cf1bcb74043790f124a3130fe41e\"},\"headline\":\"\u201eLiteratura i nowe media\u201d &#8211; wyk\u0142ad Piotra Mareckiego w bibliotece\",\"datePublished\":\"2012-05-08T07:40:21+00:00\",\"mainEntityOfPage\":{\"@id\":\"https:\/\/www.mojabochnia.pl\/?p=70621\"},\"wordCount\":265,\"commentCount\":0,\"publisher\":{\"@id\":\"https:\/\/www.mojabochnia.pl\/#organization\"},\"keywords\":[\"biblioteka\",\"dzie\u0144 bibliotekarza\",\"piotr marecki\",\"wyk\u0142ad\"],\"articleSection\":[\"2_ostatnie\",\"kultura\",\"tematyka\"],\"inLanguage\":\"pl-PL\",\"potentialAction\":[{\"@type\":\"CommentAction\",\"name\":\"Comment\",\"target\":[\"https:\/\/www.mojabochnia.pl\/?p=70621#respond\"]}]},{\"@type\":\"WebPage\",\"@id\":\"https:\/\/www.mojabochnia.pl\/?p=70621\",\"url\":\"https:\/\/www.mojabochnia.pl\/?p=70621\",\"name\":\"\u201eLiteratura i nowe media\u201d - wyk\u0142ad Piotra Mareckiego w bibliotece - mojabochnia.pl - portal informacyjny\",\"isPartOf\":{\"@id\":\"https:\/\/www.mojabochnia.pl\/#website\"},\"datePublished\":\"2012-05-08T07:40:21+00:00\",\"breadcrumb\":{\"@id\":\"https:\/\/www.mojabochnia.pl\/?p=70621#breadcrumb\"},\"inLanguage\":\"pl-PL\",\"potentialAction\":[{\"@type\":\"ReadAction\",\"target\":[\"https:\/\/www.mojabochnia.pl\/?p=70621\"]}]},{\"@type\":\"BreadcrumbList\",\"@id\":\"https:\/\/www.mojabochnia.pl\/?p=70621#breadcrumb\",\"itemListElement\":[{\"@type\":\"ListItem\",\"position\":1,\"name\":\"Home\",\"item\":\"https:\/\/www.mojabochnia.pl\/\"},{\"@type\":\"ListItem\",\"position\":2,\"name\":\"\u201eLiteratura i nowe media\u201d &#8211; wyk\u0142ad Piotra Mareckiego w bibliotece\"}]},{\"@type\":\"WebSite\",\"@id\":\"https:\/\/www.mojabochnia.pl\/#website\",\"url\":\"https:\/\/www.mojabochnia.pl\/\",\"name\":\"mojabochnia.pl - portal informacyjny\",\"description\":\"mojaBochnia to portal informacyjny o Bochni. Codziennie o Bochni piszemy i pokazujemy najwa\u017cniejsze wydarzenia\",\"publisher\":{\"@id\":\"https:\/\/www.mojabochnia.pl\/#organization\"},\"potentialAction\":[{\"@type\":\"SearchAction\",\"target\":{\"@type\":\"EntryPoint\",\"urlTemplate\":\"https:\/\/www.mojabochnia.pl\/?s={search_term_string}\"},\"query-input\":{\"@type\":\"PropertyValueSpecification\",\"valueRequired\":true,\"valueName\":\"search_term_string\"}}],\"inLanguage\":\"pl-PL\"},{\"@type\":\"Organization\",\"@id\":\"https:\/\/www.mojabochnia.pl\/#organization\",\"name\":\"mojabochnia.pl - portal informacyjny\",\"url\":\"https:\/\/www.mojabochnia.pl\/\",\"logo\":{\"@type\":\"ImageObject\",\"inLanguage\":\"pl-PL\",\"@id\":\"https:\/\/www.mojabochnia.pl\/#\/schema\/logo\/image\/\",\"url\":\"https:\/\/www.mojabochnia.pl\/wp-content\/uploads\/2017\/08\/logo-mb-opt.png\",\"contentUrl\":\"https:\/\/www.mojabochnia.pl\/wp-content\/uploads\/2017\/08\/logo-mb-opt.png\",\"width\":250,\"height\":48,\"caption\":\"mojabochnia.pl - portal informacyjny\"},\"image\":{\"@id\":\"https:\/\/www.mojabochnia.pl\/#\/schema\/logo\/image\/\"},\"sameAs\":[\"https:\/\/www.facebook.com\/mojabochnia\"]},{\"@type\":\"Person\",\"@id\":\"https:\/\/www.mojabochnia.pl\/#\/schema\/person\/9e15cf1bcb74043790f124a3130fe41e\",\"name\":\"informacja prasowa\",\"sameAs\":[\"http:\/\/\"],\"url\":\"https:\/\/www.mojabochnia.pl\/?author=8\"}]}<\/script>\n<!-- \/ Yoast SEO plugin. -->","yoast_head_json":{"title":"\u201eLiteratura i nowe media\u201d - wyk\u0142ad Piotra Mareckiego w bibliotece - mojabochnia.pl - portal informacyjny","robots":{"index":"index","follow":"follow","max-snippet":"max-snippet:-1","max-image-preview":"max-image-preview:large","max-video-preview":"max-video-preview:-1"},"canonical":"https:\/\/www.mojabochnia.pl\/?p=70621","og_locale":"pl_PL","og_type":"article","og_title":"\u201eLiteratura i nowe media\u201d - wyk\u0142ad Piotra Mareckiego w bibliotece - mojabochnia.pl - portal informacyjny","og_description":"Powiatowa i Miejska Biblioteka Publiczna w Bochni oraz boche\u0144skie Ko\u0142o Stowarzyszenia Bibliotekarzy Polskich zapraszaj\u0105 dzisiaj na spotkanie z okazji Dnia Bibliotekarza.","og_url":"https:\/\/www.mojabochnia.pl\/?p=70621","og_site_name":"mojabochnia.pl - portal informacyjny","article_publisher":"https:\/\/www.facebook.com\/mojabochnia","article_published_time":"2012-05-08T07:40:21+00:00","author":"informacja prasowa","twitter_card":"summary_large_image","twitter_misc":{"Written by":"informacja prasowa","Est. reading time":"1 minuta"},"schema":{"@context":"https:\/\/schema.org","@graph":[{"@type":"Article","@id":"https:\/\/www.mojabochnia.pl\/?p=70621#article","isPartOf":{"@id":"https:\/\/www.mojabochnia.pl\/?p=70621"},"author":{"name":"informacja prasowa","@id":"https:\/\/www.mojabochnia.pl\/#\/schema\/person\/9e15cf1bcb74043790f124a3130fe41e"},"headline":"\u201eLiteratura i nowe media\u201d &#8211; wyk\u0142ad Piotra Mareckiego w bibliotece","datePublished":"2012-05-08T07:40:21+00:00","mainEntityOfPage":{"@id":"https:\/\/www.mojabochnia.pl\/?p=70621"},"wordCount":265,"commentCount":0,"publisher":{"@id":"https:\/\/www.mojabochnia.pl\/#organization"},"keywords":["biblioteka","dzie\u0144 bibliotekarza","piotr marecki","wyk\u0142ad"],"articleSection":["2_ostatnie","kultura","tematyka"],"inLanguage":"pl-PL","potentialAction":[{"@type":"CommentAction","name":"Comment","target":["https:\/\/www.mojabochnia.pl\/?p=70621#respond"]}]},{"@type":"WebPage","@id":"https:\/\/www.mojabochnia.pl\/?p=70621","url":"https:\/\/www.mojabochnia.pl\/?p=70621","name":"\u201eLiteratura i nowe media\u201d - wyk\u0142ad Piotra Mareckiego w bibliotece - mojabochnia.pl - portal informacyjny","isPartOf":{"@id":"https:\/\/www.mojabochnia.pl\/#website"},"datePublished":"2012-05-08T07:40:21+00:00","breadcrumb":{"@id":"https:\/\/www.mojabochnia.pl\/?p=70621#breadcrumb"},"inLanguage":"pl-PL","potentialAction":[{"@type":"ReadAction","target":["https:\/\/www.mojabochnia.pl\/?p=70621"]}]},{"@type":"BreadcrumbList","@id":"https:\/\/www.mojabochnia.pl\/?p=70621#breadcrumb","itemListElement":[{"@type":"ListItem","position":1,"name":"Home","item":"https:\/\/www.mojabochnia.pl\/"},{"@type":"ListItem","position":2,"name":"\u201eLiteratura i nowe media\u201d &#8211; wyk\u0142ad Piotra Mareckiego w bibliotece"}]},{"@type":"WebSite","@id":"https:\/\/www.mojabochnia.pl\/#website","url":"https:\/\/www.mojabochnia.pl\/","name":"mojabochnia.pl - portal informacyjny","description":"mojaBochnia to portal informacyjny o Bochni. Codziennie o Bochni piszemy i pokazujemy najwa\u017cniejsze wydarzenia","publisher":{"@id":"https:\/\/www.mojabochnia.pl\/#organization"},"potentialAction":[{"@type":"SearchAction","target":{"@type":"EntryPoint","urlTemplate":"https:\/\/www.mojabochnia.pl\/?s={search_term_string}"},"query-input":{"@type":"PropertyValueSpecification","valueRequired":true,"valueName":"search_term_string"}}],"inLanguage":"pl-PL"},{"@type":"Organization","@id":"https:\/\/www.mojabochnia.pl\/#organization","name":"mojabochnia.pl - portal informacyjny","url":"https:\/\/www.mojabochnia.pl\/","logo":{"@type":"ImageObject","inLanguage":"pl-PL","@id":"https:\/\/www.mojabochnia.pl\/#\/schema\/logo\/image\/","url":"https:\/\/www.mojabochnia.pl\/wp-content\/uploads\/2017\/08\/logo-mb-opt.png","contentUrl":"https:\/\/www.mojabochnia.pl\/wp-content\/uploads\/2017\/08\/logo-mb-opt.png","width":250,"height":48,"caption":"mojabochnia.pl - portal informacyjny"},"image":{"@id":"https:\/\/www.mojabochnia.pl\/#\/schema\/logo\/image\/"},"sameAs":["https:\/\/www.facebook.com\/mojabochnia"]},{"@type":"Person","@id":"https:\/\/www.mojabochnia.pl\/#\/schema\/person\/9e15cf1bcb74043790f124a3130fe41e","name":"informacja prasowa","sameAs":["http:\/\/"],"url":"https:\/\/www.mojabochnia.pl\/?author=8"}]}},"_links":{"self":[{"href":"https:\/\/www.mojabochnia.pl\/index.php?rest_route=\/wp\/v2\/posts\/70621","targetHints":{"allow":["GET"]}}],"collection":[{"href":"https:\/\/www.mojabochnia.pl\/index.php?rest_route=\/wp\/v2\/posts"}],"about":[{"href":"https:\/\/www.mojabochnia.pl\/index.php?rest_route=\/wp\/v2\/types\/post"}],"author":[{"embeddable":true,"href":"https:\/\/www.mojabochnia.pl\/index.php?rest_route=\/wp\/v2\/users\/8"}],"replies":[{"embeddable":true,"href":"https:\/\/www.mojabochnia.pl\/index.php?rest_route=%2Fwp%2Fv2%2Fcomments&post=70621"}],"version-history":[{"count":2,"href":"https:\/\/www.mojabochnia.pl\/index.php?rest_route=\/wp\/v2\/posts\/70621\/revisions"}],"predecessor-version":[{"id":70623,"href":"https:\/\/www.mojabochnia.pl\/index.php?rest_route=\/wp\/v2\/posts\/70621\/revisions\/70623"}],"wp:attachment":[{"href":"https:\/\/www.mojabochnia.pl\/index.php?rest_route=%2Fwp%2Fv2%2Fmedia&parent=70621"}],"wp:term":[{"taxonomy":"category","embeddable":true,"href":"https:\/\/www.mojabochnia.pl\/index.php?rest_route=%2Fwp%2Fv2%2Fcategories&post=70621"},{"taxonomy":"post_tag","embeddable":true,"href":"https:\/\/www.mojabochnia.pl\/index.php?rest_route=%2Fwp%2Fv2%2Ftags&post=70621"}],"curies":[{"name":"wp","href":"https:\/\/api.w.org\/{rel}","templated":true}]}}