{"id":70230,"date":"2012-04-26T13:19:10","date_gmt":"2012-04-26T11:19:10","guid":{"rendered":"http:\/\/www.mojabochnia.pl\/?p=70230"},"modified":"2012-04-26T13:19:10","modified_gmt":"2012-04-26T11:19:10","slug":"nie-bedzie-rozpadu-koalicji-z-powodu-dymisji-m-szczepary","status":"publish","type":"post","link":"https:\/\/www.mojabochnia.pl\/?p=70230","title":{"rendered":"Nie b\u0119dzie rozpadu koalicji z powodu dymisji M. Szczepary"},"content":{"rendered":"<p><em>To jest autonomiczna decyzja pana burmistrza. Jako klub nie wnosimy \u017cadnych uwag. Niezale\u017cny Komitet Wyborczy rozwi\u0105za\u0142 si\u0119 w momencie, gdy sko\u0144czy\u0142y si\u0119 wybory. Zawi\u0105zali\u015bmy klub \u201eNiezale\u017cnych\u201d, jest nas pi\u0119ciu radnych i jeste\u015bmy w koalicji z burmistrzem. Akceptujemy decyzj\u0119 burmistrza<\/em> \u2013 m\u00f3wi radny W\u0142adys\u0142aw Rzymek, szef klubu radnych niezale\u017cnych.<\/p>\n<p>Na spostrze\u017cenie, \u017ce g\u0142osowa\u0142 za zasadno\u015bci\u0105 skargi na dyrektor MDK, W\u0142adys\u0142aw Rzymek przyznaje: <em>By\u0142em troch\u0119 w rozkroku, poniewa\u017c tak naprawd\u0119 to jest skarga na bezpo\u015bredniego prze\u0142o\u017conego dyrektor Domu Kultury. Natomiast w \u015bwietle informacji, kt\u00f3re posiadamy, nie jest to sprawa chowana pod dywan. Nad tematem dyskutujemy co najmniej od dw\u00f3ch miesi\u0119cy, to nie jest rzecz, kt\u00f3ra wyp\u0142yn\u0119\u0142a w tej chwili i funkcjonuje ad hoc. Naprawd\u0119 rozmawiali\u015bmy cz\u0119sto i intensywnie z panem burmistrzem, jak i z drug\u0105 stron\u0105. Ca\u0142y ten temat przecie\u017c notorycznie wyp\u0142ywa\u0142 na komisji kultury. Od pocz\u0105tku uwa\u017ca\u0142em, \u017ce sprawa interpelacji pana P\u0142aweckiego to jest temat b\u0142ahy, tak naprawd\u0119 zosta\u0142 niepotrzebnie rozdmuchany, natomiast jest kilka innych rzeczy. S\u0105 skierowane do RIO<\/em> (Regionalna Izba Obrachunkowa \u2013 przyp. red.) <em>pewne zapytania i burmistrz podj\u0105\u0142 s\u0142uszn\u0105 moim zdaniem decyzj\u0119 poczekania z innymi decyzjami na wnioski, kt\u00f3re RIO nam w tej sprawie przeka\u017ce i b\u0119dziemy wiedzieli, co dalej z t\u0105 spraw\u0105 pocz\u0105\u0107<\/em>. <\/p>\n<p>Zdaniem radnego, burmistrz mo\u017ce teraz udzieli\u0107 Katarzynie Matei nagany, upomnienia lub zastosowa\u0107 inn\u0105 kar\u0119. <em>Nie s\u0105dz\u0119, \u017ceby tu musia\u0142y nast\u0105pi\u0107 jakie\u015b radykalne kroki, ale to jest autonomiczna decyzja pana burmistrza<\/em>. <\/p>\n<p>W\u0142adys\u0142aw Rzymek powiedzia\u0142, \u017ce on i jego klubowi koledzy mogliby protestowa\u0107 w sprawie odwo\u0142ania Ma\u0142gorzaty Szczepary i skargi na Katarzyn\u0119 Matej\u0119. Jednak jego zdaniem \u201espowodowa\u0142oby to rozwalenie koalicji, a my nie jeste\u015bmy [tym] zainteresowani\u201d. <em>Dzia\u0142amy dla miasta. Naprawd\u0119 jeste\u015bmy niezale\u017cni od samego pocz\u0105tku. S\u0105 z nami osoby, kt\u00f3rym nie zale\u017cy na jakich\u015b tematach uk\u0142adowych itd., mamy z czego \u017cy\u0107, nie mamy problemu z pewnymi innymi tematami, dlatego mo\u017cemy sobie pozwoli\u0107 na pe\u0142n\u0105 niezale\u017cno\u015b\u0107 w dzia\u0142aniu i chcemy popiera\u0107 burmistrza<\/em>. <\/p>\n","protected":false},"excerpt":{"rendered":"<p>Mimo, \u017ce burmistrz odwo\u0142a\u0142 Ma\u0142gorzat\u0119 Szczepar\u0119 ze stanowiska swojego zast\u0119pcy, koalicji to nie zaszkodzi. Klubowi koledzy by\u0142ej wiceburmistrz nie zamierzaj\u0105 wycofywa\u0107 poparcia burmistrzowi.<\/p>\n","protected":false},"author":4,"featured_media":0,"comment_status":"open","ping_status":"closed","sticky":false,"template":"","format":"standard","meta":{"_acf_changed":false,"footnotes":""},"categories":[5,6251,6250],"tags":[17860,17224,7563,1490,17480,7781,10948],"class_list":["post-70230","post","type-post","status-publish","format-standard","hentry","category-biezace-wydarzenia","category-polityka-i-wydarzenia","category-tematyka","tag-katarzyna-mateja","tag-malgorzata-szczepara","tag-niezalezny-komitet-wyborczy","tag-odwolanie","tag-radny","tag-stefan-kolawinski","tag-wladyslaw-rzymek","main_tag-malgorzata-szczepara"],"acf":[],"yoast_head":"<!-- This site is optimized with the Yoast SEO plugin v26.9 - https:\/\/yoast.com\/product\/yoast-seo-wordpress\/ -->\n<title>Nie b\u0119dzie rozpadu koalicji z powodu dymisji M. Szczepary - mojabochnia.pl - portal informacyjny<\/title>\n<meta name=\"robots\" content=\"index, follow, max-snippet:-1, max-image-preview:large, max-video-preview:-1\" \/>\n<link rel=\"canonical\" href=\"https:\/\/www.mojabochnia.pl\/?p=70230\" \/>\n<meta property=\"og:locale\" content=\"pl_PL\" \/>\n<meta property=\"og:type\" content=\"article\" \/>\n<meta property=\"og:title\" content=\"Nie b\u0119dzie rozpadu koalicji z powodu dymisji M. Szczepary - mojabochnia.pl - portal informacyjny\" \/>\n<meta property=\"og:description\" content=\"Mimo, \u017ce burmistrz odwo\u0142a\u0142 Ma\u0142gorzat\u0119 Szczepar\u0119 ze stanowiska swojego zast\u0119pcy, koalicji to nie zaszkodzi. Klubowi koledzy by\u0142ej wiceburmistrz nie zamierzaj\u0105 wycofywa\u0107 poparcia burmistrzowi.\" \/>\n<meta property=\"og:url\" content=\"https:\/\/www.mojabochnia.pl\/?p=70230\" \/>\n<meta property=\"og:site_name\" content=\"mojabochnia.pl - portal informacyjny\" \/>\n<meta property=\"article:publisher\" content=\"https:\/\/www.facebook.com\/mojabochnia\" \/>\n<meta property=\"article:published_time\" content=\"2012-04-26T11:19:10+00:00\" \/>\n<meta name=\"author\" content=\"Pawe\u0142 Michalczyk\" \/>\n<meta name=\"twitter:card\" content=\"summary_large_image\" \/>\n<meta name=\"twitter:label1\" content=\"Written by\" \/>\n\t<meta name=\"twitter:data1\" content=\"Pawe\u0142 Michalczyk\" \/>\n\t<meta name=\"twitter:label2\" content=\"Est. reading time\" \/>\n\t<meta name=\"twitter:data2\" content=\"2 minuty\" \/>\n<script type=\"application\/ld+json\" class=\"yoast-schema-graph\">{\"@context\":\"https:\/\/schema.org\",\"@graph\":[{\"@type\":\"Article\",\"@id\":\"https:\/\/www.mojabochnia.pl\/?p=70230#article\",\"isPartOf\":{\"@id\":\"https:\/\/www.mojabochnia.pl\/?p=70230\"},\"author\":{\"name\":\"Pawe\u0142 Michalczyk\",\"@id\":\"https:\/\/www.mojabochnia.pl\/#\/schema\/person\/ea042e4724a77627963f02166828ead4\"},\"headline\":\"Nie b\u0119dzie rozpadu koalicji z powodu dymisji M. Szczepary\",\"datePublished\":\"2012-04-26T11:19:10+00:00\",\"mainEntityOfPage\":{\"@id\":\"https:\/\/www.mojabochnia.pl\/?p=70230\"},\"wordCount\":375,\"commentCount\":0,\"publisher\":{\"@id\":\"https:\/\/www.mojabochnia.pl\/#organization\"},\"keywords\":[\"katarzyna mateja\",\"ma\u0142gorzata szczepara\",\"niezale\u017cny komitet wyborczy\",\"odwo\u0142anie\",\"radny\",\"stefan kolawi\u0144ski\",\"w\u0142adys\u0142aw rzymek\"],\"articleSection\":[\"2_ostatnie\",\"polityka i wydarzenia\",\"tematyka\"],\"inLanguage\":\"pl-PL\",\"potentialAction\":[{\"@type\":\"CommentAction\",\"name\":\"Comment\",\"target\":[\"https:\/\/www.mojabochnia.pl\/?p=70230#respond\"]}]},{\"@type\":\"WebPage\",\"@id\":\"https:\/\/www.mojabochnia.pl\/?p=70230\",\"url\":\"https:\/\/www.mojabochnia.pl\/?p=70230\",\"name\":\"Nie b\u0119dzie rozpadu koalicji z powodu dymisji M. Szczepary - mojabochnia.pl - portal informacyjny\",\"isPartOf\":{\"@id\":\"https:\/\/www.mojabochnia.pl\/#website\"},\"datePublished\":\"2012-04-26T11:19:10+00:00\",\"breadcrumb\":{\"@id\":\"https:\/\/www.mojabochnia.pl\/?p=70230#breadcrumb\"},\"inLanguage\":\"pl-PL\",\"potentialAction\":[{\"@type\":\"ReadAction\",\"target\":[\"https:\/\/www.mojabochnia.pl\/?p=70230\"]}]},{\"@type\":\"BreadcrumbList\",\"@id\":\"https:\/\/www.mojabochnia.pl\/?p=70230#breadcrumb\",\"itemListElement\":[{\"@type\":\"ListItem\",\"position\":1,\"name\":\"Home\",\"item\":\"https:\/\/www.mojabochnia.pl\/\"},{\"@type\":\"ListItem\",\"position\":2,\"name\":\"Nie b\u0119dzie rozpadu koalicji z powodu dymisji M. Szczepary\"}]},{\"@type\":\"WebSite\",\"@id\":\"https:\/\/www.mojabochnia.pl\/#website\",\"url\":\"https:\/\/www.mojabochnia.pl\/\",\"name\":\"mojabochnia.pl - portal informacyjny\",\"description\":\"mojaBochnia to portal informacyjny o Bochni. Codziennie o Bochni piszemy i pokazujemy najwa\u017cniejsze wydarzenia\",\"publisher\":{\"@id\":\"https:\/\/www.mojabochnia.pl\/#organization\"},\"potentialAction\":[{\"@type\":\"SearchAction\",\"target\":{\"@type\":\"EntryPoint\",\"urlTemplate\":\"https:\/\/www.mojabochnia.pl\/?s={search_term_string}\"},\"query-input\":{\"@type\":\"PropertyValueSpecification\",\"valueRequired\":true,\"valueName\":\"search_term_string\"}}],\"inLanguage\":\"pl-PL\"},{\"@type\":\"Organization\",\"@id\":\"https:\/\/www.mojabochnia.pl\/#organization\",\"name\":\"mojabochnia.pl - portal informacyjny\",\"url\":\"https:\/\/www.mojabochnia.pl\/\",\"logo\":{\"@type\":\"ImageObject\",\"inLanguage\":\"pl-PL\",\"@id\":\"https:\/\/www.mojabochnia.pl\/#\/schema\/logo\/image\/\",\"url\":\"https:\/\/www.mojabochnia.pl\/wp-content\/uploads\/2017\/08\/logo-mb-opt.png\",\"contentUrl\":\"https:\/\/www.mojabochnia.pl\/wp-content\/uploads\/2017\/08\/logo-mb-opt.png\",\"width\":250,\"height\":48,\"caption\":\"mojabochnia.pl - portal informacyjny\"},\"image\":{\"@id\":\"https:\/\/www.mojabochnia.pl\/#\/schema\/logo\/image\/\"},\"sameAs\":[\"https:\/\/www.facebook.com\/mojabochnia\"]},{\"@type\":\"Person\",\"@id\":\"https:\/\/www.mojabochnia.pl\/#\/schema\/person\/ea042e4724a77627963f02166828ead4\",\"name\":\"Pawe\u0142 Michalczyk\",\"url\":\"https:\/\/www.mojabochnia.pl\/?author=4\"}]}<\/script>\n<!-- \/ Yoast SEO plugin. -->","yoast_head_json":{"title":"Nie b\u0119dzie rozpadu koalicji z powodu dymisji M. Szczepary - mojabochnia.pl - portal informacyjny","robots":{"index":"index","follow":"follow","max-snippet":"max-snippet:-1","max-image-preview":"max-image-preview:large","max-video-preview":"max-video-preview:-1"},"canonical":"https:\/\/www.mojabochnia.pl\/?p=70230","og_locale":"pl_PL","og_type":"article","og_title":"Nie b\u0119dzie rozpadu koalicji z powodu dymisji M. Szczepary - mojabochnia.pl - portal informacyjny","og_description":"Mimo, \u017ce burmistrz odwo\u0142a\u0142 Ma\u0142gorzat\u0119 Szczepar\u0119 ze stanowiska swojego zast\u0119pcy, koalicji to nie zaszkodzi. Klubowi koledzy by\u0142ej wiceburmistrz nie zamierzaj\u0105 wycofywa\u0107 poparcia burmistrzowi.","og_url":"https:\/\/www.mojabochnia.pl\/?p=70230","og_site_name":"mojabochnia.pl - portal informacyjny","article_publisher":"https:\/\/www.facebook.com\/mojabochnia","article_published_time":"2012-04-26T11:19:10+00:00","author":"Pawe\u0142 Michalczyk","twitter_card":"summary_large_image","twitter_misc":{"Written by":"Pawe\u0142 Michalczyk","Est. reading time":"2 minuty"},"schema":{"@context":"https:\/\/schema.org","@graph":[{"@type":"Article","@id":"https:\/\/www.mojabochnia.pl\/?p=70230#article","isPartOf":{"@id":"https:\/\/www.mojabochnia.pl\/?p=70230"},"author":{"name":"Pawe\u0142 Michalczyk","@id":"https:\/\/www.mojabochnia.pl\/#\/schema\/person\/ea042e4724a77627963f02166828ead4"},"headline":"Nie b\u0119dzie rozpadu koalicji z powodu dymisji M. Szczepary","datePublished":"2012-04-26T11:19:10+00:00","mainEntityOfPage":{"@id":"https:\/\/www.mojabochnia.pl\/?p=70230"},"wordCount":375,"commentCount":0,"publisher":{"@id":"https:\/\/www.mojabochnia.pl\/#organization"},"keywords":["katarzyna mateja","ma\u0142gorzata szczepara","niezale\u017cny komitet wyborczy","odwo\u0142anie","radny","stefan kolawi\u0144ski","w\u0142adys\u0142aw rzymek"],"articleSection":["2_ostatnie","polityka i wydarzenia","tematyka"],"inLanguage":"pl-PL","potentialAction":[{"@type":"CommentAction","name":"Comment","target":["https:\/\/www.mojabochnia.pl\/?p=70230#respond"]}]},{"@type":"WebPage","@id":"https:\/\/www.mojabochnia.pl\/?p=70230","url":"https:\/\/www.mojabochnia.pl\/?p=70230","name":"Nie b\u0119dzie rozpadu koalicji z powodu dymisji M. Szczepary - mojabochnia.pl - portal informacyjny","isPartOf":{"@id":"https:\/\/www.mojabochnia.pl\/#website"},"datePublished":"2012-04-26T11:19:10+00:00","breadcrumb":{"@id":"https:\/\/www.mojabochnia.pl\/?p=70230#breadcrumb"},"inLanguage":"pl-PL","potentialAction":[{"@type":"ReadAction","target":["https:\/\/www.mojabochnia.pl\/?p=70230"]}]},{"@type":"BreadcrumbList","@id":"https:\/\/www.mojabochnia.pl\/?p=70230#breadcrumb","itemListElement":[{"@type":"ListItem","position":1,"name":"Home","item":"https:\/\/www.mojabochnia.pl\/"},{"@type":"ListItem","position":2,"name":"Nie b\u0119dzie rozpadu koalicji z powodu dymisji M. Szczepary"}]},{"@type":"WebSite","@id":"https:\/\/www.mojabochnia.pl\/#website","url":"https:\/\/www.mojabochnia.pl\/","name":"mojabochnia.pl - portal informacyjny","description":"mojaBochnia to portal informacyjny o Bochni. Codziennie o Bochni piszemy i pokazujemy najwa\u017cniejsze wydarzenia","publisher":{"@id":"https:\/\/www.mojabochnia.pl\/#organization"},"potentialAction":[{"@type":"SearchAction","target":{"@type":"EntryPoint","urlTemplate":"https:\/\/www.mojabochnia.pl\/?s={search_term_string}"},"query-input":{"@type":"PropertyValueSpecification","valueRequired":true,"valueName":"search_term_string"}}],"inLanguage":"pl-PL"},{"@type":"Organization","@id":"https:\/\/www.mojabochnia.pl\/#organization","name":"mojabochnia.pl - portal informacyjny","url":"https:\/\/www.mojabochnia.pl\/","logo":{"@type":"ImageObject","inLanguage":"pl-PL","@id":"https:\/\/www.mojabochnia.pl\/#\/schema\/logo\/image\/","url":"https:\/\/www.mojabochnia.pl\/wp-content\/uploads\/2017\/08\/logo-mb-opt.png","contentUrl":"https:\/\/www.mojabochnia.pl\/wp-content\/uploads\/2017\/08\/logo-mb-opt.png","width":250,"height":48,"caption":"mojabochnia.pl - portal informacyjny"},"image":{"@id":"https:\/\/www.mojabochnia.pl\/#\/schema\/logo\/image\/"},"sameAs":["https:\/\/www.facebook.com\/mojabochnia"]},{"@type":"Person","@id":"https:\/\/www.mojabochnia.pl\/#\/schema\/person\/ea042e4724a77627963f02166828ead4","name":"Pawe\u0142 Michalczyk","url":"https:\/\/www.mojabochnia.pl\/?author=4"}]}},"_links":{"self":[{"href":"https:\/\/www.mojabochnia.pl\/index.php?rest_route=\/wp\/v2\/posts\/70230","targetHints":{"allow":["GET"]}}],"collection":[{"href":"https:\/\/www.mojabochnia.pl\/index.php?rest_route=\/wp\/v2\/posts"}],"about":[{"href":"https:\/\/www.mojabochnia.pl\/index.php?rest_route=\/wp\/v2\/types\/post"}],"author":[{"embeddable":true,"href":"https:\/\/www.mojabochnia.pl\/index.php?rest_route=\/wp\/v2\/users\/4"}],"replies":[{"embeddable":true,"href":"https:\/\/www.mojabochnia.pl\/index.php?rest_route=%2Fwp%2Fv2%2Fcomments&post=70230"}],"version-history":[{"count":4,"href":"https:\/\/www.mojabochnia.pl\/index.php?rest_route=\/wp\/v2\/posts\/70230\/revisions"}],"predecessor-version":[{"id":70236,"href":"https:\/\/www.mojabochnia.pl\/index.php?rest_route=\/wp\/v2\/posts\/70230\/revisions\/70236"}],"wp:attachment":[{"href":"https:\/\/www.mojabochnia.pl\/index.php?rest_route=%2Fwp%2Fv2%2Fmedia&parent=70230"}],"wp:term":[{"taxonomy":"category","embeddable":true,"href":"https:\/\/www.mojabochnia.pl\/index.php?rest_route=%2Fwp%2Fv2%2Fcategories&post=70230"},{"taxonomy":"post_tag","embeddable":true,"href":"https:\/\/www.mojabochnia.pl\/index.php?rest_route=%2Fwp%2Fv2%2Ftags&post=70230"}],"curies":[{"name":"wp","href":"https:\/\/api.w.org\/{rel}","templated":true}]}}