{"id":70203,"date":"2012-04-26T09:24:18","date_gmt":"2012-04-26T07:24:18","guid":{"rendered":"http:\/\/www.mojabochnia.pl\/?p=70203"},"modified":"2012-04-26T09:24:55","modified_gmt":"2012-04-26T07:24:55","slug":"sprawa-odwolania-malgorzaty-szczepary-na-sesji-rady-miejskiej","status":"publish","type":"post","link":"https:\/\/www.mojabochnia.pl\/?p=70203","title":{"rendered":"Sprawa odwo\u0142ania Ma\u0142gorzaty Szczepary na sesji rady miejskiej"},"content":{"rendered":"<p>Komunikat o odwo\u0142aniu zast\u0119pcy burmistrza pad\u0142 w s\u0105siedztwie informacji zupe\u0142nie zupe\u0142nie kalibru. <\/p>\n<p>Temat odwo\u0142ania wiceburmistrz powr\u00f3ci\u0142 w wolnych wnioskach. Radny Jan Czechowski przedstawi\u0142 o\u015bwiadczenie, jakie mia\u0142 odczyta\u0107 syn Ma\u0142gorzaty Szczepary (kt\u00f3ry jednak nie dotar\u0142 na sesj\u0119).<\/p>\n<p><em>Poniewa\u017c stan zdrowia nie pozwala jej w tej chwili uczestniczy\u0107 tutaj, a w internecie si\u0119 pojawiaj\u0105 r\u00f3\u017cne obel\u017cywe wpisy, dlatego uwa\u017cam, \u017ce trzeba po prostu powiedzie\u0107 dwa s\u0142owa na temat pani Ma\u0142gorzaty Szczepary i jej stosunku do tego ca\u0142ego zdarzenia, jakie mia\u0142o miejsce<\/em> \u2013 m\u00f3wi\u0142 radny Jan Czechowski. <\/p>\n<p><em>Pani Ma\u0142gorzata chcia\u0142a przede wszystkim podzi\u0119kowa\u0107 wszystkim tym, kt\u00f3rzy wsp\u00f3\u0142pracowali z ni\u0105, pocz\u0105wszy od pana burmistrza, od zast\u0119pcy pana burmistrza, od pana przewodnicz\u0105cego i wszystkich innych os\u00f3b pracuj\u0105cych w urz\u0119dzie miejskim, naczelnik\u00f3w i pracownik\u00f3w, r\u00f3wnie\u017c pracownik\u00f3w wydzia\u0142u promocji miasta, jak i r\u00f3wnie\u017c podleg\u0142ych instytucji. R\u00f3wnie\u017c pani Ma\u0142gorzata chcia\u0142a podzi\u0119kowa\u0107 wszystkim radnym, z kt\u00f3rymi mia\u0142a mo\u017cliwo\u015b\u0107 wsp\u00f3\u0142pracowania. Ze wzgl\u0119du na stan zdrowia i inne okoliczno\u015bci nie by\u0142a w stanie sama tego powiedzie\u0107, jak to przekazuj\u0119 wobec tego<\/em> \u2013 powiedzia\u0142 radny w wolnych wnioskach. <\/p>\n<p>W rozes\u0142anym do medi\u00f3w o\u015bwiadczeniu Ma\u0142gorzata Szczepara pisze:<\/p>\n<p><em>O\u015bwiadczenie<\/p>\n<p>Dzi\u0119kuj\u0119:<br \/>\n\u2022 Panu Przewodnicz\u0105cemu, Panu Burmistrzowi, szanownym Radnym Miasta Bochnia,<br \/>\n\u2022 Dyrektorom, Kierownikom, Prezesom i pracownikom Jednostek Miejskich, a w szczeg\u00f3lno\u015bci MDK, MOSiR, Muzeum, Biblioteki, Krytej P\u0142ywalni, MZE, SPM ZOZ oraz Stra\u017cy Miejskiej i Ochronki,<br \/>\n\u2022 Dyrektorom szk\u00f3\u0142 i przedszkoli, nauczycielom,<br \/>\n\u2022 Pracownikom Urz\u0119du Miasta Bochnia, a w szczeg\u00f3lno\u015bci wsp\u00f3\u0142pracownikom z Wydzia\u0142u Promocji, kt\u00f3rych zapa\u0142 do pracy, skuteczno\u015b\u0107 i ciep\u0142o bardzo ceni\u0119,<br \/>\n\u2022 licznym mieszka\u0144com Bochni i okolic, kt\u00f3rzy z wieloma radami i pomys\u0142ami dzielili si\u0119 ze mn\u0105, uczestnicz\u0105c w poprawie wizerunku miasta,<br \/>\n\u2022 moim Wyborcom, kt\u00f3rych zaufanie i g\u0142osy doprowadzi\u0142y mnie do otrzymania mandatu radnej, a potem stanowiska Zast\u0119pcy Burmistrza Miasta.<\/p>\n<p>Panie Burmistrzu!<br \/>\nOczywi\u015bcie odwo\u0142anie jest to prawo formalne, kt\u00f3re jednak nie zwalnia od odpowiedzialno\u015bci i dochowania danego s\u0142owa koalicjantom oraz zwyk\u0142ej uczciwo\u015bci nakazuj\u0105cej respektowanie zasady, \u017ce um\u00f3w nale\u017cy dotrzymywa\u0107. Podobnie jak wiele os\u00f3b nie znajduj\u0119 \u017cadnej racjonalnej przyczyny, stanowi\u0105cej podstaw\u0119 do podj\u0119cia tak drastycznej, a zarazem niesprawiedliwej decyzji.<\/p>\n<p>25.04.2012 r. Ma\u0142gorzata Szczepara<\/em><\/p>\n","protected":false},"excerpt":{"rendered":"<p>Burmistrz Stefan Kolawi\u0144ski poinformowa\u0142 w swoim sprawozdaniu z dzia\u0142alno\u015bci w ostatnim miesi\u0105cu o tym, \u017ce odwo\u0142a\u0142 swoj\u0105 zast\u0119pczyni\u0119 Ma\u0142gorzat\u0119 Szczepar\u0119. Zabrak\u0142o jednak jakichkolwiek uzasadnie\u0144.<\/p>\n","protected":false},"author":4,"featured_media":0,"comment_status":"open","ping_status":"closed","sticky":false,"template":"","format":"standard","meta":{"_acf_changed":false,"footnotes":""},"categories":[5,6251,6250],"tags":[1371,17224,1490,2225,17519,7781,17419],"class_list":["post-70203","post","type-post","status-publish","format-standard","hentry","category-biezace-wydarzenia","category-polityka-i-wydarzenia","category-tematyka","tag-jan-czechowski","tag-malgorzata-szczepara","tag-odwolanie","tag-oswiadczenie","tag-sesja","tag-stefan-kolawinski","tag-wiceburmistrz","main_tag-malgorzata-szczepara"],"acf":[],"yoast_head":"<!-- This site is optimized with the Yoast SEO plugin v26.9 - https:\/\/yoast.com\/product\/yoast-seo-wordpress\/ -->\n<title>Sprawa odwo\u0142ania Ma\u0142gorzaty Szczepary na sesji rady miejskiej - mojabochnia.pl - portal informacyjny<\/title>\n<meta name=\"robots\" content=\"index, follow, max-snippet:-1, max-image-preview:large, max-video-preview:-1\" \/>\n<link rel=\"canonical\" href=\"https:\/\/www.mojabochnia.pl\/?p=70203\" \/>\n<meta property=\"og:locale\" content=\"pl_PL\" \/>\n<meta property=\"og:type\" content=\"article\" \/>\n<meta property=\"og:title\" content=\"Sprawa odwo\u0142ania Ma\u0142gorzaty Szczepary na sesji rady miejskiej - mojabochnia.pl - portal informacyjny\" \/>\n<meta property=\"og:description\" content=\"Burmistrz Stefan Kolawi\u0144ski poinformowa\u0142 w swoim sprawozdaniu z dzia\u0142alno\u015bci w ostatnim miesi\u0105cu o tym, \u017ce odwo\u0142a\u0142 swoj\u0105 zast\u0119pczyni\u0119 Ma\u0142gorzat\u0119 Szczepar\u0119. Zabrak\u0142o jednak jakichkolwiek uzasadnie\u0144.\" \/>\n<meta property=\"og:url\" content=\"https:\/\/www.mojabochnia.pl\/?p=70203\" \/>\n<meta property=\"og:site_name\" content=\"mojabochnia.pl - portal informacyjny\" \/>\n<meta property=\"article:publisher\" content=\"https:\/\/www.facebook.com\/mojabochnia\" \/>\n<meta property=\"article:published_time\" content=\"2012-04-26T07:24:18+00:00\" \/>\n<meta property=\"article:modified_time\" content=\"2012-04-26T07:24:55+00:00\" \/>\n<meta name=\"author\" content=\"Pawe\u0142 Michalczyk\" \/>\n<meta name=\"twitter:card\" content=\"summary_large_image\" \/>\n<meta name=\"twitter:label1\" content=\"Written by\" \/>\n\t<meta name=\"twitter:data1\" content=\"Pawe\u0142 Michalczyk\" \/>\n\t<meta name=\"twitter:label2\" content=\"Est. reading time\" \/>\n\t<meta name=\"twitter:data2\" content=\"2 minuty\" \/>\n<script type=\"application\/ld+json\" class=\"yoast-schema-graph\">{\"@context\":\"https:\/\/schema.org\",\"@graph\":[{\"@type\":\"Article\",\"@id\":\"https:\/\/www.mojabochnia.pl\/?p=70203#article\",\"isPartOf\":{\"@id\":\"https:\/\/www.mojabochnia.pl\/?p=70203\"},\"author\":{\"name\":\"Pawe\u0142 Michalczyk\",\"@id\":\"https:\/\/www.mojabochnia.pl\/#\/schema\/person\/ea042e4724a77627963f02166828ead4\"},\"headline\":\"Sprawa odwo\u0142ania Ma\u0142gorzaty Szczepary na sesji rady miejskiej\",\"datePublished\":\"2012-04-26T07:24:18+00:00\",\"dateModified\":\"2012-04-26T07:24:55+00:00\",\"mainEntityOfPage\":{\"@id\":\"https:\/\/www.mojabochnia.pl\/?p=70203\"},\"wordCount\":417,\"commentCount\":0,\"publisher\":{\"@id\":\"https:\/\/www.mojabochnia.pl\/#organization\"},\"keywords\":[\"jan czechowski\",\"ma\u0142gorzata szczepara\",\"odwo\u0142anie\",\"o\u015bwiadczenie\",\"sesja\",\"stefan kolawi\u0144ski\",\"wiceburmistrz\"],\"articleSection\":[\"2_ostatnie\",\"polityka i wydarzenia\",\"tematyka\"],\"inLanguage\":\"pl-PL\",\"potentialAction\":[{\"@type\":\"CommentAction\",\"name\":\"Comment\",\"target\":[\"https:\/\/www.mojabochnia.pl\/?p=70203#respond\"]}]},{\"@type\":\"WebPage\",\"@id\":\"https:\/\/www.mojabochnia.pl\/?p=70203\",\"url\":\"https:\/\/www.mojabochnia.pl\/?p=70203\",\"name\":\"Sprawa odwo\u0142ania Ma\u0142gorzaty Szczepary na sesji rady miejskiej - mojabochnia.pl - portal informacyjny\",\"isPartOf\":{\"@id\":\"https:\/\/www.mojabochnia.pl\/#website\"},\"datePublished\":\"2012-04-26T07:24:18+00:00\",\"dateModified\":\"2012-04-26T07:24:55+00:00\",\"breadcrumb\":{\"@id\":\"https:\/\/www.mojabochnia.pl\/?p=70203#breadcrumb\"},\"inLanguage\":\"pl-PL\",\"potentialAction\":[{\"@type\":\"ReadAction\",\"target\":[\"https:\/\/www.mojabochnia.pl\/?p=70203\"]}]},{\"@type\":\"BreadcrumbList\",\"@id\":\"https:\/\/www.mojabochnia.pl\/?p=70203#breadcrumb\",\"itemListElement\":[{\"@type\":\"ListItem\",\"position\":1,\"name\":\"Home\",\"item\":\"https:\/\/www.mojabochnia.pl\/\"},{\"@type\":\"ListItem\",\"position\":2,\"name\":\"Sprawa odwo\u0142ania Ma\u0142gorzaty Szczepary na sesji rady miejskiej\"}]},{\"@type\":\"WebSite\",\"@id\":\"https:\/\/www.mojabochnia.pl\/#website\",\"url\":\"https:\/\/www.mojabochnia.pl\/\",\"name\":\"mojabochnia.pl - portal informacyjny\",\"description\":\"mojaBochnia to portal informacyjny o Bochni. Codziennie o Bochni piszemy i pokazujemy najwa\u017cniejsze wydarzenia\",\"publisher\":{\"@id\":\"https:\/\/www.mojabochnia.pl\/#organization\"},\"potentialAction\":[{\"@type\":\"SearchAction\",\"target\":{\"@type\":\"EntryPoint\",\"urlTemplate\":\"https:\/\/www.mojabochnia.pl\/?s={search_term_string}\"},\"query-input\":{\"@type\":\"PropertyValueSpecification\",\"valueRequired\":true,\"valueName\":\"search_term_string\"}}],\"inLanguage\":\"pl-PL\"},{\"@type\":\"Organization\",\"@id\":\"https:\/\/www.mojabochnia.pl\/#organization\",\"name\":\"mojabochnia.pl - portal informacyjny\",\"url\":\"https:\/\/www.mojabochnia.pl\/\",\"logo\":{\"@type\":\"ImageObject\",\"inLanguage\":\"pl-PL\",\"@id\":\"https:\/\/www.mojabochnia.pl\/#\/schema\/logo\/image\/\",\"url\":\"https:\/\/www.mojabochnia.pl\/wp-content\/uploads\/2017\/08\/logo-mb-opt.png\",\"contentUrl\":\"https:\/\/www.mojabochnia.pl\/wp-content\/uploads\/2017\/08\/logo-mb-opt.png\",\"width\":250,\"height\":48,\"caption\":\"mojabochnia.pl - portal informacyjny\"},\"image\":{\"@id\":\"https:\/\/www.mojabochnia.pl\/#\/schema\/logo\/image\/\"},\"sameAs\":[\"https:\/\/www.facebook.com\/mojabochnia\"]},{\"@type\":\"Person\",\"@id\":\"https:\/\/www.mojabochnia.pl\/#\/schema\/person\/ea042e4724a77627963f02166828ead4\",\"name\":\"Pawe\u0142 Michalczyk\",\"url\":\"https:\/\/www.mojabochnia.pl\/?author=4\"}]}<\/script>\n<!-- \/ Yoast SEO plugin. -->","yoast_head_json":{"title":"Sprawa odwo\u0142ania Ma\u0142gorzaty Szczepary na sesji rady miejskiej - mojabochnia.pl - portal informacyjny","robots":{"index":"index","follow":"follow","max-snippet":"max-snippet:-1","max-image-preview":"max-image-preview:large","max-video-preview":"max-video-preview:-1"},"canonical":"https:\/\/www.mojabochnia.pl\/?p=70203","og_locale":"pl_PL","og_type":"article","og_title":"Sprawa odwo\u0142ania Ma\u0142gorzaty Szczepary na sesji rady miejskiej - mojabochnia.pl - portal informacyjny","og_description":"Burmistrz Stefan Kolawi\u0144ski poinformowa\u0142 w swoim sprawozdaniu z dzia\u0142alno\u015bci w ostatnim miesi\u0105cu o tym, \u017ce odwo\u0142a\u0142 swoj\u0105 zast\u0119pczyni\u0119 Ma\u0142gorzat\u0119 Szczepar\u0119. Zabrak\u0142o jednak jakichkolwiek uzasadnie\u0144.","og_url":"https:\/\/www.mojabochnia.pl\/?p=70203","og_site_name":"mojabochnia.pl - portal informacyjny","article_publisher":"https:\/\/www.facebook.com\/mojabochnia","article_published_time":"2012-04-26T07:24:18+00:00","article_modified_time":"2012-04-26T07:24:55+00:00","author":"Pawe\u0142 Michalczyk","twitter_card":"summary_large_image","twitter_misc":{"Written by":"Pawe\u0142 Michalczyk","Est. reading time":"2 minuty"},"schema":{"@context":"https:\/\/schema.org","@graph":[{"@type":"Article","@id":"https:\/\/www.mojabochnia.pl\/?p=70203#article","isPartOf":{"@id":"https:\/\/www.mojabochnia.pl\/?p=70203"},"author":{"name":"Pawe\u0142 Michalczyk","@id":"https:\/\/www.mojabochnia.pl\/#\/schema\/person\/ea042e4724a77627963f02166828ead4"},"headline":"Sprawa odwo\u0142ania Ma\u0142gorzaty Szczepary na sesji rady miejskiej","datePublished":"2012-04-26T07:24:18+00:00","dateModified":"2012-04-26T07:24:55+00:00","mainEntityOfPage":{"@id":"https:\/\/www.mojabochnia.pl\/?p=70203"},"wordCount":417,"commentCount":0,"publisher":{"@id":"https:\/\/www.mojabochnia.pl\/#organization"},"keywords":["jan czechowski","ma\u0142gorzata szczepara","odwo\u0142anie","o\u015bwiadczenie","sesja","stefan kolawi\u0144ski","wiceburmistrz"],"articleSection":["2_ostatnie","polityka i wydarzenia","tematyka"],"inLanguage":"pl-PL","potentialAction":[{"@type":"CommentAction","name":"Comment","target":["https:\/\/www.mojabochnia.pl\/?p=70203#respond"]}]},{"@type":"WebPage","@id":"https:\/\/www.mojabochnia.pl\/?p=70203","url":"https:\/\/www.mojabochnia.pl\/?p=70203","name":"Sprawa odwo\u0142ania Ma\u0142gorzaty Szczepary na sesji rady miejskiej - mojabochnia.pl - portal informacyjny","isPartOf":{"@id":"https:\/\/www.mojabochnia.pl\/#website"},"datePublished":"2012-04-26T07:24:18+00:00","dateModified":"2012-04-26T07:24:55+00:00","breadcrumb":{"@id":"https:\/\/www.mojabochnia.pl\/?p=70203#breadcrumb"},"inLanguage":"pl-PL","potentialAction":[{"@type":"ReadAction","target":["https:\/\/www.mojabochnia.pl\/?p=70203"]}]},{"@type":"BreadcrumbList","@id":"https:\/\/www.mojabochnia.pl\/?p=70203#breadcrumb","itemListElement":[{"@type":"ListItem","position":1,"name":"Home","item":"https:\/\/www.mojabochnia.pl\/"},{"@type":"ListItem","position":2,"name":"Sprawa odwo\u0142ania Ma\u0142gorzaty Szczepary na sesji rady miejskiej"}]},{"@type":"WebSite","@id":"https:\/\/www.mojabochnia.pl\/#website","url":"https:\/\/www.mojabochnia.pl\/","name":"mojabochnia.pl - portal informacyjny","description":"mojaBochnia to portal informacyjny o Bochni. Codziennie o Bochni piszemy i pokazujemy najwa\u017cniejsze wydarzenia","publisher":{"@id":"https:\/\/www.mojabochnia.pl\/#organization"},"potentialAction":[{"@type":"SearchAction","target":{"@type":"EntryPoint","urlTemplate":"https:\/\/www.mojabochnia.pl\/?s={search_term_string}"},"query-input":{"@type":"PropertyValueSpecification","valueRequired":true,"valueName":"search_term_string"}}],"inLanguage":"pl-PL"},{"@type":"Organization","@id":"https:\/\/www.mojabochnia.pl\/#organization","name":"mojabochnia.pl - portal informacyjny","url":"https:\/\/www.mojabochnia.pl\/","logo":{"@type":"ImageObject","inLanguage":"pl-PL","@id":"https:\/\/www.mojabochnia.pl\/#\/schema\/logo\/image\/","url":"https:\/\/www.mojabochnia.pl\/wp-content\/uploads\/2017\/08\/logo-mb-opt.png","contentUrl":"https:\/\/www.mojabochnia.pl\/wp-content\/uploads\/2017\/08\/logo-mb-opt.png","width":250,"height":48,"caption":"mojabochnia.pl - portal informacyjny"},"image":{"@id":"https:\/\/www.mojabochnia.pl\/#\/schema\/logo\/image\/"},"sameAs":["https:\/\/www.facebook.com\/mojabochnia"]},{"@type":"Person","@id":"https:\/\/www.mojabochnia.pl\/#\/schema\/person\/ea042e4724a77627963f02166828ead4","name":"Pawe\u0142 Michalczyk","url":"https:\/\/www.mojabochnia.pl\/?author=4"}]}},"_links":{"self":[{"href":"https:\/\/www.mojabochnia.pl\/index.php?rest_route=\/wp\/v2\/posts\/70203","targetHints":{"allow":["GET"]}}],"collection":[{"href":"https:\/\/www.mojabochnia.pl\/index.php?rest_route=\/wp\/v2\/posts"}],"about":[{"href":"https:\/\/www.mojabochnia.pl\/index.php?rest_route=\/wp\/v2\/types\/post"}],"author":[{"embeddable":true,"href":"https:\/\/www.mojabochnia.pl\/index.php?rest_route=\/wp\/v2\/users\/4"}],"replies":[{"embeddable":true,"href":"https:\/\/www.mojabochnia.pl\/index.php?rest_route=%2Fwp%2Fv2%2Fcomments&post=70203"}],"version-history":[{"count":7,"href":"https:\/\/www.mojabochnia.pl\/index.php?rest_route=\/wp\/v2\/posts\/70203\/revisions"}],"predecessor-version":[{"id":70212,"href":"https:\/\/www.mojabochnia.pl\/index.php?rest_route=\/wp\/v2\/posts\/70203\/revisions\/70212"}],"wp:attachment":[{"href":"https:\/\/www.mojabochnia.pl\/index.php?rest_route=%2Fwp%2Fv2%2Fmedia&parent=70203"}],"wp:term":[{"taxonomy":"category","embeddable":true,"href":"https:\/\/www.mojabochnia.pl\/index.php?rest_route=%2Fwp%2Fv2%2Fcategories&post=70203"},{"taxonomy":"post_tag","embeddable":true,"href":"https:\/\/www.mojabochnia.pl\/index.php?rest_route=%2Fwp%2Fv2%2Ftags&post=70203"}],"curies":[{"name":"wp","href":"https:\/\/api.w.org\/{rel}","templated":true}]}}