{"id":70146,"date":"2012-04-25T21:10:09","date_gmt":"2012-04-25T19:10:09","guid":{"rendered":"http:\/\/www.mojabochnia.pl\/?p=70146"},"modified":"2012-04-25T21:30:25","modified_gmt":"2012-04-25T19:30:25","slug":"najwiekszy-polski-cyrk-zawita-do-bochni-wygraj-wejsciowke","status":"publish","type":"post","link":"https:\/\/www.mojabochnia.pl\/?p=70146","title":{"rendered":"Najwi\u0119kszy polski cyrk zawita do Bochni &#8211; wygraj wej\u015bci\u00f3wk\u0119"},"content":{"rendered":"<p>Sezon 2012 b\u0119dzie wyj\u0105tkowy. W tym roku przypada bowiem 20-lecie istnienia Cyrku Zalewski. Ogromny rozmach organizacyjny, najwy\u017cszy poziom artystyczny, profesjonalna oprawa i najlepsi arty\u015bci, od wielu lat s\u0105 wizyt\u00f3wk\u0105 Zalewskich. <\/p>\n<p>Jednak z okazji okr\u0105g\u0142ej rocznicy pracy artystycznej w\u0142a\u015bciciele cyrku za punkt honoru wzi\u0119li udowodnienie ca\u0142ej Polsce, \u017ce nie maj\u0105 sobie r\u00f3wnych. Dla swoich widz\u00f3w i wielbicieli przygotowali atrakcje, jakich Polska dot\u0105d nie widzia\u0142a. Z okazji 20-lecia cyrku Kamil Zalewski (Ksi\u0105\u017c\u0119 Cyrkowc\u00f3w) wraz ze swoim zespo\u0142em przygotowa\u0142 WIELKIE SHOW ILUZJI. Po wielu miesi\u0105cach ci\u0119\u017ckich pr\u00f3b, przygotowa\u0144 choreografii, skomplikowanych element\u00f3w technicznych, oprawy muzycznej i rekwizyt\u00f3w \u2013 powsta\u0142 spektakl iluzjonistyczny na najwy\u017cszym \u015bwiatowym poziomie. <\/p>\n<p>Elementy ryzyka zapewni El Diablo, linoskoczek balansuj\u0105cy bez zabezpieczenia nad&#8230; klatk\u0105 z lwami. Po raz pierwszy w Polsce wyst\u0105pi\u0105 tak\u017ce arty\u015bci z Ekwadoru i Kolumbii \u2013 duet DIORO, kt\u00f3rzy swoim ko\u0142em \u015bmierci sprawi\u0105, \u017ce widzowie na par\u0119 chwil wstrzymaj\u0105 oddech. W programie wyst\u0105pi tak\u017ce wspania\u0142a Inka Kalachevska (trapez), uczestniczka p\u00f3\u0142fina\u0142\u00f3w \u201eMam Talent\u201d , a tak\u017ce clown Puccino, \u017congluj\u0105cy nogami Jan Navratill, a tak\u017ce lwy, konie, wielb\u0142\u0105dy, kozy, a nawet je\u017cozwierze&#8230; <\/p>\n<p><em>W tym roku w zabaw\u0119 na arenie mog\u0105 w\u0142\u0105czy\u0107 si\u0119 tak\u017ce widzowie. Dla ch\u0119tnych i odwa\u017cnych konkurs jazdy na koniu&#8230; z kt\u00f3rego do\u015b\u0107 \u0142atwo spa\u015b\u0107&#8230; &#8211; Serdecznie zapraszamy do ogl\u0105dania naszych przedstawie\u0144 w ca\u0142ej Polsce. Mog\u0119 zapewni\u0107, \u017ce nie b\u0119dziecie Pa\u0144stwo zawiedzeni, a sztuka cyrkowa w naszym wykonaniu, dostarczy Pa\u0144stwu i Waszym dzieciom wspania\u0142ych wra\u017ce\u0144 <\/em>\u2013 m\u00f3wi Ewa Zalewska, w\u0142a\u015bcicielka Cyrku Zalewski i by\u0142a artystka-akrobatka. <\/p>\n<p>Niedawno ruszy\u0142 tak\u017ce profil Cyrku Zalewski na Facebooku. Mo\u017cna tam <a onclick=\"javascript:pageTracker._trackPageview('\/outgoing\/www.facebook.com\/pages\/Cyrk-Zalewski\/294711123923983');\"  href=\"http:\/\/www.facebook.com\/pages\/Cyrk-Zalewski\/294711123923983\">\u201epolubi\u0107\u201d cyrk<\/a>.<\/p>\n<p>W Bochni Cyrk Zalewski wyst\u0105pi w poniedzia\u0142ek, 30 kwietnia o godz. 17.30, ul. Jakubowskiego\/os. Niepodleg\u0142o\u015bci.<\/p>\n<p><strong>Cyrk Zalewski<\/strong><\/p>\n<p>Cyrk Zalewski to najwi\u0119kszy i najbardziej znany cyrk w Polsce. Cyrkowe korzenie rodziny si\u0119gaj\u0105 niemal 200 lat wstecz  (8 pokole\u0144). We wsp\u00f3\u0142pracy z Cyrkiem Zalewski powsta\u0142 emitowany na antenie Polsatu program \u201eGwiezdny Cyrk\u201c z udzia\u0142em artyst\u00f3w cyrku i polskich celebryt\u00f3w. Cyrk doczeka\u0142 si\u0119 tak\u017ce wielu publikacji w prasie kolorowej \u2013 artyku\u0142\u00f3w i sesji zdj\u0119ciowych. Cyrk Zalewski jest cz\u0142onkiem European Circus Association.<\/p>\n<p>Kamil Zalewski jest synem Stanis\u0142awa i Ewy Zalewskich \u2013 tw\u00f3rc\u00f3w Cyrku Zalewski. Zalewscy s\u0105 jednocze\u015bnie pomys\u0142odawcami i organizatorami najwi\u0119kszej imprezy cyrkowej w Polsce \u2013 Mi\u0119dzynarodowego Festiwalu Sztuki Cyrkowej.<\/p>\n<p>&#8212;&#8212;&#8212;&#8212;&#8212;&#8212;&#8212;&#8212;&#8212;&#8212;&#8212;&#8212;&#8212;&#8212;&#8212;&#8212;&#8212;&#8212;<\/p>\n<p><strong>Dla naszych Czytelnik\u00f3w mamy 6 wej\u015bci\u00f3wek (dla osoby doros\u0142ej z dzieckiem do 10 lat) na Cyrk Zalewski. Rozlosujemy je w\u015br\u00f3d os\u00f3b, kt\u00f3re polubi\u0105 <a onclick=\"javascript:pageTracker._trackPageview('\/outgoing\/www.facebook.com\/pages\/Cyrk-Zalewski\/294711123923983');\"  href=\"http:\/\/www.facebook.com\/pages\/Cyrk-Zalewski\/294711123923983\">profil cyrku na Facebooku<\/a> i napisz\u0105 do nas maila (pmichalczyk@mojabochnia.pl). Termin: do p\u00f3\u0142nocy 27 kwietnia.<\/strong> <\/p>\n\t  \r\n\t\r\n\t    <div class=\"mb-gallery\">\r\n\t    <a href=\"https:\/\/www.mojabochnia.pl\/?attachment_id=70150\" class=\"\"><img loading=\"lazy\" decoding=\"async\" width=\"100\" height=\"56\" src=\"https:\/\/www.mojabochnia.pl\/wp-content\/uploads\/2012\/04\/cyrk1-120x67.jpg\" class=\"attachment-100x100 size-100x100\" alt=\"\" srcset=\"https:\/\/www.mojabochnia.pl\/wp-content\/uploads\/2012\/04\/cyrk1-120x67.jpg 120w, https:\/\/www.mojabochnia.pl\/wp-content\/uploads\/2012\/04\/cyrk1-468x263.jpg 468w, https:\/\/www.mojabochnia.pl\/wp-content\/uploads\/2012\/04\/cyrk1-660x371.jpg 660w, https:\/\/www.mojabochnia.pl\/wp-content\/uploads\/2012\/04\/cyrk1.jpg 800w\" sizes=\"auto, (max-width: 100px) 100vw, 100px\" \/><\/a><a href=\"https:\/\/www.mojabochnia.pl\/?attachment_id=70151\" class=\"\"><img loading=\"lazy\" decoding=\"async\" width=\"100\" height=\"56\" src=\"https:\/\/www.mojabochnia.pl\/wp-content\/uploads\/2012\/04\/cyrk2-120x67.jpg\" class=\"attachment-100x100 size-100x100\" alt=\"\" srcset=\"https:\/\/www.mojabochnia.pl\/wp-content\/uploads\/2012\/04\/cyrk2-120x67.jpg 120w, https:\/\/www.mojabochnia.pl\/wp-content\/uploads\/2012\/04\/cyrk2-468x263.jpg 468w, https:\/\/www.mojabochnia.pl\/wp-content\/uploads\/2012\/04\/cyrk2-660x371.jpg 660w, https:\/\/www.mojabochnia.pl\/wp-content\/uploads\/2012\/04\/cyrk2.jpg 800w\" sizes=\"auto, (max-width: 100px) 100vw, 100px\" \/><\/a><a href=\"https:\/\/www.mojabochnia.pl\/?attachment_id=70152\" class=\"\"><img loading=\"lazy\" decoding=\"async\" width=\"100\" height=\"56\" src=\"https:\/\/www.mojabochnia.pl\/wp-content\/uploads\/2012\/04\/cyrk3-120x67.jpg\" class=\"attachment-100x100 size-100x100\" alt=\"\" srcset=\"https:\/\/www.mojabochnia.pl\/wp-content\/uploads\/2012\/04\/cyrk3-120x67.jpg 120w, https:\/\/www.mojabochnia.pl\/wp-content\/uploads\/2012\/04\/cyrk3-468x263.jpg 468w, https:\/\/www.mojabochnia.pl\/wp-content\/uploads\/2012\/04\/cyrk3-660x371.jpg 660w, https:\/\/www.mojabochnia.pl\/wp-content\/uploads\/2012\/04\/cyrk3.jpg 800w\" sizes=\"auto, (max-width: 100px) 100vw, 100px\" \/><\/a><a href=\"https:\/\/www.mojabochnia.pl\/?attachment_id=70153\" class=\"\"><img loading=\"lazy\" decoding=\"async\" width=\"100\" height=\"56\" src=\"https:\/\/www.mojabochnia.pl\/wp-content\/uploads\/2012\/04\/DSC07153-120x67.jpg\" class=\"attachment-100x100 size-100x100\" alt=\"\" srcset=\"https:\/\/www.mojabochnia.pl\/wp-content\/uploads\/2012\/04\/DSC07153-120x67.jpg 120w, https:\/\/www.mojabochnia.pl\/wp-content\/uploads\/2012\/04\/DSC07153-468x263.jpg 468w, https:\/\/www.mojabochnia.pl\/wp-content\/uploads\/2012\/04\/DSC07153-660x371.jpg 660w, https:\/\/www.mojabochnia.pl\/wp-content\/uploads\/2012\/04\/DSC07153.jpg 800w\" sizes=\"auto, (max-width: 100px) 100vw, 100px\" \/><\/a><a href=\"https:\/\/www.mojabochnia.pl\/?attachment_id=70154\" class=\"\"><img loading=\"lazy\" decoding=\"async\" width=\"100\" height=\"56\" src=\"https:\/\/www.mojabochnia.pl\/wp-content\/uploads\/2012\/04\/jezozwierz-120x67.jpg\" class=\"attachment-100x100 size-100x100\" alt=\"\" srcset=\"https:\/\/www.mojabochnia.pl\/wp-content\/uploads\/2012\/04\/jezozwierz-120x67.jpg 120w, https:\/\/www.mojabochnia.pl\/wp-content\/uploads\/2012\/04\/jezozwierz-468x263.jpg 468w, https:\/\/www.mojabochnia.pl\/wp-content\/uploads\/2012\/04\/jezozwierz-660x371.jpg 660w, https:\/\/www.mojabochnia.pl\/wp-content\/uploads\/2012\/04\/jezozwierz.jpg 800w\" sizes=\"auto, (max-width: 100px) 100vw, 100px\" \/><\/a><a href=\"https:\/\/www.mojabochnia.pl\/?attachment_id=70155\" class=\"\"><img loading=\"lazy\" decoding=\"async\" width=\"100\" height=\"56\" src=\"https:\/\/www.mojabochnia.pl\/wp-content\/uploads\/2012\/04\/kamil_konie-120x67.jpg\" class=\"attachment-100x100 size-100x100\" alt=\"\" srcset=\"https:\/\/www.mojabochnia.pl\/wp-content\/uploads\/2012\/04\/kamil_konie-120x67.jpg 120w, https:\/\/www.mojabochnia.pl\/wp-content\/uploads\/2012\/04\/kamil_konie-468x263.jpg 468w, https:\/\/www.mojabochnia.pl\/wp-content\/uploads\/2012\/04\/kamil_konie-660x371.jpg 660w, https:\/\/www.mojabochnia.pl\/wp-content\/uploads\/2012\/04\/kamil_konie.jpg 800w\" sizes=\"auto, (max-width: 100px) 100vw, 100px\" \/><\/a><a href=\"https:\/\/www.mojabochnia.pl\/?attachment_id=70156\" class=\"\"><img loading=\"lazy\" decoding=\"async\" width=\"100\" height=\"56\" src=\"https:\/\/www.mojabochnia.pl\/wp-content\/uploads\/2012\/04\/klown-120x67.jpg\" class=\"attachment-100x100 size-100x100\" alt=\"\" srcset=\"https:\/\/www.mojabochnia.pl\/wp-content\/uploads\/2012\/04\/klown-120x67.jpg 120w, https:\/\/www.mojabochnia.pl\/wp-content\/uploads\/2012\/04\/klown-468x263.jpg 468w, https:\/\/www.mojabochnia.pl\/wp-content\/uploads\/2012\/04\/klown-660x371.jpg 660w, https:\/\/www.mojabochnia.pl\/wp-content\/uploads\/2012\/04\/klown.jpg 800w\" sizes=\"auto, (max-width: 100px) 100vw, 100px\" \/><\/a><a href=\"https:\/\/www.mojabochnia.pl\/?attachment_id=70157\" class=\"\"><img loading=\"lazy\" decoding=\"async\" width=\"100\" height=\"56\" src=\"https:\/\/www.mojabochnia.pl\/wp-content\/uploads\/2012\/04\/kolo_smierci-120x67.jpg\" class=\"attachment-100x100 size-100x100\" alt=\"\" srcset=\"https:\/\/www.mojabochnia.pl\/wp-content\/uploads\/2012\/04\/kolo_smierci-120x67.jpg 120w, https:\/\/www.mojabochnia.pl\/wp-content\/uploads\/2012\/04\/kolo_smierci-468x263.jpg 468w, https:\/\/www.mojabochnia.pl\/wp-content\/uploads\/2012\/04\/kolo_smierci-660x371.jpg 660w, https:\/\/www.mojabochnia.pl\/wp-content\/uploads\/2012\/04\/kolo_smierci.jpg 800w\" sizes=\"auto, (max-width: 100px) 100vw, 100px\" \/><\/a><a href=\"https:\/\/www.mojabochnia.pl\/?attachment_id=70158\" class=\"\"><img loading=\"lazy\" decoding=\"async\" width=\"100\" height=\"56\" src=\"https:\/\/www.mojabochnia.pl\/wp-content\/uploads\/2012\/04\/konie-120x67.jpg\" class=\"attachment-100x100 size-100x100\" alt=\"\" srcset=\"https:\/\/www.mojabochnia.pl\/wp-content\/uploads\/2012\/04\/konie-120x67.jpg 120w, https:\/\/www.mojabochnia.pl\/wp-content\/uploads\/2012\/04\/konie-468x263.jpg 468w, https:\/\/www.mojabochnia.pl\/wp-content\/uploads\/2012\/04\/konie-660x371.jpg 660w, https:\/\/www.mojabochnia.pl\/wp-content\/uploads\/2012\/04\/konie.jpg 800w\" sizes=\"auto, (max-width: 100px) 100vw, 100px\" \/><\/a><a href=\"https:\/\/www.mojabochnia.pl\/?attachment_id=70159\" class=\"\"><img loading=\"lazy\" decoding=\"async\" width=\"100\" height=\"56\" src=\"https:\/\/www.mojabochnia.pl\/wp-content\/uploads\/2012\/04\/lew-120x67.jpg\" class=\"attachment-100x100 size-100x100\" alt=\"\" srcset=\"https:\/\/www.mojabochnia.pl\/wp-content\/uploads\/2012\/04\/lew-120x67.jpg 120w, https:\/\/www.mojabochnia.pl\/wp-content\/uploads\/2012\/04\/lew-468x263.jpg 468w, https:\/\/www.mojabochnia.pl\/wp-content\/uploads\/2012\/04\/lew-660x371.jpg 660w, https:\/\/www.mojabochnia.pl\/wp-content\/uploads\/2012\/04\/lew.jpg 800w\" sizes=\"auto, (max-width: 100px) 100vw, 100px\" \/><\/a><a href=\"https:\/\/www.mojabochnia.pl\/?attachment_id=70160\" class=\"\"><img loading=\"lazy\" decoding=\"async\" width=\"100\" height=\"56\" src=\"https:\/\/www.mojabochnia.pl\/wp-content\/uploads\/2012\/04\/linoskoczek-120x67.jpg\" class=\"attachment-100x100 size-100x100\" alt=\"\" srcset=\"https:\/\/www.mojabochnia.pl\/wp-content\/uploads\/2012\/04\/linoskoczek-120x67.jpg 120w, https:\/\/www.mojabochnia.pl\/wp-content\/uploads\/2012\/04\/linoskoczek-468x263.jpg 468w, https:\/\/www.mojabochnia.pl\/wp-content\/uploads\/2012\/04\/linoskoczek-660x371.jpg 660w, https:\/\/www.mojabochnia.pl\/wp-content\/uploads\/2012\/04\/linoskoczek.jpg 800w\" sizes=\"auto, (max-width: 100px) 100vw, 100px\" \/><\/a><a href=\"https:\/\/www.mojabochnia.pl\/?attachment_id=70161\" class=\"\"><img loading=\"lazy\" decoding=\"async\" width=\"100\" height=\"56\" src=\"https:\/\/www.mojabochnia.pl\/wp-content\/uploads\/2012\/04\/NAMIOT-CYRK-120x67.jpg\" class=\"attachment-100x100 size-100x100\" alt=\"\" srcset=\"https:\/\/www.mojabochnia.pl\/wp-content\/uploads\/2012\/04\/NAMIOT-CYRK-120x67.jpg 120w, https:\/\/www.mojabochnia.pl\/wp-content\/uploads\/2012\/04\/NAMIOT-CYRK-468x263.jpg 468w, https:\/\/www.mojabochnia.pl\/wp-content\/uploads\/2012\/04\/NAMIOT-CYRK-660x371.jpg 660w, https:\/\/www.mojabochnia.pl\/wp-content\/uploads\/2012\/04\/NAMIOT-CYRK.jpg 800w\" sizes=\"auto, (max-width: 100px) 100vw, 100px\" \/><\/a>\t    <\/div>\r\n\t    ","protected":false},"excerpt":{"rendered":"<p>30 kwietnia (poniedzia\u0142ek) najwi\u0119kszy i najbardziej znany w Polsce cyrk &#8211; Cyrk Zalewski wyst\u0105pi w Bochni. To cz\u0119\u015b\u0107 10-miesi\u0119cznej trasy po Polsce, podczas kt\u00f3rej cyrkowy namiot Zalewskich stanie w ponad 200 miastach, ich arty\u015bci zagraj\u0105 ponad 250 przedstawie\u0144, kt\u00f3re zobaczy niemal 300 tys. widz\u00f3w. <\/p>\n","protected":false},"author":12,"featured_media":0,"comment_status":"open","ping_status":"closed","sticky":false,"template":"","format":"standard","meta":{"_acf_changed":false,"footnotes":""},"categories":[5,6247,92,6246,6250],"tags":[17838,10944,17521,1013,3120],"class_list":["post-70146","post","type-post","status-publish","format-standard","hentry","category-biezace-wydarzenia","category-fotogaleria","category-kultura","category-medium","category-tematyka","tag-cyrk","tag-cyrk-zalewski","tag-promocja","tag-rozrywka","tag-widowisko","main_tag-cyrk"],"acf":[],"yoast_head":"<!-- This site is optimized with the Yoast SEO plugin v26.9 - https:\/\/yoast.com\/product\/yoast-seo-wordpress\/ -->\n<title>Najwi\u0119kszy polski cyrk zawita do Bochni - wygraj wej\u015bci\u00f3wk\u0119 - mojabochnia.pl - portal informacyjny<\/title>\n<meta name=\"robots\" content=\"index, follow, max-snippet:-1, max-image-preview:large, max-video-preview:-1\" \/>\n<link rel=\"canonical\" href=\"https:\/\/www.mojabochnia.pl\/?p=70146\" \/>\n<meta property=\"og:locale\" content=\"pl_PL\" \/>\n<meta property=\"og:type\" content=\"article\" \/>\n<meta property=\"og:title\" content=\"Najwi\u0119kszy polski cyrk zawita do Bochni - wygraj wej\u015bci\u00f3wk\u0119 - mojabochnia.pl - portal informacyjny\" \/>\n<meta property=\"og:description\" content=\"30 kwietnia (poniedzia\u0142ek) najwi\u0119kszy i najbardziej znany w Polsce cyrk - Cyrk Zalewski wyst\u0105pi w Bochni. To cz\u0119\u015b\u0107 10-miesi\u0119cznej trasy po Polsce, podczas kt\u00f3rej cyrkowy namiot Zalewskich stanie w ponad 200 miastach, ich arty\u015bci zagraj\u0105 ponad 250 przedstawie\u0144, kt\u00f3re zobaczy niemal 300 tys. widz\u00f3w.\" \/>\n<meta property=\"og:url\" content=\"https:\/\/www.mojabochnia.pl\/?p=70146\" \/>\n<meta property=\"og:site_name\" content=\"mojabochnia.pl - portal informacyjny\" \/>\n<meta property=\"article:publisher\" content=\"https:\/\/www.facebook.com\/mojabochnia\" \/>\n<meta property=\"article:published_time\" content=\"2012-04-25T19:10:09+00:00\" \/>\n<meta property=\"article:modified_time\" content=\"2012-04-25T19:30:25+00:00\" \/>\n<meta name=\"author\" content=\"tekst sponsorowany\" \/>\n<meta name=\"twitter:card\" content=\"summary_large_image\" \/>\n<meta name=\"twitter:label1\" content=\"Written by\" \/>\n\t<meta name=\"twitter:data1\" content=\"tekst sponsorowany\" \/>\n\t<meta name=\"twitter:label2\" content=\"Est. reading time\" \/>\n\t<meta name=\"twitter:data2\" content=\"2 minuty\" \/>\n<script type=\"application\/ld+json\" class=\"yoast-schema-graph\">{\"@context\":\"https:\/\/schema.org\",\"@graph\":[{\"@type\":\"Article\",\"@id\":\"https:\/\/www.mojabochnia.pl\/?p=70146#article\",\"isPartOf\":{\"@id\":\"https:\/\/www.mojabochnia.pl\/?p=70146\"},\"author\":{\"name\":\"tekst sponsorowany\",\"@id\":\"https:\/\/www.mojabochnia.pl\/#\/schema\/person\/146c38805d6d0d8e5dc56f00345e6a5e\"},\"headline\":\"Najwi\u0119kszy polski cyrk zawita do Bochni &#8211; wygraj wej\u015bci\u00f3wk\u0119\",\"datePublished\":\"2012-04-25T19:10:09+00:00\",\"dateModified\":\"2012-04-25T19:30:25+00:00\",\"mainEntityOfPage\":{\"@id\":\"https:\/\/www.mojabochnia.pl\/?p=70146\"},\"wordCount\":480,\"commentCount\":0,\"publisher\":{\"@id\":\"https:\/\/www.mojabochnia.pl\/#organization\"},\"keywords\":[\"cyrk\",\"cyrk zalewski\",\"Promocja\",\"rozrywka\",\"widowisko\"],\"articleSection\":[\"2_ostatnie\",\"fotogaleria\",\"kultura\",\"Medium\",\"tematyka\"],\"inLanguage\":\"pl-PL\",\"potentialAction\":[{\"@type\":\"CommentAction\",\"name\":\"Comment\",\"target\":[\"https:\/\/www.mojabochnia.pl\/?p=70146#respond\"]}]},{\"@type\":\"WebPage\",\"@id\":\"https:\/\/www.mojabochnia.pl\/?p=70146\",\"url\":\"https:\/\/www.mojabochnia.pl\/?p=70146\",\"name\":\"Najwi\u0119kszy polski cyrk zawita do Bochni - wygraj wej\u015bci\u00f3wk\u0119 - mojabochnia.pl - portal informacyjny\",\"isPartOf\":{\"@id\":\"https:\/\/www.mojabochnia.pl\/#website\"},\"datePublished\":\"2012-04-25T19:10:09+00:00\",\"dateModified\":\"2012-04-25T19:30:25+00:00\",\"breadcrumb\":{\"@id\":\"https:\/\/www.mojabochnia.pl\/?p=70146#breadcrumb\"},\"inLanguage\":\"pl-PL\",\"potentialAction\":[{\"@type\":\"ReadAction\",\"target\":[\"https:\/\/www.mojabochnia.pl\/?p=70146\"]}]},{\"@type\":\"BreadcrumbList\",\"@id\":\"https:\/\/www.mojabochnia.pl\/?p=70146#breadcrumb\",\"itemListElement\":[{\"@type\":\"ListItem\",\"position\":1,\"name\":\"Home\",\"item\":\"https:\/\/www.mojabochnia.pl\/\"},{\"@type\":\"ListItem\",\"position\":2,\"name\":\"Najwi\u0119kszy polski cyrk zawita do Bochni &#8211; wygraj wej\u015bci\u00f3wk\u0119\"}]},{\"@type\":\"WebSite\",\"@id\":\"https:\/\/www.mojabochnia.pl\/#website\",\"url\":\"https:\/\/www.mojabochnia.pl\/\",\"name\":\"mojabochnia.pl - portal informacyjny\",\"description\":\"mojaBochnia to portal informacyjny o Bochni. Codziennie o Bochni piszemy i pokazujemy najwa\u017cniejsze wydarzenia\",\"publisher\":{\"@id\":\"https:\/\/www.mojabochnia.pl\/#organization\"},\"potentialAction\":[{\"@type\":\"SearchAction\",\"target\":{\"@type\":\"EntryPoint\",\"urlTemplate\":\"https:\/\/www.mojabochnia.pl\/?s={search_term_string}\"},\"query-input\":{\"@type\":\"PropertyValueSpecification\",\"valueRequired\":true,\"valueName\":\"search_term_string\"}}],\"inLanguage\":\"pl-PL\"},{\"@type\":\"Organization\",\"@id\":\"https:\/\/www.mojabochnia.pl\/#organization\",\"name\":\"mojabochnia.pl - portal informacyjny\",\"url\":\"https:\/\/www.mojabochnia.pl\/\",\"logo\":{\"@type\":\"ImageObject\",\"inLanguage\":\"pl-PL\",\"@id\":\"https:\/\/www.mojabochnia.pl\/#\/schema\/logo\/image\/\",\"url\":\"https:\/\/www.mojabochnia.pl\/wp-content\/uploads\/2017\/08\/logo-mb-opt.png\",\"contentUrl\":\"https:\/\/www.mojabochnia.pl\/wp-content\/uploads\/2017\/08\/logo-mb-opt.png\",\"width\":250,\"height\":48,\"caption\":\"mojabochnia.pl - portal informacyjny\"},\"image\":{\"@id\":\"https:\/\/www.mojabochnia.pl\/#\/schema\/logo\/image\/\"},\"sameAs\":[\"https:\/\/www.facebook.com\/mojabochnia\"]},{\"@type\":\"Person\",\"@id\":\"https:\/\/www.mojabochnia.pl\/#\/schema\/person\/146c38805d6d0d8e5dc56f00345e6a5e\",\"name\":\"tekst sponsorowany\",\"sameAs\":[\"http:\/\/\"],\"url\":\"https:\/\/www.mojabochnia.pl\/?author=12\"}]}<\/script>\n<!-- \/ Yoast SEO plugin. -->","yoast_head_json":{"title":"Najwi\u0119kszy polski cyrk zawita do Bochni - wygraj wej\u015bci\u00f3wk\u0119 - mojabochnia.pl - portal informacyjny","robots":{"index":"index","follow":"follow","max-snippet":"max-snippet:-1","max-image-preview":"max-image-preview:large","max-video-preview":"max-video-preview:-1"},"canonical":"https:\/\/www.mojabochnia.pl\/?p=70146","og_locale":"pl_PL","og_type":"article","og_title":"Najwi\u0119kszy polski cyrk zawita do Bochni - wygraj wej\u015bci\u00f3wk\u0119 - mojabochnia.pl - portal informacyjny","og_description":"30 kwietnia (poniedzia\u0142ek) najwi\u0119kszy i najbardziej znany w Polsce cyrk - Cyrk Zalewski wyst\u0105pi w Bochni. To cz\u0119\u015b\u0107 10-miesi\u0119cznej trasy po Polsce, podczas kt\u00f3rej cyrkowy namiot Zalewskich stanie w ponad 200 miastach, ich arty\u015bci zagraj\u0105 ponad 250 przedstawie\u0144, kt\u00f3re zobaczy niemal 300 tys. widz\u00f3w.","og_url":"https:\/\/www.mojabochnia.pl\/?p=70146","og_site_name":"mojabochnia.pl - portal informacyjny","article_publisher":"https:\/\/www.facebook.com\/mojabochnia","article_published_time":"2012-04-25T19:10:09+00:00","article_modified_time":"2012-04-25T19:30:25+00:00","author":"tekst sponsorowany","twitter_card":"summary_large_image","twitter_misc":{"Written by":"tekst sponsorowany","Est. reading time":"2 minuty"},"schema":{"@context":"https:\/\/schema.org","@graph":[{"@type":"Article","@id":"https:\/\/www.mojabochnia.pl\/?p=70146#article","isPartOf":{"@id":"https:\/\/www.mojabochnia.pl\/?p=70146"},"author":{"name":"tekst sponsorowany","@id":"https:\/\/www.mojabochnia.pl\/#\/schema\/person\/146c38805d6d0d8e5dc56f00345e6a5e"},"headline":"Najwi\u0119kszy polski cyrk zawita do Bochni &#8211; wygraj wej\u015bci\u00f3wk\u0119","datePublished":"2012-04-25T19:10:09+00:00","dateModified":"2012-04-25T19:30:25+00:00","mainEntityOfPage":{"@id":"https:\/\/www.mojabochnia.pl\/?p=70146"},"wordCount":480,"commentCount":0,"publisher":{"@id":"https:\/\/www.mojabochnia.pl\/#organization"},"keywords":["cyrk","cyrk zalewski","Promocja","rozrywka","widowisko"],"articleSection":["2_ostatnie","fotogaleria","kultura","Medium","tematyka"],"inLanguage":"pl-PL","potentialAction":[{"@type":"CommentAction","name":"Comment","target":["https:\/\/www.mojabochnia.pl\/?p=70146#respond"]}]},{"@type":"WebPage","@id":"https:\/\/www.mojabochnia.pl\/?p=70146","url":"https:\/\/www.mojabochnia.pl\/?p=70146","name":"Najwi\u0119kszy polski cyrk zawita do Bochni - wygraj wej\u015bci\u00f3wk\u0119 - mojabochnia.pl - portal informacyjny","isPartOf":{"@id":"https:\/\/www.mojabochnia.pl\/#website"},"datePublished":"2012-04-25T19:10:09+00:00","dateModified":"2012-04-25T19:30:25+00:00","breadcrumb":{"@id":"https:\/\/www.mojabochnia.pl\/?p=70146#breadcrumb"},"inLanguage":"pl-PL","potentialAction":[{"@type":"ReadAction","target":["https:\/\/www.mojabochnia.pl\/?p=70146"]}]},{"@type":"BreadcrumbList","@id":"https:\/\/www.mojabochnia.pl\/?p=70146#breadcrumb","itemListElement":[{"@type":"ListItem","position":1,"name":"Home","item":"https:\/\/www.mojabochnia.pl\/"},{"@type":"ListItem","position":2,"name":"Najwi\u0119kszy polski cyrk zawita do Bochni &#8211; wygraj wej\u015bci\u00f3wk\u0119"}]},{"@type":"WebSite","@id":"https:\/\/www.mojabochnia.pl\/#website","url":"https:\/\/www.mojabochnia.pl\/","name":"mojabochnia.pl - portal informacyjny","description":"mojaBochnia to portal informacyjny o Bochni. Codziennie o Bochni piszemy i pokazujemy najwa\u017cniejsze wydarzenia","publisher":{"@id":"https:\/\/www.mojabochnia.pl\/#organization"},"potentialAction":[{"@type":"SearchAction","target":{"@type":"EntryPoint","urlTemplate":"https:\/\/www.mojabochnia.pl\/?s={search_term_string}"},"query-input":{"@type":"PropertyValueSpecification","valueRequired":true,"valueName":"search_term_string"}}],"inLanguage":"pl-PL"},{"@type":"Organization","@id":"https:\/\/www.mojabochnia.pl\/#organization","name":"mojabochnia.pl - portal informacyjny","url":"https:\/\/www.mojabochnia.pl\/","logo":{"@type":"ImageObject","inLanguage":"pl-PL","@id":"https:\/\/www.mojabochnia.pl\/#\/schema\/logo\/image\/","url":"https:\/\/www.mojabochnia.pl\/wp-content\/uploads\/2017\/08\/logo-mb-opt.png","contentUrl":"https:\/\/www.mojabochnia.pl\/wp-content\/uploads\/2017\/08\/logo-mb-opt.png","width":250,"height":48,"caption":"mojabochnia.pl - portal informacyjny"},"image":{"@id":"https:\/\/www.mojabochnia.pl\/#\/schema\/logo\/image\/"},"sameAs":["https:\/\/www.facebook.com\/mojabochnia"]},{"@type":"Person","@id":"https:\/\/www.mojabochnia.pl\/#\/schema\/person\/146c38805d6d0d8e5dc56f00345e6a5e","name":"tekst sponsorowany","sameAs":["http:\/\/"],"url":"https:\/\/www.mojabochnia.pl\/?author=12"}]}},"_links":{"self":[{"href":"https:\/\/www.mojabochnia.pl\/index.php?rest_route=\/wp\/v2\/posts\/70146","targetHints":{"allow":["GET"]}}],"collection":[{"href":"https:\/\/www.mojabochnia.pl\/index.php?rest_route=\/wp\/v2\/posts"}],"about":[{"href":"https:\/\/www.mojabochnia.pl\/index.php?rest_route=\/wp\/v2\/types\/post"}],"author":[{"embeddable":true,"href":"https:\/\/www.mojabochnia.pl\/index.php?rest_route=\/wp\/v2\/users\/12"}],"replies":[{"embeddable":true,"href":"https:\/\/www.mojabochnia.pl\/index.php?rest_route=%2Fwp%2Fv2%2Fcomments&post=70146"}],"version-history":[{"count":13,"href":"https:\/\/www.mojabochnia.pl\/index.php?rest_route=\/wp\/v2\/posts\/70146\/revisions"}],"predecessor-version":[{"id":70178,"href":"https:\/\/www.mojabochnia.pl\/index.php?rest_route=\/wp\/v2\/posts\/70146\/revisions\/70178"}],"wp:attachment":[{"href":"https:\/\/www.mojabochnia.pl\/index.php?rest_route=%2Fwp%2Fv2%2Fmedia&parent=70146"}],"wp:term":[{"taxonomy":"category","embeddable":true,"href":"https:\/\/www.mojabochnia.pl\/index.php?rest_route=%2Fwp%2Fv2%2Fcategories&post=70146"},{"taxonomy":"post_tag","embeddable":true,"href":"https:\/\/www.mojabochnia.pl\/index.php?rest_route=%2Fwp%2Fv2%2Ftags&post=70146"}],"curies":[{"name":"wp","href":"https:\/\/api.w.org\/{rel}","templated":true}]}}