{"id":70080,"date":"2012-04-24T09:45:17","date_gmt":"2012-04-24T07:45:17","guid":{"rendered":"http:\/\/www.mojabochnia.pl\/?p=70080"},"modified":"2012-04-24T23:52:11","modified_gmt":"2012-04-24T21:52:11","slug":"od-lipca-pociagi-beda-jezdzic-jednym-torem","status":"publish","type":"post","link":"https:\/\/www.mojabochnia.pl\/?p=70080","title":{"rendered":"Od lipca poci\u0105gi b\u0119d\u0105 je\u017adzi\u0107 jednym torem"},"content":{"rendered":"<p>Opr\u00f3cz przebudowy tor\u00f3w w lipcu ma ruszy\u0107 remont mostu na Rabie w Cikowicach. Kilka miesi\u0119cy p\u00f3\u017aniej zmiany organizacji ruchu maj\u0105 znale\u017a\u0107 odzwierciedlenie w rozk\u0142adzie jazdy.<\/p>\n<p><em>W grudniu planuje si\u0119 zmian\u0119 rozk\u0142adu poci\u0105g\u00f3w i od grudnia 2012 r. przypuszczalnie do 2014 r. b\u0119dzie poruszanie si\u0119 tylko jednym torem z mijankami na ca\u0142ej trasie Rzesz\u00f3w \u2013 Krak\u00f3w-P\u0142asz\u00f3w<\/em> \u2013 m\u00f3wi wicestarosta boche\u0144ski Tomasz Ca\u0142ka, w rejonie Bochni <\/p>\n<p>Na pocz\u0105tku 2013 w Bochni ma rozpocz\u0105\u0107 si\u0119 budowa wiadukt\u00f3w na ul. Krzeczowskiej, Wygoda i Wodoci\u0105gowej. Dwie ostatnie inwestycje spowoduj\u0105 ca\u0142kowite wy\u0142\u0105czenie z ruchu odcink\u00f3w drogi, natomiast przy budowie wiaduktu na Krzeczowskiej zostanie wybudowana droga tymczasowa, tzw. bajpas.<\/p>\n","protected":false},"excerpt":{"rendered":"<p>W lipcu ma rozpocz\u0105\u0107 si\u0119 remont tor\u00f3w mi\u0119dzy Rzeszowem a Krakowem-P\u0142aszowem. Poci\u0105gi b\u0119d\u0105 porusza\u0142y si\u0119 jednym torem. Podr\u00f3\u017cni b\u0119d\u0105 musieli uzbroi\u0107 si\u0119 w cierpliwo\u015b\u0107, bo taki stan potrwa do 2014 r.<\/p>\n","protected":false},"author":4,"featured_media":0,"comment_status":"open","ping_status":"closed","sticky":true,"template":"","format":"standard","meta":{"_acf_changed":false,"footnotes":""},"categories":[5,6251,6250],"tags":[17356,438,2444,17223,17300,17347,1680,17267],"class_list":["post-70080","post","type-post","status-publish","format-standard","hentry","category-biezace-wydarzenia","category-polityka-i-wydarzenia","category-tematyka","tag-most","tag-pkp","tag-pociag","tag-raba","tag-remont","tag-tomasz-calka","tag-tory","tag-wiadukt","main_tag-pkp-2"],"acf":[],"yoast_head":"<!-- This site is optimized with the Yoast SEO plugin v26.9 - https:\/\/yoast.com\/product\/yoast-seo-wordpress\/ -->\n<title>Od lipca poci\u0105gi b\u0119d\u0105 je\u017adzi\u0107 jednym torem - mojabochnia.pl - portal informacyjny<\/title>\n<meta name=\"robots\" content=\"index, follow, max-snippet:-1, max-image-preview:large, max-video-preview:-1\" \/>\n<link rel=\"canonical\" href=\"https:\/\/www.mojabochnia.pl\/?p=70080\" \/>\n<meta property=\"og:locale\" content=\"pl_PL\" \/>\n<meta property=\"og:type\" content=\"article\" \/>\n<meta property=\"og:title\" content=\"Od lipca poci\u0105gi b\u0119d\u0105 je\u017adzi\u0107 jednym torem - mojabochnia.pl - portal informacyjny\" \/>\n<meta property=\"og:description\" content=\"W lipcu ma rozpocz\u0105\u0107 si\u0119 remont tor\u00f3w mi\u0119dzy Rzeszowem a Krakowem-P\u0142aszowem. Poci\u0105gi b\u0119d\u0105 porusza\u0142y si\u0119 jednym torem. Podr\u00f3\u017cni b\u0119d\u0105 musieli uzbroi\u0107 si\u0119 w cierpliwo\u015b\u0107, bo taki stan potrwa do 2014 r.\" \/>\n<meta property=\"og:url\" content=\"https:\/\/www.mojabochnia.pl\/?p=70080\" \/>\n<meta property=\"og:site_name\" content=\"mojabochnia.pl - portal informacyjny\" \/>\n<meta property=\"article:publisher\" content=\"https:\/\/www.facebook.com\/mojabochnia\" \/>\n<meta property=\"article:published_time\" content=\"2012-04-24T07:45:17+00:00\" \/>\n<meta property=\"article:modified_time\" content=\"2012-04-24T21:52:11+00:00\" \/>\n<meta name=\"author\" content=\"Pawe\u0142 Michalczyk\" \/>\n<meta name=\"twitter:card\" content=\"summary_large_image\" \/>\n<meta name=\"twitter:label1\" content=\"Written by\" \/>\n\t<meta name=\"twitter:data1\" content=\"Pawe\u0142 Michalczyk\" \/>\n\t<meta name=\"twitter:label2\" content=\"Est. reading time\" \/>\n\t<meta name=\"twitter:data2\" content=\"1 minuta\" \/>\n<script type=\"application\/ld+json\" class=\"yoast-schema-graph\">{\"@context\":\"https:\/\/schema.org\",\"@graph\":[{\"@type\":\"Article\",\"@id\":\"https:\/\/www.mojabochnia.pl\/?p=70080#article\",\"isPartOf\":{\"@id\":\"https:\/\/www.mojabochnia.pl\/?p=70080\"},\"author\":{\"name\":\"Pawe\u0142 Michalczyk\",\"@id\":\"https:\/\/www.mojabochnia.pl\/#\/schema\/person\/ea042e4724a77627963f02166828ead4\"},\"headline\":\"Od lipca poci\u0105gi b\u0119d\u0105 je\u017adzi\u0107 jednym torem\",\"datePublished\":\"2012-04-24T07:45:17+00:00\",\"dateModified\":\"2012-04-24T21:52:11+00:00\",\"mainEntityOfPage\":{\"@id\":\"https:\/\/www.mojabochnia.pl\/?p=70080\"},\"wordCount\":130,\"commentCount\":0,\"publisher\":{\"@id\":\"https:\/\/www.mojabochnia.pl\/#organization\"},\"keywords\":[\"most\",\"PKP\",\"poci\u0105g\",\"raba\",\"remont\",\"tomasz ca\u0142ka\",\"tory\",\"wiadukt\"],\"articleSection\":[\"2_ostatnie\",\"polityka i wydarzenia\",\"tematyka\"],\"inLanguage\":\"pl-PL\",\"potentialAction\":[{\"@type\":\"CommentAction\",\"name\":\"Comment\",\"target\":[\"https:\/\/www.mojabochnia.pl\/?p=70080#respond\"]}]},{\"@type\":\"WebPage\",\"@id\":\"https:\/\/www.mojabochnia.pl\/?p=70080\",\"url\":\"https:\/\/www.mojabochnia.pl\/?p=70080\",\"name\":\"Od lipca poci\u0105gi b\u0119d\u0105 je\u017adzi\u0107 jednym torem - mojabochnia.pl - portal informacyjny\",\"isPartOf\":{\"@id\":\"https:\/\/www.mojabochnia.pl\/#website\"},\"datePublished\":\"2012-04-24T07:45:17+00:00\",\"dateModified\":\"2012-04-24T21:52:11+00:00\",\"breadcrumb\":{\"@id\":\"https:\/\/www.mojabochnia.pl\/?p=70080#breadcrumb\"},\"inLanguage\":\"pl-PL\",\"potentialAction\":[{\"@type\":\"ReadAction\",\"target\":[\"https:\/\/www.mojabochnia.pl\/?p=70080\"]}]},{\"@type\":\"BreadcrumbList\",\"@id\":\"https:\/\/www.mojabochnia.pl\/?p=70080#breadcrumb\",\"itemListElement\":[{\"@type\":\"ListItem\",\"position\":1,\"name\":\"Home\",\"item\":\"https:\/\/www.mojabochnia.pl\/\"},{\"@type\":\"ListItem\",\"position\":2,\"name\":\"Od lipca poci\u0105gi b\u0119d\u0105 je\u017adzi\u0107 jednym torem\"}]},{\"@type\":\"WebSite\",\"@id\":\"https:\/\/www.mojabochnia.pl\/#website\",\"url\":\"https:\/\/www.mojabochnia.pl\/\",\"name\":\"mojabochnia.pl - portal informacyjny\",\"description\":\"mojaBochnia to portal informacyjny o Bochni. Codziennie o Bochni piszemy i pokazujemy najwa\u017cniejsze wydarzenia\",\"publisher\":{\"@id\":\"https:\/\/www.mojabochnia.pl\/#organization\"},\"potentialAction\":[{\"@type\":\"SearchAction\",\"target\":{\"@type\":\"EntryPoint\",\"urlTemplate\":\"https:\/\/www.mojabochnia.pl\/?s={search_term_string}\"},\"query-input\":{\"@type\":\"PropertyValueSpecification\",\"valueRequired\":true,\"valueName\":\"search_term_string\"}}],\"inLanguage\":\"pl-PL\"},{\"@type\":\"Organization\",\"@id\":\"https:\/\/www.mojabochnia.pl\/#organization\",\"name\":\"mojabochnia.pl - portal informacyjny\",\"url\":\"https:\/\/www.mojabochnia.pl\/\",\"logo\":{\"@type\":\"ImageObject\",\"inLanguage\":\"pl-PL\",\"@id\":\"https:\/\/www.mojabochnia.pl\/#\/schema\/logo\/image\/\",\"url\":\"https:\/\/www.mojabochnia.pl\/wp-content\/uploads\/2017\/08\/logo-mb-opt.png\",\"contentUrl\":\"https:\/\/www.mojabochnia.pl\/wp-content\/uploads\/2017\/08\/logo-mb-opt.png\",\"width\":250,\"height\":48,\"caption\":\"mojabochnia.pl - portal informacyjny\"},\"image\":{\"@id\":\"https:\/\/www.mojabochnia.pl\/#\/schema\/logo\/image\/\"},\"sameAs\":[\"https:\/\/www.facebook.com\/mojabochnia\"]},{\"@type\":\"Person\",\"@id\":\"https:\/\/www.mojabochnia.pl\/#\/schema\/person\/ea042e4724a77627963f02166828ead4\",\"name\":\"Pawe\u0142 Michalczyk\",\"url\":\"https:\/\/www.mojabochnia.pl\/?author=4\"}]}<\/script>\n<!-- \/ Yoast SEO plugin. -->","yoast_head_json":{"title":"Od lipca poci\u0105gi b\u0119d\u0105 je\u017adzi\u0107 jednym torem - mojabochnia.pl - portal informacyjny","robots":{"index":"index","follow":"follow","max-snippet":"max-snippet:-1","max-image-preview":"max-image-preview:large","max-video-preview":"max-video-preview:-1"},"canonical":"https:\/\/www.mojabochnia.pl\/?p=70080","og_locale":"pl_PL","og_type":"article","og_title":"Od lipca poci\u0105gi b\u0119d\u0105 je\u017adzi\u0107 jednym torem - mojabochnia.pl - portal informacyjny","og_description":"W lipcu ma rozpocz\u0105\u0107 si\u0119 remont tor\u00f3w mi\u0119dzy Rzeszowem a Krakowem-P\u0142aszowem. Poci\u0105gi b\u0119d\u0105 porusza\u0142y si\u0119 jednym torem. Podr\u00f3\u017cni b\u0119d\u0105 musieli uzbroi\u0107 si\u0119 w cierpliwo\u015b\u0107, bo taki stan potrwa do 2014 r.","og_url":"https:\/\/www.mojabochnia.pl\/?p=70080","og_site_name":"mojabochnia.pl - portal informacyjny","article_publisher":"https:\/\/www.facebook.com\/mojabochnia","article_published_time":"2012-04-24T07:45:17+00:00","article_modified_time":"2012-04-24T21:52:11+00:00","author":"Pawe\u0142 Michalczyk","twitter_card":"summary_large_image","twitter_misc":{"Written by":"Pawe\u0142 Michalczyk","Est. reading time":"1 minuta"},"schema":{"@context":"https:\/\/schema.org","@graph":[{"@type":"Article","@id":"https:\/\/www.mojabochnia.pl\/?p=70080#article","isPartOf":{"@id":"https:\/\/www.mojabochnia.pl\/?p=70080"},"author":{"name":"Pawe\u0142 Michalczyk","@id":"https:\/\/www.mojabochnia.pl\/#\/schema\/person\/ea042e4724a77627963f02166828ead4"},"headline":"Od lipca poci\u0105gi b\u0119d\u0105 je\u017adzi\u0107 jednym torem","datePublished":"2012-04-24T07:45:17+00:00","dateModified":"2012-04-24T21:52:11+00:00","mainEntityOfPage":{"@id":"https:\/\/www.mojabochnia.pl\/?p=70080"},"wordCount":130,"commentCount":0,"publisher":{"@id":"https:\/\/www.mojabochnia.pl\/#organization"},"keywords":["most","PKP","poci\u0105g","raba","remont","tomasz ca\u0142ka","tory","wiadukt"],"articleSection":["2_ostatnie","polityka i wydarzenia","tematyka"],"inLanguage":"pl-PL","potentialAction":[{"@type":"CommentAction","name":"Comment","target":["https:\/\/www.mojabochnia.pl\/?p=70080#respond"]}]},{"@type":"WebPage","@id":"https:\/\/www.mojabochnia.pl\/?p=70080","url":"https:\/\/www.mojabochnia.pl\/?p=70080","name":"Od lipca poci\u0105gi b\u0119d\u0105 je\u017adzi\u0107 jednym torem - mojabochnia.pl - portal informacyjny","isPartOf":{"@id":"https:\/\/www.mojabochnia.pl\/#website"},"datePublished":"2012-04-24T07:45:17+00:00","dateModified":"2012-04-24T21:52:11+00:00","breadcrumb":{"@id":"https:\/\/www.mojabochnia.pl\/?p=70080#breadcrumb"},"inLanguage":"pl-PL","potentialAction":[{"@type":"ReadAction","target":["https:\/\/www.mojabochnia.pl\/?p=70080"]}]},{"@type":"BreadcrumbList","@id":"https:\/\/www.mojabochnia.pl\/?p=70080#breadcrumb","itemListElement":[{"@type":"ListItem","position":1,"name":"Home","item":"https:\/\/www.mojabochnia.pl\/"},{"@type":"ListItem","position":2,"name":"Od lipca poci\u0105gi b\u0119d\u0105 je\u017adzi\u0107 jednym torem"}]},{"@type":"WebSite","@id":"https:\/\/www.mojabochnia.pl\/#website","url":"https:\/\/www.mojabochnia.pl\/","name":"mojabochnia.pl - portal informacyjny","description":"mojaBochnia to portal informacyjny o Bochni. Codziennie o Bochni piszemy i pokazujemy najwa\u017cniejsze wydarzenia","publisher":{"@id":"https:\/\/www.mojabochnia.pl\/#organization"},"potentialAction":[{"@type":"SearchAction","target":{"@type":"EntryPoint","urlTemplate":"https:\/\/www.mojabochnia.pl\/?s={search_term_string}"},"query-input":{"@type":"PropertyValueSpecification","valueRequired":true,"valueName":"search_term_string"}}],"inLanguage":"pl-PL"},{"@type":"Organization","@id":"https:\/\/www.mojabochnia.pl\/#organization","name":"mojabochnia.pl - portal informacyjny","url":"https:\/\/www.mojabochnia.pl\/","logo":{"@type":"ImageObject","inLanguage":"pl-PL","@id":"https:\/\/www.mojabochnia.pl\/#\/schema\/logo\/image\/","url":"https:\/\/www.mojabochnia.pl\/wp-content\/uploads\/2017\/08\/logo-mb-opt.png","contentUrl":"https:\/\/www.mojabochnia.pl\/wp-content\/uploads\/2017\/08\/logo-mb-opt.png","width":250,"height":48,"caption":"mojabochnia.pl - portal informacyjny"},"image":{"@id":"https:\/\/www.mojabochnia.pl\/#\/schema\/logo\/image\/"},"sameAs":["https:\/\/www.facebook.com\/mojabochnia"]},{"@type":"Person","@id":"https:\/\/www.mojabochnia.pl\/#\/schema\/person\/ea042e4724a77627963f02166828ead4","name":"Pawe\u0142 Michalczyk","url":"https:\/\/www.mojabochnia.pl\/?author=4"}]}},"_links":{"self":[{"href":"https:\/\/www.mojabochnia.pl\/index.php?rest_route=\/wp\/v2\/posts\/70080","targetHints":{"allow":["GET"]}}],"collection":[{"href":"https:\/\/www.mojabochnia.pl\/index.php?rest_route=\/wp\/v2\/posts"}],"about":[{"href":"https:\/\/www.mojabochnia.pl\/index.php?rest_route=\/wp\/v2\/types\/post"}],"author":[{"embeddable":true,"href":"https:\/\/www.mojabochnia.pl\/index.php?rest_route=\/wp\/v2\/users\/4"}],"replies":[{"embeddable":true,"href":"https:\/\/www.mojabochnia.pl\/index.php?rest_route=%2Fwp%2Fv2%2Fcomments&post=70080"}],"version-history":[{"count":4,"href":"https:\/\/www.mojabochnia.pl\/index.php?rest_route=\/wp\/v2\/posts\/70080\/revisions"}],"predecessor-version":[{"id":70122,"href":"https:\/\/www.mojabochnia.pl\/index.php?rest_route=\/wp\/v2\/posts\/70080\/revisions\/70122"}],"wp:attachment":[{"href":"https:\/\/www.mojabochnia.pl\/index.php?rest_route=%2Fwp%2Fv2%2Fmedia&parent=70080"}],"wp:term":[{"taxonomy":"category","embeddable":true,"href":"https:\/\/www.mojabochnia.pl\/index.php?rest_route=%2Fwp%2Fv2%2Fcategories&post=70080"},{"taxonomy":"post_tag","embeddable":true,"href":"https:\/\/www.mojabochnia.pl\/index.php?rest_route=%2Fwp%2Fv2%2Ftags&post=70080"}],"curies":[{"name":"wp","href":"https:\/\/api.w.org\/{rel}","templated":true}]}}