{"id":70050,"date":"2012-04-23T09:51:04","date_gmt":"2012-04-23T07:51:04","guid":{"rendered":"http:\/\/www.mojabochnia.pl\/?p=70050"},"modified":"2012-04-23T09:52:25","modified_gmt":"2012-04-23T07:52:25","slug":"powody-odwolania-malgorzaty-szczepary-burmisrz-zabral-glos","status":"publish","type":"post","link":"https:\/\/www.mojabochnia.pl\/?p=70050","title":{"rendered":"Powody odwo\u0142ania Ma\u0142gorzaty Szczepary &#8211; burmistrz zabra\u0142 g\u0142os"},"content":{"rendered":"<p><strong>Oto informacja prasowa Urz\u0119du Miasta: <\/strong><\/p>\n<p>Burmistrz szanuj\u0105c prawo medi\u00f3w oraz mieszka\u0144c\u00f3w miasta do swobody wypowiedzi i oceny jego dzia\u0142a\u0144, nie b\u0119dzie odnosi\u0142 si\u0119 do publikowanych komentarzy. Pragnie natomiast wyja\u015bni\u0107, i\u017c zgodnie z art. 26a ust. 1. ustawy z 8 marca 1990 r. o samorz\u0105dzie gminnym przys\u0142uguje mu prawo do powo\u0142ywania oraz odwo\u0142ywania, w drodze zarz\u0105dzenia, zast\u0119pc\u00f3w oraz okre\u015blania ich liczby.<\/p>\n<p><em>W miniony pi\u0105tek skorzysta\u0142em z ustawowego uprawnienia odwo\u0142uj\u0105c pani\u0105 Ma\u0142gorzat\u0119 Szczepar\u0119 ze stanowiska mego drugiego zast\u0119pcy, gdy\u017c nie znajduj\u0119 mo\u017cliwo\u015bci dalszego wsp\u00f3lnego realizowania przyj\u0119tych przeze mnie priorytet\u00f3w rozwoju Bochni oraz funkcjonowania Urz\u0119du Miasta. Nigdy dot\u0105d publicznie nie kwestionowa\u0142em sposobu dzia\u0142ania moich zast\u0119pc\u00f3w i nie zamierzam tego czyni\u0107. Zapewniam jednak, \u017ce decyzja, kt\u00f3r\u0105 podj\u0105\u0142em jest przemy\u015blana i nie wynika z \u017cadnych innych przes\u0142anek ni\u017c podane powy\u017cej. M\u00f3j osobisty, pe\u0142en \u017cyczliwo\u015bci stosunek do pani Ma\u0142gorzaty Szczepary nie uleg\u0142 zmianie<\/em> &#8211; powiedzia\u0142 Stefan Kolawi\u0144ski.<\/p>\n<p>Ze wzgl\u0119du na personalny charakter decyzji podj\u0119tej 20 kwietnia burmistrz Stefan Kolawi\u0144ski nie b\u0119dzie szerzej jej komentowa\u0107, informuje natomiast, \u017ce nie przewiduje powo\u0142ania innej osoby na zwolnione stanowisko.<\/p>\n","protected":false},"excerpt":{"rendered":"<p>Informacja o odwo\u0142aniu przez burmistrza swojej zast\u0119pczyni Ma\u0142gorzaty Szczepary wywo\u0142a\u0142 wiele komentarzy i domys\u0142\u00f3w o powody takiej decyzji. Dzisiaj rano magistrat rozes\u0142a\u0142 mediom kolejn\u0105 informacj\u0119 prasow\u0105.<\/p>\n","protected":false},"author":4,"featured_media":0,"comment_status":"open","ping_status":"closed","sticky":true,"template":"","format":"standard","meta":{"_acf_changed":false,"footnotes":""},"categories":[5,6251,6250],"tags":[17421,17224,1490,7781,8720],"class_list":["post-70050","post","type-post","status-publish","format-standard","hentry","category-biezace-wydarzenia","category-polityka-i-wydarzenia","category-tematyka","tag-burmistrz","tag-malgorzata-szczepara","tag-odwolanie","tag-stefan-kolawinski","tag-zwolnienie","main_tag-malgorzata-szczepara"],"acf":[],"yoast_head":"<!-- This site is optimized with the Yoast SEO plugin v26.9 - https:\/\/yoast.com\/product\/yoast-seo-wordpress\/ -->\n<title>Powody odwo\u0142ania Ma\u0142gorzaty Szczepary - burmistrz zabra\u0142 g\u0142os - mojabochnia.pl - portal informacyjny<\/title>\n<meta name=\"robots\" content=\"index, follow, max-snippet:-1, max-image-preview:large, max-video-preview:-1\" \/>\n<link rel=\"canonical\" href=\"https:\/\/www.mojabochnia.pl\/?p=70050\" \/>\n<meta property=\"og:locale\" content=\"pl_PL\" \/>\n<meta property=\"og:type\" content=\"article\" \/>\n<meta property=\"og:title\" content=\"Powody odwo\u0142ania Ma\u0142gorzaty Szczepary - burmistrz zabra\u0142 g\u0142os - mojabochnia.pl - portal informacyjny\" \/>\n<meta property=\"og:description\" content=\"Informacja o odwo\u0142aniu przez burmistrza swojej zast\u0119pczyni Ma\u0142gorzaty Szczepary wywo\u0142a\u0142 wiele komentarzy i domys\u0142\u00f3w o powody takiej decyzji. Dzisiaj rano magistrat rozes\u0142a\u0142 mediom kolejn\u0105 informacj\u0119 prasow\u0105.\" \/>\n<meta property=\"og:url\" content=\"https:\/\/www.mojabochnia.pl\/?p=70050\" \/>\n<meta property=\"og:site_name\" content=\"mojabochnia.pl - portal informacyjny\" \/>\n<meta property=\"article:publisher\" content=\"https:\/\/www.facebook.com\/mojabochnia\" \/>\n<meta property=\"article:published_time\" content=\"2012-04-23T07:51:04+00:00\" \/>\n<meta property=\"article:modified_time\" content=\"2012-04-23T07:52:25+00:00\" \/>\n<meta name=\"author\" content=\"Pawe\u0142 Michalczyk\" \/>\n<meta name=\"twitter:card\" content=\"summary_large_image\" \/>\n<meta name=\"twitter:label1\" content=\"Written by\" \/>\n\t<meta name=\"twitter:data1\" content=\"Pawe\u0142 Michalczyk\" \/>\n\t<meta name=\"twitter:label2\" content=\"Est. reading time\" \/>\n\t<meta name=\"twitter:data2\" content=\"1 minuta\" \/>\n<script type=\"application\/ld+json\" class=\"yoast-schema-graph\">{\"@context\":\"https:\/\/schema.org\",\"@graph\":[{\"@type\":\"Article\",\"@id\":\"https:\/\/www.mojabochnia.pl\/?p=70050#article\",\"isPartOf\":{\"@id\":\"https:\/\/www.mojabochnia.pl\/?p=70050\"},\"author\":{\"name\":\"Pawe\u0142 Michalczyk\",\"@id\":\"https:\/\/www.mojabochnia.pl\/#\/schema\/person\/ea042e4724a77627963f02166828ead4\"},\"headline\":\"Powody odwo\u0142ania Ma\u0142gorzaty Szczepary &#8211; burmistrz zabra\u0142 g\u0142os\",\"datePublished\":\"2012-04-23T07:51:04+00:00\",\"dateModified\":\"2012-04-23T07:52:25+00:00\",\"mainEntityOfPage\":{\"@id\":\"https:\/\/www.mojabochnia.pl\/?p=70050\"},\"wordCount\":224,\"commentCount\":0,\"publisher\":{\"@id\":\"https:\/\/www.mojabochnia.pl\/#organization\"},\"keywords\":[\"burmistrz\",\"ma\u0142gorzata szczepara\",\"odwo\u0142anie\",\"stefan kolawi\u0144ski\",\"zwolnienie\"],\"articleSection\":[\"2_ostatnie\",\"polityka i wydarzenia\",\"tematyka\"],\"inLanguage\":\"pl-PL\",\"potentialAction\":[{\"@type\":\"CommentAction\",\"name\":\"Comment\",\"target\":[\"https:\/\/www.mojabochnia.pl\/?p=70050#respond\"]}]},{\"@type\":\"WebPage\",\"@id\":\"https:\/\/www.mojabochnia.pl\/?p=70050\",\"url\":\"https:\/\/www.mojabochnia.pl\/?p=70050\",\"name\":\"Powody odwo\u0142ania Ma\u0142gorzaty Szczepary - burmistrz zabra\u0142 g\u0142os - mojabochnia.pl - portal informacyjny\",\"isPartOf\":{\"@id\":\"https:\/\/www.mojabochnia.pl\/#website\"},\"datePublished\":\"2012-04-23T07:51:04+00:00\",\"dateModified\":\"2012-04-23T07:52:25+00:00\",\"breadcrumb\":{\"@id\":\"https:\/\/www.mojabochnia.pl\/?p=70050#breadcrumb\"},\"inLanguage\":\"pl-PL\",\"potentialAction\":[{\"@type\":\"ReadAction\",\"target\":[\"https:\/\/www.mojabochnia.pl\/?p=70050\"]}]},{\"@type\":\"BreadcrumbList\",\"@id\":\"https:\/\/www.mojabochnia.pl\/?p=70050#breadcrumb\",\"itemListElement\":[{\"@type\":\"ListItem\",\"position\":1,\"name\":\"Home\",\"item\":\"https:\/\/www.mojabochnia.pl\/\"},{\"@type\":\"ListItem\",\"position\":2,\"name\":\"Powody odwo\u0142ania Ma\u0142gorzaty Szczepary &#8211; burmistrz zabra\u0142 g\u0142os\"}]},{\"@type\":\"WebSite\",\"@id\":\"https:\/\/www.mojabochnia.pl\/#website\",\"url\":\"https:\/\/www.mojabochnia.pl\/\",\"name\":\"mojabochnia.pl - portal informacyjny\",\"description\":\"mojaBochnia to portal informacyjny o Bochni. Codziennie o Bochni piszemy i pokazujemy najwa\u017cniejsze wydarzenia\",\"publisher\":{\"@id\":\"https:\/\/www.mojabochnia.pl\/#organization\"},\"potentialAction\":[{\"@type\":\"SearchAction\",\"target\":{\"@type\":\"EntryPoint\",\"urlTemplate\":\"https:\/\/www.mojabochnia.pl\/?s={search_term_string}\"},\"query-input\":{\"@type\":\"PropertyValueSpecification\",\"valueRequired\":true,\"valueName\":\"search_term_string\"}}],\"inLanguage\":\"pl-PL\"},{\"@type\":\"Organization\",\"@id\":\"https:\/\/www.mojabochnia.pl\/#organization\",\"name\":\"mojabochnia.pl - portal informacyjny\",\"url\":\"https:\/\/www.mojabochnia.pl\/\",\"logo\":{\"@type\":\"ImageObject\",\"inLanguage\":\"pl-PL\",\"@id\":\"https:\/\/www.mojabochnia.pl\/#\/schema\/logo\/image\/\",\"url\":\"https:\/\/www.mojabochnia.pl\/wp-content\/uploads\/2017\/08\/logo-mb-opt.png\",\"contentUrl\":\"https:\/\/www.mojabochnia.pl\/wp-content\/uploads\/2017\/08\/logo-mb-opt.png\",\"width\":250,\"height\":48,\"caption\":\"mojabochnia.pl - portal informacyjny\"},\"image\":{\"@id\":\"https:\/\/www.mojabochnia.pl\/#\/schema\/logo\/image\/\"},\"sameAs\":[\"https:\/\/www.facebook.com\/mojabochnia\"]},{\"@type\":\"Person\",\"@id\":\"https:\/\/www.mojabochnia.pl\/#\/schema\/person\/ea042e4724a77627963f02166828ead4\",\"name\":\"Pawe\u0142 Michalczyk\",\"url\":\"https:\/\/www.mojabochnia.pl\/?author=4\"}]}<\/script>\n<!-- \/ Yoast SEO plugin. -->","yoast_head_json":{"title":"Powody odwo\u0142ania Ma\u0142gorzaty Szczepary - burmistrz zabra\u0142 g\u0142os - mojabochnia.pl - portal informacyjny","robots":{"index":"index","follow":"follow","max-snippet":"max-snippet:-1","max-image-preview":"max-image-preview:large","max-video-preview":"max-video-preview:-1"},"canonical":"https:\/\/www.mojabochnia.pl\/?p=70050","og_locale":"pl_PL","og_type":"article","og_title":"Powody odwo\u0142ania Ma\u0142gorzaty Szczepary - burmistrz zabra\u0142 g\u0142os - mojabochnia.pl - portal informacyjny","og_description":"Informacja o odwo\u0142aniu przez burmistrza swojej zast\u0119pczyni Ma\u0142gorzaty Szczepary wywo\u0142a\u0142 wiele komentarzy i domys\u0142\u00f3w o powody takiej decyzji. Dzisiaj rano magistrat rozes\u0142a\u0142 mediom kolejn\u0105 informacj\u0119 prasow\u0105.","og_url":"https:\/\/www.mojabochnia.pl\/?p=70050","og_site_name":"mojabochnia.pl - portal informacyjny","article_publisher":"https:\/\/www.facebook.com\/mojabochnia","article_published_time":"2012-04-23T07:51:04+00:00","article_modified_time":"2012-04-23T07:52:25+00:00","author":"Pawe\u0142 Michalczyk","twitter_card":"summary_large_image","twitter_misc":{"Written by":"Pawe\u0142 Michalczyk","Est. reading time":"1 minuta"},"schema":{"@context":"https:\/\/schema.org","@graph":[{"@type":"Article","@id":"https:\/\/www.mojabochnia.pl\/?p=70050#article","isPartOf":{"@id":"https:\/\/www.mojabochnia.pl\/?p=70050"},"author":{"name":"Pawe\u0142 Michalczyk","@id":"https:\/\/www.mojabochnia.pl\/#\/schema\/person\/ea042e4724a77627963f02166828ead4"},"headline":"Powody odwo\u0142ania Ma\u0142gorzaty Szczepary &#8211; burmistrz zabra\u0142 g\u0142os","datePublished":"2012-04-23T07:51:04+00:00","dateModified":"2012-04-23T07:52:25+00:00","mainEntityOfPage":{"@id":"https:\/\/www.mojabochnia.pl\/?p=70050"},"wordCount":224,"commentCount":0,"publisher":{"@id":"https:\/\/www.mojabochnia.pl\/#organization"},"keywords":["burmistrz","ma\u0142gorzata szczepara","odwo\u0142anie","stefan kolawi\u0144ski","zwolnienie"],"articleSection":["2_ostatnie","polityka i wydarzenia","tematyka"],"inLanguage":"pl-PL","potentialAction":[{"@type":"CommentAction","name":"Comment","target":["https:\/\/www.mojabochnia.pl\/?p=70050#respond"]}]},{"@type":"WebPage","@id":"https:\/\/www.mojabochnia.pl\/?p=70050","url":"https:\/\/www.mojabochnia.pl\/?p=70050","name":"Powody odwo\u0142ania Ma\u0142gorzaty Szczepary - burmistrz zabra\u0142 g\u0142os - mojabochnia.pl - portal informacyjny","isPartOf":{"@id":"https:\/\/www.mojabochnia.pl\/#website"},"datePublished":"2012-04-23T07:51:04+00:00","dateModified":"2012-04-23T07:52:25+00:00","breadcrumb":{"@id":"https:\/\/www.mojabochnia.pl\/?p=70050#breadcrumb"},"inLanguage":"pl-PL","potentialAction":[{"@type":"ReadAction","target":["https:\/\/www.mojabochnia.pl\/?p=70050"]}]},{"@type":"BreadcrumbList","@id":"https:\/\/www.mojabochnia.pl\/?p=70050#breadcrumb","itemListElement":[{"@type":"ListItem","position":1,"name":"Home","item":"https:\/\/www.mojabochnia.pl\/"},{"@type":"ListItem","position":2,"name":"Powody odwo\u0142ania Ma\u0142gorzaty Szczepary &#8211; burmistrz zabra\u0142 g\u0142os"}]},{"@type":"WebSite","@id":"https:\/\/www.mojabochnia.pl\/#website","url":"https:\/\/www.mojabochnia.pl\/","name":"mojabochnia.pl - portal informacyjny","description":"mojaBochnia to portal informacyjny o Bochni. Codziennie o Bochni piszemy i pokazujemy najwa\u017cniejsze wydarzenia","publisher":{"@id":"https:\/\/www.mojabochnia.pl\/#organization"},"potentialAction":[{"@type":"SearchAction","target":{"@type":"EntryPoint","urlTemplate":"https:\/\/www.mojabochnia.pl\/?s={search_term_string}"},"query-input":{"@type":"PropertyValueSpecification","valueRequired":true,"valueName":"search_term_string"}}],"inLanguage":"pl-PL"},{"@type":"Organization","@id":"https:\/\/www.mojabochnia.pl\/#organization","name":"mojabochnia.pl - portal informacyjny","url":"https:\/\/www.mojabochnia.pl\/","logo":{"@type":"ImageObject","inLanguage":"pl-PL","@id":"https:\/\/www.mojabochnia.pl\/#\/schema\/logo\/image\/","url":"https:\/\/www.mojabochnia.pl\/wp-content\/uploads\/2017\/08\/logo-mb-opt.png","contentUrl":"https:\/\/www.mojabochnia.pl\/wp-content\/uploads\/2017\/08\/logo-mb-opt.png","width":250,"height":48,"caption":"mojabochnia.pl - portal informacyjny"},"image":{"@id":"https:\/\/www.mojabochnia.pl\/#\/schema\/logo\/image\/"},"sameAs":["https:\/\/www.facebook.com\/mojabochnia"]},{"@type":"Person","@id":"https:\/\/www.mojabochnia.pl\/#\/schema\/person\/ea042e4724a77627963f02166828ead4","name":"Pawe\u0142 Michalczyk","url":"https:\/\/www.mojabochnia.pl\/?author=4"}]}},"_links":{"self":[{"href":"https:\/\/www.mojabochnia.pl\/index.php?rest_route=\/wp\/v2\/posts\/70050","targetHints":{"allow":["GET"]}}],"collection":[{"href":"https:\/\/www.mojabochnia.pl\/index.php?rest_route=\/wp\/v2\/posts"}],"about":[{"href":"https:\/\/www.mojabochnia.pl\/index.php?rest_route=\/wp\/v2\/types\/post"}],"author":[{"embeddable":true,"href":"https:\/\/www.mojabochnia.pl\/index.php?rest_route=\/wp\/v2\/users\/4"}],"replies":[{"embeddable":true,"href":"https:\/\/www.mojabochnia.pl\/index.php?rest_route=%2Fwp%2Fv2%2Fcomments&post=70050"}],"version-history":[{"count":3,"href":"https:\/\/www.mojabochnia.pl\/index.php?rest_route=\/wp\/v2\/posts\/70050\/revisions"}],"predecessor-version":[{"id":70053,"href":"https:\/\/www.mojabochnia.pl\/index.php?rest_route=\/wp\/v2\/posts\/70050\/revisions\/70053"}],"wp:attachment":[{"href":"https:\/\/www.mojabochnia.pl\/index.php?rest_route=%2Fwp%2Fv2%2Fmedia&parent=70050"}],"wp:term":[{"taxonomy":"category","embeddable":true,"href":"https:\/\/www.mojabochnia.pl\/index.php?rest_route=%2Fwp%2Fv2%2Fcategories&post=70050"},{"taxonomy":"post_tag","embeddable":true,"href":"https:\/\/www.mojabochnia.pl\/index.php?rest_route=%2Fwp%2Fv2%2Ftags&post=70050"}],"curies":[{"name":"wp","href":"https:\/\/api.w.org\/{rel}","templated":true}]}}