{"id":6984,"date":"2009-03-26T14:48:59","date_gmt":"2009-03-26T13:48:59","guid":{"rendered":"http:\/\/www.mojabochnia.pl\/?p=6984"},"modified":"2009-03-26T14:54:05","modified_gmt":"2009-03-26T13:54:05","slug":"koperty-parkingi-kredyty-obwodnica-lapczycy","status":"publish","type":"post","link":"https:\/\/www.mojabochnia.pl\/?p=6984","title":{"rendered":"Koperty, parkingi, kredyty, obwodnica \u0141apczycy&#8230;"},"content":{"rendered":"<p>Na pocz\u0105tku obrad burmistrz Bogdan Kosturkiewicz zosta\u0142 uhonorowany br\u0105zowym medalem \u201eza zas\u0142ugi dla obronno\u015bci kraju\u201d, przyznanym mu przez szefa MON Bogdana Klicha. Medal wr\u0119czyli burmistrzowi przedstawiciele boche\u0144skiej WKU.<\/p>\n<p>Kolejnym punktem, kt\u00f3ry zaj\u0105\u0142 uwag\u0119 radnych, by\u0142 problem obwodnicy \u0141apczycy. Rada mia\u0142a przyj\u0105\u0107 tre\u015b\u0107 o\u015bwiadczenia w sprawie lokalizacji obwodnicy. Obecni byli przedstawiciele osiedla Kolan\u00f3w. Ostatecznie jednak punkt ten zosta\u0142 od\u0142o\u017cony do nast\u0119pnej sesji.<\/p>\n<p>Przyj\u0119te dzisiaj uchwa\u0142y dotyczy\u0142y m.in. zaci\u0105gni\u0119cia przez miasto dw\u00f3ch kredyt\u00f3w o \u0142\u0105cznej warto\u015bci 11 mln z\u0142 na budow\u0119 KN2 i hali widowiskowo-sportowej, podj\u0119to uchwa\u0142y dotycz\u0105ce op\u0142at parkingowych oraz kopert (przy tej okazji wywi\u0105za\u0142a si\u0119 d\u0142u\u017csza dyskusja). <\/p>\n<p>W wolnych wnioskach dominowa\u0142 temat zmian regulaminu Miejskiego Domu Kultury w Bochni. Jeszcze dzisiaj rano wydawa\u0142o si\u0119, \u017ce stosowny projekt uchwa\u0142y wejdzie do porz\u0105dku obrad, tak si\u0119 jednak nie sta\u0142o. W zwi\u0105zku z tym dosz\u0142o do mocnej wymiany zda\u0144.<\/p>\n<p>Wi\u0119cej szczeg\u00f3\u0142\u00f3w na temat dzisiejszej sesji opublikujemy wkr\u00f3tce.<\/p>\n","protected":false},"excerpt":{"rendered":"<p>Koperty, parkingi, kredyty, obwodnica \u0141apczycy oraz problem regulaminu Miejskiego Domu kultury w Bochni \u2013 takie tematy zdominowa\u0142y dzisiejsze obrady sesji rady miejskiej.<\/p>\n","protected":false},"author":4,"featured_media":0,"comment_status":"open","ping_status":"closed","sticky":false,"template":"","format":"standard","meta":{"_acf_changed":false,"footnotes":""},"categories":[5],"tags":[17171,17421,554,1509,2074,17457,346,17480,17519,17229],"class_list":["post-6984","post","type-post","status-publish","format-standard","hentry","category-biezace-wydarzenia","tag-bogdan-kosturkiewicz","tag-burmistrz","tag-dorota-halberda","tag-lokalna-polityka","tag-minister-obrony-narodowej","tag-polityka","tag-radni","tag-radny","tag-sesja","tag-sesja-rady-miasta"],"acf":[],"yoast_head":"<!-- This site is optimized with the Yoast SEO plugin v26.9 - https:\/\/yoast.com\/product\/yoast-seo-wordpress\/ -->\n<title>Koperty, parkingi, kredyty, obwodnica \u0141apczycy... - mojabochnia.pl - portal informacyjny<\/title>\n<meta name=\"robots\" content=\"index, follow, max-snippet:-1, max-image-preview:large, max-video-preview:-1\" \/>\n<link rel=\"canonical\" href=\"https:\/\/www.mojabochnia.pl\/?p=6984\" \/>\n<meta property=\"og:locale\" content=\"pl_PL\" \/>\n<meta property=\"og:type\" content=\"article\" \/>\n<meta property=\"og:title\" content=\"Koperty, parkingi, kredyty, obwodnica \u0141apczycy... - mojabochnia.pl - portal informacyjny\" \/>\n<meta property=\"og:description\" content=\"Koperty, parkingi, kredyty, obwodnica \u0141apczycy oraz problem regulaminu Miejskiego Domu kultury w Bochni \u2013 takie tematy zdominowa\u0142y dzisiejsze obrady sesji rady miejskiej.\" \/>\n<meta property=\"og:url\" content=\"https:\/\/www.mojabochnia.pl\/?p=6984\" \/>\n<meta property=\"og:site_name\" content=\"mojabochnia.pl - portal informacyjny\" \/>\n<meta property=\"article:publisher\" content=\"https:\/\/www.facebook.com\/mojabochnia\" \/>\n<meta property=\"article:published_time\" content=\"2009-03-26T13:48:59+00:00\" \/>\n<meta property=\"article:modified_time\" content=\"2009-03-26T13:54:05+00:00\" \/>\n<meta name=\"author\" content=\"Pawe\u0142 Michalczyk\" \/>\n<meta name=\"twitter:card\" content=\"summary_large_image\" \/>\n<meta name=\"twitter:label1\" content=\"Written by\" \/>\n\t<meta name=\"twitter:data1\" content=\"Pawe\u0142 Michalczyk\" \/>\n\t<meta name=\"twitter:label2\" content=\"Est. reading time\" \/>\n\t<meta name=\"twitter:data2\" content=\"1 minuta\" \/>\n<script type=\"application\/ld+json\" class=\"yoast-schema-graph\">{\"@context\":\"https:\/\/schema.org\",\"@graph\":[{\"@type\":\"Article\",\"@id\":\"https:\/\/www.mojabochnia.pl\/?p=6984#article\",\"isPartOf\":{\"@id\":\"https:\/\/www.mojabochnia.pl\/?p=6984\"},\"author\":{\"name\":\"Pawe\u0142 Michalczyk\",\"@id\":\"https:\/\/www.mojabochnia.pl\/#\/schema\/person\/ea042e4724a77627963f02166828ead4\"},\"headline\":\"Koperty, parkingi, kredyty, obwodnica \u0141apczycy&#8230;\",\"datePublished\":\"2009-03-26T13:48:59+00:00\",\"dateModified\":\"2009-03-26T13:54:05+00:00\",\"mainEntityOfPage\":{\"@id\":\"https:\/\/www.mojabochnia.pl\/?p=6984\"},\"wordCount\":187,\"commentCount\":3,\"publisher\":{\"@id\":\"https:\/\/www.mojabochnia.pl\/#organization\"},\"keywords\":[\"bogdan kosturkiewicz\",\"burmistrz\",\"dorota halberda\",\"lokalna polityka\",\"minister obrony narodowej\",\"polityka\",\"radni\",\"radny\",\"sesja\",\"sesja rady miasta\"],\"articleSection\":[\"2_ostatnie\"],\"inLanguage\":\"pl-PL\",\"potentialAction\":[{\"@type\":\"CommentAction\",\"name\":\"Comment\",\"target\":[\"https:\/\/www.mojabochnia.pl\/?p=6984#respond\"]}]},{\"@type\":\"WebPage\",\"@id\":\"https:\/\/www.mojabochnia.pl\/?p=6984\",\"url\":\"https:\/\/www.mojabochnia.pl\/?p=6984\",\"name\":\"Koperty, parkingi, kredyty, obwodnica \u0141apczycy... - mojabochnia.pl - portal informacyjny\",\"isPartOf\":{\"@id\":\"https:\/\/www.mojabochnia.pl\/#website\"},\"datePublished\":\"2009-03-26T13:48:59+00:00\",\"dateModified\":\"2009-03-26T13:54:05+00:00\",\"breadcrumb\":{\"@id\":\"https:\/\/www.mojabochnia.pl\/?p=6984#breadcrumb\"},\"inLanguage\":\"pl-PL\",\"potentialAction\":[{\"@type\":\"ReadAction\",\"target\":[\"https:\/\/www.mojabochnia.pl\/?p=6984\"]}]},{\"@type\":\"BreadcrumbList\",\"@id\":\"https:\/\/www.mojabochnia.pl\/?p=6984#breadcrumb\",\"itemListElement\":[{\"@type\":\"ListItem\",\"position\":1,\"name\":\"Home\",\"item\":\"https:\/\/www.mojabochnia.pl\/\"},{\"@type\":\"ListItem\",\"position\":2,\"name\":\"Koperty, parkingi, kredyty, obwodnica \u0141apczycy&#8230;\"}]},{\"@type\":\"WebSite\",\"@id\":\"https:\/\/www.mojabochnia.pl\/#website\",\"url\":\"https:\/\/www.mojabochnia.pl\/\",\"name\":\"mojabochnia.pl - portal informacyjny\",\"description\":\"mojaBochnia to portal informacyjny o Bochni. Codziennie o Bochni piszemy i pokazujemy najwa\u017cniejsze wydarzenia\",\"publisher\":{\"@id\":\"https:\/\/www.mojabochnia.pl\/#organization\"},\"potentialAction\":[{\"@type\":\"SearchAction\",\"target\":{\"@type\":\"EntryPoint\",\"urlTemplate\":\"https:\/\/www.mojabochnia.pl\/?s={search_term_string}\"},\"query-input\":{\"@type\":\"PropertyValueSpecification\",\"valueRequired\":true,\"valueName\":\"search_term_string\"}}],\"inLanguage\":\"pl-PL\"},{\"@type\":\"Organization\",\"@id\":\"https:\/\/www.mojabochnia.pl\/#organization\",\"name\":\"mojabochnia.pl - portal informacyjny\",\"url\":\"https:\/\/www.mojabochnia.pl\/\",\"logo\":{\"@type\":\"ImageObject\",\"inLanguage\":\"pl-PL\",\"@id\":\"https:\/\/www.mojabochnia.pl\/#\/schema\/logo\/image\/\",\"url\":\"https:\/\/www.mojabochnia.pl\/wp-content\/uploads\/2017\/08\/logo-mb-opt.png\",\"contentUrl\":\"https:\/\/www.mojabochnia.pl\/wp-content\/uploads\/2017\/08\/logo-mb-opt.png\",\"width\":250,\"height\":48,\"caption\":\"mojabochnia.pl - portal informacyjny\"},\"image\":{\"@id\":\"https:\/\/www.mojabochnia.pl\/#\/schema\/logo\/image\/\"},\"sameAs\":[\"https:\/\/www.facebook.com\/mojabochnia\"]},{\"@type\":\"Person\",\"@id\":\"https:\/\/www.mojabochnia.pl\/#\/schema\/person\/ea042e4724a77627963f02166828ead4\",\"name\":\"Pawe\u0142 Michalczyk\",\"url\":\"https:\/\/www.mojabochnia.pl\/?author=4\"}]}<\/script>\n<!-- \/ Yoast SEO plugin. -->","yoast_head_json":{"title":"Koperty, parkingi, kredyty, obwodnica \u0141apczycy... - mojabochnia.pl - portal informacyjny","robots":{"index":"index","follow":"follow","max-snippet":"max-snippet:-1","max-image-preview":"max-image-preview:large","max-video-preview":"max-video-preview:-1"},"canonical":"https:\/\/www.mojabochnia.pl\/?p=6984","og_locale":"pl_PL","og_type":"article","og_title":"Koperty, parkingi, kredyty, obwodnica \u0141apczycy... - mojabochnia.pl - portal informacyjny","og_description":"Koperty, parkingi, kredyty, obwodnica \u0141apczycy oraz problem regulaminu Miejskiego Domu kultury w Bochni \u2013 takie tematy zdominowa\u0142y dzisiejsze obrady sesji rady miejskiej.","og_url":"https:\/\/www.mojabochnia.pl\/?p=6984","og_site_name":"mojabochnia.pl - portal informacyjny","article_publisher":"https:\/\/www.facebook.com\/mojabochnia","article_published_time":"2009-03-26T13:48:59+00:00","article_modified_time":"2009-03-26T13:54:05+00:00","author":"Pawe\u0142 Michalczyk","twitter_card":"summary_large_image","twitter_misc":{"Written by":"Pawe\u0142 Michalczyk","Est. reading time":"1 minuta"},"schema":{"@context":"https:\/\/schema.org","@graph":[{"@type":"Article","@id":"https:\/\/www.mojabochnia.pl\/?p=6984#article","isPartOf":{"@id":"https:\/\/www.mojabochnia.pl\/?p=6984"},"author":{"name":"Pawe\u0142 Michalczyk","@id":"https:\/\/www.mojabochnia.pl\/#\/schema\/person\/ea042e4724a77627963f02166828ead4"},"headline":"Koperty, parkingi, kredyty, obwodnica \u0141apczycy&#8230;","datePublished":"2009-03-26T13:48:59+00:00","dateModified":"2009-03-26T13:54:05+00:00","mainEntityOfPage":{"@id":"https:\/\/www.mojabochnia.pl\/?p=6984"},"wordCount":187,"commentCount":3,"publisher":{"@id":"https:\/\/www.mojabochnia.pl\/#organization"},"keywords":["bogdan kosturkiewicz","burmistrz","dorota halberda","lokalna polityka","minister obrony narodowej","polityka","radni","radny","sesja","sesja rady miasta"],"articleSection":["2_ostatnie"],"inLanguage":"pl-PL","potentialAction":[{"@type":"CommentAction","name":"Comment","target":["https:\/\/www.mojabochnia.pl\/?p=6984#respond"]}]},{"@type":"WebPage","@id":"https:\/\/www.mojabochnia.pl\/?p=6984","url":"https:\/\/www.mojabochnia.pl\/?p=6984","name":"Koperty, parkingi, kredyty, obwodnica \u0141apczycy... - mojabochnia.pl - portal informacyjny","isPartOf":{"@id":"https:\/\/www.mojabochnia.pl\/#website"},"datePublished":"2009-03-26T13:48:59+00:00","dateModified":"2009-03-26T13:54:05+00:00","breadcrumb":{"@id":"https:\/\/www.mojabochnia.pl\/?p=6984#breadcrumb"},"inLanguage":"pl-PL","potentialAction":[{"@type":"ReadAction","target":["https:\/\/www.mojabochnia.pl\/?p=6984"]}]},{"@type":"BreadcrumbList","@id":"https:\/\/www.mojabochnia.pl\/?p=6984#breadcrumb","itemListElement":[{"@type":"ListItem","position":1,"name":"Home","item":"https:\/\/www.mojabochnia.pl\/"},{"@type":"ListItem","position":2,"name":"Koperty, parkingi, kredyty, obwodnica \u0141apczycy&#8230;"}]},{"@type":"WebSite","@id":"https:\/\/www.mojabochnia.pl\/#website","url":"https:\/\/www.mojabochnia.pl\/","name":"mojabochnia.pl - portal informacyjny","description":"mojaBochnia to portal informacyjny o Bochni. Codziennie o Bochni piszemy i pokazujemy najwa\u017cniejsze wydarzenia","publisher":{"@id":"https:\/\/www.mojabochnia.pl\/#organization"},"potentialAction":[{"@type":"SearchAction","target":{"@type":"EntryPoint","urlTemplate":"https:\/\/www.mojabochnia.pl\/?s={search_term_string}"},"query-input":{"@type":"PropertyValueSpecification","valueRequired":true,"valueName":"search_term_string"}}],"inLanguage":"pl-PL"},{"@type":"Organization","@id":"https:\/\/www.mojabochnia.pl\/#organization","name":"mojabochnia.pl - portal informacyjny","url":"https:\/\/www.mojabochnia.pl\/","logo":{"@type":"ImageObject","inLanguage":"pl-PL","@id":"https:\/\/www.mojabochnia.pl\/#\/schema\/logo\/image\/","url":"https:\/\/www.mojabochnia.pl\/wp-content\/uploads\/2017\/08\/logo-mb-opt.png","contentUrl":"https:\/\/www.mojabochnia.pl\/wp-content\/uploads\/2017\/08\/logo-mb-opt.png","width":250,"height":48,"caption":"mojabochnia.pl - portal informacyjny"},"image":{"@id":"https:\/\/www.mojabochnia.pl\/#\/schema\/logo\/image\/"},"sameAs":["https:\/\/www.facebook.com\/mojabochnia"]},{"@type":"Person","@id":"https:\/\/www.mojabochnia.pl\/#\/schema\/person\/ea042e4724a77627963f02166828ead4","name":"Pawe\u0142 Michalczyk","url":"https:\/\/www.mojabochnia.pl\/?author=4"}]}},"_links":{"self":[{"href":"https:\/\/www.mojabochnia.pl\/index.php?rest_route=\/wp\/v2\/posts\/6984","targetHints":{"allow":["GET"]}}],"collection":[{"href":"https:\/\/www.mojabochnia.pl\/index.php?rest_route=\/wp\/v2\/posts"}],"about":[{"href":"https:\/\/www.mojabochnia.pl\/index.php?rest_route=\/wp\/v2\/types\/post"}],"author":[{"embeddable":true,"href":"https:\/\/www.mojabochnia.pl\/index.php?rest_route=\/wp\/v2\/users\/4"}],"replies":[{"embeddable":true,"href":"https:\/\/www.mojabochnia.pl\/index.php?rest_route=%2Fwp%2Fv2%2Fcomments&post=6984"}],"version-history":[{"count":0,"href":"https:\/\/www.mojabochnia.pl\/index.php?rest_route=\/wp\/v2\/posts\/6984\/revisions"}],"wp:attachment":[{"href":"https:\/\/www.mojabochnia.pl\/index.php?rest_route=%2Fwp%2Fv2%2Fmedia&parent=6984"}],"wp:term":[{"taxonomy":"category","embeddable":true,"href":"https:\/\/www.mojabochnia.pl\/index.php?rest_route=%2Fwp%2Fv2%2Fcategories&post=6984"},{"taxonomy":"post_tag","embeddable":true,"href":"https:\/\/www.mojabochnia.pl\/index.php?rest_route=%2Fwp%2Fv2%2Ftags&post=6984"}],"curies":[{"name":"wp","href":"https:\/\/api.w.org\/{rel}","templated":true}]}}