{"id":69818,"date":"2012-04-17T11:47:21","date_gmt":"2012-04-17T09:47:21","guid":{"rendered":"http:\/\/www.mojabochnia.pl\/?p=69818"},"modified":"2012-04-16T23:57:44","modified_gmt":"2012-04-16T21:57:44","slug":"lapanow-dzien-otwarty-w-zespole-szkol-im-jana-pawla-ii","status":"publish","type":"post","link":"https:\/\/www.mojabochnia.pl\/?p=69818","title":{"rendered":"\u0141apan\u00f3w: &#8222;Dzie\u0144 Otwarty&#8221; w Zespole Szk\u00f3\u0142 im. Jana Paw\u0142a II"},"content":{"rendered":"<p>Dyrektor szko\u0142y Maria Plewa o godz. 9.00 rozpocz\u0119\u0142a imprez\u0119 &#8211; wr\u0119czy\u0142a nagrody, wyr\u00f3\u017cnienia i dyplomy finalistom konkurs\u00f3w: \u201eArchitektura krajobrazu i budownictwo. Ciekawe miejsca, m\u00f3j przysz\u0142y zaw\u00f3d widziany moimi oczami\u201d oraz \u201eZamiast dymka witaminka\u201d. <\/p>\n<p>Przybyli gimnazjali\u015bci mieli mo\u017cliwo\u015b\u0107 zwiedzenia ciekawie zaaran\u017cowanych pracowni zawodowych, obejrzenia sal lekcyjnych, pracowni komputerowej, sali multimedialnej w Szkolnej Bibliotece, jak r\u00f3wnie\u017c zapoznania si\u0119 z ofert\u0105 edukacyjn\u0105 szko\u0142y. W mi\u0119dzyczasie  na boisku  sportowym \u201eOrlik 2012\u201d odbywa\u0142y si\u0119 turnieje pi\u0142ki siatkowej dziewcz\u0105t i pi\u0142ki no\u017cnej ch\u0142opc\u00f3w \u201eO Puchar Dyrektora Szko\u0142y\u201d. <\/p>\n<p>Na go\u015bci czeka\u0142y  dodatkowe atrakcje &#8211; uczniowie klasy o profilu policyjno-stra\u017cackim pokazali akcj\u0119 ga\u015bnicz\u0105 oraz  profesjonalny pokaz udzielania pomocy przedmedycznej. Uczniowski zesp\u00f3\u0142 rockowy, kt\u00f3ry swoimi wyst\u0119pami uatrakcyjnia\u0142 \u201eDzie\u0144 Otwarty\u201d, zbiera\u0142 zas\u0142u\u017cone gromkie brawa od zachwyconej publiczno\u015bci, kt\u00f3r\u0105 nieraz porywa\u0142 do ta\u0144ca.  <\/p>\n<p><em>Serdecznie dzi\u0119kujemy wszystkim  osobom za udzia\u0142 w tegorocznych \u201eDniach Otwartych\u201d w naszej szkole. Sk\u0142adamy podzi\u0119kowania  Komendantowi Powiatowej Policji w Bochni insp. mgr. in\u017c. Markowi Rudnikowi, Komendantowi Powiatowej PSP w Bochni bryg. mgr. in\u017c. Krzysztofowi Kokoszce, Kierownikowi Posterunku Policji w \u0141apanowie asp. szt. Januszowi Stopie  oraz Naczelnikowi OSP \u0141apan\u00f3w panu Paw\u0142owi Kaczmarczykowi za wypo\u017cyczenie woz\u00f3w oraz sprz\u0119tu ga\u015bniczego niezb\u0119dnego do przeprowadzenia pokaz\u00f3w<\/em> &#8211; wylicza Monika Wide\u0142ka z Zespo\u0142u Szk\u00f3\u0142 im. Jana Paw\u0142a II w \u0141apanowie.<\/p>\n\t  \r\n\t\r\n\t    <div class=\"mb-gallery\">\r\n\t    <a href=\"https:\/\/www.mojabochnia.pl\/?attachment_id=69821\" class=\"\"><img loading=\"lazy\" decoding=\"async\" width=\"100\" height=\"56\" src=\"https:\/\/www.mojabochnia.pl\/wp-content\/uploads\/2012\/04\/dzien_otwarty1-120x67.jpg\" class=\"attachment-100x100 size-100x100\" alt=\"\" srcset=\"https:\/\/www.mojabochnia.pl\/wp-content\/uploads\/2012\/04\/dzien_otwarty1-120x67.jpg 120w, https:\/\/www.mojabochnia.pl\/wp-content\/uploads\/2012\/04\/dzien_otwarty1-468x263.jpg 468w, https:\/\/www.mojabochnia.pl\/wp-content\/uploads\/2012\/04\/dzien_otwarty1-660x371.jpg 660w, https:\/\/www.mojabochnia.pl\/wp-content\/uploads\/2012\/04\/dzien_otwarty1.jpg 800w\" sizes=\"auto, (max-width: 100px) 100vw, 100px\" \/><\/a><a href=\"https:\/\/www.mojabochnia.pl\/?attachment_id=69822\" class=\"\"><img loading=\"lazy\" decoding=\"async\" width=\"100\" height=\"56\" src=\"https:\/\/www.mojabochnia.pl\/wp-content\/uploads\/2012\/04\/dzien_otwarty3-120x67.jpg\" class=\"attachment-100x100 size-100x100\" alt=\"\" srcset=\"https:\/\/www.mojabochnia.pl\/wp-content\/uploads\/2012\/04\/dzien_otwarty3-120x67.jpg 120w, https:\/\/www.mojabochnia.pl\/wp-content\/uploads\/2012\/04\/dzien_otwarty3-468x263.jpg 468w, https:\/\/www.mojabochnia.pl\/wp-content\/uploads\/2012\/04\/dzien_otwarty3-660x371.jpg 660w, https:\/\/www.mojabochnia.pl\/wp-content\/uploads\/2012\/04\/dzien_otwarty3.jpg 800w\" sizes=\"auto, (max-width: 100px) 100vw, 100px\" \/><\/a><a href=\"https:\/\/www.mojabochnia.pl\/?attachment_id=69823\" class=\"\"><img loading=\"lazy\" decoding=\"async\" width=\"100\" height=\"56\" src=\"https:\/\/www.mojabochnia.pl\/wp-content\/uploads\/2012\/04\/dzien_otwarty4-120x67.jpg\" class=\"attachment-100x100 size-100x100\" alt=\"\" srcset=\"https:\/\/www.mojabochnia.pl\/wp-content\/uploads\/2012\/04\/dzien_otwarty4-120x67.jpg 120w, https:\/\/www.mojabochnia.pl\/wp-content\/uploads\/2012\/04\/dzien_otwarty4-468x263.jpg 468w, https:\/\/www.mojabochnia.pl\/wp-content\/uploads\/2012\/04\/dzien_otwarty4-660x371.jpg 660w, https:\/\/www.mojabochnia.pl\/wp-content\/uploads\/2012\/04\/dzien_otwarty4.jpg 800w\" sizes=\"auto, (max-width: 100px) 100vw, 100px\" \/><\/a><a href=\"https:\/\/www.mojabochnia.pl\/?attachment_id=69824\" class=\"\"><img loading=\"lazy\" decoding=\"async\" width=\"100\" height=\"56\" src=\"https:\/\/www.mojabochnia.pl\/wp-content\/uploads\/2012\/04\/dzien_otwarty6-120x67.jpg\" class=\"attachment-100x100 size-100x100\" alt=\"\" srcset=\"https:\/\/www.mojabochnia.pl\/wp-content\/uploads\/2012\/04\/dzien_otwarty6-120x67.jpg 120w, https:\/\/www.mojabochnia.pl\/wp-content\/uploads\/2012\/04\/dzien_otwarty6-468x263.jpg 468w, https:\/\/www.mojabochnia.pl\/wp-content\/uploads\/2012\/04\/dzien_otwarty6-660x371.jpg 660w, https:\/\/www.mojabochnia.pl\/wp-content\/uploads\/2012\/04\/dzien_otwarty6.jpg 800w\" sizes=\"auto, (max-width: 100px) 100vw, 100px\" \/><\/a><a href=\"https:\/\/www.mojabochnia.pl\/?attachment_id=69825\" class=\"\"><img loading=\"lazy\" decoding=\"async\" width=\"100\" height=\"56\" src=\"https:\/\/www.mojabochnia.pl\/wp-content\/uploads\/2012\/04\/dzien_otwarty7-120x67.jpg\" class=\"attachment-100x100 size-100x100\" alt=\"\" srcset=\"https:\/\/www.mojabochnia.pl\/wp-content\/uploads\/2012\/04\/dzien_otwarty7-120x67.jpg 120w, https:\/\/www.mojabochnia.pl\/wp-content\/uploads\/2012\/04\/dzien_otwarty7-468x263.jpg 468w, https:\/\/www.mojabochnia.pl\/wp-content\/uploads\/2012\/04\/dzien_otwarty7-660x371.jpg 660w, https:\/\/www.mojabochnia.pl\/wp-content\/uploads\/2012\/04\/dzien_otwarty7.jpg 800w\" sizes=\"auto, (max-width: 100px) 100vw, 100px\" \/><\/a><a href=\"https:\/\/www.mojabochnia.pl\/?attachment_id=69826\" class=\"\"><img loading=\"lazy\" decoding=\"async\" width=\"100\" height=\"56\" src=\"https:\/\/www.mojabochnia.pl\/wp-content\/uploads\/2012\/04\/dzien_otwarty8-120x67.jpg\" class=\"attachment-100x100 size-100x100\" alt=\"\" srcset=\"https:\/\/www.mojabochnia.pl\/wp-content\/uploads\/2012\/04\/dzien_otwarty8-120x67.jpg 120w, https:\/\/www.mojabochnia.pl\/wp-content\/uploads\/2012\/04\/dzien_otwarty8-468x263.jpg 468w, https:\/\/www.mojabochnia.pl\/wp-content\/uploads\/2012\/04\/dzien_otwarty8-660x371.jpg 660w, https:\/\/www.mojabochnia.pl\/wp-content\/uploads\/2012\/04\/dzien_otwarty8.jpg 800w\" sizes=\"auto, (max-width: 100px) 100vw, 100px\" \/><\/a><a href=\"https:\/\/www.mojabochnia.pl\/?attachment_id=69827\" class=\"\"><img loading=\"lazy\" decoding=\"async\" width=\"100\" height=\"56\" src=\"https:\/\/www.mojabochnia.pl\/wp-content\/uploads\/2012\/04\/dzien_otwarty9-120x67.jpg\" class=\"attachment-100x100 size-100x100\" alt=\"\" srcset=\"https:\/\/www.mojabochnia.pl\/wp-content\/uploads\/2012\/04\/dzien_otwarty9-120x67.jpg 120w, https:\/\/www.mojabochnia.pl\/wp-content\/uploads\/2012\/04\/dzien_otwarty9-468x263.jpg 468w, https:\/\/www.mojabochnia.pl\/wp-content\/uploads\/2012\/04\/dzien_otwarty9-660x371.jpg 660w, https:\/\/www.mojabochnia.pl\/wp-content\/uploads\/2012\/04\/dzien_otwarty9.jpg 800w\" sizes=\"auto, (max-width: 100px) 100vw, 100px\" \/><\/a><a href=\"https:\/\/www.mojabochnia.pl\/?attachment_id=69828\" class=\"\"><img loading=\"lazy\" decoding=\"async\" width=\"100\" height=\"56\" src=\"https:\/\/www.mojabochnia.pl\/wp-content\/uploads\/2012\/04\/dzien_otwarty10-120x67.jpg\" class=\"attachment-100x100 size-100x100\" alt=\"\" srcset=\"https:\/\/www.mojabochnia.pl\/wp-content\/uploads\/2012\/04\/dzien_otwarty10-120x67.jpg 120w, https:\/\/www.mojabochnia.pl\/wp-content\/uploads\/2012\/04\/dzien_otwarty10-468x263.jpg 468w, https:\/\/www.mojabochnia.pl\/wp-content\/uploads\/2012\/04\/dzien_otwarty10-660x371.jpg 660w, https:\/\/www.mojabochnia.pl\/wp-content\/uploads\/2012\/04\/dzien_otwarty10.jpg 800w\" sizes=\"auto, (max-width: 100px) 100vw, 100px\" \/><\/a><a href=\"https:\/\/www.mojabochnia.pl\/?attachment_id=69829\" class=\"\"><img loading=\"lazy\" decoding=\"async\" width=\"100\" height=\"56\" src=\"https:\/\/www.mojabochnia.pl\/wp-content\/uploads\/2012\/04\/dzien_otwarty12-120x67.jpg\" class=\"attachment-100x100 size-100x100\" alt=\"\" srcset=\"https:\/\/www.mojabochnia.pl\/wp-content\/uploads\/2012\/04\/dzien_otwarty12-120x67.jpg 120w, https:\/\/www.mojabochnia.pl\/wp-content\/uploads\/2012\/04\/dzien_otwarty12-468x263.jpg 468w, https:\/\/www.mojabochnia.pl\/wp-content\/uploads\/2012\/04\/dzien_otwarty12-660x371.jpg 660w, https:\/\/www.mojabochnia.pl\/wp-content\/uploads\/2012\/04\/dzien_otwarty12.jpg 800w\" sizes=\"auto, (max-width: 100px) 100vw, 100px\" \/><\/a><a href=\"https:\/\/www.mojabochnia.pl\/?attachment_id=69830\" class=\"\"><img loading=\"lazy\" decoding=\"async\" width=\"100\" height=\"56\" src=\"https:\/\/www.mojabochnia.pl\/wp-content\/uploads\/2012\/04\/dzien_otwarty13-120x67.jpg\" class=\"attachment-100x100 size-100x100\" alt=\"\" srcset=\"https:\/\/www.mojabochnia.pl\/wp-content\/uploads\/2012\/04\/dzien_otwarty13-120x67.jpg 120w, https:\/\/www.mojabochnia.pl\/wp-content\/uploads\/2012\/04\/dzien_otwarty13-468x263.jpg 468w, https:\/\/www.mojabochnia.pl\/wp-content\/uploads\/2012\/04\/dzien_otwarty13-660x371.jpg 660w, https:\/\/www.mojabochnia.pl\/wp-content\/uploads\/2012\/04\/dzien_otwarty13.jpg 800w\" sizes=\"auto, (max-width: 100px) 100vw, 100px\" \/><\/a><a href=\"https:\/\/www.mojabochnia.pl\/?attachment_id=69831\" class=\"\"><img loading=\"lazy\" decoding=\"async\" width=\"100\" height=\"56\" src=\"https:\/\/www.mojabochnia.pl\/wp-content\/uploads\/2012\/04\/dzien_otwarty14-120x67.jpg\" class=\"attachment-100x100 size-100x100\" alt=\"\" srcset=\"https:\/\/www.mojabochnia.pl\/wp-content\/uploads\/2012\/04\/dzien_otwarty14-120x67.jpg 120w, https:\/\/www.mojabochnia.pl\/wp-content\/uploads\/2012\/04\/dzien_otwarty14-468x263.jpg 468w, https:\/\/www.mojabochnia.pl\/wp-content\/uploads\/2012\/04\/dzien_otwarty14-660x371.jpg 660w, https:\/\/www.mojabochnia.pl\/wp-content\/uploads\/2012\/04\/dzien_otwarty14.jpg 800w\" sizes=\"auto, (max-width: 100px) 100vw, 100px\" \/><\/a><a href=\"https:\/\/www.mojabochnia.pl\/?attachment_id=69832\" class=\"\"><img loading=\"lazy\" decoding=\"async\" width=\"100\" height=\"56\" src=\"https:\/\/www.mojabochnia.pl\/wp-content\/uploads\/2012\/04\/dzien-otwarty_15-120x67.jpg\" class=\"attachment-100x100 size-100x100\" alt=\"\" srcset=\"https:\/\/www.mojabochnia.pl\/wp-content\/uploads\/2012\/04\/dzien-otwarty_15-120x67.jpg 120w, https:\/\/www.mojabochnia.pl\/wp-content\/uploads\/2012\/04\/dzien-otwarty_15-468x263.jpg 468w, https:\/\/www.mojabochnia.pl\/wp-content\/uploads\/2012\/04\/dzien-otwarty_15-660x371.jpg 660w, https:\/\/www.mojabochnia.pl\/wp-content\/uploads\/2012\/04\/dzien-otwarty_15.jpg 800w\" sizes=\"auto, (max-width: 100px) 100vw, 100px\" \/><\/a>\t    <\/div>\r\n\t    ","protected":false},"excerpt":{"rendered":"<p>Pi\u0105tek 13 kwietnia okaza\u0142 si\u0119 niezwykle udanym dla organizator\u00f3w &#8222;Dnia Otwartego\u201d w Zespole Szk\u00f3\u0142 im. Jana Paw\u0142a II w \u0141apanowie. Wszystkim osobom przyby\u0142ym  na t\u0119 imprez\u0119 zapadnie w pami\u0119ci jako dzie\u0144 pe\u0142en niezapomnianych wra\u017ce\u0144.<\/p>\n","protected":false},"author":13,"featured_media":0,"comment_status":"open","ping_status":"closed","sticky":false,"template":"","format":"standard","meta":{"_acf_changed":false,"footnotes":""},"categories":[5,6247,6246,6251,6250],"tags":[17363,17233,301,17249,5719],"class_list":["post-69818","post","type-post","status-publish","format-standard","hentry","category-biezace-wydarzenia","category-fotogaleria","category-medium","category-polityka-i-wydarzenia","category-tematyka","tag-dzien-otwarty","tag-lapanow","tag-mlodziezowe-obserwatorium-astronomiczne","tag-szkola","tag-zespol-szkol-im-jana-pawla-ii-w-lapanowie","main_tag-szkola"],"acf":[],"yoast_head":"<!-- This site is optimized with the Yoast SEO plugin v26.9 - https:\/\/yoast.com\/product\/yoast-seo-wordpress\/ -->\n<title>\u0141apan\u00f3w: &quot;Dzie\u0144 Otwarty&quot; w Zespole Szk\u00f3\u0142 im. Jana Paw\u0142a II - mojabochnia.pl - portal informacyjny<\/title>\n<meta name=\"robots\" content=\"index, follow, max-snippet:-1, max-image-preview:large, max-video-preview:-1\" \/>\n<link rel=\"canonical\" href=\"https:\/\/www.mojabochnia.pl\/?p=69818\" \/>\n<meta property=\"og:locale\" content=\"pl_PL\" \/>\n<meta property=\"og:type\" content=\"article\" \/>\n<meta property=\"og:title\" content=\"\u0141apan\u00f3w: &quot;Dzie\u0144 Otwarty&quot; w Zespole Szk\u00f3\u0142 im. Jana Paw\u0142a II - mojabochnia.pl - portal informacyjny\" \/>\n<meta property=\"og:description\" content=\"Pi\u0105tek 13 kwietnia okaza\u0142 si\u0119 niezwykle udanym dla organizator\u00f3w &quot;Dnia Otwartego\u201d w Zespole Szk\u00f3\u0142 im. Jana Paw\u0142a II w \u0141apanowie. Wszystkim osobom przyby\u0142ym na t\u0119 imprez\u0119 zapadnie w pami\u0119ci jako dzie\u0144 pe\u0142en niezapomnianych wra\u017ce\u0144.\" \/>\n<meta property=\"og:url\" content=\"https:\/\/www.mojabochnia.pl\/?p=69818\" \/>\n<meta property=\"og:site_name\" content=\"mojabochnia.pl - portal informacyjny\" \/>\n<meta property=\"article:publisher\" content=\"https:\/\/www.facebook.com\/mojabochnia\" \/>\n<meta property=\"article:published_time\" content=\"2012-04-17T09:47:21+00:00\" \/>\n<meta name=\"author\" content=\"redakcja\" \/>\n<meta name=\"twitter:card\" content=\"summary_large_image\" \/>\n<meta name=\"twitter:label1\" content=\"Written by\" \/>\n\t<meta name=\"twitter:data1\" content=\"redakcja\" \/>\n\t<meta name=\"twitter:label2\" content=\"Est. reading time\" \/>\n\t<meta name=\"twitter:data2\" content=\"1 minuta\" \/>\n<script type=\"application\/ld+json\" class=\"yoast-schema-graph\">{\"@context\":\"https:\/\/schema.org\",\"@graph\":[{\"@type\":\"Article\",\"@id\":\"https:\/\/www.mojabochnia.pl\/?p=69818#article\",\"isPartOf\":{\"@id\":\"https:\/\/www.mojabochnia.pl\/?p=69818\"},\"author\":{\"name\":\"redakcja\",\"@id\":\"https:\/\/www.mojabochnia.pl\/#\/schema\/person\/7e2f20ead9902216a3384f13606c0ab7\"},\"headline\":\"\u0141apan\u00f3w: &#8222;Dzie\u0144 Otwarty&#8221; w Zespole Szk\u00f3\u0142 im. Jana Paw\u0142a II\",\"datePublished\":\"2012-04-17T09:47:21+00:00\",\"mainEntityOfPage\":{\"@id\":\"https:\/\/www.mojabochnia.pl\/?p=69818\"},\"wordCount\":254,\"commentCount\":0,\"publisher\":{\"@id\":\"https:\/\/www.mojabochnia.pl\/#organization\"},\"keywords\":[\"dzie\u0144 otwarty\",\"\u0141apan\u00f3w\",\"m\u0142odzie\u017cowe obserwatorium astronomiczne\",\"szko\u0142a\",\"Zesp\u00f3\u0142 Szk\u00f3\u0142  im. Jana Paw\u0142a II w \u0141apanowie\"],\"articleSection\":[\"2_ostatnie\",\"fotogaleria\",\"Medium\",\"polityka i wydarzenia\",\"tematyka\"],\"inLanguage\":\"pl-PL\",\"potentialAction\":[{\"@type\":\"CommentAction\",\"name\":\"Comment\",\"target\":[\"https:\/\/www.mojabochnia.pl\/?p=69818#respond\"]}]},{\"@type\":\"WebPage\",\"@id\":\"https:\/\/www.mojabochnia.pl\/?p=69818\",\"url\":\"https:\/\/www.mojabochnia.pl\/?p=69818\",\"name\":\"\u0141apan\u00f3w: \\\"Dzie\u0144 Otwarty\\\" w Zespole Szk\u00f3\u0142 im. Jana Paw\u0142a II - mojabochnia.pl - portal informacyjny\",\"isPartOf\":{\"@id\":\"https:\/\/www.mojabochnia.pl\/#website\"},\"datePublished\":\"2012-04-17T09:47:21+00:00\",\"breadcrumb\":{\"@id\":\"https:\/\/www.mojabochnia.pl\/?p=69818#breadcrumb\"},\"inLanguage\":\"pl-PL\",\"potentialAction\":[{\"@type\":\"ReadAction\",\"target\":[\"https:\/\/www.mojabochnia.pl\/?p=69818\"]}]},{\"@type\":\"BreadcrumbList\",\"@id\":\"https:\/\/www.mojabochnia.pl\/?p=69818#breadcrumb\",\"itemListElement\":[{\"@type\":\"ListItem\",\"position\":1,\"name\":\"Home\",\"item\":\"https:\/\/www.mojabochnia.pl\/\"},{\"@type\":\"ListItem\",\"position\":2,\"name\":\"\u0141apan\u00f3w: &#8222;Dzie\u0144 Otwarty&#8221; w Zespole Szk\u00f3\u0142 im. Jana Paw\u0142a II\"}]},{\"@type\":\"WebSite\",\"@id\":\"https:\/\/www.mojabochnia.pl\/#website\",\"url\":\"https:\/\/www.mojabochnia.pl\/\",\"name\":\"mojabochnia.pl - portal informacyjny\",\"description\":\"mojaBochnia to portal informacyjny o Bochni. Codziennie o Bochni piszemy i pokazujemy najwa\u017cniejsze wydarzenia\",\"publisher\":{\"@id\":\"https:\/\/www.mojabochnia.pl\/#organization\"},\"potentialAction\":[{\"@type\":\"SearchAction\",\"target\":{\"@type\":\"EntryPoint\",\"urlTemplate\":\"https:\/\/www.mojabochnia.pl\/?s={search_term_string}\"},\"query-input\":{\"@type\":\"PropertyValueSpecification\",\"valueRequired\":true,\"valueName\":\"search_term_string\"}}],\"inLanguage\":\"pl-PL\"},{\"@type\":\"Organization\",\"@id\":\"https:\/\/www.mojabochnia.pl\/#organization\",\"name\":\"mojabochnia.pl - portal informacyjny\",\"url\":\"https:\/\/www.mojabochnia.pl\/\",\"logo\":{\"@type\":\"ImageObject\",\"inLanguage\":\"pl-PL\",\"@id\":\"https:\/\/www.mojabochnia.pl\/#\/schema\/logo\/image\/\",\"url\":\"https:\/\/www.mojabochnia.pl\/wp-content\/uploads\/2017\/08\/logo-mb-opt.png\",\"contentUrl\":\"https:\/\/www.mojabochnia.pl\/wp-content\/uploads\/2017\/08\/logo-mb-opt.png\",\"width\":250,\"height\":48,\"caption\":\"mojabochnia.pl - portal informacyjny\"},\"image\":{\"@id\":\"https:\/\/www.mojabochnia.pl\/#\/schema\/logo\/image\/\"},\"sameAs\":[\"https:\/\/www.facebook.com\/mojabochnia\"]},{\"@type\":\"Person\",\"@id\":\"https:\/\/www.mojabochnia.pl\/#\/schema\/person\/7e2f20ead9902216a3384f13606c0ab7\",\"name\":\"redakcja\",\"sameAs\":[\"http:\/\/\"],\"url\":\"https:\/\/www.mojabochnia.pl\/?author=13\"}]}<\/script>\n<!-- \/ Yoast SEO plugin. -->","yoast_head_json":{"title":"\u0141apan\u00f3w: \"Dzie\u0144 Otwarty\" w Zespole Szk\u00f3\u0142 im. Jana Paw\u0142a II - mojabochnia.pl - portal informacyjny","robots":{"index":"index","follow":"follow","max-snippet":"max-snippet:-1","max-image-preview":"max-image-preview:large","max-video-preview":"max-video-preview:-1"},"canonical":"https:\/\/www.mojabochnia.pl\/?p=69818","og_locale":"pl_PL","og_type":"article","og_title":"\u0141apan\u00f3w: \"Dzie\u0144 Otwarty\" w Zespole Szk\u00f3\u0142 im. Jana Paw\u0142a II - mojabochnia.pl - portal informacyjny","og_description":"Pi\u0105tek 13 kwietnia okaza\u0142 si\u0119 niezwykle udanym dla organizator\u00f3w \"Dnia Otwartego\u201d w Zespole Szk\u00f3\u0142 im. Jana Paw\u0142a II w \u0141apanowie. Wszystkim osobom przyby\u0142ym na t\u0119 imprez\u0119 zapadnie w pami\u0119ci jako dzie\u0144 pe\u0142en niezapomnianych wra\u017ce\u0144.","og_url":"https:\/\/www.mojabochnia.pl\/?p=69818","og_site_name":"mojabochnia.pl - portal informacyjny","article_publisher":"https:\/\/www.facebook.com\/mojabochnia","article_published_time":"2012-04-17T09:47:21+00:00","author":"redakcja","twitter_card":"summary_large_image","twitter_misc":{"Written by":"redakcja","Est. reading time":"1 minuta"},"schema":{"@context":"https:\/\/schema.org","@graph":[{"@type":"Article","@id":"https:\/\/www.mojabochnia.pl\/?p=69818#article","isPartOf":{"@id":"https:\/\/www.mojabochnia.pl\/?p=69818"},"author":{"name":"redakcja","@id":"https:\/\/www.mojabochnia.pl\/#\/schema\/person\/7e2f20ead9902216a3384f13606c0ab7"},"headline":"\u0141apan\u00f3w: &#8222;Dzie\u0144 Otwarty&#8221; w Zespole Szk\u00f3\u0142 im. Jana Paw\u0142a II","datePublished":"2012-04-17T09:47:21+00:00","mainEntityOfPage":{"@id":"https:\/\/www.mojabochnia.pl\/?p=69818"},"wordCount":254,"commentCount":0,"publisher":{"@id":"https:\/\/www.mojabochnia.pl\/#organization"},"keywords":["dzie\u0144 otwarty","\u0141apan\u00f3w","m\u0142odzie\u017cowe obserwatorium astronomiczne","szko\u0142a","Zesp\u00f3\u0142 Szk\u00f3\u0142  im. Jana Paw\u0142a II w \u0141apanowie"],"articleSection":["2_ostatnie","fotogaleria","Medium","polityka i wydarzenia","tematyka"],"inLanguage":"pl-PL","potentialAction":[{"@type":"CommentAction","name":"Comment","target":["https:\/\/www.mojabochnia.pl\/?p=69818#respond"]}]},{"@type":"WebPage","@id":"https:\/\/www.mojabochnia.pl\/?p=69818","url":"https:\/\/www.mojabochnia.pl\/?p=69818","name":"\u0141apan\u00f3w: \"Dzie\u0144 Otwarty\" w Zespole Szk\u00f3\u0142 im. Jana Paw\u0142a II - mojabochnia.pl - portal informacyjny","isPartOf":{"@id":"https:\/\/www.mojabochnia.pl\/#website"},"datePublished":"2012-04-17T09:47:21+00:00","breadcrumb":{"@id":"https:\/\/www.mojabochnia.pl\/?p=69818#breadcrumb"},"inLanguage":"pl-PL","potentialAction":[{"@type":"ReadAction","target":["https:\/\/www.mojabochnia.pl\/?p=69818"]}]},{"@type":"BreadcrumbList","@id":"https:\/\/www.mojabochnia.pl\/?p=69818#breadcrumb","itemListElement":[{"@type":"ListItem","position":1,"name":"Home","item":"https:\/\/www.mojabochnia.pl\/"},{"@type":"ListItem","position":2,"name":"\u0141apan\u00f3w: &#8222;Dzie\u0144 Otwarty&#8221; w Zespole Szk\u00f3\u0142 im. Jana Paw\u0142a II"}]},{"@type":"WebSite","@id":"https:\/\/www.mojabochnia.pl\/#website","url":"https:\/\/www.mojabochnia.pl\/","name":"mojabochnia.pl - portal informacyjny","description":"mojaBochnia to portal informacyjny o Bochni. Codziennie o Bochni piszemy i pokazujemy najwa\u017cniejsze wydarzenia","publisher":{"@id":"https:\/\/www.mojabochnia.pl\/#organization"},"potentialAction":[{"@type":"SearchAction","target":{"@type":"EntryPoint","urlTemplate":"https:\/\/www.mojabochnia.pl\/?s={search_term_string}"},"query-input":{"@type":"PropertyValueSpecification","valueRequired":true,"valueName":"search_term_string"}}],"inLanguage":"pl-PL"},{"@type":"Organization","@id":"https:\/\/www.mojabochnia.pl\/#organization","name":"mojabochnia.pl - portal informacyjny","url":"https:\/\/www.mojabochnia.pl\/","logo":{"@type":"ImageObject","inLanguage":"pl-PL","@id":"https:\/\/www.mojabochnia.pl\/#\/schema\/logo\/image\/","url":"https:\/\/www.mojabochnia.pl\/wp-content\/uploads\/2017\/08\/logo-mb-opt.png","contentUrl":"https:\/\/www.mojabochnia.pl\/wp-content\/uploads\/2017\/08\/logo-mb-opt.png","width":250,"height":48,"caption":"mojabochnia.pl - portal informacyjny"},"image":{"@id":"https:\/\/www.mojabochnia.pl\/#\/schema\/logo\/image\/"},"sameAs":["https:\/\/www.facebook.com\/mojabochnia"]},{"@type":"Person","@id":"https:\/\/www.mojabochnia.pl\/#\/schema\/person\/7e2f20ead9902216a3384f13606c0ab7","name":"redakcja","sameAs":["http:\/\/"],"url":"https:\/\/www.mojabochnia.pl\/?author=13"}]}},"_links":{"self":[{"href":"https:\/\/www.mojabochnia.pl\/index.php?rest_route=\/wp\/v2\/posts\/69818","targetHints":{"allow":["GET"]}}],"collection":[{"href":"https:\/\/www.mojabochnia.pl\/index.php?rest_route=\/wp\/v2\/posts"}],"about":[{"href":"https:\/\/www.mojabochnia.pl\/index.php?rest_route=\/wp\/v2\/types\/post"}],"author":[{"embeddable":true,"href":"https:\/\/www.mojabochnia.pl\/index.php?rest_route=\/wp\/v2\/users\/13"}],"replies":[{"embeddable":true,"href":"https:\/\/www.mojabochnia.pl\/index.php?rest_route=%2Fwp%2Fv2%2Fcomments&post=69818"}],"version-history":[{"count":7,"href":"https:\/\/www.mojabochnia.pl\/index.php?rest_route=\/wp\/v2\/posts\/69818\/revisions"}],"predecessor-version":[{"id":69837,"href":"https:\/\/www.mojabochnia.pl\/index.php?rest_route=\/wp\/v2\/posts\/69818\/revisions\/69837"}],"wp:attachment":[{"href":"https:\/\/www.mojabochnia.pl\/index.php?rest_route=%2Fwp%2Fv2%2Fmedia&parent=69818"}],"wp:term":[{"taxonomy":"category","embeddable":true,"href":"https:\/\/www.mojabochnia.pl\/index.php?rest_route=%2Fwp%2Fv2%2Fcategories&post=69818"},{"taxonomy":"post_tag","embeddable":true,"href":"https:\/\/www.mojabochnia.pl\/index.php?rest_route=%2Fwp%2Fv2%2Ftags&post=69818"}],"curies":[{"name":"wp","href":"https:\/\/api.w.org\/{rel}","templated":true}]}}