{"id":6971,"date":"2009-03-26T12:32:38","date_gmt":"2009-03-26T11:32:38","guid":{"rendered":"http:\/\/www.mojabochnia.pl\/?p=6971"},"modified":"2009-03-26T14:10:16","modified_gmt":"2009-03-26T13:10:16","slug":"balk-po-v-kolejce","status":"publish","type":"post","link":"https:\/\/www.mojabochnia.pl\/?p=6971","title":{"rendered":"Balk: po V kolejce"},"content":{"rendered":"<p>Podczas niedzielnych rozgrywek V kolejki rundy rewan\u017cowej zesp\u00f3\u0142 Fasada Team przegrywaj\u0105c z Nale\u015bnikami, zmniejszy\u0142 swoja przewag\u0119 punktow\u0105 nad rywalami. Dru\u017cyny dzieli jeden punkt, kt\u00f3ry mo\u017ce si\u0119 okaza\u0107 decyduj\u0105cy podczas dalszych, ko\u0144cz\u0105cych si\u0119 ju\u017c rozgrywek Balk-u.<\/p>\n<p>Podczas meczu tych dw\u00f3ch zespo\u0142\u00f3w, zawodnik Fasada Teamu-u zosta\u0142 r\u00f3wnie\u017c ukarany za niesportowe zachowanie. Skutkiem tego zachowanie by\u0142o usuniecie A. Surmy z boiska, oraz odsuni\u0119cie go od gry w kolejnym \u2013 przedostatnim spotkaniu. &#8211; <em>Poziom gry jest wysoki. Walka o zwyci\u0119stwo b\u0119dzie si\u0119 toczy\u0142a mi\u0119dzy trzema pierwszymi dru\u017cynami z tabeli<\/em> \u2013 powiedzia\u0142 Krzysztof Kiero\u0144ski, nauczyciel wychowania fizycznego, obserwuj\u0105cy zmagania zespo\u0142\u00f3w.<\/p>\n","protected":false},"excerpt":{"rendered":"<p>Koniec sezonu Boche\u0144skiej Amatorskiej Ligi Koszyk\u00f3wki zbli\u017ca si\u0119 wielkimi krokami. Do ko\u0144ca rozgrywek pozosta\u0142y jeszcze tylko dwa spotkania.<\/p>\n","protected":false},"author":1,"featured_media":0,"comment_status":"open","ping_status":"closed","sticky":false,"template":"","format":"standard","meta":{"_acf_changed":false,"footnotes":""},"categories":[29],"tags":[17560,1754,1755,3136,17342,17268,178,17366,2753,17346,2553,3137],"class_list":["post-6971","post","type-post","status-publish","format-standard","hentry","category-sport","tag-balk","tag-bochenska-amatorska-liga-koszykowki","tag-druzyna","tag-krzysztof-kieronski","tag-liga","tag-mecz","tag-mosir","tag-rozgrywki","tag-runda","tag-spotkanie","tag-zespol","tag-zwyciestwo"],"acf":[],"yoast_head":"<!-- This site is optimized with the Yoast SEO plugin v26.9 - https:\/\/yoast.com\/product\/yoast-seo-wordpress\/ -->\n<title>Balk: po V kolejce - mojabochnia.pl - portal informacyjny<\/title>\n<meta name=\"robots\" content=\"index, follow, max-snippet:-1, max-image-preview:large, max-video-preview:-1\" \/>\n<link rel=\"canonical\" href=\"https:\/\/www.mojabochnia.pl\/?p=6971\" \/>\n<meta property=\"og:locale\" content=\"pl_PL\" \/>\n<meta property=\"og:type\" content=\"article\" \/>\n<meta property=\"og:title\" content=\"Balk: po V kolejce - mojabochnia.pl - portal informacyjny\" \/>\n<meta property=\"og:description\" content=\"Koniec sezonu Boche\u0144skiej Amatorskiej Ligi Koszyk\u00f3wki zbli\u017ca si\u0119 wielkimi krokami. Do ko\u0144ca rozgrywek pozosta\u0142y jeszcze tylko dwa spotkania.\" \/>\n<meta property=\"og:url\" content=\"https:\/\/www.mojabochnia.pl\/?p=6971\" \/>\n<meta property=\"og:site_name\" content=\"mojabochnia.pl - portal informacyjny\" \/>\n<meta property=\"article:publisher\" content=\"https:\/\/www.facebook.com\/mojabochnia\" \/>\n<meta property=\"article:published_time\" content=\"2009-03-26T11:32:38+00:00\" \/>\n<meta property=\"article:modified_time\" content=\"2009-03-26T13:10:16+00:00\" \/>\n<meta name=\"author\" content=\"administrator\" \/>\n<meta name=\"twitter:card\" content=\"summary_large_image\" \/>\n<meta name=\"twitter:label1\" content=\"Written by\" \/>\n\t<meta name=\"twitter:data1\" content=\"administrator\" \/>\n\t<meta name=\"twitter:label2\" content=\"Est. reading time\" \/>\n\t<meta name=\"twitter:data2\" content=\"1 minuta\" \/>\n<script type=\"application\/ld+json\" class=\"yoast-schema-graph\">{\"@context\":\"https:\/\/schema.org\",\"@graph\":[{\"@type\":\"Article\",\"@id\":\"https:\/\/www.mojabochnia.pl\/?p=6971#article\",\"isPartOf\":{\"@id\":\"https:\/\/www.mojabochnia.pl\/?p=6971\"},\"author\":{\"name\":\"administrator\",\"@id\":\"https:\/\/www.mojabochnia.pl\/#\/schema\/person\/c00e1f64e6fa0e6de6d410f2c340017f\"},\"headline\":\"Balk: po V kolejce\",\"datePublished\":\"2009-03-26T11:32:38+00:00\",\"dateModified\":\"2009-03-26T13:10:16+00:00\",\"mainEntityOfPage\":{\"@id\":\"https:\/\/www.mojabochnia.pl\/?p=6971\"},\"wordCount\":119,\"commentCount\":0,\"publisher\":{\"@id\":\"https:\/\/www.mojabochnia.pl\/#organization\"},\"keywords\":[\"balk\",\"boche\u0144ska amatorska liga koszyk\u00f3wki\",\"dru\u017cyna\",\"krzysztof kiero\u0144ski\",\"liga\",\"mecz\",\"MOSiR\",\"rozgrywki\",\"runda\",\"spotkanie\",\"zesp\u00f3\u0142\",\"zwyci\u0119stwo\"],\"articleSection\":[\"sport\"],\"inLanguage\":\"pl-PL\",\"potentialAction\":[{\"@type\":\"CommentAction\",\"name\":\"Comment\",\"target\":[\"https:\/\/www.mojabochnia.pl\/?p=6971#respond\"]}]},{\"@type\":\"WebPage\",\"@id\":\"https:\/\/www.mojabochnia.pl\/?p=6971\",\"url\":\"https:\/\/www.mojabochnia.pl\/?p=6971\",\"name\":\"Balk: po V kolejce - mojabochnia.pl - portal informacyjny\",\"isPartOf\":{\"@id\":\"https:\/\/www.mojabochnia.pl\/#website\"},\"datePublished\":\"2009-03-26T11:32:38+00:00\",\"dateModified\":\"2009-03-26T13:10:16+00:00\",\"breadcrumb\":{\"@id\":\"https:\/\/www.mojabochnia.pl\/?p=6971#breadcrumb\"},\"inLanguage\":\"pl-PL\",\"potentialAction\":[{\"@type\":\"ReadAction\",\"target\":[\"https:\/\/www.mojabochnia.pl\/?p=6971\"]}]},{\"@type\":\"BreadcrumbList\",\"@id\":\"https:\/\/www.mojabochnia.pl\/?p=6971#breadcrumb\",\"itemListElement\":[{\"@type\":\"ListItem\",\"position\":1,\"name\":\"Home\",\"item\":\"https:\/\/www.mojabochnia.pl\/\"},{\"@type\":\"ListItem\",\"position\":2,\"name\":\"Balk: po V kolejce\"}]},{\"@type\":\"WebSite\",\"@id\":\"https:\/\/www.mojabochnia.pl\/#website\",\"url\":\"https:\/\/www.mojabochnia.pl\/\",\"name\":\"mojabochnia.pl - portal informacyjny\",\"description\":\"mojaBochnia to portal informacyjny o Bochni. Codziennie o Bochni piszemy i pokazujemy najwa\u017cniejsze wydarzenia\",\"publisher\":{\"@id\":\"https:\/\/www.mojabochnia.pl\/#organization\"},\"potentialAction\":[{\"@type\":\"SearchAction\",\"target\":{\"@type\":\"EntryPoint\",\"urlTemplate\":\"https:\/\/www.mojabochnia.pl\/?s={search_term_string}\"},\"query-input\":{\"@type\":\"PropertyValueSpecification\",\"valueRequired\":true,\"valueName\":\"search_term_string\"}}],\"inLanguage\":\"pl-PL\"},{\"@type\":\"Organization\",\"@id\":\"https:\/\/www.mojabochnia.pl\/#organization\",\"name\":\"mojabochnia.pl - portal informacyjny\",\"url\":\"https:\/\/www.mojabochnia.pl\/\",\"logo\":{\"@type\":\"ImageObject\",\"inLanguage\":\"pl-PL\",\"@id\":\"https:\/\/www.mojabochnia.pl\/#\/schema\/logo\/image\/\",\"url\":\"https:\/\/www.mojabochnia.pl\/wp-content\/uploads\/2017\/08\/logo-mb-opt.png\",\"contentUrl\":\"https:\/\/www.mojabochnia.pl\/wp-content\/uploads\/2017\/08\/logo-mb-opt.png\",\"width\":250,\"height\":48,\"caption\":\"mojabochnia.pl - portal informacyjny\"},\"image\":{\"@id\":\"https:\/\/www.mojabochnia.pl\/#\/schema\/logo\/image\/\"},\"sameAs\":[\"https:\/\/www.facebook.com\/mojabochnia\"]},{\"@type\":\"Person\",\"@id\":\"https:\/\/www.mojabochnia.pl\/#\/schema\/person\/c00e1f64e6fa0e6de6d410f2c340017f\",\"name\":\"administrator\",\"url\":\"https:\/\/www.mojabochnia.pl\/?author=1\"}]}<\/script>\n<!-- \/ Yoast SEO plugin. -->","yoast_head_json":{"title":"Balk: po V kolejce - mojabochnia.pl - portal informacyjny","robots":{"index":"index","follow":"follow","max-snippet":"max-snippet:-1","max-image-preview":"max-image-preview:large","max-video-preview":"max-video-preview:-1"},"canonical":"https:\/\/www.mojabochnia.pl\/?p=6971","og_locale":"pl_PL","og_type":"article","og_title":"Balk: po V kolejce - mojabochnia.pl - portal informacyjny","og_description":"Koniec sezonu Boche\u0144skiej Amatorskiej Ligi Koszyk\u00f3wki zbli\u017ca si\u0119 wielkimi krokami. Do ko\u0144ca rozgrywek pozosta\u0142y jeszcze tylko dwa spotkania.","og_url":"https:\/\/www.mojabochnia.pl\/?p=6971","og_site_name":"mojabochnia.pl - portal informacyjny","article_publisher":"https:\/\/www.facebook.com\/mojabochnia","article_published_time":"2009-03-26T11:32:38+00:00","article_modified_time":"2009-03-26T13:10:16+00:00","author":"administrator","twitter_card":"summary_large_image","twitter_misc":{"Written by":"administrator","Est. reading time":"1 minuta"},"schema":{"@context":"https:\/\/schema.org","@graph":[{"@type":"Article","@id":"https:\/\/www.mojabochnia.pl\/?p=6971#article","isPartOf":{"@id":"https:\/\/www.mojabochnia.pl\/?p=6971"},"author":{"name":"administrator","@id":"https:\/\/www.mojabochnia.pl\/#\/schema\/person\/c00e1f64e6fa0e6de6d410f2c340017f"},"headline":"Balk: po V kolejce","datePublished":"2009-03-26T11:32:38+00:00","dateModified":"2009-03-26T13:10:16+00:00","mainEntityOfPage":{"@id":"https:\/\/www.mojabochnia.pl\/?p=6971"},"wordCount":119,"commentCount":0,"publisher":{"@id":"https:\/\/www.mojabochnia.pl\/#organization"},"keywords":["balk","boche\u0144ska amatorska liga koszyk\u00f3wki","dru\u017cyna","krzysztof kiero\u0144ski","liga","mecz","MOSiR","rozgrywki","runda","spotkanie","zesp\u00f3\u0142","zwyci\u0119stwo"],"articleSection":["sport"],"inLanguage":"pl-PL","potentialAction":[{"@type":"CommentAction","name":"Comment","target":["https:\/\/www.mojabochnia.pl\/?p=6971#respond"]}]},{"@type":"WebPage","@id":"https:\/\/www.mojabochnia.pl\/?p=6971","url":"https:\/\/www.mojabochnia.pl\/?p=6971","name":"Balk: po V kolejce - mojabochnia.pl - portal informacyjny","isPartOf":{"@id":"https:\/\/www.mojabochnia.pl\/#website"},"datePublished":"2009-03-26T11:32:38+00:00","dateModified":"2009-03-26T13:10:16+00:00","breadcrumb":{"@id":"https:\/\/www.mojabochnia.pl\/?p=6971#breadcrumb"},"inLanguage":"pl-PL","potentialAction":[{"@type":"ReadAction","target":["https:\/\/www.mojabochnia.pl\/?p=6971"]}]},{"@type":"BreadcrumbList","@id":"https:\/\/www.mojabochnia.pl\/?p=6971#breadcrumb","itemListElement":[{"@type":"ListItem","position":1,"name":"Home","item":"https:\/\/www.mojabochnia.pl\/"},{"@type":"ListItem","position":2,"name":"Balk: po V kolejce"}]},{"@type":"WebSite","@id":"https:\/\/www.mojabochnia.pl\/#website","url":"https:\/\/www.mojabochnia.pl\/","name":"mojabochnia.pl - portal informacyjny","description":"mojaBochnia to portal informacyjny o Bochni. Codziennie o Bochni piszemy i pokazujemy najwa\u017cniejsze wydarzenia","publisher":{"@id":"https:\/\/www.mojabochnia.pl\/#organization"},"potentialAction":[{"@type":"SearchAction","target":{"@type":"EntryPoint","urlTemplate":"https:\/\/www.mojabochnia.pl\/?s={search_term_string}"},"query-input":{"@type":"PropertyValueSpecification","valueRequired":true,"valueName":"search_term_string"}}],"inLanguage":"pl-PL"},{"@type":"Organization","@id":"https:\/\/www.mojabochnia.pl\/#organization","name":"mojabochnia.pl - portal informacyjny","url":"https:\/\/www.mojabochnia.pl\/","logo":{"@type":"ImageObject","inLanguage":"pl-PL","@id":"https:\/\/www.mojabochnia.pl\/#\/schema\/logo\/image\/","url":"https:\/\/www.mojabochnia.pl\/wp-content\/uploads\/2017\/08\/logo-mb-opt.png","contentUrl":"https:\/\/www.mojabochnia.pl\/wp-content\/uploads\/2017\/08\/logo-mb-opt.png","width":250,"height":48,"caption":"mojabochnia.pl - portal informacyjny"},"image":{"@id":"https:\/\/www.mojabochnia.pl\/#\/schema\/logo\/image\/"},"sameAs":["https:\/\/www.facebook.com\/mojabochnia"]},{"@type":"Person","@id":"https:\/\/www.mojabochnia.pl\/#\/schema\/person\/c00e1f64e6fa0e6de6d410f2c340017f","name":"administrator","url":"https:\/\/www.mojabochnia.pl\/?author=1"}]}},"_links":{"self":[{"href":"https:\/\/www.mojabochnia.pl\/index.php?rest_route=\/wp\/v2\/posts\/6971","targetHints":{"allow":["GET"]}}],"collection":[{"href":"https:\/\/www.mojabochnia.pl\/index.php?rest_route=\/wp\/v2\/posts"}],"about":[{"href":"https:\/\/www.mojabochnia.pl\/index.php?rest_route=\/wp\/v2\/types\/post"}],"author":[{"embeddable":true,"href":"https:\/\/www.mojabochnia.pl\/index.php?rest_route=\/wp\/v2\/users\/1"}],"replies":[{"embeddable":true,"href":"https:\/\/www.mojabochnia.pl\/index.php?rest_route=%2Fwp%2Fv2%2Fcomments&post=6971"}],"version-history":[{"count":0,"href":"https:\/\/www.mojabochnia.pl\/index.php?rest_route=\/wp\/v2\/posts\/6971\/revisions"}],"wp:attachment":[{"href":"https:\/\/www.mojabochnia.pl\/index.php?rest_route=%2Fwp%2Fv2%2Fmedia&parent=6971"}],"wp:term":[{"taxonomy":"category","embeddable":true,"href":"https:\/\/www.mojabochnia.pl\/index.php?rest_route=%2Fwp%2Fv2%2Fcategories&post=6971"},{"taxonomy":"post_tag","embeddable":true,"href":"https:\/\/www.mojabochnia.pl\/index.php?rest_route=%2Fwp%2Fv2%2Ftags&post=6971"}],"curies":[{"name":"wp","href":"https:\/\/api.w.org\/{rel}","templated":true}]}}