{"id":69624,"date":"2012-04-12T14:24:47","date_gmt":"2012-04-12T12:24:47","guid":{"rendered":"http:\/\/www.mojabochnia.pl\/?p=69624"},"modified":"2012-04-12T20:22:31","modified_gmt":"2012-04-12T18:22:31","slug":"72-rocznica-zbrodni-katynskiej-zdjecia","status":"publish","type":"post","link":"https:\/\/www.mojabochnia.pl\/?p=69624","title":{"rendered":"72. rocznica Zbrodni Katy\u0144skiej &#8211; zdj\u0119cia"},"content":{"rendered":"<p>W podnios\u0142ej uroczysto\u015bci wzi\u0119li udzia\u0142 krewni poleg\u0142ych przed 72 laty. Byli r\u00f3wnie\u017c samorz\u0105dowcy, przedstawiciele jednostek miejskich, stowarzysze\u0144, szk\u00f3\u0142. <\/p>\n<p>Burmistrz Stefan Kolawi\u0144ski, kt\u00f3ry by\u0142 organizatorem uroczyst\u015bci, odczyta\u0142 nazwiska 30 os\u00f3b zamordowanych przez NKWD, zwi\u0105zanych z Bochni\u0105. Wicestarosta Tomasz Ca\u0142ka na zako\u0144czenie wyst\u0105pienia przytoczy\u0142 wiersz swojego autorstwa o zbrodni katy\u0144skiej. Z kolei Teofil Wojciechowski, by\u0142y burmistrz Bochni, w emocjonalnym tonie zwr\u00f3ci\u0142 uwag\u0119, \u017ce zab\u00f3jstwo przedstawicieli polskiej inteligencji by\u0142o ludob\u00f3jstwem.<\/p>\n<p>Od 2010 r. w Bochni upami\u0119tniono ju\u017c 90 os\u00f3b zamordowanych w Katyniu, Charkowie i Miednoje. W przysz\u0142ym roku na obelisku przy ul. Ofiar Katynia zostanie ods\u0142oni\u0119ta ostatnia tablica z 20 nazwiskami.<\/p>\n<p><strong>2009<\/strong><br \/>\nPierwsze \u201ed\u0119by pami\u0119ci\u201d dedykowane ofiarom zbrodni katy\u0144skiej zwi\u0105zanym urodzeniem lub s\u0142u\u017cb\u0105 z Bochni\u0105 posadzono 17 wrze\u015bnia 2009 roku w 70. rocznic\u0119 napa\u015bci sowieckiej na Polsk\u0119, w\u0142\u0105czaj\u0105c si\u0119 tym samym w og\u00f3lnopolsk\u0105 akcj\u0119 \u201eKaty\u0144 \u2013 ocali\u0107 od zapomnienia\u201d.<\/p>\n<p><strong>2010<\/strong><br \/>\n13 kwietnia 2010 roku, w 70. rocznic\u0119 Zbrodni Katy\u0144skiej, zosta\u0142o posadzonych 20 kolejnych d\u0119b\u00f3w, a nieopodal cmentarza przy obecnej ulicy Ofiar Katynia stan\u0105\u0142 obelisk, na kt\u00f3rym umieszczono tablic\u0119 z nazwiskami 30 oficer\u00f3w Wojska Polskiego zamordowanych  w Katyniu, Charkowie, Miednoje.<\/p>\n<p>Na pierwszej tablicy upami\u0119tnieni zostali: mjr Edward Danikiewicz, ppor. Stanis\u0142aw Gargul, mjr Karol Glazur, por. Tadeusz Ludwik G\u00f6ttinger, kpt. Jan Stanis\u0142aw Jelonek, mjr Aleksander Feliks Koralewski, por. Stanis\u0142aw Henryk Krogulski, kpt. Jan Krudowski, pp\u0142k Stefan Marceli Krudowski, kpt. Kazimierz Antoni Kubicki, asp. PP Karol Lach, asp. PP Jacenty Malina, mjr Tadeusz Jan Nodzy\u0144ski, kpt. Aleksander Olszowy, kpt. J\u00f3zef Pa\u0142kowski, kpt. Karol Ludwik Piotrowicz, ppor. Franciszek J\u00f3zef Podg\u00f3rzec, asp. PP Teofil Raczy\u0144ski, kpt. Marian Rentgen-G\u00fcntner, mjr Witold Robakiewicz, pp\u0142k Stanis\u0142aw Szymon Rydarowski, p\u0142k J\u00f3zef Seruga, pp\u0142k Zygmunt Aleksander Siewi\u0144ski, asp. PP Jan Siudak, p\u0142k Szymon Skoczylas, kpt. Jan Stanis\u0142aw Tarcza\u0142owicz, mjr Marian Stanis\u0142aw Wi\u015bniewski, por. Roman Kazimierz Wydra, mjr Roman J\u00f3zef Zdrochecki, ks. pp\u0142k Jan Leon Zi\u00f3\u0142kowski.<\/p>\n<p>Ods\u0142oni\u0119cia tablicy dokonali Janina Podg\u00f3rczykowa, c\u00f3rka pu\u0142kownika Szymona Skoczylasa, kt\u00f3ry przed wojn\u0105 by\u0142 szefem stacjonuj\u0105cego w Bochni 5. Dywizjonu Tabor\u00f3w i Bogdan Kosturkiewicz \u00f3wczesny burmistrz Bochni.<\/p>\n<p><strong>2011<\/strong><br \/>\nDok\u0142adnie rok p\u00f3\u017aniej, 13 kwietnia 2011 roku drug\u0105 tablic\u0119 ods\u0142onili Alicja Pawlak-Tyma\u0144ska c\u00f3rka majora Karola Czachora ze Stefanem Kolawi\u0144skim burmistrzem Bochni.<\/p>\n<p>Na drugiej tablicy uwiecznieni zostali oficerowie: mjr Stefan Leon Anlauf, asp. PP Jan Babral, asp. PP W\u0142adys\u0142aw Badylak, asp. SW Maksymilian Bankiewicz, post. PP Jan Batorski, por. Franciszek Biel, asp. PP Tomasz Bo\u017cek, asp. PP Franciszek Budy\u015b, asp. PP Jan Burkiewicz, asp. PP Zygmunt Cie\u015blewicz, mjr Karol Czachor, asp. PP Boles\u0142aw Domi\u0144ski, por. Jan Dziadek, asp. SW Szymon Fitrzyk, por. Kazimierz Antoni G\u0105siorek, kpt. Antoni G\u00f3rka, por. J\u00f3zef Karol Kalita, kpt. Franciszek Kocela, mjr Stanis\u0142aw J\u00f3zef Kocha\u0144ski, asp. PP Micha\u0142 Klasa, mjr Dawid Lehrhaft, pp\u0142k Leon Matolski, por. Maksymilian Pola\u0144ski, kpt. Edward Rojek, kpt. Grzegorz Straszewski, mjr Wilhelm \u015alizowski, mjr Alfred Leopold Tatarka, kpt. Leszek Zygmunt Tadeusz Wojas, mjr Teodor Augustyn Zachariasiewicz, kpt. Andrzej Zieli\u0144ski.<\/p>\n<p><strong>2012<\/strong><br \/>\n12 kwietnia odby\u0142a si\u0119 uroczysto\u015b\u0107 ods\u0142oni\u0119cia i po\u015bwi\u0119cenia trzeciej tablicy z nazwiskami kolejnych trzydziestu ofiar zbrodni katy\u0144skiej. W tym roku na pomniku Ofiar Zbrodni Katy\u0144skiej zostan\u0105 uwiecznieni oficerowie:<\/p>\n<p><strong>Ob\u00f3z w Kozielsku (zamordowani w Katyniu)<\/strong><br \/>\nporucznik rezerwy Jan Ignacy BAHDAJ,<br \/>\nkapitan Micha\u0142 Jan BENESCH,<br \/>\nmajor rezerwy Roman BIA\u0141EK,<br \/>\nporucznik rezerwy Antoni Jan DA\u0143DA<br \/>\nkontradmira\u0142 Leon MOSZCZE\u0143SKI,<br \/>\nkapitan Feliks PILCH,<br \/>\nmajor Stanis\u0142aw PIWOWARCZYK,<br \/>\nmajor rezerwy Wojciech PLEWNIAK,<br \/>\nporucznik rezerwy Jan WALIG\u00d3RA,<br \/>\npu\u0142kownik rezerwy Marian Stanis\u0142aw W\u00d3JTOWICZ,<br \/>\n<strong><br \/>\nOb\u00f3z w Starobielsku (zamordowani w Charkowie)<\/strong><br \/>\npodpu\u0142kownik tabor\u00f3w Franciszek Ksawery DRWOTA,<br \/>\nkapitan piechoty Kazimierz IWULSKI,<br \/>\nmajor Leopold LETY\u0143SKI,<br \/>\nporucznik piechoty rezerwy Tadeusz M\u0104CZKA,<br \/>\npu\u0142kownik piechoty Stanis\u0142aw UNDAS,<br \/>\nmajor piechoty Jakub WAJDA,<br \/>\n<strong><br \/>\nOb\u00f3z w Ostaszkowie (zamordowani w Twerze, pochowani w Miednoje)<\/strong><br \/>\nstra\u017cnik Stra\u017cy Granicznej Jan BRY\u0141A,<br \/>\naspirant Policji Pa\u0144stwowej Micha\u0142 DZIADOWIEC,<br \/>\naspirant Policji Pa\u0144stwowej W\u0142adys\u0142aw IMIO\u0141EK.<br \/>\naspirant Policji Pa\u0144stwowej Jan KACZMARCZYK,<br \/>\naspirant Policji Pa\u0144stwowej J\u00f3zef KORYGA,<br \/>\naspirant Policji Pa\u0144stwowej Teofil \u0141ACIAK,<br \/>\naspirant S\u0142u\u017cby Wi\u0119ziennej Andrzej MUS,<br \/>\naspirant Policji Pa\u0144stwowej Franciszek NIECHWIEJ,<br \/>\naspirant Policji Pa\u0144stwowej J\u00f3zef PADUCH,<br \/>\naspirant Policji Pa\u0144stwowej J\u00f3zef PUZIO,<br \/>\naspirant Policji Pa\u0144stwowej Wincenty SKOCZEK,<br \/>\naspirant Policji Pa\u0144stwowej Andrzej SUCHENKO,<br \/>\naspirant S\u0142u\u017cby Wi\u0119ziennej W\u0142adys\u0142aw TOMASZEWSKI,<br \/>\naspirant Policji Pa\u0144stwowej W\u0142adys\u0142aw W\u0141ODARCZYK,<br \/>\n<strong><br \/>\nPrzem\u00f3wienie burmistrza Bochni Stefana Kolawi\u0144skiego<\/strong><\/p>\n<p><em>Szanowni Pa\u0144stwo:<br \/>\nRodziny Ofiar Zbrodni Katy\u0144skiej<br \/>\nDostojni Go\u015bcie,<br \/>\nDroga M\u0142odzie\u017cy!<\/p>\n<p>Spotykamy si\u0119 w wigili\u0119 \u015bwi\u0119ta, kt\u00f3re uchwali\u0142 Sejm Rzeczpospolitej Polskiej, nazywaj\u0105c je Dniem Pami\u0119ci Ofiar Zbrodni Katy\u0144skiej. Spotykamy si\u0119 wigili\u0119 \u015bwi\u0119ta, kt\u00f3rego nie wolno by\u0142o w Polsce obchodzi\u0107 przez 50 lat. Przez pi\u0119\u0107dziesi\u0105t lat pr\u00f3bowano zafa\u0142szowa\u0107 pami\u0119\u0107 o polskiej historii i polskiej to\u017csamo\u015bci.<\/p>\n<p>Zbrodni dokonano z woli Stalina, na rozkaz najwy\u017cszych w\u0142adz Zwi\u0105zku Sowieckiego. Decyzja o rozstrzelaniu zapad\u0142a 5 marca 1940 r., na wniosek \u0141awrentija Berii. W uzasadnieniu rozkazu pisa\u0142: \u201eto zatwardziali, nie rokuj\u0105cy poprawy wrogowie w\u0142adzy sowieckiej\u201d. Zg\u0142adzono ich bez proces\u00f3w, bez wyrok\u00f3w, z pogwa\u0142ceniem praw i konwencji cywilizowanego \u015bwiata.<\/p>\n<p>Dlaczego?<\/p>\n<p>Zbrodnia katy\u0144ska by\u0142a cz\u0119\u015bci\u0105 planu zniszczenia wolnej Polski, pa\u0144stwa, kt\u00f3re od 1920 roku sta\u0142o na drodze podboju Europy przez komunistyczne imperium. To dlatego NKWD pr\u00f3bowa\u0142o pozyska\u0107 je\u0144c\u00f3w, polscy oficerowie wybrali jednak honor i wierno\u015b\u0107 Ojczy\u017anie. Dlatego Stalin i jego Biuro Polityczne, mszcz\u0105c si\u0119 na nieugi\u0119tych, zadecydowali \u2013 rozstrzela\u0107!<\/p>\n<p>Grobami ich s\u0105 do\u0142y \u015bmierci w Katyniu, Piatichatkach, Miednoje. Te do\u0142y \u015bmierci mia\u0142y tak\u017ce sta\u0107 si\u0119 grobem niepodleg\u0142ej Rzeczpospolitej.<\/p>\n<p>I tak si\u0119 niemal sta\u0142o. Polacy, kt\u00f3rzy walczyli z hitlerowskimi Niemcami od pocz\u0105tku wojny do jej ko\u0144ca, na wszystkich frontach, po upadku III Rzeszy trafili w stref\u0119 totalitarnego komunizmu. Po 1945 roku nasza historia by\u0142a fa\u0142szowana pod dyktando komunistycznej propagandy.<\/p>\n<p>\u015awiat mia\u0142 si\u0119 nigdy nie dowiedzie\u0107 prawdy o Katyniu! Rodzinom ofiar odebrano prawo do op\u0142akania i godnego upami\u0119tnienia najbli\u017cszych.<\/p>\n<p>Ale tak, jak k\u0142amstwo katy\u0144skie sta\u0142o si\u0119 najwi\u0119kszym k\u0142amstwem PRL-u, tak prawda o nim sta\u0142a si\u0119 fundamentem wolnej Polski.<\/p>\n<p>W\u0142adze miasta w 2001 roku ufundowa\u0142y tablic\u0119 z br\u0105zu z napisem: \u201ePami\u0119ci Syn\u00f3w Ziemi Boche\u0144skiej, je\u0144c\u00f3w Kozielska, Starobielska, Ostaszkowa, kt\u00f3rzy oddali \u017cycie za ojczyzn\u0119 w Katyniu, Charkowie, Miednoje i innych miejscach ka\u017ani na nieludzkiej ziemi\u201d. Obok tekstu znajduje si\u0119 relief przedstawiaj\u0105cy Matk\u0119 Bo\u017c\u0105 Katy\u0144sk\u0105 tul\u0105c\u0105 \u017co\u0142nierza z g\u0142ow\u0105 przestrzelon\u0105 od ty\u0142u kul\u0105 oprawcy z NKWD. Tablic\u0119 umieszczono w kruchcie przy nawie po\u0142udniowej boche\u0144skiej Bazyliki. Miejsce to sta\u0142o si\u0119 Kaplic\u0105 Pami\u0119ci Narodowej, u\u015bwi\u0119ca j\u0105 ziemia z miejsc ka\u017ani, umieszczona w urnach wok\u00f3\u0142 rze\u017aby Chrystusa Frasobliwego.<\/p>\n<p>W 2009 roku, w 70. rocznic\u0119 napa\u015bci sowieckiej na Polsk\u0119, rozpocz\u0119to proces upami\u0119tniania boche\u0144skich ofiar zbrodni katy\u0144skiej w\u0142a\u015bnie tutaj, w tym miejscu. Zasadzono w\u00f3wczas pierwsze \u201ed\u0119by pami\u0119ci\u201d.<\/p>\n<p>Kilka miesi\u0119cy p\u00f3\u017aniej, 13 kwietnia 2010 roku, w 70. rocznic\u0119 zbrodni katy\u0144skiej posadzono kolejne d\u0119by oraz posadowiono obelisk, przy kt\u00f3rym dzisiaj si\u0119 zgromadzili\u015bmy, a na nim umieszczono pierwsz\u0105 tablic\u0119 z nazwiskami 30 oficer\u00f3w zamordowanych w Katyniu, Charkowie i Miednoje. Ods\u0142oni\u0119cia dokonali pani Janina Podg\u00f3rczykowa, c\u00f3rka pu\u0142kownika Szymona Skoczylasa, przed wojn\u0105 komendanta stacjonuj\u0105cego w Bochni Pi\u0105tego Dywizjonu Tabor\u00f3w oraz \u00f3wczesny burmistrz Bochni Bogdan Kosturkiewicz.<\/p>\n<p>Dok\u0142adnie rok p\u00f3\u017aniej, 13 kwietnia 2011 roku ods\u0142onili\u015bmy tutaj wsp\u00f3lnie z pani\u0105 Alicj\u0105 Pawlak-Tyma\u0144sk\u0105, c\u00f3rka majora Karola Czachora, drug\u0105 tablic\u0119, zawierajac\u0105 kolejne 30 nazwisk ofiar zbrodni katy\u0144skiej, upami\u0119tnili\u015bmy ich tak\u017ce \u201ed\u0119bami katy\u0144skimi\u201d.<\/p>\n<p>Decyzj\u0105 Rady Miasta Bochnia, od 11 listopada minionego roku ulica, przy kt\u00f3rej stoimy, nosi nazw\u0119 \u201eOfiar Katynia\u201d.<\/p>\n<p>Dzisiaj dokonamy ods\u0142oni\u0119cia trzeciej tablicy z wyrytymi 30 nazwiskami oficer\u00f3w Wojska Polskiego, Korpusu Ochrony Pogranicza, funkcjonariuszy Policji Pa\u0144stwowej, Stra\u017cy Wi\u0119ziennej oraz innych organ\u00f3w Pa\u0144stwa Polskiego urodzeniem lub s\u0142u\u017cb\u0105 zwi\u0105zanych z Bochni\u0105. Nieopodal, na cmentarzu, posadzone zosta\u0142y d\u0119by im dedykowane.<\/p>\n<p>Do\u015bwiadczenie Katynia i walka z k\u0142amstwem o nim, to cz\u0119\u015b\u0107 naszej historii<br \/>\ni naszej to\u017csamo\u015bci, ale to tak\u017ce do\u015bwiadczenie nios\u0105ce przes\u0142anie dla ka\u017cdego cz\u0142owieka i wszystkich narod\u00f3w \u015bwiata. Zbrodnia Katy\u0144ska zawsze b\u0119dzie przypomina\u0107 o sile k\u0142amstwa i o gro\u017abie zniewolenia ludzi i narod\u00f3w. B\u0119dzie tak\u017ce \u015bwiadectwem tego, \u017ce ludzie i narody potrafi\u0105 \u2013 nawet w czasach najtrudniejszych \u2013 wybra\u0107 wolno\u015b\u0107 i broni\u0107 prawdy.<\/p>\n<p>Oddajmy wsp\u00f3lnie ho\u0142d tym, kt\u00f3rzy dokonali w\u0142a\u015bnie takiego wyboru. &#8211; Chwa\u0142a bohaterom! Cze\u015b\u0107 ich pami\u0119ci!<\/em><\/p>\n<p>Bochnia, 12 kwietnia 2012 r.<\/p>\n\t  \r\n\t\r\n\t    <div class=\"mb-gallery\">\r\n\t    <a href=\"https:\/\/www.mojabochnia.pl\/?attachment_id=69627\" class=\"\"><img loading=\"lazy\" decoding=\"async\" width=\"100\" height=\"56\" src=\"https:\/\/www.mojabochnia.pl\/wp-content\/uploads\/2012\/04\/IMG_8344-120x67.jpg\" class=\"attachment-100x100 size-100x100\" alt=\"\" srcset=\"https:\/\/www.mojabochnia.pl\/wp-content\/uploads\/2012\/04\/IMG_8344-120x67.jpg 120w, https:\/\/www.mojabochnia.pl\/wp-content\/uploads\/2012\/04\/IMG_8344-468x263.jpg 468w, https:\/\/www.mojabochnia.pl\/wp-content\/uploads\/2012\/04\/IMG_8344-660x371.jpg 660w, https:\/\/www.mojabochnia.pl\/wp-content\/uploads\/2012\/04\/IMG_8344.jpg 800w\" sizes=\"auto, (max-width: 100px) 100vw, 100px\" \/><\/a><a href=\"https:\/\/www.mojabochnia.pl\/?attachment_id=69628\" class=\"\"><img loading=\"lazy\" decoding=\"async\" width=\"100\" height=\"56\" src=\"https:\/\/www.mojabochnia.pl\/wp-content\/uploads\/2012\/04\/IMG_8345-120x67.jpg\" class=\"attachment-100x100 size-100x100\" alt=\"\" srcset=\"https:\/\/www.mojabochnia.pl\/wp-content\/uploads\/2012\/04\/IMG_8345-120x67.jpg 120w, https:\/\/www.mojabochnia.pl\/wp-content\/uploads\/2012\/04\/IMG_8345-468x263.jpg 468w, https:\/\/www.mojabochnia.pl\/wp-content\/uploads\/2012\/04\/IMG_8345-660x371.jpg 660w, https:\/\/www.mojabochnia.pl\/wp-content\/uploads\/2012\/04\/IMG_8345.jpg 800w\" sizes=\"auto, (max-width: 100px) 100vw, 100px\" \/><\/a><a href=\"https:\/\/www.mojabochnia.pl\/?attachment_id=69629\" class=\"\"><img loading=\"lazy\" decoding=\"async\" width=\"100\" height=\"56\" src=\"https:\/\/www.mojabochnia.pl\/wp-content\/uploads\/2012\/04\/IMG_8346-120x67.jpg\" class=\"attachment-100x100 size-100x100\" alt=\"\" srcset=\"https:\/\/www.mojabochnia.pl\/wp-content\/uploads\/2012\/04\/IMG_8346-120x67.jpg 120w, https:\/\/www.mojabochnia.pl\/wp-content\/uploads\/2012\/04\/IMG_8346-468x263.jpg 468w, https:\/\/www.mojabochnia.pl\/wp-content\/uploads\/2012\/04\/IMG_8346-660x371.jpg 660w, https:\/\/www.mojabochnia.pl\/wp-content\/uploads\/2012\/04\/IMG_8346.jpg 800w\" sizes=\"auto, (max-width: 100px) 100vw, 100px\" \/><\/a><a href=\"https:\/\/www.mojabochnia.pl\/?attachment_id=69630\" class=\"\"><img loading=\"lazy\" decoding=\"async\" width=\"100\" height=\"56\" src=\"https:\/\/www.mojabochnia.pl\/wp-content\/uploads\/2012\/04\/IMG_8349-120x67.jpg\" class=\"attachment-100x100 size-100x100\" alt=\"\" srcset=\"https:\/\/www.mojabochnia.pl\/wp-content\/uploads\/2012\/04\/IMG_8349-120x67.jpg 120w, https:\/\/www.mojabochnia.pl\/wp-content\/uploads\/2012\/04\/IMG_8349-468x263.jpg 468w, https:\/\/www.mojabochnia.pl\/wp-content\/uploads\/2012\/04\/IMG_8349-660x371.jpg 660w, https:\/\/www.mojabochnia.pl\/wp-content\/uploads\/2012\/04\/IMG_8349.jpg 800w\" sizes=\"auto, (max-width: 100px) 100vw, 100px\" \/><\/a><a href=\"https:\/\/www.mojabochnia.pl\/?attachment_id=69631\" class=\"\"><img loading=\"lazy\" decoding=\"async\" width=\"100\" height=\"56\" src=\"https:\/\/www.mojabochnia.pl\/wp-content\/uploads\/2012\/04\/IMG_8353-120x67.jpg\" class=\"attachment-100x100 size-100x100\" alt=\"\" srcset=\"https:\/\/www.mojabochnia.pl\/wp-content\/uploads\/2012\/04\/IMG_8353-120x67.jpg 120w, https:\/\/www.mojabochnia.pl\/wp-content\/uploads\/2012\/04\/IMG_8353-468x263.jpg 468w, https:\/\/www.mojabochnia.pl\/wp-content\/uploads\/2012\/04\/IMG_8353-660x371.jpg 660w, https:\/\/www.mojabochnia.pl\/wp-content\/uploads\/2012\/04\/IMG_8353.jpg 800w\" sizes=\"auto, (max-width: 100px) 100vw, 100px\" \/><\/a><a href=\"https:\/\/www.mojabochnia.pl\/?attachment_id=69632\" class=\"\"><img loading=\"lazy\" decoding=\"async\" width=\"100\" height=\"56\" src=\"https:\/\/www.mojabochnia.pl\/wp-content\/uploads\/2012\/04\/IMG_8354-120x67.jpg\" class=\"attachment-100x100 size-100x100\" alt=\"\" srcset=\"https:\/\/www.mojabochnia.pl\/wp-content\/uploads\/2012\/04\/IMG_8354-120x67.jpg 120w, https:\/\/www.mojabochnia.pl\/wp-content\/uploads\/2012\/04\/IMG_8354-468x263.jpg 468w, https:\/\/www.mojabochnia.pl\/wp-content\/uploads\/2012\/04\/IMG_8354-660x371.jpg 660w, https:\/\/www.mojabochnia.pl\/wp-content\/uploads\/2012\/04\/IMG_8354.jpg 800w\" sizes=\"auto, (max-width: 100px) 100vw, 100px\" \/><\/a><a href=\"https:\/\/www.mojabochnia.pl\/?attachment_id=69633\" class=\"\"><img loading=\"lazy\" decoding=\"async\" width=\"100\" height=\"56\" src=\"https:\/\/www.mojabochnia.pl\/wp-content\/uploads\/2012\/04\/IMG_8355-120x67.jpg\" class=\"attachment-100x100 size-100x100\" alt=\"\" srcset=\"https:\/\/www.mojabochnia.pl\/wp-content\/uploads\/2012\/04\/IMG_8355-120x67.jpg 120w, https:\/\/www.mojabochnia.pl\/wp-content\/uploads\/2012\/04\/IMG_8355-468x263.jpg 468w, https:\/\/www.mojabochnia.pl\/wp-content\/uploads\/2012\/04\/IMG_8355-660x371.jpg 660w, https:\/\/www.mojabochnia.pl\/wp-content\/uploads\/2012\/04\/IMG_8355.jpg 800w\" sizes=\"auto, (max-width: 100px) 100vw, 100px\" \/><\/a><a href=\"https:\/\/www.mojabochnia.pl\/?attachment_id=69634\" class=\"\"><img loading=\"lazy\" decoding=\"async\" width=\"100\" height=\"56\" src=\"https:\/\/www.mojabochnia.pl\/wp-content\/uploads\/2012\/04\/IMG_8359-120x67.jpg\" class=\"attachment-100x100 size-100x100\" alt=\"\" srcset=\"https:\/\/www.mojabochnia.pl\/wp-content\/uploads\/2012\/04\/IMG_8359-120x67.jpg 120w, https:\/\/www.mojabochnia.pl\/wp-content\/uploads\/2012\/04\/IMG_8359-468x263.jpg 468w, https:\/\/www.mojabochnia.pl\/wp-content\/uploads\/2012\/04\/IMG_8359-660x371.jpg 660w, https:\/\/www.mojabochnia.pl\/wp-content\/uploads\/2012\/04\/IMG_8359.jpg 800w\" sizes=\"auto, (max-width: 100px) 100vw, 100px\" \/><\/a><a href=\"https:\/\/www.mojabochnia.pl\/?attachment_id=69635\" class=\"\"><img loading=\"lazy\" decoding=\"async\" width=\"100\" height=\"56\" src=\"https:\/\/www.mojabochnia.pl\/wp-content\/uploads\/2012\/04\/IMG_8362-120x67.jpg\" class=\"attachment-100x100 size-100x100\" alt=\"\" srcset=\"https:\/\/www.mojabochnia.pl\/wp-content\/uploads\/2012\/04\/IMG_8362-120x67.jpg 120w, https:\/\/www.mojabochnia.pl\/wp-content\/uploads\/2012\/04\/IMG_8362-468x263.jpg 468w, https:\/\/www.mojabochnia.pl\/wp-content\/uploads\/2012\/04\/IMG_8362-660x371.jpg 660w, https:\/\/www.mojabochnia.pl\/wp-content\/uploads\/2012\/04\/IMG_8362.jpg 800w\" sizes=\"auto, (max-width: 100px) 100vw, 100px\" \/><\/a><a href=\"https:\/\/www.mojabochnia.pl\/?attachment_id=69636\" class=\"\"><img loading=\"lazy\" decoding=\"async\" width=\"100\" height=\"56\" src=\"https:\/\/www.mojabochnia.pl\/wp-content\/uploads\/2012\/04\/IMG_8363-120x67.jpg\" class=\"attachment-100x100 size-100x100\" alt=\"\" srcset=\"https:\/\/www.mojabochnia.pl\/wp-content\/uploads\/2012\/04\/IMG_8363-120x67.jpg 120w, https:\/\/www.mojabochnia.pl\/wp-content\/uploads\/2012\/04\/IMG_8363-468x263.jpg 468w, https:\/\/www.mojabochnia.pl\/wp-content\/uploads\/2012\/04\/IMG_8363-660x371.jpg 660w, https:\/\/www.mojabochnia.pl\/wp-content\/uploads\/2012\/04\/IMG_8363.jpg 800w\" sizes=\"auto, (max-width: 100px) 100vw, 100px\" \/><\/a><a href=\"https:\/\/www.mojabochnia.pl\/?attachment_id=69637\" class=\"\"><img loading=\"lazy\" decoding=\"async\" width=\"100\" height=\"56\" src=\"https:\/\/www.mojabochnia.pl\/wp-content\/uploads\/2012\/04\/IMG_8364-120x67.jpg\" class=\"attachment-100x100 size-100x100\" alt=\"\" srcset=\"https:\/\/www.mojabochnia.pl\/wp-content\/uploads\/2012\/04\/IMG_8364-120x67.jpg 120w, https:\/\/www.mojabochnia.pl\/wp-content\/uploads\/2012\/04\/IMG_8364-468x263.jpg 468w, https:\/\/www.mojabochnia.pl\/wp-content\/uploads\/2012\/04\/IMG_8364-660x371.jpg 660w, https:\/\/www.mojabochnia.pl\/wp-content\/uploads\/2012\/04\/IMG_8364.jpg 800w\" sizes=\"auto, (max-width: 100px) 100vw, 100px\" \/><\/a><a href=\"https:\/\/www.mojabochnia.pl\/?attachment_id=69638\" class=\"\"><img loading=\"lazy\" decoding=\"async\" width=\"100\" height=\"56\" src=\"https:\/\/www.mojabochnia.pl\/wp-content\/uploads\/2012\/04\/IMG_8367-120x67.jpg\" class=\"attachment-100x100 size-100x100\" alt=\"\" srcset=\"https:\/\/www.mojabochnia.pl\/wp-content\/uploads\/2012\/04\/IMG_8367-120x67.jpg 120w, https:\/\/www.mojabochnia.pl\/wp-content\/uploads\/2012\/04\/IMG_8367-468x263.jpg 468w, https:\/\/www.mojabochnia.pl\/wp-content\/uploads\/2012\/04\/IMG_8367-660x371.jpg 660w, https:\/\/www.mojabochnia.pl\/wp-content\/uploads\/2012\/04\/IMG_8367.jpg 800w\" sizes=\"auto, (max-width: 100px) 100vw, 100px\" \/><\/a><a href=\"https:\/\/www.mojabochnia.pl\/?attachment_id=69639\" class=\"\"><img loading=\"lazy\" decoding=\"async\" width=\"100\" height=\"56\" src=\"https:\/\/www.mojabochnia.pl\/wp-content\/uploads\/2012\/04\/IMG_8368-120x67.jpg\" class=\"attachment-100x100 size-100x100\" alt=\"\" srcset=\"https:\/\/www.mojabochnia.pl\/wp-content\/uploads\/2012\/04\/IMG_8368-120x67.jpg 120w, https:\/\/www.mojabochnia.pl\/wp-content\/uploads\/2012\/04\/IMG_8368-468x263.jpg 468w, https:\/\/www.mojabochnia.pl\/wp-content\/uploads\/2012\/04\/IMG_8368-660x371.jpg 660w, https:\/\/www.mojabochnia.pl\/wp-content\/uploads\/2012\/04\/IMG_8368.jpg 800w\" sizes=\"auto, (max-width: 100px) 100vw, 100px\" \/><\/a><a href=\"https:\/\/www.mojabochnia.pl\/?attachment_id=69640\" class=\"\"><img loading=\"lazy\" decoding=\"async\" width=\"100\" height=\"56\" src=\"https:\/\/www.mojabochnia.pl\/wp-content\/uploads\/2012\/04\/IMG_8374-120x67.jpg\" class=\"attachment-100x100 size-100x100\" alt=\"\" srcset=\"https:\/\/www.mojabochnia.pl\/wp-content\/uploads\/2012\/04\/IMG_8374-120x67.jpg 120w, https:\/\/www.mojabochnia.pl\/wp-content\/uploads\/2012\/04\/IMG_8374-468x263.jpg 468w, https:\/\/www.mojabochnia.pl\/wp-content\/uploads\/2012\/04\/IMG_8374-660x371.jpg 660w, https:\/\/www.mojabochnia.pl\/wp-content\/uploads\/2012\/04\/IMG_8374.jpg 800w\" sizes=\"auto, (max-width: 100px) 100vw, 100px\" \/><\/a><a href=\"https:\/\/www.mojabochnia.pl\/?attachment_id=69641\" class=\"\"><img loading=\"lazy\" decoding=\"async\" width=\"100\" height=\"56\" src=\"https:\/\/www.mojabochnia.pl\/wp-content\/uploads\/2012\/04\/IMG_8384-120x67.jpg\" class=\"attachment-100x100 size-100x100\" alt=\"\" srcset=\"https:\/\/www.mojabochnia.pl\/wp-content\/uploads\/2012\/04\/IMG_8384-120x67.jpg 120w, https:\/\/www.mojabochnia.pl\/wp-content\/uploads\/2012\/04\/IMG_8384-468x263.jpg 468w, https:\/\/www.mojabochnia.pl\/wp-content\/uploads\/2012\/04\/IMG_8384-660x371.jpg 660w, https:\/\/www.mojabochnia.pl\/wp-content\/uploads\/2012\/04\/IMG_8384.jpg 800w\" sizes=\"auto, (max-width: 100px) 100vw, 100px\" \/><\/a><a href=\"https:\/\/www.mojabochnia.pl\/?attachment_id=69642\" class=\"\"><img loading=\"lazy\" decoding=\"async\" width=\"100\" height=\"56\" src=\"https:\/\/www.mojabochnia.pl\/wp-content\/uploads\/2012\/04\/IMG_8385-120x67.jpg\" class=\"attachment-100x100 size-100x100\" alt=\"\" srcset=\"https:\/\/www.mojabochnia.pl\/wp-content\/uploads\/2012\/04\/IMG_8385-120x67.jpg 120w, https:\/\/www.mojabochnia.pl\/wp-content\/uploads\/2012\/04\/IMG_8385-468x263.jpg 468w, https:\/\/www.mojabochnia.pl\/wp-content\/uploads\/2012\/04\/IMG_8385-660x371.jpg 660w, https:\/\/www.mojabochnia.pl\/wp-content\/uploads\/2012\/04\/IMG_8385.jpg 800w\" sizes=\"auto, (max-width: 100px) 100vw, 100px\" \/><\/a><a href=\"https:\/\/www.mojabochnia.pl\/?attachment_id=69643\" class=\"\"><img loading=\"lazy\" decoding=\"async\" width=\"100\" height=\"56\" src=\"https:\/\/www.mojabochnia.pl\/wp-content\/uploads\/2012\/04\/IMG_8386-120x67.jpg\" class=\"attachment-100x100 size-100x100\" alt=\"\" srcset=\"https:\/\/www.mojabochnia.pl\/wp-content\/uploads\/2012\/04\/IMG_8386-120x67.jpg 120w, https:\/\/www.mojabochnia.pl\/wp-content\/uploads\/2012\/04\/IMG_8386-468x263.jpg 468w, https:\/\/www.mojabochnia.pl\/wp-content\/uploads\/2012\/04\/IMG_8386-660x371.jpg 660w, https:\/\/www.mojabochnia.pl\/wp-content\/uploads\/2012\/04\/IMG_8386.jpg 800w\" sizes=\"auto, (max-width: 100px) 100vw, 100px\" \/><\/a><a href=\"https:\/\/www.mojabochnia.pl\/?attachment_id=69644\" class=\"\"><img loading=\"lazy\" decoding=\"async\" width=\"100\" height=\"56\" src=\"https:\/\/www.mojabochnia.pl\/wp-content\/uploads\/2012\/04\/IMG_8387-120x67.jpg\" class=\"attachment-100x100 size-100x100\" alt=\"\" srcset=\"https:\/\/www.mojabochnia.pl\/wp-content\/uploads\/2012\/04\/IMG_8387-120x67.jpg 120w, https:\/\/www.mojabochnia.pl\/wp-content\/uploads\/2012\/04\/IMG_8387-468x263.jpg 468w, https:\/\/www.mojabochnia.pl\/wp-content\/uploads\/2012\/04\/IMG_8387-660x371.jpg 660w, https:\/\/www.mojabochnia.pl\/wp-content\/uploads\/2012\/04\/IMG_8387.jpg 800w\" sizes=\"auto, (max-width: 100px) 100vw, 100px\" \/><\/a><a href=\"https:\/\/www.mojabochnia.pl\/?attachment_id=69645\" class=\"\"><img loading=\"lazy\" decoding=\"async\" width=\"100\" height=\"56\" src=\"https:\/\/www.mojabochnia.pl\/wp-content\/uploads\/2012\/04\/IMG_8388-120x67.jpg\" class=\"attachment-100x100 size-100x100\" alt=\"\" srcset=\"https:\/\/www.mojabochnia.pl\/wp-content\/uploads\/2012\/04\/IMG_8388-120x67.jpg 120w, https:\/\/www.mojabochnia.pl\/wp-content\/uploads\/2012\/04\/IMG_8388-468x263.jpg 468w, https:\/\/www.mojabochnia.pl\/wp-content\/uploads\/2012\/04\/IMG_8388-660x371.jpg 660w, https:\/\/www.mojabochnia.pl\/wp-content\/uploads\/2012\/04\/IMG_8388.jpg 800w\" sizes=\"auto, (max-width: 100px) 100vw, 100px\" \/><\/a><a href=\"https:\/\/www.mojabochnia.pl\/?attachment_id=69646\" class=\"\"><img loading=\"lazy\" decoding=\"async\" width=\"100\" height=\"56\" src=\"https:\/\/www.mojabochnia.pl\/wp-content\/uploads\/2012\/04\/IMG_8390-120x67.jpg\" class=\"attachment-100x100 size-100x100\" alt=\"\" srcset=\"https:\/\/www.mojabochnia.pl\/wp-content\/uploads\/2012\/04\/IMG_8390-120x67.jpg 120w, https:\/\/www.mojabochnia.pl\/wp-content\/uploads\/2012\/04\/IMG_8390-468x263.jpg 468w, https:\/\/www.mojabochnia.pl\/wp-content\/uploads\/2012\/04\/IMG_8390-660x371.jpg 660w, https:\/\/www.mojabochnia.pl\/wp-content\/uploads\/2012\/04\/IMG_8390.jpg 800w\" sizes=\"auto, (max-width: 100px) 100vw, 100px\" \/><\/a><a href=\"https:\/\/www.mojabochnia.pl\/?attachment_id=69647\" class=\"\"><img loading=\"lazy\" decoding=\"async\" width=\"100\" height=\"56\" src=\"https:\/\/www.mojabochnia.pl\/wp-content\/uploads\/2012\/04\/IMG_8392-120x67.jpg\" class=\"attachment-100x100 size-100x100\" alt=\"\" srcset=\"https:\/\/www.mojabochnia.pl\/wp-content\/uploads\/2012\/04\/IMG_8392-120x67.jpg 120w, https:\/\/www.mojabochnia.pl\/wp-content\/uploads\/2012\/04\/IMG_8392-468x263.jpg 468w, https:\/\/www.mojabochnia.pl\/wp-content\/uploads\/2012\/04\/IMG_8392-660x371.jpg 660w, https:\/\/www.mojabochnia.pl\/wp-content\/uploads\/2012\/04\/IMG_8392.jpg 800w\" sizes=\"auto, (max-width: 100px) 100vw, 100px\" \/><\/a><a href=\"https:\/\/www.mojabochnia.pl\/?attachment_id=69648\" class=\"\"><img loading=\"lazy\" decoding=\"async\" width=\"100\" height=\"56\" src=\"https:\/\/www.mojabochnia.pl\/wp-content\/uploads\/2012\/04\/IMG_8393-120x67.jpg\" class=\"attachment-100x100 size-100x100\" alt=\"\" srcset=\"https:\/\/www.mojabochnia.pl\/wp-content\/uploads\/2012\/04\/IMG_8393-120x67.jpg 120w, https:\/\/www.mojabochnia.pl\/wp-content\/uploads\/2012\/04\/IMG_8393-468x263.jpg 468w, https:\/\/www.mojabochnia.pl\/wp-content\/uploads\/2012\/04\/IMG_8393-660x371.jpg 660w, https:\/\/www.mojabochnia.pl\/wp-content\/uploads\/2012\/04\/IMG_8393.jpg 800w\" sizes=\"auto, (max-width: 100px) 100vw, 100px\" \/><\/a><a href=\"https:\/\/www.mojabochnia.pl\/?attachment_id=69649\" class=\"\"><img loading=\"lazy\" decoding=\"async\" width=\"100\" height=\"56\" src=\"https:\/\/www.mojabochnia.pl\/wp-content\/uploads\/2012\/04\/IMG_8394-120x67.jpg\" class=\"attachment-100x100 size-100x100\" alt=\"\" srcset=\"https:\/\/www.mojabochnia.pl\/wp-content\/uploads\/2012\/04\/IMG_8394-120x67.jpg 120w, https:\/\/www.mojabochnia.pl\/wp-content\/uploads\/2012\/04\/IMG_8394-468x263.jpg 468w, https:\/\/www.mojabochnia.pl\/wp-content\/uploads\/2012\/04\/IMG_8394-660x371.jpg 660w, https:\/\/www.mojabochnia.pl\/wp-content\/uploads\/2012\/04\/IMG_8394.jpg 800w\" sizes=\"auto, (max-width: 100px) 100vw, 100px\" \/><\/a><a href=\"https:\/\/www.mojabochnia.pl\/?attachment_id=69650\" class=\"\"><img loading=\"lazy\" decoding=\"async\" width=\"100\" height=\"56\" src=\"https:\/\/www.mojabochnia.pl\/wp-content\/uploads\/2012\/04\/IMG_8403-120x67.jpg\" class=\"attachment-100x100 size-100x100\" alt=\"\" srcset=\"https:\/\/www.mojabochnia.pl\/wp-content\/uploads\/2012\/04\/IMG_8403-120x67.jpg 120w, https:\/\/www.mojabochnia.pl\/wp-content\/uploads\/2012\/04\/IMG_8403-468x263.jpg 468w, https:\/\/www.mojabochnia.pl\/wp-content\/uploads\/2012\/04\/IMG_8403-660x371.jpg 660w, https:\/\/www.mojabochnia.pl\/wp-content\/uploads\/2012\/04\/IMG_8403.jpg 800w\" sizes=\"auto, (max-width: 100px) 100vw, 100px\" \/><\/a><a href=\"https:\/\/www.mojabochnia.pl\/?attachment_id=69651\" class=\"\"><img loading=\"lazy\" decoding=\"async\" width=\"100\" height=\"56\" src=\"https:\/\/www.mojabochnia.pl\/wp-content\/uploads\/2012\/04\/IMG_8406-120x67.jpg\" class=\"attachment-100x100 size-100x100\" alt=\"\" srcset=\"https:\/\/www.mojabochnia.pl\/wp-content\/uploads\/2012\/04\/IMG_8406-120x67.jpg 120w, https:\/\/www.mojabochnia.pl\/wp-content\/uploads\/2012\/04\/IMG_8406-468x263.jpg 468w, https:\/\/www.mojabochnia.pl\/wp-content\/uploads\/2012\/04\/IMG_8406-660x371.jpg 660w, https:\/\/www.mojabochnia.pl\/wp-content\/uploads\/2012\/04\/IMG_8406.jpg 800w\" sizes=\"auto, (max-width: 100px) 100vw, 100px\" \/><\/a><a href=\"https:\/\/www.mojabochnia.pl\/?attachment_id=69652\" class=\"\"><img loading=\"lazy\" decoding=\"async\" width=\"100\" height=\"56\" src=\"https:\/\/www.mojabochnia.pl\/wp-content\/uploads\/2012\/04\/IMG_8408-120x67.jpg\" class=\"attachment-100x100 size-100x100\" alt=\"\" srcset=\"https:\/\/www.mojabochnia.pl\/wp-content\/uploads\/2012\/04\/IMG_8408-120x67.jpg 120w, https:\/\/www.mojabochnia.pl\/wp-content\/uploads\/2012\/04\/IMG_8408-468x263.jpg 468w, https:\/\/www.mojabochnia.pl\/wp-content\/uploads\/2012\/04\/IMG_8408-660x371.jpg 660w, https:\/\/www.mojabochnia.pl\/wp-content\/uploads\/2012\/04\/IMG_8408.jpg 800w\" sizes=\"auto, (max-width: 100px) 100vw, 100px\" \/><\/a><a href=\"https:\/\/www.mojabochnia.pl\/?attachment_id=69653\" class=\"\"><img loading=\"lazy\" decoding=\"async\" width=\"100\" height=\"56\" src=\"https:\/\/www.mojabochnia.pl\/wp-content\/uploads\/2012\/04\/IMG_8409-120x67.jpg\" class=\"attachment-100x100 size-100x100\" alt=\"\" srcset=\"https:\/\/www.mojabochnia.pl\/wp-content\/uploads\/2012\/04\/IMG_8409-120x67.jpg 120w, https:\/\/www.mojabochnia.pl\/wp-content\/uploads\/2012\/04\/IMG_8409-468x263.jpg 468w, https:\/\/www.mojabochnia.pl\/wp-content\/uploads\/2012\/04\/IMG_8409-660x371.jpg 660w, https:\/\/www.mojabochnia.pl\/wp-content\/uploads\/2012\/04\/IMG_8409.jpg 800w\" sizes=\"auto, (max-width: 100px) 100vw, 100px\" \/><\/a><a href=\"https:\/\/www.mojabochnia.pl\/?attachment_id=69654\" class=\"\"><img loading=\"lazy\" decoding=\"async\" width=\"100\" height=\"56\" src=\"https:\/\/www.mojabochnia.pl\/wp-content\/uploads\/2012\/04\/IMG_8411-120x67.jpg\" class=\"attachment-100x100 size-100x100\" alt=\"\" srcset=\"https:\/\/www.mojabochnia.pl\/wp-content\/uploads\/2012\/04\/IMG_8411-120x67.jpg 120w, https:\/\/www.mojabochnia.pl\/wp-content\/uploads\/2012\/04\/IMG_8411-468x263.jpg 468w, https:\/\/www.mojabochnia.pl\/wp-content\/uploads\/2012\/04\/IMG_8411-660x371.jpg 660w, https:\/\/www.mojabochnia.pl\/wp-content\/uploads\/2012\/04\/IMG_8411.jpg 800w\" sizes=\"auto, (max-width: 100px) 100vw, 100px\" \/><\/a><a href=\"https:\/\/www.mojabochnia.pl\/?attachment_id=69655\" class=\"\"><img loading=\"lazy\" decoding=\"async\" width=\"100\" height=\"56\" src=\"https:\/\/www.mojabochnia.pl\/wp-content\/uploads\/2012\/04\/IMG_8417-120x67.jpg\" class=\"attachment-100x100 size-100x100\" alt=\"\" srcset=\"https:\/\/www.mojabochnia.pl\/wp-content\/uploads\/2012\/04\/IMG_8417-120x67.jpg 120w, https:\/\/www.mojabochnia.pl\/wp-content\/uploads\/2012\/04\/IMG_8417-468x263.jpg 468w, https:\/\/www.mojabochnia.pl\/wp-content\/uploads\/2012\/04\/IMG_8417-660x371.jpg 660w, https:\/\/www.mojabochnia.pl\/wp-content\/uploads\/2012\/04\/IMG_8417.jpg 800w\" sizes=\"auto, (max-width: 100px) 100vw, 100px\" \/><\/a><a href=\"https:\/\/www.mojabochnia.pl\/?attachment_id=69656\" class=\"\"><img loading=\"lazy\" decoding=\"async\" width=\"100\" height=\"56\" src=\"https:\/\/www.mojabochnia.pl\/wp-content\/uploads\/2012\/04\/IMG_8419-120x67.jpg\" class=\"attachment-100x100 size-100x100\" alt=\"\" srcset=\"https:\/\/www.mojabochnia.pl\/wp-content\/uploads\/2012\/04\/IMG_8419-120x67.jpg 120w, https:\/\/www.mojabochnia.pl\/wp-content\/uploads\/2012\/04\/IMG_8419-468x263.jpg 468w, https:\/\/www.mojabochnia.pl\/wp-content\/uploads\/2012\/04\/IMG_8419-660x371.jpg 660w, https:\/\/www.mojabochnia.pl\/wp-content\/uploads\/2012\/04\/IMG_8419.jpg 800w\" sizes=\"auto, (max-width: 100px) 100vw, 100px\" \/><\/a><a href=\"https:\/\/www.mojabochnia.pl\/?attachment_id=69657\" class=\"\"><img loading=\"lazy\" decoding=\"async\" width=\"100\" height=\"56\" src=\"https:\/\/www.mojabochnia.pl\/wp-content\/uploads\/2012\/04\/IMG_8424-120x67.jpg\" class=\"attachment-100x100 size-100x100\" alt=\"\" srcset=\"https:\/\/www.mojabochnia.pl\/wp-content\/uploads\/2012\/04\/IMG_8424-120x67.jpg 120w, https:\/\/www.mojabochnia.pl\/wp-content\/uploads\/2012\/04\/IMG_8424-468x263.jpg 468w, https:\/\/www.mojabochnia.pl\/wp-content\/uploads\/2012\/04\/IMG_8424-660x371.jpg 660w, https:\/\/www.mojabochnia.pl\/wp-content\/uploads\/2012\/04\/IMG_8424.jpg 800w\" sizes=\"auto, (max-width: 100px) 100vw, 100px\" \/><\/a><a href=\"https:\/\/www.mojabochnia.pl\/?attachment_id=69658\" class=\"\"><img loading=\"lazy\" decoding=\"async\" width=\"100\" height=\"56\" src=\"https:\/\/www.mojabochnia.pl\/wp-content\/uploads\/2012\/04\/IMG_8425-120x67.jpg\" class=\"attachment-100x100 size-100x100\" alt=\"\" srcset=\"https:\/\/www.mojabochnia.pl\/wp-content\/uploads\/2012\/04\/IMG_8425-120x67.jpg 120w, https:\/\/www.mojabochnia.pl\/wp-content\/uploads\/2012\/04\/IMG_8425-468x263.jpg 468w, https:\/\/www.mojabochnia.pl\/wp-content\/uploads\/2012\/04\/IMG_8425-660x371.jpg 660w, https:\/\/www.mojabochnia.pl\/wp-content\/uploads\/2012\/04\/IMG_8425.jpg 800w\" sizes=\"auto, (max-width: 100px) 100vw, 100px\" \/><\/a><a href=\"https:\/\/www.mojabochnia.pl\/?attachment_id=69659\" class=\"\"><img loading=\"lazy\" decoding=\"async\" width=\"100\" height=\"56\" src=\"https:\/\/www.mojabochnia.pl\/wp-content\/uploads\/2012\/04\/IMG_8428-120x67.jpg\" class=\"attachment-100x100 size-100x100\" alt=\"\" srcset=\"https:\/\/www.mojabochnia.pl\/wp-content\/uploads\/2012\/04\/IMG_8428-120x67.jpg 120w, https:\/\/www.mojabochnia.pl\/wp-content\/uploads\/2012\/04\/IMG_8428-468x263.jpg 468w, https:\/\/www.mojabochnia.pl\/wp-content\/uploads\/2012\/04\/IMG_8428-660x371.jpg 660w, https:\/\/www.mojabochnia.pl\/wp-content\/uploads\/2012\/04\/IMG_8428.jpg 800w\" sizes=\"auto, (max-width: 100px) 100vw, 100px\" \/><\/a><a href=\"https:\/\/www.mojabochnia.pl\/?attachment_id=69660\" class=\"\"><img loading=\"lazy\" decoding=\"async\" width=\"100\" height=\"56\" src=\"https:\/\/www.mojabochnia.pl\/wp-content\/uploads\/2012\/04\/IMG_8431-120x67.jpg\" class=\"attachment-100x100 size-100x100\" alt=\"\" srcset=\"https:\/\/www.mojabochnia.pl\/wp-content\/uploads\/2012\/04\/IMG_8431-120x67.jpg 120w, https:\/\/www.mojabochnia.pl\/wp-content\/uploads\/2012\/04\/IMG_8431-468x263.jpg 468w, https:\/\/www.mojabochnia.pl\/wp-content\/uploads\/2012\/04\/IMG_8431-660x371.jpg 660w, https:\/\/www.mojabochnia.pl\/wp-content\/uploads\/2012\/04\/IMG_8431.jpg 800w\" sizes=\"auto, (max-width: 100px) 100vw, 100px\" \/><\/a><a href=\"https:\/\/www.mojabochnia.pl\/?attachment_id=69661\" class=\"\"><img loading=\"lazy\" decoding=\"async\" width=\"100\" height=\"56\" src=\"https:\/\/www.mojabochnia.pl\/wp-content\/uploads\/2012\/04\/IMG_8432-120x67.jpg\" class=\"attachment-100x100 size-100x100\" alt=\"\" srcset=\"https:\/\/www.mojabochnia.pl\/wp-content\/uploads\/2012\/04\/IMG_8432-120x67.jpg 120w, https:\/\/www.mojabochnia.pl\/wp-content\/uploads\/2012\/04\/IMG_8432-468x263.jpg 468w, https:\/\/www.mojabochnia.pl\/wp-content\/uploads\/2012\/04\/IMG_8432-660x371.jpg 660w, https:\/\/www.mojabochnia.pl\/wp-content\/uploads\/2012\/04\/IMG_8432.jpg 800w\" sizes=\"auto, (max-width: 100px) 100vw, 100px\" \/><\/a><a href=\"https:\/\/www.mojabochnia.pl\/?attachment_id=69662\" class=\"\"><img loading=\"lazy\" decoding=\"async\" width=\"100\" height=\"56\" src=\"https:\/\/www.mojabochnia.pl\/wp-content\/uploads\/2012\/04\/IMG_8434-120x67.jpg\" class=\"attachment-100x100 size-100x100\" alt=\"\" srcset=\"https:\/\/www.mojabochnia.pl\/wp-content\/uploads\/2012\/04\/IMG_8434-120x67.jpg 120w, https:\/\/www.mojabochnia.pl\/wp-content\/uploads\/2012\/04\/IMG_8434-468x263.jpg 468w, https:\/\/www.mojabochnia.pl\/wp-content\/uploads\/2012\/04\/IMG_8434-660x371.jpg 660w, https:\/\/www.mojabochnia.pl\/wp-content\/uploads\/2012\/04\/IMG_8434.jpg 800w\" sizes=\"auto, (max-width: 100px) 100vw, 100px\" \/><\/a><a href=\"https:\/\/www.mojabochnia.pl\/?attachment_id=69663\" class=\"\"><img loading=\"lazy\" decoding=\"async\" width=\"100\" height=\"56\" src=\"https:\/\/www.mojabochnia.pl\/wp-content\/uploads\/2012\/04\/IMG_8438-120x67.jpg\" class=\"attachment-100x100 size-100x100\" alt=\"\" srcset=\"https:\/\/www.mojabochnia.pl\/wp-content\/uploads\/2012\/04\/IMG_8438-120x67.jpg 120w, https:\/\/www.mojabochnia.pl\/wp-content\/uploads\/2012\/04\/IMG_8438-468x263.jpg 468w, https:\/\/www.mojabochnia.pl\/wp-content\/uploads\/2012\/04\/IMG_8438-660x371.jpg 660w, https:\/\/www.mojabochnia.pl\/wp-content\/uploads\/2012\/04\/IMG_8438.jpg 800w\" sizes=\"auto, (max-width: 100px) 100vw, 100px\" \/><\/a><a href=\"https:\/\/www.mojabochnia.pl\/?attachment_id=69664\" class=\"\"><img loading=\"lazy\" decoding=\"async\" width=\"100\" height=\"56\" src=\"https:\/\/www.mojabochnia.pl\/wp-content\/uploads\/2012\/04\/IMG_8439-120x67.jpg\" class=\"attachment-100x100 size-100x100\" alt=\"\" srcset=\"https:\/\/www.mojabochnia.pl\/wp-content\/uploads\/2012\/04\/IMG_8439-120x67.jpg 120w, https:\/\/www.mojabochnia.pl\/wp-content\/uploads\/2012\/04\/IMG_8439-468x263.jpg 468w, https:\/\/www.mojabochnia.pl\/wp-content\/uploads\/2012\/04\/IMG_8439-660x371.jpg 660w, https:\/\/www.mojabochnia.pl\/wp-content\/uploads\/2012\/04\/IMG_8439.jpg 800w\" sizes=\"auto, (max-width: 100px) 100vw, 100px\" \/><\/a><a href=\"https:\/\/www.mojabochnia.pl\/?attachment_id=69665\" class=\"\"><img loading=\"lazy\" decoding=\"async\" width=\"100\" height=\"56\" src=\"https:\/\/www.mojabochnia.pl\/wp-content\/uploads\/2012\/04\/IMG_8440-120x67.jpg\" class=\"attachment-100x100 size-100x100\" alt=\"\" srcset=\"https:\/\/www.mojabochnia.pl\/wp-content\/uploads\/2012\/04\/IMG_8440-120x67.jpg 120w, https:\/\/www.mojabochnia.pl\/wp-content\/uploads\/2012\/04\/IMG_8440-468x263.jpg 468w, https:\/\/www.mojabochnia.pl\/wp-content\/uploads\/2012\/04\/IMG_8440-660x371.jpg 660w, https:\/\/www.mojabochnia.pl\/wp-content\/uploads\/2012\/04\/IMG_8440.jpg 800w\" sizes=\"auto, (max-width: 100px) 100vw, 100px\" \/><\/a><a href=\"https:\/\/www.mojabochnia.pl\/?attachment_id=69666\" class=\"\"><img loading=\"lazy\" decoding=\"async\" width=\"100\" height=\"56\" src=\"https:\/\/www.mojabochnia.pl\/wp-content\/uploads\/2012\/04\/IMG_8442-120x67.jpg\" class=\"attachment-100x100 size-100x100\" alt=\"\" srcset=\"https:\/\/www.mojabochnia.pl\/wp-content\/uploads\/2012\/04\/IMG_8442-120x67.jpg 120w, https:\/\/www.mojabochnia.pl\/wp-content\/uploads\/2012\/04\/IMG_8442-468x263.jpg 468w, https:\/\/www.mojabochnia.pl\/wp-content\/uploads\/2012\/04\/IMG_8442-660x371.jpg 660w, https:\/\/www.mojabochnia.pl\/wp-content\/uploads\/2012\/04\/IMG_8442.jpg 800w\" sizes=\"auto, (max-width: 100px) 100vw, 100px\" \/><\/a><a href=\"https:\/\/www.mojabochnia.pl\/?attachment_id=69667\" class=\"\"><img loading=\"lazy\" decoding=\"async\" width=\"100\" height=\"56\" src=\"https:\/\/www.mojabochnia.pl\/wp-content\/uploads\/2012\/04\/IMG_8444-120x67.jpg\" class=\"attachment-100x100 size-100x100\" alt=\"\" srcset=\"https:\/\/www.mojabochnia.pl\/wp-content\/uploads\/2012\/04\/IMG_8444-120x67.jpg 120w, https:\/\/www.mojabochnia.pl\/wp-content\/uploads\/2012\/04\/IMG_8444-468x263.jpg 468w, https:\/\/www.mojabochnia.pl\/wp-content\/uploads\/2012\/04\/IMG_8444-660x371.jpg 660w, https:\/\/www.mojabochnia.pl\/wp-content\/uploads\/2012\/04\/IMG_8444.jpg 800w\" sizes=\"auto, (max-width: 100px) 100vw, 100px\" \/><\/a><a href=\"https:\/\/www.mojabochnia.pl\/?attachment_id=69668\" class=\"\"><img loading=\"lazy\" decoding=\"async\" width=\"100\" height=\"56\" src=\"https:\/\/www.mojabochnia.pl\/wp-content\/uploads\/2012\/04\/IMG_8445-120x67.jpg\" class=\"attachment-100x100 size-100x100\" alt=\"\" srcset=\"https:\/\/www.mojabochnia.pl\/wp-content\/uploads\/2012\/04\/IMG_8445-120x67.jpg 120w, https:\/\/www.mojabochnia.pl\/wp-content\/uploads\/2012\/04\/IMG_8445-468x263.jpg 468w, https:\/\/www.mojabochnia.pl\/wp-content\/uploads\/2012\/04\/IMG_8445-660x371.jpg 660w, https:\/\/www.mojabochnia.pl\/wp-content\/uploads\/2012\/04\/IMG_8445.jpg 800w\" sizes=\"auto, (max-width: 100px) 100vw, 100px\" \/><\/a><a href=\"https:\/\/www.mojabochnia.pl\/?attachment_id=69669\" class=\"\"><img loading=\"lazy\" decoding=\"async\" width=\"100\" height=\"56\" src=\"https:\/\/www.mojabochnia.pl\/wp-content\/uploads\/2012\/04\/IMG_8446-120x67.jpg\" class=\"attachment-100x100 size-100x100\" alt=\"\" srcset=\"https:\/\/www.mojabochnia.pl\/wp-content\/uploads\/2012\/04\/IMG_8446-120x67.jpg 120w, https:\/\/www.mojabochnia.pl\/wp-content\/uploads\/2012\/04\/IMG_8446-468x263.jpg 468w, https:\/\/www.mojabochnia.pl\/wp-content\/uploads\/2012\/04\/IMG_8446-660x371.jpg 660w, https:\/\/www.mojabochnia.pl\/wp-content\/uploads\/2012\/04\/IMG_8446.jpg 800w\" sizes=\"auto, (max-width: 100px) 100vw, 100px\" \/><\/a><a href=\"https:\/\/www.mojabochnia.pl\/?attachment_id=69670\" class=\"\"><img loading=\"lazy\" decoding=\"async\" width=\"100\" height=\"56\" src=\"https:\/\/www.mojabochnia.pl\/wp-content\/uploads\/2012\/04\/IMG_8447-120x67.jpg\" class=\"attachment-100x100 size-100x100\" alt=\"\" srcset=\"https:\/\/www.mojabochnia.pl\/wp-content\/uploads\/2012\/04\/IMG_8447-120x67.jpg 120w, https:\/\/www.mojabochnia.pl\/wp-content\/uploads\/2012\/04\/IMG_8447-468x263.jpg 468w, https:\/\/www.mojabochnia.pl\/wp-content\/uploads\/2012\/04\/IMG_8447-660x371.jpg 660w, https:\/\/www.mojabochnia.pl\/wp-content\/uploads\/2012\/04\/IMG_8447.jpg 800w\" sizes=\"auto, (max-width: 100px) 100vw, 100px\" \/><\/a><a href=\"https:\/\/www.mojabochnia.pl\/?attachment_id=69671\" class=\"\"><img loading=\"lazy\" decoding=\"async\" width=\"100\" height=\"56\" src=\"https:\/\/www.mojabochnia.pl\/wp-content\/uploads\/2012\/04\/IMG_8451-120x67.jpg\" class=\"attachment-100x100 size-100x100\" alt=\"\" srcset=\"https:\/\/www.mojabochnia.pl\/wp-content\/uploads\/2012\/04\/IMG_8451-120x67.jpg 120w, https:\/\/www.mojabochnia.pl\/wp-content\/uploads\/2012\/04\/IMG_8451-468x263.jpg 468w, https:\/\/www.mojabochnia.pl\/wp-content\/uploads\/2012\/04\/IMG_8451-660x371.jpg 660w, https:\/\/www.mojabochnia.pl\/wp-content\/uploads\/2012\/04\/IMG_8451.jpg 800w\" sizes=\"auto, (max-width: 100px) 100vw, 100px\" \/><\/a><a href=\"https:\/\/www.mojabochnia.pl\/?attachment_id=69672\" class=\"\"><img loading=\"lazy\" decoding=\"async\" width=\"100\" height=\"56\" src=\"https:\/\/www.mojabochnia.pl\/wp-content\/uploads\/2012\/04\/IMG_8452-120x67.jpg\" class=\"attachment-100x100 size-100x100\" alt=\"\" srcset=\"https:\/\/www.mojabochnia.pl\/wp-content\/uploads\/2012\/04\/IMG_8452-120x67.jpg 120w, https:\/\/www.mojabochnia.pl\/wp-content\/uploads\/2012\/04\/IMG_8452-468x263.jpg 468w, https:\/\/www.mojabochnia.pl\/wp-content\/uploads\/2012\/04\/IMG_8452-660x371.jpg 660w, https:\/\/www.mojabochnia.pl\/wp-content\/uploads\/2012\/04\/IMG_8452.jpg 800w\" sizes=\"auto, (max-width: 100px) 100vw, 100px\" \/><\/a><a href=\"https:\/\/www.mojabochnia.pl\/?attachment_id=69673\" class=\"\"><img loading=\"lazy\" decoding=\"async\" width=\"100\" height=\"56\" src=\"https:\/\/www.mojabochnia.pl\/wp-content\/uploads\/2012\/04\/IMG_8453-120x67.jpg\" class=\"attachment-100x100 size-100x100\" alt=\"\" srcset=\"https:\/\/www.mojabochnia.pl\/wp-content\/uploads\/2012\/04\/IMG_8453-120x67.jpg 120w, https:\/\/www.mojabochnia.pl\/wp-content\/uploads\/2012\/04\/IMG_8453-468x263.jpg 468w, https:\/\/www.mojabochnia.pl\/wp-content\/uploads\/2012\/04\/IMG_8453-660x371.jpg 660w, https:\/\/www.mojabochnia.pl\/wp-content\/uploads\/2012\/04\/IMG_8453.jpg 800w\" sizes=\"auto, (max-width: 100px) 100vw, 100px\" \/><\/a><a href=\"https:\/\/www.mojabochnia.pl\/?attachment_id=69674\" class=\"\"><img loading=\"lazy\" decoding=\"async\" width=\"100\" height=\"56\" src=\"https:\/\/www.mojabochnia.pl\/wp-content\/uploads\/2012\/04\/IMG_8454-120x67.jpg\" class=\"attachment-100x100 size-100x100\" alt=\"\" srcset=\"https:\/\/www.mojabochnia.pl\/wp-content\/uploads\/2012\/04\/IMG_8454-120x67.jpg 120w, https:\/\/www.mojabochnia.pl\/wp-content\/uploads\/2012\/04\/IMG_8454-468x263.jpg 468w, https:\/\/www.mojabochnia.pl\/wp-content\/uploads\/2012\/04\/IMG_8454-660x371.jpg 660w, https:\/\/www.mojabochnia.pl\/wp-content\/uploads\/2012\/04\/IMG_8454.jpg 800w\" sizes=\"auto, (max-width: 100px) 100vw, 100px\" \/><\/a><a href=\"https:\/\/www.mojabochnia.pl\/?attachment_id=69675\" class=\"\"><img loading=\"lazy\" decoding=\"async\" width=\"100\" height=\"56\" src=\"https:\/\/www.mojabochnia.pl\/wp-content\/uploads\/2012\/04\/IMG_8455-120x67.jpg\" class=\"attachment-100x100 size-100x100\" alt=\"\" srcset=\"https:\/\/www.mojabochnia.pl\/wp-content\/uploads\/2012\/04\/IMG_8455-120x67.jpg 120w, https:\/\/www.mojabochnia.pl\/wp-content\/uploads\/2012\/04\/IMG_8455-468x263.jpg 468w, https:\/\/www.mojabochnia.pl\/wp-content\/uploads\/2012\/04\/IMG_8455-660x371.jpg 660w, https:\/\/www.mojabochnia.pl\/wp-content\/uploads\/2012\/04\/IMG_8455.jpg 800w\" sizes=\"auto, (max-width: 100px) 100vw, 100px\" \/><\/a><a href=\"https:\/\/www.mojabochnia.pl\/?attachment_id=69676\" class=\"\"><img loading=\"lazy\" decoding=\"async\" width=\"100\" height=\"56\" src=\"https:\/\/www.mojabochnia.pl\/wp-content\/uploads\/2012\/04\/IMG_8457-120x67.jpg\" class=\"attachment-100x100 size-100x100\" alt=\"\" srcset=\"https:\/\/www.mojabochnia.pl\/wp-content\/uploads\/2012\/04\/IMG_8457-120x67.jpg 120w, https:\/\/www.mojabochnia.pl\/wp-content\/uploads\/2012\/04\/IMG_8457-468x263.jpg 468w, https:\/\/www.mojabochnia.pl\/wp-content\/uploads\/2012\/04\/IMG_8457-660x371.jpg 660w, https:\/\/www.mojabochnia.pl\/wp-content\/uploads\/2012\/04\/IMG_8457.jpg 800w\" sizes=\"auto, (max-width: 100px) 100vw, 100px\" \/><\/a><a href=\"https:\/\/www.mojabochnia.pl\/?attachment_id=69677\" class=\"\"><img loading=\"lazy\" decoding=\"async\" width=\"100\" height=\"56\" src=\"https:\/\/www.mojabochnia.pl\/wp-content\/uploads\/2012\/04\/IMG_8458-120x67.jpg\" class=\"attachment-100x100 size-100x100\" alt=\"\" srcset=\"https:\/\/www.mojabochnia.pl\/wp-content\/uploads\/2012\/04\/IMG_8458-120x67.jpg 120w, https:\/\/www.mojabochnia.pl\/wp-content\/uploads\/2012\/04\/IMG_8458-468x263.jpg 468w, https:\/\/www.mojabochnia.pl\/wp-content\/uploads\/2012\/04\/IMG_8458-660x371.jpg 660w, https:\/\/www.mojabochnia.pl\/wp-content\/uploads\/2012\/04\/IMG_8458.jpg 800w\" sizes=\"auto, (max-width: 100px) 100vw, 100px\" \/><\/a><a href=\"https:\/\/www.mojabochnia.pl\/?attachment_id=69678\" class=\"\"><img loading=\"lazy\" decoding=\"async\" width=\"100\" height=\"56\" src=\"https:\/\/www.mojabochnia.pl\/wp-content\/uploads\/2012\/04\/IMG_8459-120x67.jpg\" class=\"attachment-100x100 size-100x100\" alt=\"\" srcset=\"https:\/\/www.mojabochnia.pl\/wp-content\/uploads\/2012\/04\/IMG_8459-120x67.jpg 120w, https:\/\/www.mojabochnia.pl\/wp-content\/uploads\/2012\/04\/IMG_8459-468x263.jpg 468w, https:\/\/www.mojabochnia.pl\/wp-content\/uploads\/2012\/04\/IMG_8459-660x371.jpg 660w, https:\/\/www.mojabochnia.pl\/wp-content\/uploads\/2012\/04\/IMG_8459.jpg 800w\" sizes=\"auto, (max-width: 100px) 100vw, 100px\" \/><\/a><a href=\"https:\/\/www.mojabochnia.pl\/?attachment_id=69679\" class=\"\"><img loading=\"lazy\" decoding=\"async\" width=\"100\" height=\"56\" src=\"https:\/\/www.mojabochnia.pl\/wp-content\/uploads\/2012\/04\/IMG_8460-120x67.jpg\" class=\"attachment-100x100 size-100x100\" alt=\"\" srcset=\"https:\/\/www.mojabochnia.pl\/wp-content\/uploads\/2012\/04\/IMG_8460-120x67.jpg 120w, https:\/\/www.mojabochnia.pl\/wp-content\/uploads\/2012\/04\/IMG_8460-468x263.jpg 468w, https:\/\/www.mojabochnia.pl\/wp-content\/uploads\/2012\/04\/IMG_8460-660x371.jpg 660w, https:\/\/www.mojabochnia.pl\/wp-content\/uploads\/2012\/04\/IMG_8460.jpg 800w\" sizes=\"auto, (max-width: 100px) 100vw, 100px\" \/><\/a><a href=\"https:\/\/www.mojabochnia.pl\/?attachment_id=69680\" class=\"\"><img loading=\"lazy\" decoding=\"async\" width=\"100\" height=\"56\" src=\"https:\/\/www.mojabochnia.pl\/wp-content\/uploads\/2012\/04\/IMG_8462-120x67.jpg\" class=\"attachment-100x100 size-100x100\" alt=\"\" srcset=\"https:\/\/www.mojabochnia.pl\/wp-content\/uploads\/2012\/04\/IMG_8462-120x67.jpg 120w, https:\/\/www.mojabochnia.pl\/wp-content\/uploads\/2012\/04\/IMG_8462-468x263.jpg 468w, https:\/\/www.mojabochnia.pl\/wp-content\/uploads\/2012\/04\/IMG_8462-660x371.jpg 660w, https:\/\/www.mojabochnia.pl\/wp-content\/uploads\/2012\/04\/IMG_8462.jpg 800w\" sizes=\"auto, (max-width: 100px) 100vw, 100px\" \/><\/a><a href=\"https:\/\/www.mojabochnia.pl\/?attachment_id=69681\" class=\"\"><img loading=\"lazy\" decoding=\"async\" width=\"100\" height=\"56\" src=\"https:\/\/www.mojabochnia.pl\/wp-content\/uploads\/2012\/04\/IMG_8464-120x67.jpg\" class=\"attachment-100x100 size-100x100\" alt=\"\" srcset=\"https:\/\/www.mojabochnia.pl\/wp-content\/uploads\/2012\/04\/IMG_8464-120x67.jpg 120w, https:\/\/www.mojabochnia.pl\/wp-content\/uploads\/2012\/04\/IMG_8464-468x263.jpg 468w, https:\/\/www.mojabochnia.pl\/wp-content\/uploads\/2012\/04\/IMG_8464-660x371.jpg 660w, https:\/\/www.mojabochnia.pl\/wp-content\/uploads\/2012\/04\/IMG_8464.jpg 800w\" sizes=\"auto, (max-width: 100px) 100vw, 100px\" \/><\/a><a href=\"https:\/\/www.mojabochnia.pl\/?attachment_id=69682\" class=\"\"><img loading=\"lazy\" decoding=\"async\" width=\"100\" height=\"56\" src=\"https:\/\/www.mojabochnia.pl\/wp-content\/uploads\/2012\/04\/IMG_8466-120x67.jpg\" class=\"attachment-100x100 size-100x100\" alt=\"\" srcset=\"https:\/\/www.mojabochnia.pl\/wp-content\/uploads\/2012\/04\/IMG_8466-120x67.jpg 120w, https:\/\/www.mojabochnia.pl\/wp-content\/uploads\/2012\/04\/IMG_8466-468x263.jpg 468w, https:\/\/www.mojabochnia.pl\/wp-content\/uploads\/2012\/04\/IMG_8466-660x371.jpg 660w, https:\/\/www.mojabochnia.pl\/wp-content\/uploads\/2012\/04\/IMG_8466.jpg 800w\" sizes=\"auto, (max-width: 100px) 100vw, 100px\" \/><\/a><a href=\"https:\/\/www.mojabochnia.pl\/?attachment_id=69683\" class=\"\"><img loading=\"lazy\" decoding=\"async\" width=\"100\" height=\"56\" src=\"https:\/\/www.mojabochnia.pl\/wp-content\/uploads\/2012\/04\/IMG_8467-120x67.jpg\" class=\"attachment-100x100 size-100x100\" alt=\"\" srcset=\"https:\/\/www.mojabochnia.pl\/wp-content\/uploads\/2012\/04\/IMG_8467-120x67.jpg 120w, https:\/\/www.mojabochnia.pl\/wp-content\/uploads\/2012\/04\/IMG_8467-468x263.jpg 468w, https:\/\/www.mojabochnia.pl\/wp-content\/uploads\/2012\/04\/IMG_8467-660x371.jpg 660w, https:\/\/www.mojabochnia.pl\/wp-content\/uploads\/2012\/04\/IMG_8467.jpg 800w\" sizes=\"auto, (max-width: 100px) 100vw, 100px\" \/><\/a><a href=\"https:\/\/www.mojabochnia.pl\/?attachment_id=69684\" class=\"\"><img loading=\"lazy\" decoding=\"async\" width=\"100\" height=\"56\" src=\"https:\/\/www.mojabochnia.pl\/wp-content\/uploads\/2012\/04\/IMG_8468-120x67.jpg\" class=\"attachment-100x100 size-100x100\" alt=\"\" srcset=\"https:\/\/www.mojabochnia.pl\/wp-content\/uploads\/2012\/04\/IMG_8468-120x67.jpg 120w, https:\/\/www.mojabochnia.pl\/wp-content\/uploads\/2012\/04\/IMG_8468-468x263.jpg 468w, https:\/\/www.mojabochnia.pl\/wp-content\/uploads\/2012\/04\/IMG_8468-660x371.jpg 660w, https:\/\/www.mojabochnia.pl\/wp-content\/uploads\/2012\/04\/IMG_8468.jpg 800w\" sizes=\"auto, (max-width: 100px) 100vw, 100px\" \/><\/a><a href=\"https:\/\/www.mojabochnia.pl\/?attachment_id=69685\" class=\"\"><img loading=\"lazy\" decoding=\"async\" width=\"100\" height=\"56\" src=\"https:\/\/www.mojabochnia.pl\/wp-content\/uploads\/2012\/04\/IMG_8471-120x67.jpg\" class=\"attachment-100x100 size-100x100\" alt=\"\" srcset=\"https:\/\/www.mojabochnia.pl\/wp-content\/uploads\/2012\/04\/IMG_8471-120x67.jpg 120w, https:\/\/www.mojabochnia.pl\/wp-content\/uploads\/2012\/04\/IMG_8471-468x263.jpg 468w, https:\/\/www.mojabochnia.pl\/wp-content\/uploads\/2012\/04\/IMG_8471-660x371.jpg 660w, https:\/\/www.mojabochnia.pl\/wp-content\/uploads\/2012\/04\/IMG_8471.jpg 800w\" sizes=\"auto, (max-width: 100px) 100vw, 100px\" \/><\/a><a href=\"https:\/\/www.mojabochnia.pl\/?attachment_id=69686\" class=\"\"><img loading=\"lazy\" decoding=\"async\" width=\"100\" height=\"56\" src=\"https:\/\/www.mojabochnia.pl\/wp-content\/uploads\/2012\/04\/IMG_8475-120x67.jpg\" class=\"attachment-100x100 size-100x100\" alt=\"\" srcset=\"https:\/\/www.mojabochnia.pl\/wp-content\/uploads\/2012\/04\/IMG_8475-120x67.jpg 120w, https:\/\/www.mojabochnia.pl\/wp-content\/uploads\/2012\/04\/IMG_8475-468x263.jpg 468w, https:\/\/www.mojabochnia.pl\/wp-content\/uploads\/2012\/04\/IMG_8475-660x371.jpg 660w, https:\/\/www.mojabochnia.pl\/wp-content\/uploads\/2012\/04\/IMG_8475.jpg 800w\" sizes=\"auto, (max-width: 100px) 100vw, 100px\" \/><\/a><a href=\"https:\/\/www.mojabochnia.pl\/?attachment_id=69687\" class=\"\"><img loading=\"lazy\" decoding=\"async\" width=\"100\" height=\"56\" src=\"https:\/\/www.mojabochnia.pl\/wp-content\/uploads\/2012\/04\/IMG_8478-120x67.jpg\" class=\"attachment-100x100 size-100x100\" alt=\"\" srcset=\"https:\/\/www.mojabochnia.pl\/wp-content\/uploads\/2012\/04\/IMG_8478-120x67.jpg 120w, https:\/\/www.mojabochnia.pl\/wp-content\/uploads\/2012\/04\/IMG_8478-468x263.jpg 468w, https:\/\/www.mojabochnia.pl\/wp-content\/uploads\/2012\/04\/IMG_8478-660x371.jpg 660w, https:\/\/www.mojabochnia.pl\/wp-content\/uploads\/2012\/04\/IMG_8478.jpg 800w\" sizes=\"auto, (max-width: 100px) 100vw, 100px\" \/><\/a><a href=\"https:\/\/www.mojabochnia.pl\/?attachment_id=69688\" class=\"\"><img loading=\"lazy\" decoding=\"async\" width=\"100\" height=\"56\" src=\"https:\/\/www.mojabochnia.pl\/wp-content\/uploads\/2012\/04\/IMG_8479-120x67.jpg\" class=\"attachment-100x100 size-100x100\" alt=\"\" srcset=\"https:\/\/www.mojabochnia.pl\/wp-content\/uploads\/2012\/04\/IMG_8479-120x67.jpg 120w, https:\/\/www.mojabochnia.pl\/wp-content\/uploads\/2012\/04\/IMG_8479-468x263.jpg 468w, https:\/\/www.mojabochnia.pl\/wp-content\/uploads\/2012\/04\/IMG_8479-660x371.jpg 660w, https:\/\/www.mojabochnia.pl\/wp-content\/uploads\/2012\/04\/IMG_8479.jpg 800w\" sizes=\"auto, (max-width: 100px) 100vw, 100px\" \/><\/a><a href=\"https:\/\/www.mojabochnia.pl\/?attachment_id=69689\" class=\"\"><img loading=\"lazy\" decoding=\"async\" width=\"100\" height=\"56\" src=\"https:\/\/www.mojabochnia.pl\/wp-content\/uploads\/2012\/04\/IMG_8480-120x67.jpg\" class=\"attachment-100x100 size-100x100\" alt=\"\" srcset=\"https:\/\/www.mojabochnia.pl\/wp-content\/uploads\/2012\/04\/IMG_8480-120x67.jpg 120w, https:\/\/www.mojabochnia.pl\/wp-content\/uploads\/2012\/04\/IMG_8480-468x263.jpg 468w, https:\/\/www.mojabochnia.pl\/wp-content\/uploads\/2012\/04\/IMG_8480-660x371.jpg 660w, https:\/\/www.mojabochnia.pl\/wp-content\/uploads\/2012\/04\/IMG_8480.jpg 800w\" sizes=\"auto, (max-width: 100px) 100vw, 100px\" \/><\/a><a href=\"https:\/\/www.mojabochnia.pl\/?attachment_id=69690\" class=\"\"><img loading=\"lazy\" decoding=\"async\" width=\"100\" height=\"56\" src=\"https:\/\/www.mojabochnia.pl\/wp-content\/uploads\/2012\/04\/IMG_8481-120x67.jpg\" class=\"attachment-100x100 size-100x100\" alt=\"\" srcset=\"https:\/\/www.mojabochnia.pl\/wp-content\/uploads\/2012\/04\/IMG_8481-120x67.jpg 120w, https:\/\/www.mojabochnia.pl\/wp-content\/uploads\/2012\/04\/IMG_8481-468x263.jpg 468w, https:\/\/www.mojabochnia.pl\/wp-content\/uploads\/2012\/04\/IMG_8481-660x371.jpg 660w, https:\/\/www.mojabochnia.pl\/wp-content\/uploads\/2012\/04\/IMG_8481.jpg 800w\" sizes=\"auto, (max-width: 100px) 100vw, 100px\" \/><\/a>\t    <\/div>\r\n\t    ","protected":false},"excerpt":{"rendered":"<p>12 kwietnia w Bochni uczczono pami\u0119\u0107 kolejnych 30 oficer\u00f3w zamordowanych NKWD w 1940 r. Na obelisku przy ul. Ofiar Katynia ods\u0142oni\u0119to trzeci\u0105 ju\u017c tablic\u0119 z nazwiskami. <\/p>\n","protected":false},"author":4,"featured_media":0,"comment_status":"open","ping_status":"closed","sticky":true,"template":"","format":"standard","meta":{"_acf_changed":false,"footnotes":""},"categories":[5,6247,6246,6251,6250],"tags":[17298,17354,8874,4282,17293,7781,17329,17347,8892],"class_list":["post-69624","post","type-post","status-publish","format-standard","hentry","category-biezace-wydarzenia","category-fotogaleria","category-medium","category-polityka-i-wydarzenia","category-tematyka","tag-jubileusz","tag-katyn","tag-nkwd","tag-obelisk","tag-rocznica","tag-stefan-kolawinski","tag-teofil-wojciechowski","tag-tomasz-calka","tag-zbrodnia-katynska","main_tag-katyn"],"acf":[],"yoast_head":"<!-- This site is optimized with the Yoast SEO plugin v26.9 - https:\/\/yoast.com\/product\/yoast-seo-wordpress\/ -->\n<title>72. rocznica Zbrodni Katy\u0144skiej - zdj\u0119cia - mojabochnia.pl - portal informacyjny<\/title>\n<meta name=\"robots\" content=\"index, follow, max-snippet:-1, max-image-preview:large, max-video-preview:-1\" \/>\n<link rel=\"canonical\" href=\"https:\/\/www.mojabochnia.pl\/?p=69624\" \/>\n<meta property=\"og:locale\" content=\"pl_PL\" \/>\n<meta property=\"og:type\" content=\"article\" \/>\n<meta property=\"og:title\" content=\"72. rocznica Zbrodni Katy\u0144skiej - zdj\u0119cia - mojabochnia.pl - portal informacyjny\" \/>\n<meta property=\"og:description\" content=\"12 kwietnia w Bochni uczczono pami\u0119\u0107 kolejnych 30 oficer\u00f3w zamordowanych NKWD w 1940 r. Na obelisku przy ul. Ofiar Katynia ods\u0142oni\u0119to trzeci\u0105 ju\u017c tablic\u0119 z nazwiskami.\" \/>\n<meta property=\"og:url\" content=\"https:\/\/www.mojabochnia.pl\/?p=69624\" \/>\n<meta property=\"og:site_name\" content=\"mojabochnia.pl - portal informacyjny\" \/>\n<meta property=\"article:publisher\" content=\"https:\/\/www.facebook.com\/mojabochnia\" \/>\n<meta property=\"article:published_time\" content=\"2012-04-12T12:24:47+00:00\" \/>\n<meta property=\"article:modified_time\" content=\"2012-04-12T18:22:31+00:00\" \/>\n<meta name=\"author\" content=\"Pawe\u0142 Michalczyk\" \/>\n<meta name=\"twitter:card\" content=\"summary_large_image\" \/>\n<meta name=\"twitter:label1\" content=\"Written by\" \/>\n\t<meta name=\"twitter:data1\" content=\"Pawe\u0142 Michalczyk\" \/>\n\t<meta name=\"twitter:label2\" content=\"Est. reading time\" \/>\n\t<meta name=\"twitter:data2\" content=\"8 minut\" \/>\n<script type=\"application\/ld+json\" class=\"yoast-schema-graph\">{\"@context\":\"https:\/\/schema.org\",\"@graph\":[{\"@type\":\"Article\",\"@id\":\"https:\/\/www.mojabochnia.pl\/?p=69624#article\",\"isPartOf\":{\"@id\":\"https:\/\/www.mojabochnia.pl\/?p=69624\"},\"author\":{\"name\":\"Pawe\u0142 Michalczyk\",\"@id\":\"https:\/\/www.mojabochnia.pl\/#\/schema\/person\/ea042e4724a77627963f02166828ead4\"},\"headline\":\"72. rocznica Zbrodni Katy\u0144skiej &#8211; zdj\u0119cia\",\"datePublished\":\"2012-04-12T12:24:47+00:00\",\"dateModified\":\"2012-04-12T18:22:31+00:00\",\"mainEntityOfPage\":{\"@id\":\"https:\/\/www.mojabochnia.pl\/?p=69624\"},\"wordCount\":1518,\"commentCount\":0,\"publisher\":{\"@id\":\"https:\/\/www.mojabochnia.pl\/#organization\"},\"keywords\":[\"jubileusz\",\"katy\u0144\",\"nkwd\",\"obelisk\",\"rocznica\",\"stefan kolawi\u0144ski\",\"teofil wojciechowski\",\"tomasz ca\u0142ka\",\"zbrodnia katy\u0144ska\"],\"articleSection\":[\"2_ostatnie\",\"fotogaleria\",\"Medium\",\"polityka i wydarzenia\",\"tematyka\"],\"inLanguage\":\"pl-PL\",\"potentialAction\":[{\"@type\":\"CommentAction\",\"name\":\"Comment\",\"target\":[\"https:\/\/www.mojabochnia.pl\/?p=69624#respond\"]}]},{\"@type\":\"WebPage\",\"@id\":\"https:\/\/www.mojabochnia.pl\/?p=69624\",\"url\":\"https:\/\/www.mojabochnia.pl\/?p=69624\",\"name\":\"72. rocznica Zbrodni Katy\u0144skiej - zdj\u0119cia - mojabochnia.pl - portal informacyjny\",\"isPartOf\":{\"@id\":\"https:\/\/www.mojabochnia.pl\/#website\"},\"datePublished\":\"2012-04-12T12:24:47+00:00\",\"dateModified\":\"2012-04-12T18:22:31+00:00\",\"breadcrumb\":{\"@id\":\"https:\/\/www.mojabochnia.pl\/?p=69624#breadcrumb\"},\"inLanguage\":\"pl-PL\",\"potentialAction\":[{\"@type\":\"ReadAction\",\"target\":[\"https:\/\/www.mojabochnia.pl\/?p=69624\"]}]},{\"@type\":\"BreadcrumbList\",\"@id\":\"https:\/\/www.mojabochnia.pl\/?p=69624#breadcrumb\",\"itemListElement\":[{\"@type\":\"ListItem\",\"position\":1,\"name\":\"Home\",\"item\":\"https:\/\/www.mojabochnia.pl\/\"},{\"@type\":\"ListItem\",\"position\":2,\"name\":\"72. rocznica Zbrodni Katy\u0144skiej &#8211; zdj\u0119cia\"}]},{\"@type\":\"WebSite\",\"@id\":\"https:\/\/www.mojabochnia.pl\/#website\",\"url\":\"https:\/\/www.mojabochnia.pl\/\",\"name\":\"mojabochnia.pl - portal informacyjny\",\"description\":\"mojaBochnia to portal informacyjny o Bochni. Codziennie o Bochni piszemy i pokazujemy najwa\u017cniejsze wydarzenia\",\"publisher\":{\"@id\":\"https:\/\/www.mojabochnia.pl\/#organization\"},\"potentialAction\":[{\"@type\":\"SearchAction\",\"target\":{\"@type\":\"EntryPoint\",\"urlTemplate\":\"https:\/\/www.mojabochnia.pl\/?s={search_term_string}\"},\"query-input\":{\"@type\":\"PropertyValueSpecification\",\"valueRequired\":true,\"valueName\":\"search_term_string\"}}],\"inLanguage\":\"pl-PL\"},{\"@type\":\"Organization\",\"@id\":\"https:\/\/www.mojabochnia.pl\/#organization\",\"name\":\"mojabochnia.pl - portal informacyjny\",\"url\":\"https:\/\/www.mojabochnia.pl\/\",\"logo\":{\"@type\":\"ImageObject\",\"inLanguage\":\"pl-PL\",\"@id\":\"https:\/\/www.mojabochnia.pl\/#\/schema\/logo\/image\/\",\"url\":\"https:\/\/www.mojabochnia.pl\/wp-content\/uploads\/2017\/08\/logo-mb-opt.png\",\"contentUrl\":\"https:\/\/www.mojabochnia.pl\/wp-content\/uploads\/2017\/08\/logo-mb-opt.png\",\"width\":250,\"height\":48,\"caption\":\"mojabochnia.pl - portal informacyjny\"},\"image\":{\"@id\":\"https:\/\/www.mojabochnia.pl\/#\/schema\/logo\/image\/\"},\"sameAs\":[\"https:\/\/www.facebook.com\/mojabochnia\"]},{\"@type\":\"Person\",\"@id\":\"https:\/\/www.mojabochnia.pl\/#\/schema\/person\/ea042e4724a77627963f02166828ead4\",\"name\":\"Pawe\u0142 Michalczyk\",\"url\":\"https:\/\/www.mojabochnia.pl\/?author=4\"}]}<\/script>\n<!-- \/ Yoast SEO plugin. -->","yoast_head_json":{"title":"72. rocznica Zbrodni Katy\u0144skiej - zdj\u0119cia - mojabochnia.pl - portal informacyjny","robots":{"index":"index","follow":"follow","max-snippet":"max-snippet:-1","max-image-preview":"max-image-preview:large","max-video-preview":"max-video-preview:-1"},"canonical":"https:\/\/www.mojabochnia.pl\/?p=69624","og_locale":"pl_PL","og_type":"article","og_title":"72. rocznica Zbrodni Katy\u0144skiej - zdj\u0119cia - mojabochnia.pl - portal informacyjny","og_description":"12 kwietnia w Bochni uczczono pami\u0119\u0107 kolejnych 30 oficer\u00f3w zamordowanych NKWD w 1940 r. Na obelisku przy ul. Ofiar Katynia ods\u0142oni\u0119to trzeci\u0105 ju\u017c tablic\u0119 z nazwiskami.","og_url":"https:\/\/www.mojabochnia.pl\/?p=69624","og_site_name":"mojabochnia.pl - portal informacyjny","article_publisher":"https:\/\/www.facebook.com\/mojabochnia","article_published_time":"2012-04-12T12:24:47+00:00","article_modified_time":"2012-04-12T18:22:31+00:00","author":"Pawe\u0142 Michalczyk","twitter_card":"summary_large_image","twitter_misc":{"Written by":"Pawe\u0142 Michalczyk","Est. reading time":"8 minut"},"schema":{"@context":"https:\/\/schema.org","@graph":[{"@type":"Article","@id":"https:\/\/www.mojabochnia.pl\/?p=69624#article","isPartOf":{"@id":"https:\/\/www.mojabochnia.pl\/?p=69624"},"author":{"name":"Pawe\u0142 Michalczyk","@id":"https:\/\/www.mojabochnia.pl\/#\/schema\/person\/ea042e4724a77627963f02166828ead4"},"headline":"72. rocznica Zbrodni Katy\u0144skiej &#8211; zdj\u0119cia","datePublished":"2012-04-12T12:24:47+00:00","dateModified":"2012-04-12T18:22:31+00:00","mainEntityOfPage":{"@id":"https:\/\/www.mojabochnia.pl\/?p=69624"},"wordCount":1518,"commentCount":0,"publisher":{"@id":"https:\/\/www.mojabochnia.pl\/#organization"},"keywords":["jubileusz","katy\u0144","nkwd","obelisk","rocznica","stefan kolawi\u0144ski","teofil wojciechowski","tomasz ca\u0142ka","zbrodnia katy\u0144ska"],"articleSection":["2_ostatnie","fotogaleria","Medium","polityka i wydarzenia","tematyka"],"inLanguage":"pl-PL","potentialAction":[{"@type":"CommentAction","name":"Comment","target":["https:\/\/www.mojabochnia.pl\/?p=69624#respond"]}]},{"@type":"WebPage","@id":"https:\/\/www.mojabochnia.pl\/?p=69624","url":"https:\/\/www.mojabochnia.pl\/?p=69624","name":"72. rocznica Zbrodni Katy\u0144skiej - zdj\u0119cia - mojabochnia.pl - portal informacyjny","isPartOf":{"@id":"https:\/\/www.mojabochnia.pl\/#website"},"datePublished":"2012-04-12T12:24:47+00:00","dateModified":"2012-04-12T18:22:31+00:00","breadcrumb":{"@id":"https:\/\/www.mojabochnia.pl\/?p=69624#breadcrumb"},"inLanguage":"pl-PL","potentialAction":[{"@type":"ReadAction","target":["https:\/\/www.mojabochnia.pl\/?p=69624"]}]},{"@type":"BreadcrumbList","@id":"https:\/\/www.mojabochnia.pl\/?p=69624#breadcrumb","itemListElement":[{"@type":"ListItem","position":1,"name":"Home","item":"https:\/\/www.mojabochnia.pl\/"},{"@type":"ListItem","position":2,"name":"72. rocznica Zbrodni Katy\u0144skiej &#8211; zdj\u0119cia"}]},{"@type":"WebSite","@id":"https:\/\/www.mojabochnia.pl\/#website","url":"https:\/\/www.mojabochnia.pl\/","name":"mojabochnia.pl - portal informacyjny","description":"mojaBochnia to portal informacyjny o Bochni. Codziennie o Bochni piszemy i pokazujemy najwa\u017cniejsze wydarzenia","publisher":{"@id":"https:\/\/www.mojabochnia.pl\/#organization"},"potentialAction":[{"@type":"SearchAction","target":{"@type":"EntryPoint","urlTemplate":"https:\/\/www.mojabochnia.pl\/?s={search_term_string}"},"query-input":{"@type":"PropertyValueSpecification","valueRequired":true,"valueName":"search_term_string"}}],"inLanguage":"pl-PL"},{"@type":"Organization","@id":"https:\/\/www.mojabochnia.pl\/#organization","name":"mojabochnia.pl - portal informacyjny","url":"https:\/\/www.mojabochnia.pl\/","logo":{"@type":"ImageObject","inLanguage":"pl-PL","@id":"https:\/\/www.mojabochnia.pl\/#\/schema\/logo\/image\/","url":"https:\/\/www.mojabochnia.pl\/wp-content\/uploads\/2017\/08\/logo-mb-opt.png","contentUrl":"https:\/\/www.mojabochnia.pl\/wp-content\/uploads\/2017\/08\/logo-mb-opt.png","width":250,"height":48,"caption":"mojabochnia.pl - portal informacyjny"},"image":{"@id":"https:\/\/www.mojabochnia.pl\/#\/schema\/logo\/image\/"},"sameAs":["https:\/\/www.facebook.com\/mojabochnia"]},{"@type":"Person","@id":"https:\/\/www.mojabochnia.pl\/#\/schema\/person\/ea042e4724a77627963f02166828ead4","name":"Pawe\u0142 Michalczyk","url":"https:\/\/www.mojabochnia.pl\/?author=4"}]}},"_links":{"self":[{"href":"https:\/\/www.mojabochnia.pl\/index.php?rest_route=\/wp\/v2\/posts\/69624","targetHints":{"allow":["GET"]}}],"collection":[{"href":"https:\/\/www.mojabochnia.pl\/index.php?rest_route=\/wp\/v2\/posts"}],"about":[{"href":"https:\/\/www.mojabochnia.pl\/index.php?rest_route=\/wp\/v2\/types\/post"}],"author":[{"embeddable":true,"href":"https:\/\/www.mojabochnia.pl\/index.php?rest_route=\/wp\/v2\/users\/4"}],"replies":[{"embeddable":true,"href":"https:\/\/www.mojabochnia.pl\/index.php?rest_route=%2Fwp%2Fv2%2Fcomments&post=69624"}],"version-history":[{"count":17,"href":"https:\/\/www.mojabochnia.pl\/index.php?rest_route=\/wp\/v2\/posts\/69624\/revisions"}],"predecessor-version":[{"id":69705,"href":"https:\/\/www.mojabochnia.pl\/index.php?rest_route=\/wp\/v2\/posts\/69624\/revisions\/69705"}],"wp:attachment":[{"href":"https:\/\/www.mojabochnia.pl\/index.php?rest_route=%2Fwp%2Fv2%2Fmedia&parent=69624"}],"wp:term":[{"taxonomy":"category","embeddable":true,"href":"https:\/\/www.mojabochnia.pl\/index.php?rest_route=%2Fwp%2Fv2%2Fcategories&post=69624"},{"taxonomy":"post_tag","embeddable":true,"href":"https:\/\/www.mojabochnia.pl\/index.php?rest_route=%2Fwp%2Fv2%2Ftags&post=69624"}],"curies":[{"name":"wp","href":"https:\/\/api.w.org\/{rel}","templated":true}]}}