{"id":6948,"date":"2009-03-26T13:21:46","date_gmt":"2009-03-26T12:21:46","guid":{"rendered":"http:\/\/www.mojabochnia.pl\/?p=6948"},"modified":"2009-03-25T14:10:15","modified_gmt":"2009-03-25T13:10:15","slug":"psp-5-wyniki-konkursu-recytatorskiego","status":"publish","type":"post","link":"https:\/\/www.mojabochnia.pl\/?p=6948","title":{"rendered":"PSP 5: Wyniki konkursu recytatorskiego"},"content":{"rendered":"<p>Eliminacje najpierw w klasach, p\u00f3\u017aniej w szko\u0142ach, doprowadzi\u0142y  reprezentant\u00f3w szk\u00f3\u0142 do fina\u0142u mi\u0119dzyszkolnego konkursu. Poza boche\u0144skimi szko\u0142ami podstawowymi, pojawili si\u0119 r\u00f3wnie\u017c uczniowie z  Specjalnego O\u015brodka Szkolno-Wychowawczego oraz gmin: Nowy Wi\u015bnicz, \u0141apan\u00f3w, Trzciana i Mikluszowice. W sumie 32 uczni\u00f3w recytowa\u0142o poezj\u0119 patriotyczn\u0105. Wi\u0119cej informacji o konkursie znajduje si\u0119 <a href=\"http:\/\/www.mojabochnia.pl\/?p=6885\">tutaj<\/a>.<\/p>\n<p>Najlepszych wy\u0142oni\u0142o jury w sk\u0142adzie:<br \/>\nAnna Stolarczyk \u2013 przewodnicz\u0105ca -st. Kustosz Powiatowej i Miejskiej Biblioteki Publicznej w Bochni, Krystyna Hamuda \u2013bibliotekarz Biblioteki Pedagogicznej w Bochni, Bernadeta G\u0105siorek &#8211; nauczyciel j. polskiego w Gimnazjum Nr 2 w Bochni, Magdalena Hyp\u015b \u2013 nauczyciel j. polskiego w Gimnazjum Nr 1 w Bochni.<\/p>\n<p><strong>Poni\u017cej podajemy wyniki:<\/strong><\/p>\n<p><strong>w kategorii klas \u201e0\u201d:<\/strong><br \/>\nI miejsce &#8211; Oliwia Wi\u0119sek PSP 5 Bochnia<br \/>\nII miejsce &#8211; Karolina Szaraj PSP Leszczyna<br \/>\nIII miejsce &#8211; Jakub Cis\u0142o PSP 7 Bochnia<br \/>\n<strong>w kategorii klas pierwszych:<\/strong><br \/>\nI miejsce &#8211; Julia Jakie\u0142a PSP 1 Bochnia<br \/>\nII miejsce &#8211; Natalia Wide\u0142ka .PSP Stary Wi\u015bnicz<br \/>\nIII miejsce &#8211; Karolina Kawalec PSP 5 Bochnia<br \/>\nWyr\u00f3\u017cnienie &#8211; Kamil De Lorme PSP 7 Bochnia<br \/>\n<strong>w kategorii klas drugich:<\/strong><br \/>\nI miejsce &#8211; Oliwia Do Tung PSP Chron\u00f3w<br \/>\nII miejsce &#8211; Edyta Piech PSP \u0141\u0105kta Dolna<br \/>\nIII miejsce &#8211; Anna Florek PSP 1 Bochnia<br \/>\n<strong>W kategorii klas trzecich:<\/strong><br \/>\nI miejsce &#8211; Kornel Kluba PSP \u0141apan\u00f3w<br \/>\nII miejsce &#8211; Kinga Paj\u0105k PSP \u0141\u0105kta Dolna<br \/>\nIII miejsce &#8211; Rafa\u0142 Janio\u0142 PSP Kr\u00f3l\u00f3wka<br \/>\nWyr\u00f3\u017cnienie: Aleksandra Surma PSP 2 Bochnia<br \/>\nWyr\u00f3\u017cniono r\u00f3wnie\u017c Karolin\u0119 Kruczy\u0144sk\u0105 ze Specjalnego O\u015brodka Szkolno- Wychowawczego w Bochni. <\/p>\n<p><strong>Organizatorzy:<\/strong> mgr Ewa Gardziel, mgr Alicja Goli\u0144ska, mgr Katarzyna Cygnarowicz, mgr Marta Zabrza\u0144ska<\/p>\n","protected":false},"excerpt":{"rendered":"<p>W VIII edycji mi\u0119dzyszkolnego konkursu recytatorskiego, w tym roku o tematyce patriotycznej, udzia\u0142 wzi\u0119li reprezentanci z klas 0-3 z terenu powiatu.<\/p>\n","protected":false},"author":1,"featured_media":0,"comment_status":"open","ping_status":"closed","sticky":false,"template":"","format":"standard","meta":{"_acf_changed":false,"footnotes":""},"categories":[92],"tags":[3095,813,3128,17162,2841,3092,1047,17122,17678,2386,17541,3097,731],"class_list":["post-6948","post","type-post","status-publish","format-standard","hentry","category-kultura","tag-alicja-golinska","tag-anna-stolarczyk","tag-bernadeta-gasiorek","tag-biblioteka","tag-eliminacje","tag-final","tag-jury","tag-konkurs","tag-konkurs-recytatorski","tag-kustosz","tag-poezja","tag-reprezentanci","tag-uczniowie"],"acf":[],"yoast_head":"<!-- This site is optimized with the Yoast SEO plugin v26.9 - https:\/\/yoast.com\/product\/yoast-seo-wordpress\/ -->\n<title>PSP 5: Wyniki konkursu recytatorskiego - mojabochnia.pl - portal informacyjny<\/title>\n<meta name=\"robots\" content=\"index, follow, max-snippet:-1, max-image-preview:large, max-video-preview:-1\" \/>\n<link rel=\"canonical\" href=\"https:\/\/www.mojabochnia.pl\/?p=6948\" \/>\n<meta property=\"og:locale\" content=\"pl_PL\" \/>\n<meta property=\"og:type\" content=\"article\" \/>\n<meta property=\"og:title\" content=\"PSP 5: Wyniki konkursu recytatorskiego - mojabochnia.pl - portal informacyjny\" \/>\n<meta property=\"og:description\" content=\"W VIII edycji mi\u0119dzyszkolnego konkursu recytatorskiego, w tym roku o tematyce patriotycznej, udzia\u0142 wzi\u0119li reprezentanci z klas 0-3 z terenu powiatu.\" \/>\n<meta property=\"og:url\" content=\"https:\/\/www.mojabochnia.pl\/?p=6948\" \/>\n<meta property=\"og:site_name\" content=\"mojabochnia.pl - portal informacyjny\" \/>\n<meta property=\"article:publisher\" content=\"https:\/\/www.facebook.com\/mojabochnia\" \/>\n<meta property=\"article:published_time\" content=\"2009-03-26T12:21:46+00:00\" \/>\n<meta name=\"author\" content=\"administrator\" \/>\n<meta name=\"twitter:card\" content=\"summary_large_image\" \/>\n<meta name=\"twitter:label1\" content=\"Written by\" \/>\n\t<meta name=\"twitter:data1\" content=\"administrator\" \/>\n\t<meta name=\"twitter:label2\" content=\"Est. reading time\" \/>\n\t<meta name=\"twitter:data2\" content=\"1 minuta\" \/>\n<script type=\"application\/ld+json\" class=\"yoast-schema-graph\">{\"@context\":\"https:\/\/schema.org\",\"@graph\":[{\"@type\":\"Article\",\"@id\":\"https:\/\/www.mojabochnia.pl\/?p=6948#article\",\"isPartOf\":{\"@id\":\"https:\/\/www.mojabochnia.pl\/?p=6948\"},\"author\":{\"name\":\"administrator\",\"@id\":\"https:\/\/www.mojabochnia.pl\/#\/schema\/person\/c00e1f64e6fa0e6de6d410f2c340017f\"},\"headline\":\"PSP 5: Wyniki konkursu recytatorskiego\",\"datePublished\":\"2009-03-26T12:21:46+00:00\",\"mainEntityOfPage\":{\"@id\":\"https:\/\/www.mojabochnia.pl\/?p=6948\"},\"wordCount\":277,\"commentCount\":0,\"publisher\":{\"@id\":\"https:\/\/www.mojabochnia.pl\/#organization\"},\"keywords\":[\"alicja goli\u0144ska\",\"anna stolarczyk\",\"bernadeta g\u0105siorek\",\"biblioteka\",\"eliminacje\",\"fina\u0142\",\"jury\",\"konkurs\",\"konkurs recytatorski\",\"kustosz\",\"poezja\",\"reprezentanci\",\"uczniowie\"],\"articleSection\":[\"kultura\"],\"inLanguage\":\"pl-PL\",\"potentialAction\":[{\"@type\":\"CommentAction\",\"name\":\"Comment\",\"target\":[\"https:\/\/www.mojabochnia.pl\/?p=6948#respond\"]}]},{\"@type\":\"WebPage\",\"@id\":\"https:\/\/www.mojabochnia.pl\/?p=6948\",\"url\":\"https:\/\/www.mojabochnia.pl\/?p=6948\",\"name\":\"PSP 5: Wyniki konkursu recytatorskiego - mojabochnia.pl - portal informacyjny\",\"isPartOf\":{\"@id\":\"https:\/\/www.mojabochnia.pl\/#website\"},\"datePublished\":\"2009-03-26T12:21:46+00:00\",\"breadcrumb\":{\"@id\":\"https:\/\/www.mojabochnia.pl\/?p=6948#breadcrumb\"},\"inLanguage\":\"pl-PL\",\"potentialAction\":[{\"@type\":\"ReadAction\",\"target\":[\"https:\/\/www.mojabochnia.pl\/?p=6948\"]}]},{\"@type\":\"BreadcrumbList\",\"@id\":\"https:\/\/www.mojabochnia.pl\/?p=6948#breadcrumb\",\"itemListElement\":[{\"@type\":\"ListItem\",\"position\":1,\"name\":\"Home\",\"item\":\"https:\/\/www.mojabochnia.pl\/\"},{\"@type\":\"ListItem\",\"position\":2,\"name\":\"PSP 5: Wyniki konkursu recytatorskiego\"}]},{\"@type\":\"WebSite\",\"@id\":\"https:\/\/www.mojabochnia.pl\/#website\",\"url\":\"https:\/\/www.mojabochnia.pl\/\",\"name\":\"mojabochnia.pl - portal informacyjny\",\"description\":\"mojaBochnia to portal informacyjny o Bochni. Codziennie o Bochni piszemy i pokazujemy najwa\u017cniejsze wydarzenia\",\"publisher\":{\"@id\":\"https:\/\/www.mojabochnia.pl\/#organization\"},\"potentialAction\":[{\"@type\":\"SearchAction\",\"target\":{\"@type\":\"EntryPoint\",\"urlTemplate\":\"https:\/\/www.mojabochnia.pl\/?s={search_term_string}\"},\"query-input\":{\"@type\":\"PropertyValueSpecification\",\"valueRequired\":true,\"valueName\":\"search_term_string\"}}],\"inLanguage\":\"pl-PL\"},{\"@type\":\"Organization\",\"@id\":\"https:\/\/www.mojabochnia.pl\/#organization\",\"name\":\"mojabochnia.pl - portal informacyjny\",\"url\":\"https:\/\/www.mojabochnia.pl\/\",\"logo\":{\"@type\":\"ImageObject\",\"inLanguage\":\"pl-PL\",\"@id\":\"https:\/\/www.mojabochnia.pl\/#\/schema\/logo\/image\/\",\"url\":\"https:\/\/www.mojabochnia.pl\/wp-content\/uploads\/2017\/08\/logo-mb-opt.png\",\"contentUrl\":\"https:\/\/www.mojabochnia.pl\/wp-content\/uploads\/2017\/08\/logo-mb-opt.png\",\"width\":250,\"height\":48,\"caption\":\"mojabochnia.pl - portal informacyjny\"},\"image\":{\"@id\":\"https:\/\/www.mojabochnia.pl\/#\/schema\/logo\/image\/\"},\"sameAs\":[\"https:\/\/www.facebook.com\/mojabochnia\"]},{\"@type\":\"Person\",\"@id\":\"https:\/\/www.mojabochnia.pl\/#\/schema\/person\/c00e1f64e6fa0e6de6d410f2c340017f\",\"name\":\"administrator\",\"url\":\"https:\/\/www.mojabochnia.pl\/?author=1\"}]}<\/script>\n<!-- \/ Yoast SEO plugin. -->","yoast_head_json":{"title":"PSP 5: Wyniki konkursu recytatorskiego - mojabochnia.pl - portal informacyjny","robots":{"index":"index","follow":"follow","max-snippet":"max-snippet:-1","max-image-preview":"max-image-preview:large","max-video-preview":"max-video-preview:-1"},"canonical":"https:\/\/www.mojabochnia.pl\/?p=6948","og_locale":"pl_PL","og_type":"article","og_title":"PSP 5: Wyniki konkursu recytatorskiego - mojabochnia.pl - portal informacyjny","og_description":"W VIII edycji mi\u0119dzyszkolnego konkursu recytatorskiego, w tym roku o tematyce patriotycznej, udzia\u0142 wzi\u0119li reprezentanci z klas 0-3 z terenu powiatu.","og_url":"https:\/\/www.mojabochnia.pl\/?p=6948","og_site_name":"mojabochnia.pl - portal informacyjny","article_publisher":"https:\/\/www.facebook.com\/mojabochnia","article_published_time":"2009-03-26T12:21:46+00:00","author":"administrator","twitter_card":"summary_large_image","twitter_misc":{"Written by":"administrator","Est. reading time":"1 minuta"},"schema":{"@context":"https:\/\/schema.org","@graph":[{"@type":"Article","@id":"https:\/\/www.mojabochnia.pl\/?p=6948#article","isPartOf":{"@id":"https:\/\/www.mojabochnia.pl\/?p=6948"},"author":{"name":"administrator","@id":"https:\/\/www.mojabochnia.pl\/#\/schema\/person\/c00e1f64e6fa0e6de6d410f2c340017f"},"headline":"PSP 5: Wyniki konkursu recytatorskiego","datePublished":"2009-03-26T12:21:46+00:00","mainEntityOfPage":{"@id":"https:\/\/www.mojabochnia.pl\/?p=6948"},"wordCount":277,"commentCount":0,"publisher":{"@id":"https:\/\/www.mojabochnia.pl\/#organization"},"keywords":["alicja goli\u0144ska","anna stolarczyk","bernadeta g\u0105siorek","biblioteka","eliminacje","fina\u0142","jury","konkurs","konkurs recytatorski","kustosz","poezja","reprezentanci","uczniowie"],"articleSection":["kultura"],"inLanguage":"pl-PL","potentialAction":[{"@type":"CommentAction","name":"Comment","target":["https:\/\/www.mojabochnia.pl\/?p=6948#respond"]}]},{"@type":"WebPage","@id":"https:\/\/www.mojabochnia.pl\/?p=6948","url":"https:\/\/www.mojabochnia.pl\/?p=6948","name":"PSP 5: Wyniki konkursu recytatorskiego - mojabochnia.pl - portal informacyjny","isPartOf":{"@id":"https:\/\/www.mojabochnia.pl\/#website"},"datePublished":"2009-03-26T12:21:46+00:00","breadcrumb":{"@id":"https:\/\/www.mojabochnia.pl\/?p=6948#breadcrumb"},"inLanguage":"pl-PL","potentialAction":[{"@type":"ReadAction","target":["https:\/\/www.mojabochnia.pl\/?p=6948"]}]},{"@type":"BreadcrumbList","@id":"https:\/\/www.mojabochnia.pl\/?p=6948#breadcrumb","itemListElement":[{"@type":"ListItem","position":1,"name":"Home","item":"https:\/\/www.mojabochnia.pl\/"},{"@type":"ListItem","position":2,"name":"PSP 5: Wyniki konkursu recytatorskiego"}]},{"@type":"WebSite","@id":"https:\/\/www.mojabochnia.pl\/#website","url":"https:\/\/www.mojabochnia.pl\/","name":"mojabochnia.pl - portal informacyjny","description":"mojaBochnia to portal informacyjny o Bochni. Codziennie o Bochni piszemy i pokazujemy najwa\u017cniejsze wydarzenia","publisher":{"@id":"https:\/\/www.mojabochnia.pl\/#organization"},"potentialAction":[{"@type":"SearchAction","target":{"@type":"EntryPoint","urlTemplate":"https:\/\/www.mojabochnia.pl\/?s={search_term_string}"},"query-input":{"@type":"PropertyValueSpecification","valueRequired":true,"valueName":"search_term_string"}}],"inLanguage":"pl-PL"},{"@type":"Organization","@id":"https:\/\/www.mojabochnia.pl\/#organization","name":"mojabochnia.pl - portal informacyjny","url":"https:\/\/www.mojabochnia.pl\/","logo":{"@type":"ImageObject","inLanguage":"pl-PL","@id":"https:\/\/www.mojabochnia.pl\/#\/schema\/logo\/image\/","url":"https:\/\/www.mojabochnia.pl\/wp-content\/uploads\/2017\/08\/logo-mb-opt.png","contentUrl":"https:\/\/www.mojabochnia.pl\/wp-content\/uploads\/2017\/08\/logo-mb-opt.png","width":250,"height":48,"caption":"mojabochnia.pl - portal informacyjny"},"image":{"@id":"https:\/\/www.mojabochnia.pl\/#\/schema\/logo\/image\/"},"sameAs":["https:\/\/www.facebook.com\/mojabochnia"]},{"@type":"Person","@id":"https:\/\/www.mojabochnia.pl\/#\/schema\/person\/c00e1f64e6fa0e6de6d410f2c340017f","name":"administrator","url":"https:\/\/www.mojabochnia.pl\/?author=1"}]}},"_links":{"self":[{"href":"https:\/\/www.mojabochnia.pl\/index.php?rest_route=\/wp\/v2\/posts\/6948","targetHints":{"allow":["GET"]}}],"collection":[{"href":"https:\/\/www.mojabochnia.pl\/index.php?rest_route=\/wp\/v2\/posts"}],"about":[{"href":"https:\/\/www.mojabochnia.pl\/index.php?rest_route=\/wp\/v2\/types\/post"}],"author":[{"embeddable":true,"href":"https:\/\/www.mojabochnia.pl\/index.php?rest_route=\/wp\/v2\/users\/1"}],"replies":[{"embeddable":true,"href":"https:\/\/www.mojabochnia.pl\/index.php?rest_route=%2Fwp%2Fv2%2Fcomments&post=6948"}],"version-history":[{"count":0,"href":"https:\/\/www.mojabochnia.pl\/index.php?rest_route=\/wp\/v2\/posts\/6948\/revisions"}],"wp:attachment":[{"href":"https:\/\/www.mojabochnia.pl\/index.php?rest_route=%2Fwp%2Fv2%2Fmedia&parent=6948"}],"wp:term":[{"taxonomy":"category","embeddable":true,"href":"https:\/\/www.mojabochnia.pl\/index.php?rest_route=%2Fwp%2Fv2%2Fcategories&post=6948"},{"taxonomy":"post_tag","embeddable":true,"href":"https:\/\/www.mojabochnia.pl\/index.php?rest_route=%2Fwp%2Fv2%2Ftags&post=6948"}],"curies":[{"name":"wp","href":"https:\/\/api.w.org\/{rel}","templated":true}]}}